{"id":58388,"date":"2012-03-18T16:37:49","date_gmt":"2012-03-18T15:37:49","guid":{"rendered":"http:\/\/www.visit-ulcinj.com\/blog\/?p=58388"},"modified":"2012-03-18T16:37:49","modified_gmt":"2012-03-18T15:37:49","slug":"nimanbegu-albanskoj-zajednici-nikada-nije-iskreno-pruzena-ruka-saradnje","status":"publish","type":"post","link":"https:\/\/www.visit-ulcinj.com\/blog\/2012\/03\/18\/nimanbegu-albanskoj-zajednici-nikada-nije-iskreno-pruzena-ruka-saradnje\/","title":{"rendered":"Nimanbegu: Albanskoj zajednici nikada nije iskreno pru\u017eena ruka saradnje"},"content":{"rendered":"<p><strong><a href=\"http:\/\/www.visit-ulcinj.com\/blog\/wp-content\/uploads\/2012\/03\/Genci-Nimanbegu-_Ulqin_Ulcinj.jpg\"><img loading=\"lazy\" class=\"alignleft  wp-image-58389\" title=\"Genci Nimanbegu _Ulqin_Ulcinj\" src=\"http:\/\/www.visit-ulcinj.com\/blog\/wp-content\/uploads\/2012\/03\/Genci-Nimanbegu-_Ulqin_Ulcinj.jpg\" alt=\"\" width=\"350\" height=\"450\" \/><\/a>Genci Nimanbegu poru\u010dio da podr\u0161ka promjenama ustava zavisi od rje\u0161avanja problema albanske manjine<\/strong><\/p>\n<p><strong>Nau\u010dili smo lekciju sa referenduma<\/strong><\/p>\n<p>Poslanici iz albanskih partija i koalicija u pregovore oko ustavnih promjena ulaze sa brojnim nerije\u0161enim pitanjima koja se ti\u010du statusa Albanaca u Crnoj Gori i nemaju vi\u0161e mandat svojih bira\u010da da blanko podr\u0161kom, kao za referendum 2006. godine, u\u010destvuju u simuliranju demokratskih procesa a bez rje\u0161avanja svojih problema. To je ju\u010de u razgovoru za \u201eDan\u201d saop\u0161tio poslanik Force Genci Nimanbegu.<br \/>\n\u2013 Rje\u0161avanje problema sa kojima su suo\u010deni Albanci u Crnoj Gori nije politi\u010dko ucjenjivanje za davanje podr\u0161ke ustavnim promjenama \u2013 nagla\u0161ava on.<br \/>\nNimanbegu ukazuje da je proces odlaska mladih pripadnika albanske nacionalne zajednice iz Crne Gore u inostranstvo nastavljen, odnosno da \u201eizgleda da nikada nije ni prekidan, osim kratkog usporavanja\u201d. To kako je kazao, dovodi do opadanja broja Albanaca u Crnoj Gori, \u0161to se de\u0161ava ve\u0107 dvije decenije, tako da ih danas ima tek 30.000.<br \/>\n\u2013 Velika nezaposlenost, nerazvijenost krajeva u kojima Albanci \u017eive u Crnoj Gori, zaostala infrastruktura, problem diskriminacije Op\u0161tine Ulcinj preko Morskog dobra, koje ima granicu kao da ju je cunami odredio, nepravedna restitucija \u2013 Valdanos, \u0160toj, \u0160ip\u010danik, odbijanje da Malesija postane punopravna op\u0161tina, katastrofalna privatizacija, zapanjuju\u0107a centralizacija u oblasti finansija, \u0161kolstva, zdravstva, i jo\u0161 puno toga, samo su pojavni oblici neravnopravnosti Albanaca u Crnoj Gori \u2013 tvrdi Nimanbegu.<br \/>\nPosle izglasavanja nezavisnosti 2006. godine bilo je, ka\u017ee on, o\u010dekivano da \u0107e u samostalnoj Crnoj Gori nagomilani problemi po\u010deti da se rje\u0161avaju \u201ei to ne samo kao rezultat doprinosa za o\u010duvanje mira, kojem nikad nisu ni bili prijetnja ili podr\u0161ke nezavisnosti, ve\u0107 i zbog evropskih standarda u za\u0161titi nacionalnih manjina\u201d. Proces je, po ocjeni funkcionera Force, bio upravo suprotan. Precizira da su dodatno oduzimane ingerencije, sada preko Prostornog plana za Morsko dobro, da su uslijedila otpu\u0161tanja radnika i uni\u0161tavanje postoje\u0107ih resursa zbog lo\u0161e privatizacije, navode\u0107i primjere hotelijerstva i Solane. Podvla\u010di i dodatnu centralizaciju u prosvjeti, nesprovo\u0111enje ustavnih odredbi o posebnim manjinskim pravima.<br \/>\n\u2013 To je kulminiralo oduzimanjem ste\u010denih izbornih prava, preko jo\u0161 jednog odbijanja samostalne op\u0161tine Tuzi-Malesija i na kraju zadr\u017eavanjem odredbe iz kontroverznog Zakona o upotrebi nacionalne zastave. Svako dalje odlaganje rje\u0161avanja ovih pitanja je \u0161tetno i nedemokratski \u2013 smatra Nimanbegu.<br \/>\nBorba na politi\u010dkoj sceni u Crnoj Gori se, po njegovoj ocjeni, dugo i predugo odvijala na terenu pro i antidr\u017eavnih elemenata, bilo devedesetih godina i kasnije, kada su se nalazili i prozivali dr\u017eavni neprijatelji, strani pla\u0107enici i patriote.<br \/>\n\u2013 U cijelom ovom periodu albanskoj zajednici nikada nije iskreno pru\u017eena ruka saradnje. Svako ko \u017eeli saradnju sa albanskim partijama i svako ko te\u017ei da ih predstavlja, mora imati u vidu da Albanci u Crnoj Gori tra\u017ee partnerstvo radi otklanjanja tih problema. Ne pristajemo slu\u017eiti ni pozicionim a ni opozicionim partijama za me\u0111usobna ucjenjivanja, jer smo vidjeli njihovu principijelnost i kod izglasavanja izbornog zakona i Zakona o nacionalnim parkovima \u2013 zakljulio je Nimanbegu uz poruku da Albanci u Crnoj Gori zaslu\u017euju i ve\u0107 dugo o\u010dekuju da se po\u010dnu rje\u0161avati njihovi problemi.<br \/>\n<strong>V.R.<\/strong><\/p>\n<p><strong>Potreban jedinstven stav<\/strong><br \/>\nFunkcioner Force Genci Nimanbegu priznaje da je i sama politi\u010dka scena Albanaca u Crnoj Gori, \u0161to voljno \u0161to nevoljno, doprinosila svim ovim procesima.<br \/>\n\u2013 Jedna partija se poku\u0161avala predstaviti kao za\u0161titni\u010dka, ali je zatvarala o\u010di na sve ove procese beskrajno blate\u0107i svoje konkurente. Oni drugi su antidr\u017eavni elementi, dok samo oni brane interese dr\u017eave. Albanski predstavnici, ako \u017eele da rije\u0161e probleme moraju biti jedinstveni i istrajni u rje\u0161avanju svih tih problema, ne barja\u010diti time ko je prvi a ko drugi, ve\u0107 napraviti jedinstvo u stavovima \u2013 naveo je on i dodao da je neophodno jasno profilisati i za\u0161titi interese albanske zajednice u Crnoj Gori.<\/p>\n<p><a href=\"http:\/\/www.dan.co.me\/?nivo=3&amp;rubrika=Politika&amp;clanak=324155&amp;datum=2012-03-18\" target=\"_blank\"><strong>Izvor: DAN<\/strong><\/a><\/p>\n","protected":false},"excerpt":{"rendered":"<p>Genci Nimanbegu poru\u010dio da podr\u0161ka promjenama ustava zavisi od rje\u0161avanja problema albanske manjine Nau\u010dili smo lekciju sa referenduma Poslanici iz albanskih partija i koalicija u pregovore oko ustavnih promjena ulaze sa brojnim nerije\u0161enim pitanjima koja se ti\u010du statusa Albanaca u Crnoj Gori i nemaju vi\u0161e mandat svojih bira\u010da da blanko podr\u0161kom, kao za referendum 2006. [&hellip;]<\/p>\n","protected":false},"author":1,"featured_media":0,"comment_status":"open","ping_status":"closed","sticky":false,"template":"","format":"standard","meta":{"spay_email":"","jetpack_publicize_message":"","jetpack_is_tweetstorm":false,"jetpack_publicize_feature_enabled":true},"categories":[8337],"tags":[6228,1073,264,16881,19],"jetpack_publicize_connections":[],"yoast_head":"<!-- This site is optimized with the Yoast SEO plugin v19.1 - https:\/\/yoast.com\/wordpress\/plugins\/seo\/ -->\n<title>Nimanbegu: Albanskoj zajednici nikada nije iskreno pru\u017eena ruka saradnje - Lajme nga Ulqini<\/title>\n<meta name=\"description\" content=\"Genci Nimanbegu poru\u010dio da podr\u0161ka promjenama ustava zavisi od rje\u0161avanja problema albanske manjine Nau\u010dili smo lekciju sa referenduma Poslanici iz\" \/>\n<meta name=\"robots\" content=\"index, follow, max-snippet:-1, max-image-preview:large, max-video-preview:-1\" \/>\n<link rel=\"canonical\" href=\"https:\/\/www.visit-ulcinj.com\/blog\/2012\/03\/18\/nimanbegu-albanskoj-zajednici-nikada-nije-iskreno-pruzena-ruka-saradnje\/\" \/>\n<meta property=\"og:locale\" content=\"en_US\" \/>\n<meta property=\"og:type\" content=\"article\" \/>\n<meta property=\"og:title\" content=\"Nimanbegu: Albanskoj zajednici nikada nije iskreno pru\u017eena ruka saradnje - Lajme nga Ulqini\" \/>\n<meta property=\"og:description\" content=\"Genci Nimanbegu poru\u010dio da podr\u0161ka promjenama ustava zavisi od rje\u0161avanja problema albanske manjine Nau\u010dili smo lekciju sa referenduma Poslanici iz\" \/>\n<meta property=\"og:url\" content=\"https:\/\/www.visit-ulcinj.com\/blog\/2012\/03\/18\/nimanbegu-albanskoj-zajednici-nikada-nije-iskreno-pruzena-ruka-saradnje\/\" \/>\n<meta property=\"og:site_name\" content=\"Lajme nga Ulqini\" \/>\n<meta property=\"article:published_time\" content=\"2012-03-18T15:37:49+00:00\" \/>\n<meta property=\"og:image\" content=\"http:\/\/www.visit-ulcinj.com\/blog\/wp-content\/uploads\/2012\/03\/Genci-Nimanbegu-_Ulqin_Ulcinj.jpg\" \/>\n<meta name=\"twitter:label1\" content=\"Written by\" \/>\n\t<meta name=\"twitter:data1\" content=\"ulqini\" \/>\n\t<meta name=\"twitter:label2\" content=\"Est. reading time\" \/>\n\t<meta name=\"twitter:data2\" content=\"3 minutes\" \/>\n<script type=\"application\/ld+json\" class=\"yoast-schema-graph\">{\"@context\":\"https:\/\/schema.org\",\"@graph\":[{\"@type\":\"WebSite\",\"@id\":\"https:\/\/www.visit-ulcinj.com\/blog\/#website\",\"url\":\"https:\/\/www.visit-ulcinj.com\/blog\/\",\"name\":\"Lajme nga Ulqini\",\"description\":\"Lajme,Vijesti,Ulqini,Ulqin,Crna Gora,Mali i Zi\",\"potentialAction\":[{\"@type\":\"SearchAction\",\"target\":{\"@type\":\"EntryPoint\",\"urlTemplate\":\"https:\/\/www.visit-ulcinj.com\/blog\/?s={search_term_string}\"},\"query-input\":\"required name=search_term_string\"}],\"inLanguage\":\"en-US\"},{\"@type\":\"ImageObject\",\"inLanguage\":\"en-US\",\"@id\":\"https:\/\/www.visit-ulcinj.com\/blog\/2012\/03\/18\/nimanbegu-albanskoj-zajednici-nikada-nije-iskreno-pruzena-ruka-saradnje\/#primaryimage\",\"url\":\"https:\/\/www.visit-ulcinj.com\/blog\/wp-content\/uploads\/2012\/03\/Genci-Nimanbegu-_Ulqin_Ulcinj.jpg\",\"contentUrl\":\"https:\/\/www.visit-ulcinj.com\/blog\/wp-content\/uploads\/2012\/03\/Genci-Nimanbegu-_Ulqin_Ulcinj.jpg\",\"width\":\"572\",\"height\":\"636\"},{\"@type\":\"WebPage\",\"@id\":\"https:\/\/www.visit-ulcinj.com\/blog\/2012\/03\/18\/nimanbegu-albanskoj-zajednici-nikada-nije-iskreno-pruzena-ruka-saradnje\/#webpage\",\"url\":\"https:\/\/www.visit-ulcinj.com\/blog\/2012\/03\/18\/nimanbegu-albanskoj-zajednici-nikada-nije-iskreno-pruzena-ruka-saradnje\/\",\"name\":\"Nimanbegu: Albanskoj zajednici nikada nije iskreno pru\u017eena ruka saradnje - Lajme nga Ulqini\",\"isPartOf\":{\"@id\":\"https:\/\/www.visit-ulcinj.com\/blog\/#website\"},\"primaryImageOfPage\":{\"@id\":\"https:\/\/www.visit-ulcinj.com\/blog\/2012\/03\/18\/nimanbegu-albanskoj-zajednici-nikada-nije-iskreno-pruzena-ruka-saradnje\/#primaryimage\"},\"datePublished\":\"2012-03-18T15:37:49+00:00\",\"dateModified\":\"2012-03-18T15:37:49+00:00\",\"author\":{\"@id\":\"https:\/\/www.visit-ulcinj.com\/blog\/#\/schema\/person\/dcab619c614d3038751c63bc2aadc06d\"},\"description\":\"Genci Nimanbegu poru\u010dio da podr\u0161ka promjenama ustava zavisi od rje\u0161avanja problema albanske manjine Nau\u010dili smo lekciju sa referenduma Poslanici iz\",\"breadcrumb\":{\"@id\":\"https:\/\/www.visit-ulcinj.com\/blog\/2012\/03\/18\/nimanbegu-albanskoj-zajednici-nikada-nije-iskreno-pruzena-ruka-saradnje\/#breadcrumb\"},\"inLanguage\":\"en-US\",\"potentialAction\":[{\"@type\":\"ReadAction\",\"target\":[\"https:\/\/www.visit-ulcinj.com\/blog\/2012\/03\/18\/nimanbegu-albanskoj-zajednici-nikada-nije-iskreno-pruzena-ruka-saradnje\/\"]}]},{\"@type\":\"BreadcrumbList\",\"@id\":\"https:\/\/www.visit-ulcinj.com\/blog\/2012\/03\/18\/nimanbegu-albanskoj-zajednici-nikada-nije-iskreno-pruzena-ruka-saradnje\/#breadcrumb\",\"itemListElement\":[{\"@type\":\"ListItem\",\"position\":1,\"name\":\"Nimanbegu: Albanskoj zajednici nikada nije iskreno pru\u017eena ruka saradnje\"}]},{\"@type\":\"Person\",\"@id\":\"https:\/\/www.visit-ulcinj.com\/blog\/#\/schema\/person\/dcab619c614d3038751c63bc2aadc06d\",\"name\":\"ulqini\",\"sameAs\":[\"http:\/\/www.visit-ulcinj.com\"],\"url\":\"https:\/\/www.visit-ulcinj.com\/blog\/author\/admin\/\"}]}<\/script>\n<!-- \/ Yoast SEO plugin. -->","yoast_head_json":{"title":"Nimanbegu: Albanskoj zajednici nikada nije iskreno pru\u017eena ruka saradnje - Lajme nga Ulqini","description":"Genci Nimanbegu poru\u010dio da podr\u0161ka promjenama ustava zavisi od rje\u0161avanja problema albanske manjine Nau\u010dili smo lekciju sa referenduma Poslanici iz","robots":{"index":"index","follow":"follow","max-snippet":"max-snippet:-1","max-image-preview":"max-image-preview:large","max-video-preview":"max-video-preview:-1"},"canonical":"https:\/\/www.visit-ulcinj.com\/blog\/2012\/03\/18\/nimanbegu-albanskoj-zajednici-nikada-nije-iskreno-pruzena-ruka-saradnje\/","og_locale":"en_US","og_type":"article","og_title":"Nimanbegu: Albanskoj zajednici nikada nije iskreno pru\u017eena ruka saradnje - Lajme nga Ulqini","og_description":"Genci Nimanbegu poru\u010dio da podr\u0161ka promjenama ustava zavisi od rje\u0161avanja problema albanske manjine Nau\u010dili smo lekciju sa referenduma Poslanici iz","og_url":"https:\/\/www.visit-ulcinj.com\/blog\/2012\/03\/18\/nimanbegu-albanskoj-zajednici-nikada-nije-iskreno-pruzena-ruka-saradnje\/","og_site_name":"Lajme nga Ulqini","article_published_time":"2012-03-18T15:37:49+00:00","og_image":[{"url":"http:\/\/www.visit-ulcinj.com\/blog\/wp-content\/uploads\/2012\/03\/Genci-Nimanbegu-_Ulqin_Ulcinj.jpg"}],"twitter_misc":{"Written by":"ulqini","Est. reading time":"3 minutes"},"schema":{"@context":"https:\/\/schema.org","@graph":[{"@type":"WebSite","@id":"https:\/\/www.visit-ulcinj.com\/blog\/#website","url":"https:\/\/www.visit-ulcinj.com\/blog\/","name":"Lajme nga Ulqini","description":"Lajme,Vijesti,Ulqini,Ulqin,Crna Gora,Mali i Zi","potentialAction":[{"@type":"SearchAction","target":{"@type":"EntryPoint","urlTemplate":"https:\/\/www.visit-ulcinj.com\/blog\/?s={search_term_string}"},"query-input":"required name=search_term_string"}],"inLanguage":"en-US"},{"@type":"ImageObject","inLanguage":"en-US","@id":"https:\/\/www.visit-ulcinj.com\/blog\/2012\/03\/18\/nimanbegu-albanskoj-zajednici-nikada-nije-iskreno-pruzena-ruka-saradnje\/#primaryimage","url":"https:\/\/www.visit-ulcinj.com\/blog\/wp-content\/uploads\/2012\/03\/Genci-Nimanbegu-_Ulqin_Ulcinj.jpg","contentUrl":"https:\/\/www.visit-ulcinj.com\/blog\/wp-content\/uploads\/2012\/03\/Genci-Nimanbegu-_Ulqin_Ulcinj.jpg","width":"572","height":"636"},{"@type":"WebPage","@id":"https:\/\/www.visit-ulcinj.com\/blog\/2012\/03\/18\/nimanbegu-albanskoj-zajednici-nikada-nije-iskreno-pruzena-ruka-saradnje\/#webpage","url":"https:\/\/www.visit-ulcinj.com\/blog\/2012\/03\/18\/nimanbegu-albanskoj-zajednici-nikada-nije-iskreno-pruzena-ruka-saradnje\/","name":"Nimanbegu: Albanskoj zajednici nikada nije iskreno pru\u017eena ruka saradnje - Lajme nga Ulqini","isPartOf":{"@id":"https:\/\/www.visit-ulcinj.com\/blog\/#website"},"primaryImageOfPage":{"@id":"https:\/\/www.visit-ulcinj.com\/blog\/2012\/03\/18\/nimanbegu-albanskoj-zajednici-nikada-nije-iskreno-pruzena-ruka-saradnje\/#primaryimage"},"datePublished":"2012-03-18T15:37:49+00:00","dateModified":"2012-03-18T15:37:49+00:00","author":{"@id":"https:\/\/www.visit-ulcinj.com\/blog\/#\/schema\/person\/dcab619c614d3038751c63bc2aadc06d"},"description":"Genci Nimanbegu poru\u010dio da podr\u0161ka promjenama ustava zavisi od rje\u0161avanja problema albanske manjine Nau\u010dili smo lekciju sa referenduma Poslanici iz","breadcrumb":{"@id":"https:\/\/www.visit-ulcinj.com\/blog\/2012\/03\/18\/nimanbegu-albanskoj-zajednici-nikada-nije-iskreno-pruzena-ruka-saradnje\/#breadcrumb"},"inLanguage":"en-US","potentialAction":[{"@type":"ReadAction","target":["https:\/\/www.visit-ulcinj.com\/blog\/2012\/03\/18\/nimanbegu-albanskoj-zajednici-nikada-nije-iskreno-pruzena-ruka-saradnje\/"]}]},{"@type":"BreadcrumbList","@id":"https:\/\/www.visit-ulcinj.com\/blog\/2012\/03\/18\/nimanbegu-albanskoj-zajednici-nikada-nije-iskreno-pruzena-ruka-saradnje\/#breadcrumb","itemListElement":[{"@type":"ListItem","position":1,"name":"Nimanbegu: Albanskoj zajednici nikada nije iskreno pru\u017eena ruka saradnje"}]},{"@type":"Person","@id":"https:\/\/www.visit-ulcinj.com\/blog\/#\/schema\/person\/dcab619c614d3038751c63bc2aadc06d","name":"ulqini","sameAs":["http:\/\/www.visit-ulcinj.com"],"url":"https:\/\/www.visit-ulcinj.com\/blog\/author\/admin\/"}]}},"jetpack_featured_media_url":"","jetpack_sharing_enabled":true,"jetpack_shortlink":"https:\/\/wp.me\/pe6lTn-fbK","_links":{"self":[{"href":"https:\/\/www.visit-ulcinj.com\/blog\/wp-json\/wp\/v2\/posts\/58388"}],"collection":[{"href":"https:\/\/www.visit-ulcinj.com\/blog\/wp-json\/wp\/v2\/posts"}],"about":[{"href":"https:\/\/www.visit-ulcinj.com\/blog\/wp-json\/wp\/v2\/types\/post"}],"author":[{"embeddable":true,"href":"https:\/\/www.visit-ulcinj.com\/blog\/wp-json\/wp\/v2\/users\/1"}],"replies":[{"embeddable":true,"href":"https:\/\/www.visit-ulcinj.com\/blog\/wp-json\/wp\/v2\/comments?post=58388"}],"version-history":[{"count":1,"href":"https:\/\/www.visit-ulcinj.com\/blog\/wp-json\/wp\/v2\/posts\/58388\/revisions"}],"predecessor-version":[{"id":58390,"href":"https:\/\/www.visit-ulcinj.com\/blog\/wp-json\/wp\/v2\/posts\/58388\/revisions\/58390"}],"wp:attachment":[{"href":"https:\/\/www.visit-ulcinj.com\/blog\/wp-json\/wp\/v2\/media?parent=58388"}],"wp:term":[{"taxonomy":"category","embeddable":true,"href":"https:\/\/www.visit-ulcinj.com\/blog\/wp-json\/wp\/v2\/categories?post=58388"},{"taxonomy":"post_tag","embeddable":true,"href":"https:\/\/www.visit-ulcinj.com\/blog\/wp-json\/wp\/v2\/tags?post=58388"}],"curies":[{"name":"wp","href":"https:\/\/api.w.org\/{rel}","templated":true}]}}