{"id":58392,"date":"2012-03-18T16:57:51","date_gmt":"2012-03-18T15:57:51","guid":{"rendered":"http:\/\/www.visit-ulcinj.com\/blog\/?p=58392"},"modified":"2012-03-26T09:26:43","modified_gmt":"2012-03-26T08:26:43","slug":"na-mozuru-stize-i-smece-iz-budve","status":"publish","type":"post","link":"https:\/\/www.visit-ulcinj.com\/blog\/2012\/03\/18\/na-mozuru-stize-i-smece-iz-budve\/","title":{"rendered":"Na Mo\u017euru sti\u017ee i sme\u0107e iz Budve"},"content":{"rendered":"<div id=\"attachment_58393\" style=\"width: 518px\" class=\"wp-caption alignleft\"><a href=\"http:\/\/www.visit-ulcinj.com\/blog\/wp-content\/uploads\/2012\/03\/DEPONIJE-ZA-BAR-I-ULCINj-Mazura-Pavicevic_Cungu.jpg\"><img aria-describedby=\"caption-attachment-58393\" loading=\"lazy\" class=\"size-full wp-image-58393 \" title=\"DEPONIJE ZA BAR I ULCINj -Mazura -Pavicevic_Cungu\" src=\"http:\/\/www.visit-ulcinj.com\/blog\/wp-content\/uploads\/2012\/03\/DEPONIJE-ZA-BAR-I-ULCINj-Mazura-Pavicevic_Cungu.jpg\" alt=\"\" width=\"508\" height=\"331\" srcset=\"https:\/\/www.visit-ulcinj.com\/blog\/wp-content\/uploads\/2012\/03\/DEPONIJE-ZA-BAR-I-ULCINj-Mazura-Pavicevic_Cungu.jpg 508w, https:\/\/www.visit-ulcinj.com\/blog\/wp-content\/uploads\/2012\/03\/DEPONIJE-ZA-BAR-I-ULCINj-Mazura-Pavicevic_Cungu-300x195.jpg 300w\" sizes=\"(max-width: 508px) 100vw, 508px\" \/><\/a><p id=\"caption-attachment-58393\" class=\"wp-caption-text\">Foto: BARinfo<\/p><\/div>\n<p>&nbsp;<\/p>\n<p>BAR \u2013 Dvije velike investicije na podru\u010dju barske op\u0161tine, bulevar od ulaza u grad do njegovog centra, i deponija na Mo\u017euri, upravo se realizuju i njihov se zavr\u0161etak o\u010dekuje u planiranom roku. Gradona\u010delnik \u017darko Pavi\u0107evi\u0107 potvr\u0111uje da \u0107e ove dvije investicije biti zavr\u0161ene do po\u010detka turisti\u010dke sezone, ta\u010dnije do sredine juna.<br \/>\n\u2013 Du\u017eina bulevara je dva kilometra, a investicija tri miliona i 200.000 eura, plus eksproprijacija zemlji\u0161ta. Dr\u017eava, preko Direkcije za saobra\u0107aj, u\u010destvuje u ovom poslu sa dva miliona, a ostalo je obaveza op\u0161tine. O\u010dekujemo da \u0107e zavr\u0161etak bulevara zna\u010dajno doprinijeti pobolj\u0161anju saobra\u0107aja, posebno u toku turisti\u010dke sezone, \u0161to \u0107e uticati na smanjenje gu\u017evi \u2013 ka\u017ee Pavi\u0107evi\u0107 i dodaje da \u0107e deponija rije\u0161iti vi\u0161egodi\u0161nji problem sa odlaganjem otpada sa podru\u010dja o\u0161tina Bar i Ulcinj.<br \/>\n\u2013 Dinamika radova na deponiji je u skladu sa onim \u0161to smo planirali. U pitanju je regionalna sanitarna deponija za op\u0161tine Bar i Ulcinj. Me\u0111utim, ve\u0107 imamo inicijativu da i Budva koristi deponiju. Ovih dana smo imali neke razgovore sa predstavnicima ove op\u0161tine i vjerujemo da \u0107e se i oni uklju\u010diti, pa \u0107e i Budvani svoj otpad deponovati na Mo\u017euru. Ovaj projekat se finansira iz sredstava Svjetske banke, a ukupna investicija je pet i po miliona eura. U zavr\u0161noj fazi je izgradnja deponije i ve\u0107 je nabavljena zna\u010dajna koli\u010dina opreme. Ono \u0161to je va\u017eno je da \u0107e deponija do sredine juna biti otvorena. Bi\u0107e to jedna od najsavremenijih sanitarnih deponija u okru\u017eenju, a njen rok trajanja je 25 godina. Tako \u0107e gradovi dobiti one osnovne preduslove da budu zna\u010dajno ure\u0111eni i \u010distiji nego \u0161to je to bilo dosad, iako je Bar jedan od naj\u010distijih gradova u Crnoj Gori \u2013 konstatuje Pavi\u0107evi\u0107.<br \/>\n<a href=\"http:\/\/www.dan.co.me\/?nivo=3&amp;rubrika=Regioni&amp;clanak=324188&amp;datum=2012-03-18\" target=\"_blank\"><strong>D.S.<\/strong><\/a><\/p>\n<p><a href=\"http:\/\/www.dan.co.me\/?nivo=3&amp;rubrika=Regioni&amp;clanak=324188&amp;datum=2012-03-18\" target=\"_blank\"><strong>Izvor: DAN<\/strong><\/a><\/p>\n","protected":false},"excerpt":{"rendered":"<p>&nbsp; BAR \u2013 Dvije velike investicije na podru\u010dju barske op\u0161tine, bulevar od ulaza u grad do njegovog centra, i deponija na Mo\u017euri, upravo se realizuju i njihov se zavr\u0161etak o\u010dekuje u planiranom roku. Gradona\u010delnik \u017darko Pavi\u0107evi\u0107 potvr\u0111uje da \u0107e ove dvije investicije biti zavr\u0161ene do po\u010detka turisti\u010dke sezone, ta\u010dnije do sredine juna. \u2013 Du\u017eina bulevara [&hellip;]<\/p>\n","protected":false},"author":1,"featured_media":0,"comment_status":"open","ping_status":"closed","sticky":false,"template":"","format":"standard","meta":{"spay_email":"","jetpack_publicize_message":"","jetpack_is_tweetstorm":false,"jetpack_publicize_feature_enabled":true},"categories":[8337],"tags":[20180],"jetpack_publicize_connections":[],"yoast_head":"<!-- This site is optimized with the Yoast SEO plugin v19.1 - https:\/\/yoast.com\/wordpress\/plugins\/seo\/ -->\n<title>Na Mo\u017euru sti\u017ee i sme\u0107e iz Budve - Lajme nga Ulqini<\/title>\n<meta name=\"description\" content=\"&nbsp; BAR \u2013 Dvije velike investicije na podru\u010dju barske op\u0161tine, bulevar od ulaza u grad do njegovog centra, i deponija na Mo\u017euri, upravo se realizuju i\" \/>\n<meta name=\"robots\" content=\"index, follow, max-snippet:-1, max-image-preview:large, max-video-preview:-1\" \/>\n<link rel=\"canonical\" href=\"https:\/\/www.visit-ulcinj.com\/blog\/2012\/03\/18\/na-mozuru-stize-i-smece-iz-budve\/\" \/>\n<meta property=\"og:locale\" content=\"en_US\" \/>\n<meta property=\"og:type\" content=\"article\" \/>\n<meta property=\"og:title\" content=\"Na Mo\u017euru sti\u017ee i sme\u0107e iz Budve - Lajme nga Ulqini\" \/>\n<meta property=\"og:description\" content=\"&nbsp; BAR \u2013 Dvije velike investicije na podru\u010dju barske op\u0161tine, bulevar od ulaza u grad do njegovog centra, i deponija na Mo\u017euri, upravo se realizuju i\" \/>\n<meta property=\"og:url\" content=\"https:\/\/www.visit-ulcinj.com\/blog\/2012\/03\/18\/na-mozuru-stize-i-smece-iz-budve\/\" \/>\n<meta property=\"og:site_name\" content=\"Lajme nga Ulqini\" \/>\n<meta property=\"article:published_time\" content=\"2012-03-18T15:57:51+00:00\" \/>\n<meta property=\"article:modified_time\" content=\"2012-03-26T08:26:43+00:00\" \/>\n<meta property=\"og:image\" content=\"http:\/\/www.visit-ulcinj.com\/blog\/wp-content\/uploads\/2012\/03\/DEPONIJE-ZA-BAR-I-ULCINj-Mazura-Pavicevic_Cungu.jpg\" \/>\n<meta name=\"twitter:label1\" content=\"Written by\" \/>\n\t<meta name=\"twitter:data1\" content=\"ulqini\" \/>\n\t<meta name=\"twitter:label2\" content=\"Est. reading time\" \/>\n\t<meta name=\"twitter:data2\" content=\"2 minutes\" \/>\n<script type=\"application\/ld+json\" class=\"yoast-schema-graph\">{\"@context\":\"https:\/\/schema.org\",\"@graph\":[{\"@type\":\"WebSite\",\"@id\":\"https:\/\/www.visit-ulcinj.com\/blog\/#website\",\"url\":\"https:\/\/www.visit-ulcinj.com\/blog\/\",\"name\":\"Lajme nga Ulqini\",\"description\":\"Lajme,Vijesti,Ulqini,Ulqin,Crna Gora,Mali i Zi\",\"potentialAction\":[{\"@type\":\"SearchAction\",\"target\":{\"@type\":\"EntryPoint\",\"urlTemplate\":\"https:\/\/www.visit-ulcinj.com\/blog\/?s={search_term_string}\"},\"query-input\":\"required name=search_term_string\"}],\"inLanguage\":\"en-US\"},{\"@type\":\"ImageObject\",\"inLanguage\":\"en-US\",\"@id\":\"https:\/\/www.visit-ulcinj.com\/blog\/2012\/03\/18\/na-mozuru-stize-i-smece-iz-budve\/#primaryimage\",\"url\":\"https:\/\/www.visit-ulcinj.com\/blog\/wp-content\/uploads\/2012\/03\/DEPONIJE-ZA-BAR-I-ULCINj-Mazura-Pavicevic_Cungu.jpg\",\"contentUrl\":\"https:\/\/www.visit-ulcinj.com\/blog\/wp-content\/uploads\/2012\/03\/DEPONIJE-ZA-BAR-I-ULCINj-Mazura-Pavicevic_Cungu.jpg\",\"width\":\"508\",\"height\":\"331\",\"caption\":\"Foto: Info Bar\"},{\"@type\":\"WebPage\",\"@id\":\"https:\/\/www.visit-ulcinj.com\/blog\/2012\/03\/18\/na-mozuru-stize-i-smece-iz-budve\/#webpage\",\"url\":\"https:\/\/www.visit-ulcinj.com\/blog\/2012\/03\/18\/na-mozuru-stize-i-smece-iz-budve\/\",\"name\":\"Na Mo\u017euru sti\u017ee i sme\u0107e iz Budve - Lajme nga Ulqini\",\"isPartOf\":{\"@id\":\"https:\/\/www.visit-ulcinj.com\/blog\/#website\"},\"primaryImageOfPage\":{\"@id\":\"https:\/\/www.visit-ulcinj.com\/blog\/2012\/03\/18\/na-mozuru-stize-i-smece-iz-budve\/#primaryimage\"},\"datePublished\":\"2012-03-18T15:57:51+00:00\",\"dateModified\":\"2012-03-26T08:26:43+00:00\",\"author\":{\"@id\":\"https:\/\/www.visit-ulcinj.com\/blog\/#\/schema\/person\/dcab619c614d3038751c63bc2aadc06d\"},\"description\":\"&nbsp; BAR \u2013 Dvije velike investicije na podru\u010dju barske op\u0161tine, bulevar od ulaza u grad do njegovog centra, i deponija na Mo\u017euri, upravo se realizuju i\",\"breadcrumb\":{\"@id\":\"https:\/\/www.visit-ulcinj.com\/blog\/2012\/03\/18\/na-mozuru-stize-i-smece-iz-budve\/#breadcrumb\"},\"inLanguage\":\"en-US\",\"potentialAction\":[{\"@type\":\"ReadAction\",\"target\":[\"https:\/\/www.visit-ulcinj.com\/blog\/2012\/03\/18\/na-mozuru-stize-i-smece-iz-budve\/\"]}]},{\"@type\":\"BreadcrumbList\",\"@id\":\"https:\/\/www.visit-ulcinj.com\/blog\/2012\/03\/18\/na-mozuru-stize-i-smece-iz-budve\/#breadcrumb\",\"itemListElement\":[{\"@type\":\"ListItem\",\"position\":1,\"name\":\"Na Mo\u017euru sti\u017ee i sme\u0107e iz Budve\"}]},{\"@type\":\"Person\",\"@id\":\"https:\/\/www.visit-ulcinj.com\/blog\/#\/schema\/person\/dcab619c614d3038751c63bc2aadc06d\",\"name\":\"ulqini\",\"sameAs\":[\"http:\/\/www.visit-ulcinj.com\"],\"url\":\"https:\/\/www.visit-ulcinj.com\/blog\/author\/admin\/\"}]}<\/script>\n<!-- \/ Yoast SEO plugin. -->","yoast_head_json":{"title":"Na Mo\u017euru sti\u017ee i sme\u0107e iz Budve - Lajme nga Ulqini","description":"&nbsp; BAR \u2013 Dvije velike investicije na podru\u010dju barske op\u0161tine, bulevar od ulaza u grad do njegovog centra, i deponija na Mo\u017euri, upravo se realizuju i","robots":{"index":"index","follow":"follow","max-snippet":"max-snippet:-1","max-image-preview":"max-image-preview:large","max-video-preview":"max-video-preview:-1"},"canonical":"https:\/\/www.visit-ulcinj.com\/blog\/2012\/03\/18\/na-mozuru-stize-i-smece-iz-budve\/","og_locale":"en_US","og_type":"article","og_title":"Na Mo\u017euru sti\u017ee i sme\u0107e iz Budve - Lajme nga Ulqini","og_description":"&nbsp; BAR \u2013 Dvije velike investicije na podru\u010dju barske op\u0161tine, bulevar od ulaza u grad do njegovog centra, i deponija na Mo\u017euri, upravo se realizuju i","og_url":"https:\/\/www.visit-ulcinj.com\/blog\/2012\/03\/18\/na-mozuru-stize-i-smece-iz-budve\/","og_site_name":"Lajme nga Ulqini","article_published_time":"2012-03-18T15:57:51+00:00","article_modified_time":"2012-03-26T08:26:43+00:00","og_image":[{"url":"http:\/\/www.visit-ulcinj.com\/blog\/wp-content\/uploads\/2012\/03\/DEPONIJE-ZA-BAR-I-ULCINj-Mazura-Pavicevic_Cungu.jpg"}],"twitter_misc":{"Written by":"ulqini","Est. reading time":"2 minutes"},"schema":{"@context":"https:\/\/schema.org","@graph":[{"@type":"WebSite","@id":"https:\/\/www.visit-ulcinj.com\/blog\/#website","url":"https:\/\/www.visit-ulcinj.com\/blog\/","name":"Lajme nga Ulqini","description":"Lajme,Vijesti,Ulqini,Ulqin,Crna Gora,Mali i Zi","potentialAction":[{"@type":"SearchAction","target":{"@type":"EntryPoint","urlTemplate":"https:\/\/www.visit-ulcinj.com\/blog\/?s={search_term_string}"},"query-input":"required name=search_term_string"}],"inLanguage":"en-US"},{"@type":"ImageObject","inLanguage":"en-US","@id":"https:\/\/www.visit-ulcinj.com\/blog\/2012\/03\/18\/na-mozuru-stize-i-smece-iz-budve\/#primaryimage","url":"https:\/\/www.visit-ulcinj.com\/blog\/wp-content\/uploads\/2012\/03\/DEPONIJE-ZA-BAR-I-ULCINj-Mazura-Pavicevic_Cungu.jpg","contentUrl":"https:\/\/www.visit-ulcinj.com\/blog\/wp-content\/uploads\/2012\/03\/DEPONIJE-ZA-BAR-I-ULCINj-Mazura-Pavicevic_Cungu.jpg","width":"508","height":"331","caption":"Foto: Info Bar"},{"@type":"WebPage","@id":"https:\/\/www.visit-ulcinj.com\/blog\/2012\/03\/18\/na-mozuru-stize-i-smece-iz-budve\/#webpage","url":"https:\/\/www.visit-ulcinj.com\/blog\/2012\/03\/18\/na-mozuru-stize-i-smece-iz-budve\/","name":"Na Mo\u017euru sti\u017ee i sme\u0107e iz Budve - Lajme nga Ulqini","isPartOf":{"@id":"https:\/\/www.visit-ulcinj.com\/blog\/#website"},"primaryImageOfPage":{"@id":"https:\/\/www.visit-ulcinj.com\/blog\/2012\/03\/18\/na-mozuru-stize-i-smece-iz-budve\/#primaryimage"},"datePublished":"2012-03-18T15:57:51+00:00","dateModified":"2012-03-26T08:26:43+00:00","author":{"@id":"https:\/\/www.visit-ulcinj.com\/blog\/#\/schema\/person\/dcab619c614d3038751c63bc2aadc06d"},"description":"&nbsp; BAR \u2013 Dvije velike investicije na podru\u010dju barske op\u0161tine, bulevar od ulaza u grad do njegovog centra, i deponija na Mo\u017euri, upravo se realizuju i","breadcrumb":{"@id":"https:\/\/www.visit-ulcinj.com\/blog\/2012\/03\/18\/na-mozuru-stize-i-smece-iz-budve\/#breadcrumb"},"inLanguage":"en-US","potentialAction":[{"@type":"ReadAction","target":["https:\/\/www.visit-ulcinj.com\/blog\/2012\/03\/18\/na-mozuru-stize-i-smece-iz-budve\/"]}]},{"@type":"BreadcrumbList","@id":"https:\/\/www.visit-ulcinj.com\/blog\/2012\/03\/18\/na-mozuru-stize-i-smece-iz-budve\/#breadcrumb","itemListElement":[{"@type":"ListItem","position":1,"name":"Na Mo\u017euru sti\u017ee i sme\u0107e iz Budve"}]},{"@type":"Person","@id":"https:\/\/www.visit-ulcinj.com\/blog\/#\/schema\/person\/dcab619c614d3038751c63bc2aadc06d","name":"ulqini","sameAs":["http:\/\/www.visit-ulcinj.com"],"url":"https:\/\/www.visit-ulcinj.com\/blog\/author\/admin\/"}]}},"jetpack_featured_media_url":"","jetpack_sharing_enabled":true,"jetpack_shortlink":"https:\/\/wp.me\/pe6lTn-fbO","_links":{"self":[{"href":"https:\/\/www.visit-ulcinj.com\/blog\/wp-json\/wp\/v2\/posts\/58392"}],"collection":[{"href":"https:\/\/www.visit-ulcinj.com\/blog\/wp-json\/wp\/v2\/posts"}],"about":[{"href":"https:\/\/www.visit-ulcinj.com\/blog\/wp-json\/wp\/v2\/types\/post"}],"author":[{"embeddable":true,"href":"https:\/\/www.visit-ulcinj.com\/blog\/wp-json\/wp\/v2\/users\/1"}],"replies":[{"embeddable":true,"href":"https:\/\/www.visit-ulcinj.com\/blog\/wp-json\/wp\/v2\/comments?post=58392"}],"version-history":[{"count":4,"href":"https:\/\/www.visit-ulcinj.com\/blog\/wp-json\/wp\/v2\/posts\/58392\/revisions"}],"predecessor-version":[{"id":58661,"href":"https:\/\/www.visit-ulcinj.com\/blog\/wp-json\/wp\/v2\/posts\/58392\/revisions\/58661"}],"wp:attachment":[{"href":"https:\/\/www.visit-ulcinj.com\/blog\/wp-json\/wp\/v2\/media?parent=58392"}],"wp:term":[{"taxonomy":"category","embeddable":true,"href":"https:\/\/www.visit-ulcinj.com\/blog\/wp-json\/wp\/v2\/categories?post=58392"},{"taxonomy":"post_tag","embeddable":true,"href":"https:\/\/www.visit-ulcinj.com\/blog\/wp-json\/wp\/v2\/tags?post=58392"}],"curies":[{"name":"wp","href":"https:\/\/api.w.org\/{rel}","templated":true}]}}