{"id":584,"date":"2008-02-20T14:34:28","date_gmt":"2008-02-20T19:34:28","guid":{"rendered":"http:\/\/www.visit-ulcinj.com\/blog\/2008\/02\/20\/unesco-weltkulturerbestatten-dalmatien-montenegro-mostar\/"},"modified":"2008-02-20T14:54:11","modified_gmt":"2008-02-20T19:54:11","slug":"unesco-weltkulturerbestatten-dalmatien-montenegro-mostar","status":"publish","type":"post","link":"https:\/\/www.visit-ulcinj.com\/blog\/2008\/02\/20\/unesco-weltkulturerbestatten-dalmatien-montenegro-mostar\/","title":{"rendered":"UNESCO-Weltkulturerbest\u00e4tten: Dalmatien, Montenegro, Mostar"},"content":{"rendered":"<h1 class=\"lr\"><\/h1>\n<p class=\"lrbilder\">&nbsp;<\/p>\n<p class=\"uzeile\" style=\"font-weight: bold\"><a href=\"http:\/\/www.freiepresse.de\/FREIZEIT\/REISEN\/FREIE_PRESSE_REISEN\/:UNESCO-Weltkulturerbestaetten-Dalmatien-Montenegro-Mostar\/reise.php?id=164\" target=\"_blank\">Eine Reise zu den Weltkulturerbe-St\u00e4tten<\/a><\/p>\n<p class=\"uzeile\"><a href=\"http:\/\/www.freiepresse.de\/FREIZEIT\/REISEN\/FREIE_PRESSE_REISEN\/:UNESCO-Weltkulturerbestaetten-Dalmatien-Montenegro-Mostar\/reise.php?id=164\" target=\"_blank\">Das Besondere: die Reiseroute und durchg\u00e4ngige \u00f6rtliche Reiseleitung<\/a><\/p>\n<p class=\"lrbilder\"><a href=\"http:\/\/www.freiepresse.de\/FREIZEIT\/REISEN\/FREIE_PRESSE_REISEN\/:UNESCO-Weltkulturerbestaetten-Dalmatien-Montenegro-Mostar\/reise.php?id=164\" target=\"_blank\"><img loading=\"lazy\" src=\"http:\/\/www.freiepresse.de\/FREIZEIT\/REISEN\/FREIE_PRESSE_REISEN\/IMAGE\/164_2_medium.jpg\" align=\"left\" height=\"215\" width=\"210\" \/><strong>19.04.2008 &#8211; 27.04.2008<br \/>\n<\/strong><\/a><\/p>\n<p class=\"artikelinhalt\"><a href=\"http:\/\/www.freiepresse.de\/FREIZEIT\/REISEN\/FREIE_PRESSE_REISEN\/:UNESCO-Weltkulturerbestaetten-Dalmatien-Montenegro-Mostar\/reise.php?id=164\" target=\"_blank\"><strong>13.09.2008 &#8211; 21.09.2008<\/strong><\/a><br \/>\nDas blaue Band der Adria umschlingt Dalmatiens K\u00fcsten. Mediterranes Klima, gr\u00fcne Ufer, wei\u00dfe Kieselbuchten, bizarre Gebirge und St\u00e4dte mit mediterranem Charme erwarten Sie hier. Mit den bewahrten nat\u00fcrlichen Landschaften, mittelalterlichen St\u00e4dten und kulturgeschichtlichen Denkm\u00e4lern, die unter dem Schutz der UNESCO stehen, geh\u00f6rt diese Destination zu dem attraktivsten Reisezielen in Europa.<\/p>\n<p class=\"artikelinhalt\"><strong>Reiseverlauf: <\/strong><\/p>\n<p class=\"list\">1. Tag: Anreise nach Zagreb.<\/p>\n<p class=\"list\">2. Tag: Zagreb und Zadar.<\/p>\n<p class=\"list\">3. Tag: Zadar, Split und Dubrovnik.<\/p>\n<p class=\"list\">4. Tag: Dubrovnik.<\/p>\n<p class=\"list\">5. Tag: Montenegro.<\/p>\n<p class=\"list\">6. Tag: Mostar und Makarska Riviera.<\/p>\n<p class=\"list\">7. Tag: Trogir und Zadar.<\/p>\n<p class=\"list\">8. Tag: K\u00fcstenpanoramastra\u00dfe nach Opatija.<\/p>\n<p class=\"list\">9. Tag: R\u00fcckreise durch Slowenien und \u00d6sterreich nach Deutschland.<\/p>\n<p class=\"artikelinhalt\">Das von der UNESCO erfasste Welterbe setzt sich aus dem Weltkulturerbe und dem Weltnaturerbe zusammen. Insgesamt umfasst die UNESCO-Liste des Welterbes \u00fcber 850 Denkm\u00e4ler in 140 L\u00e4ndern.<\/p>\n<p class=\"list\"><strong>Eingeschlossene Leistungen:<\/strong><\/p>\n<p class=\"list\">&nbsp;<\/p>\n<p class=\"list\">Fahrt im Fernreisebus<\/p>\n<p class=\"list\">durchg\u00e4ngige lizenz. Reiseleitung f\u00fcr die ges. Reise von Zagreb bis Opatija<\/p>\n<p class=\"list\">1x \u00dc in Zagreb, 2x \u00dc im Raum Zadar, 3x \u00dc Dubrovnik, 1x \u00dc an der Makarska Riviera, 1x \u00dc in Opatija<\/p>\n<p class=\"list\">alle \u00dc mind. 3-Sterne-Hotel<img loading=\"lazy\" src=\"http:\/\/www.freiepresse.de\/FREIZEIT\/REISEN\/FREIE_PRESSE_REISEN\/IMAGE\/164_1_large.jpg\" align=\"right\" height=\"156\" width=\"314\" \/><\/p>\n<p class=\"list\">alle Zimmer Bad\/WC\/ TV<\/p>\n<p class=\"list\">8x HP<\/p>\n<p class=\"list\">Stadtf\u00fchrungen in Zagreb, Zadar, Trogir, Split, Dubrovnik, Mostar, Opatija<\/p>\n<p class=\"list\">Eintritte Diokletianpalast Split<\/p>\n<p class=\"list\"><strong>Kosten pro Person in EUR:<\/strong><\/p>\n<p class=\"list\">ab 736,\u2013 im Doppelzimmer<\/p>\n<p class=\"list\">112,\u2013 Einzelzimmerzuschlag<\/p>\n<p class=\"artikelinhalt\">Kinder bis 12 Jahre 25 % Erm\u00e4\u00dfigung.<\/p>\n<p class=\"list\">15,\u2013 Reise ab\/an Haust\u00fcr<\/p>\n<p class=\"list\">30,\u2013 Ausflug Montenegro inkl. Brotzeit<\/p>\n<p class=\"artikelinhalt\">Veranstalter: reise plus GmbH<\/p>\n<p><strong>Service<\/strong><\/p>\n","protected":false},"excerpt":{"rendered":"<p><img loading=\"lazy\" src=\"http:\/\/www.freiepresse.de\/FREIZEIT\/REISEN\/FREIE_PRESSE_REISEN\/IMAGE\/164_2_medium.jpg\" align=\"left\" height=\"140\" width=\"140\"\/><\/p>\n","protected":false},"author":1,"featured_media":0,"comment_status":"open","ping_status":"closed","sticky":false,"template":"","format":"standard","meta":{"spay_email":"","jetpack_publicize_message":"","jetpack_is_tweetstorm":false,"jetpack_publicize_feature_enabled":true},"categories":[15],"tags":[1717,1715,21,1719,45,1720,1714,79,1716,1718,19,307,1721],"jetpack_publicize_connections":[],"yoast_head":"<!-- This site is optimized with the Yoast SEO plugin v19.1 - https:\/\/yoast.com\/wordpress\/plugins\/seo\/ -->\n<title>UNESCO-Weltkulturerbest\u00e4tten: Dalmatien, Montenegro, Mostar - Lajme nga Ulqini<\/title>\n<meta name=\"robots\" content=\"index, follow, max-snippet:-1, max-image-preview:large, max-video-preview:-1\" \/>\n<link rel=\"canonical\" href=\"https:\/\/www.visit-ulcinj.com\/blog\/2008\/02\/20\/unesco-weltkulturerbestatten-dalmatien-montenegro-mostar\/\" \/>\n<meta property=\"og:locale\" content=\"en_US\" \/>\n<meta property=\"og:type\" content=\"article\" \/>\n<meta property=\"og:title\" content=\"UNESCO-Weltkulturerbest\u00e4tten: Dalmatien, Montenegro, Mostar - Lajme nga Ulqini\" \/>\n<meta property=\"og:url\" content=\"https:\/\/www.visit-ulcinj.com\/blog\/2008\/02\/20\/unesco-weltkulturerbestatten-dalmatien-montenegro-mostar\/\" \/>\n<meta property=\"og:site_name\" content=\"Lajme nga Ulqini\" \/>\n<meta property=\"article:published_time\" content=\"2008-02-20T19:34:28+00:00\" \/>\n<meta property=\"article:modified_time\" content=\"2008-02-20T19:54:11+00:00\" \/>\n<meta property=\"og:image\" content=\"http:\/\/www.freiepresse.de\/FREIZEIT\/REISEN\/FREIE_PRESSE_REISEN\/IMAGE\/164_2_medium.jpg\" \/>\n<meta name=\"twitter:label1\" content=\"Written by\" \/>\n\t<meta name=\"twitter:data1\" content=\"ulqini\" \/>\n\t<meta name=\"twitter:label2\" content=\"Est. reading time\" \/>\n\t<meta name=\"twitter:data2\" content=\"1 minute\" \/>\n<script type=\"application\/ld+json\" class=\"yoast-schema-graph\">{\"@context\":\"https:\/\/schema.org\",\"@graph\":[{\"@type\":\"WebSite\",\"@id\":\"https:\/\/www.visit-ulcinj.com\/blog\/#website\",\"url\":\"https:\/\/www.visit-ulcinj.com\/blog\/\",\"name\":\"Lajme nga Ulqini\",\"description\":\"Lajme,Vijesti,Ulqini,Ulqin,Crna Gora,Mali i Zi\",\"potentialAction\":[{\"@type\":\"SearchAction\",\"target\":{\"@type\":\"EntryPoint\",\"urlTemplate\":\"https:\/\/www.visit-ulcinj.com\/blog\/?s={search_term_string}\"},\"query-input\":\"required name=search_term_string\"}],\"inLanguage\":\"en-US\"},{\"@type\":\"ImageObject\",\"inLanguage\":\"en-US\",\"@id\":\"https:\/\/www.visit-ulcinj.com\/blog\/2008\/02\/20\/unesco-weltkulturerbestatten-dalmatien-montenegro-mostar\/#primaryimage\",\"url\":\"http:\/\/www.freiepresse.de\/FREIZEIT\/REISEN\/FREIE_PRESSE_REISEN\/IMAGE\/164_2_medium.jpg\",\"contentUrl\":\"http:\/\/www.freiepresse.de\/FREIZEIT\/REISEN\/FREIE_PRESSE_REISEN\/IMAGE\/164_2_medium.jpg\"},{\"@type\":\"WebPage\",\"@id\":\"https:\/\/www.visit-ulcinj.com\/blog\/2008\/02\/20\/unesco-weltkulturerbestatten-dalmatien-montenegro-mostar\/#webpage\",\"url\":\"https:\/\/www.visit-ulcinj.com\/blog\/2008\/02\/20\/unesco-weltkulturerbestatten-dalmatien-montenegro-mostar\/\",\"name\":\"UNESCO-Weltkulturerbest\u00e4tten: Dalmatien, Montenegro, Mostar - Lajme nga Ulqini\",\"isPartOf\":{\"@id\":\"https:\/\/www.visit-ulcinj.com\/blog\/#website\"},\"primaryImageOfPage\":{\"@id\":\"https:\/\/www.visit-ulcinj.com\/blog\/2008\/02\/20\/unesco-weltkulturerbestatten-dalmatien-montenegro-mostar\/#primaryimage\"},\"datePublished\":\"2008-02-20T19:34:28+00:00\",\"dateModified\":\"2008-02-20T19:54:11+00:00\",\"author\":{\"@id\":\"https:\/\/www.visit-ulcinj.com\/blog\/#\/schema\/person\/dcab619c614d3038751c63bc2aadc06d\"},\"breadcrumb\":{\"@id\":\"https:\/\/www.visit-ulcinj.com\/blog\/2008\/02\/20\/unesco-weltkulturerbestatten-dalmatien-montenegro-mostar\/#breadcrumb\"},\"inLanguage\":\"en-US\",\"potentialAction\":[{\"@type\":\"ReadAction\",\"target\":[\"https:\/\/www.visit-ulcinj.com\/blog\/2008\/02\/20\/unesco-weltkulturerbestatten-dalmatien-montenegro-mostar\/\"]}]},{\"@type\":\"BreadcrumbList\",\"@id\":\"https:\/\/www.visit-ulcinj.com\/blog\/2008\/02\/20\/unesco-weltkulturerbestatten-dalmatien-montenegro-mostar\/#breadcrumb\",\"itemListElement\":[{\"@type\":\"ListItem\",\"position\":1,\"name\":\"UNESCO-Weltkulturerbest\u00e4tten: Dalmatien, Montenegro, Mostar\"}]},{\"@type\":\"Person\",\"@id\":\"https:\/\/www.visit-ulcinj.com\/blog\/#\/schema\/person\/dcab619c614d3038751c63bc2aadc06d\",\"name\":\"ulqini\",\"sameAs\":[\"http:\/\/www.visit-ulcinj.com\"],\"url\":\"https:\/\/www.visit-ulcinj.com\/blog\/author\/admin\/\"}]}<\/script>\n<!-- \/ Yoast SEO plugin. -->","yoast_head_json":{"title":"UNESCO-Weltkulturerbest\u00e4tten: Dalmatien, Montenegro, Mostar - Lajme nga Ulqini","robots":{"index":"index","follow":"follow","max-snippet":"max-snippet:-1","max-image-preview":"max-image-preview:large","max-video-preview":"max-video-preview:-1"},"canonical":"https:\/\/www.visit-ulcinj.com\/blog\/2008\/02\/20\/unesco-weltkulturerbestatten-dalmatien-montenegro-mostar\/","og_locale":"en_US","og_type":"article","og_title":"UNESCO-Weltkulturerbest\u00e4tten: Dalmatien, Montenegro, Mostar - Lajme nga Ulqini","og_url":"https:\/\/www.visit-ulcinj.com\/blog\/2008\/02\/20\/unesco-weltkulturerbestatten-dalmatien-montenegro-mostar\/","og_site_name":"Lajme nga Ulqini","article_published_time":"2008-02-20T19:34:28+00:00","article_modified_time":"2008-02-20T19:54:11+00:00","og_image":[{"url":"http:\/\/www.freiepresse.de\/FREIZEIT\/REISEN\/FREIE_PRESSE_REISEN\/IMAGE\/164_2_medium.jpg"}],"twitter_misc":{"Written by":"ulqini","Est. reading time":"1 minute"},"schema":{"@context":"https:\/\/schema.org","@graph":[{"@type":"WebSite","@id":"https:\/\/www.visit-ulcinj.com\/blog\/#website","url":"https:\/\/www.visit-ulcinj.com\/blog\/","name":"Lajme nga Ulqini","description":"Lajme,Vijesti,Ulqini,Ulqin,Crna Gora,Mali i Zi","potentialAction":[{"@type":"SearchAction","target":{"@type":"EntryPoint","urlTemplate":"https:\/\/www.visit-ulcinj.com\/blog\/?s={search_term_string}"},"query-input":"required name=search_term_string"}],"inLanguage":"en-US"},{"@type":"ImageObject","inLanguage":"en-US","@id":"https:\/\/www.visit-ulcinj.com\/blog\/2008\/02\/20\/unesco-weltkulturerbestatten-dalmatien-montenegro-mostar\/#primaryimage","url":"http:\/\/www.freiepresse.de\/FREIZEIT\/REISEN\/FREIE_PRESSE_REISEN\/IMAGE\/164_2_medium.jpg","contentUrl":"http:\/\/www.freiepresse.de\/FREIZEIT\/REISEN\/FREIE_PRESSE_REISEN\/IMAGE\/164_2_medium.jpg"},{"@type":"WebPage","@id":"https:\/\/www.visit-ulcinj.com\/blog\/2008\/02\/20\/unesco-weltkulturerbestatten-dalmatien-montenegro-mostar\/#webpage","url":"https:\/\/www.visit-ulcinj.com\/blog\/2008\/02\/20\/unesco-weltkulturerbestatten-dalmatien-montenegro-mostar\/","name":"UNESCO-Weltkulturerbest\u00e4tten: Dalmatien, Montenegro, Mostar - Lajme nga Ulqini","isPartOf":{"@id":"https:\/\/www.visit-ulcinj.com\/blog\/#website"},"primaryImageOfPage":{"@id":"https:\/\/www.visit-ulcinj.com\/blog\/2008\/02\/20\/unesco-weltkulturerbestatten-dalmatien-montenegro-mostar\/#primaryimage"},"datePublished":"2008-02-20T19:34:28+00:00","dateModified":"2008-02-20T19:54:11+00:00","author":{"@id":"https:\/\/www.visit-ulcinj.com\/blog\/#\/schema\/person\/dcab619c614d3038751c63bc2aadc06d"},"breadcrumb":{"@id":"https:\/\/www.visit-ulcinj.com\/blog\/2008\/02\/20\/unesco-weltkulturerbestatten-dalmatien-montenegro-mostar\/#breadcrumb"},"inLanguage":"en-US","potentialAction":[{"@type":"ReadAction","target":["https:\/\/www.visit-ulcinj.com\/blog\/2008\/02\/20\/unesco-weltkulturerbestatten-dalmatien-montenegro-mostar\/"]}]},{"@type":"BreadcrumbList","@id":"https:\/\/www.visit-ulcinj.com\/blog\/2008\/02\/20\/unesco-weltkulturerbestatten-dalmatien-montenegro-mostar\/#breadcrumb","itemListElement":[{"@type":"ListItem","position":1,"name":"UNESCO-Weltkulturerbest\u00e4tten: Dalmatien, Montenegro, Mostar"}]},{"@type":"Person","@id":"https:\/\/www.visit-ulcinj.com\/blog\/#\/schema\/person\/dcab619c614d3038751c63bc2aadc06d","name":"ulqini","sameAs":["http:\/\/www.visit-ulcinj.com"],"url":"https:\/\/www.visit-ulcinj.com\/blog\/author\/admin\/"}]}},"jetpack_featured_media_url":"","jetpack_sharing_enabled":true,"jetpack_shortlink":"https:\/\/wp.me\/pe6lTn-9q","_links":{"self":[{"href":"https:\/\/www.visit-ulcinj.com\/blog\/wp-json\/wp\/v2\/posts\/584"}],"collection":[{"href":"https:\/\/www.visit-ulcinj.com\/blog\/wp-json\/wp\/v2\/posts"}],"about":[{"href":"https:\/\/www.visit-ulcinj.com\/blog\/wp-json\/wp\/v2\/types\/post"}],"author":[{"embeddable":true,"href":"https:\/\/www.visit-ulcinj.com\/blog\/wp-json\/wp\/v2\/users\/1"}],"replies":[{"embeddable":true,"href":"https:\/\/www.visit-ulcinj.com\/blog\/wp-json\/wp\/v2\/comments?post=584"}],"version-history":[{"count":0,"href":"https:\/\/www.visit-ulcinj.com\/blog\/wp-json\/wp\/v2\/posts\/584\/revisions"}],"wp:attachment":[{"href":"https:\/\/www.visit-ulcinj.com\/blog\/wp-json\/wp\/v2\/media?parent=584"}],"wp:term":[{"taxonomy":"category","embeddable":true,"href":"https:\/\/www.visit-ulcinj.com\/blog\/wp-json\/wp\/v2\/categories?post=584"},{"taxonomy":"post_tag","embeddable":true,"href":"https:\/\/www.visit-ulcinj.com\/blog\/wp-json\/wp\/v2\/tags?post=584"}],"curies":[{"name":"wp","href":"https:\/\/api.w.org\/{rel}","templated":true}]}}