{"id":58402,"date":"2012-03-18T17:44:21","date_gmt":"2012-03-18T16:44:21","guid":{"rendered":"http:\/\/www.visit-ulcinj.com\/blog\/?p=58402"},"modified":"2012-03-18T17:44:21","modified_gmt":"2012-03-18T16:44:21","slug":"albani-dhe-miriami-cifti-me-i-fuqishem-ne-muzike","status":"publish","type":"post","link":"https:\/\/www.visit-ulcinj.com\/blog\/2012\/03\/18\/albani-dhe-miriami-cifti-me-i-fuqishem-ne-muzike\/","title":{"rendered":"Albani dhe Miriami \u00e7ifti m\u00eb i fuqish\u00ebm n\u00eb muzik\u00eb"},"content":{"rendered":"<p><a href=\"http:\/\/www.visit-ulcinj.com\/blog\/wp-content\/uploads\/2012\/03\/miriamcani_albanskenderaj.jpg\"><img loading=\"lazy\" class=\"alignleft  wp-image-58403\" title=\"miriamcani_albanskenderaj\" src=\"http:\/\/www.visit-ulcinj.com\/blog\/wp-content\/uploads\/2012\/03\/miriamcani_albanskenderaj.jpg\" alt=\"\" width=\"508\" height=\"380\" \/><\/a>Albani dhe Miriami papritmaz jan\u00eb shnd\u00ebrruar n\u00eb \u00e7iftin m\u00eb t\u00eb fuqish\u00ebm muzikor t\u00eb momentit n\u00eb muzik\u00eb. Ajo vendos t\u00eb ardhmen e talenteve n\u00eb \u201cThe Voice\u201d ai tek \u201cX Factor\u201d, e papritur jan\u00eb gjetur me \u00e7elsat e suksesit n\u00eb duar.<\/p>\n<p>P\u00ebrve\u00e7 gjykimeve, ata vazhdojn\u00eb t\u00eb b\u00ebjne muzik\u00eb dhe sapo kan\u00eb publikuar dy videok\u00ebng\u00eb t\u00eb cilat jan\u00eb pritur shum\u00eb mir\u00eb nga publiku.<\/p>\n<p><strong>Albaniac<\/strong><\/p>\n<!--YouTube Error: bad URL entered-->\n","protected":false},"excerpt":{"rendered":"<p>Albani dhe Miriami papritmaz jan\u00eb shnd\u00ebrruar n\u00eb \u00e7iftin m\u00eb t\u00eb fuqish\u00ebm muzikor t\u00eb momentit n\u00eb muzik\u00eb. Ajo vendos t\u00eb ardhmen e talenteve n\u00eb \u201cThe Voice\u201d ai tek \u201cX Factor\u201d, e papritur jan\u00eb gjetur me \u00e7elsat e suksesit n\u00eb duar. P\u00ebrve\u00e7 gjykimeve, ata vazhdojn\u00eb t\u00eb b\u00ebjne muzik\u00eb dhe sapo kan\u00eb publikuar dy videok\u00ebng\u00eb t\u00eb cilat jan\u00eb [&hellip;]<\/p>\n","protected":false},"author":1,"featured_media":0,"comment_status":"open","ping_status":"closed","sticky":false,"template":"","format":"standard","meta":{"spay_email":"","jetpack_publicize_message":"","jetpack_is_tweetstorm":false,"jetpack_publicize_feature_enabled":true},"categories":[1],"tags":[4019,19677,19806,16036,19514,10632,19511,4684,19460],"jetpack_publicize_connections":[],"yoast_head":"<!-- This site is optimized with the Yoast SEO plugin v19.1 - https:\/\/yoast.com\/wordpress\/plugins\/seo\/ -->\n<title>Albani dhe Miriami \u00e7ifti m\u00eb i fuqish\u00ebm n\u00eb muzik\u00eb - Lajme nga Ulqini<\/title>\n<meta name=\"description\" content=\"Albani dhe Miriami papritmaz jan\u00eb shnd\u00ebrruar n\u00eb \u00e7iftin m\u00eb t\u00eb fuqish\u00ebm muzikor t\u00eb momentit n\u00eb muzik\u00eb. Ajo vendos t\u00eb ardhmen e talenteve n\u00eb \u201cThe Voice\u201d ai\" \/>\n<meta name=\"robots\" content=\"index, follow, max-snippet:-1, max-image-preview:large, max-video-preview:-1\" \/>\n<link rel=\"canonical\" href=\"https:\/\/www.visit-ulcinj.com\/blog\/2012\/03\/18\/albani-dhe-miriami-cifti-me-i-fuqishem-ne-muzike\/\" \/>\n<meta property=\"og:locale\" content=\"en_US\" \/>\n<meta property=\"og:type\" content=\"article\" \/>\n<meta property=\"og:title\" content=\"Albani dhe Miriami \u00e7ifti m\u00eb i fuqish\u00ebm n\u00eb muzik\u00eb - Lajme nga Ulqini\" \/>\n<meta property=\"og:description\" content=\"Albani dhe Miriami papritmaz jan\u00eb shnd\u00ebrruar n\u00eb \u00e7iftin m\u00eb t\u00eb fuqish\u00ebm muzikor t\u00eb momentit n\u00eb muzik\u00eb. Ajo vendos t\u00eb ardhmen e talenteve n\u00eb \u201cThe Voice\u201d ai\" \/>\n<meta property=\"og:url\" content=\"https:\/\/www.visit-ulcinj.com\/blog\/2012\/03\/18\/albani-dhe-miriami-cifti-me-i-fuqishem-ne-muzike\/\" \/>\n<meta property=\"og:site_name\" content=\"Lajme nga Ulqini\" \/>\n<meta property=\"article:published_time\" content=\"2012-03-18T16:44:21+00:00\" \/>\n<meta property=\"og:image\" content=\"http:\/\/www.visit-ulcinj.com\/blog\/wp-content\/uploads\/2012\/03\/miriamcani_albanskenderaj.jpg\" \/>\n<meta name=\"twitter:label1\" content=\"Written by\" \/>\n\t<meta name=\"twitter:data1\" content=\"ulqini\" \/>\n<script type=\"application\/ld+json\" class=\"yoast-schema-graph\">{\"@context\":\"https:\/\/schema.org\",\"@graph\":[{\"@type\":\"WebSite\",\"@id\":\"https:\/\/www.visit-ulcinj.com\/blog\/#website\",\"url\":\"https:\/\/www.visit-ulcinj.com\/blog\/\",\"name\":\"Lajme nga Ulqini\",\"description\":\"Lajme,Vijesti,Ulqini,Ulqin,Crna Gora,Mali i Zi\",\"potentialAction\":[{\"@type\":\"SearchAction\",\"target\":{\"@type\":\"EntryPoint\",\"urlTemplate\":\"https:\/\/www.visit-ulcinj.com\/blog\/?s={search_term_string}\"},\"query-input\":\"required name=search_term_string\"}],\"inLanguage\":\"en-US\"},{\"@type\":\"ImageObject\",\"inLanguage\":\"en-US\",\"@id\":\"https:\/\/www.visit-ulcinj.com\/blog\/2012\/03\/18\/albani-dhe-miriami-cifti-me-i-fuqishem-ne-muzike\/#primaryimage\",\"url\":\"http:\/\/www.visit-ulcinj.com\/blog\/wp-content\/uploads\/2012\/03\/miriamcani_albanskenderaj.jpg\",\"contentUrl\":\"http:\/\/www.visit-ulcinj.com\/blog\/wp-content\/uploads\/2012\/03\/miriamcani_albanskenderaj.jpg\"},{\"@type\":\"WebPage\",\"@id\":\"https:\/\/www.visit-ulcinj.com\/blog\/2012\/03\/18\/albani-dhe-miriami-cifti-me-i-fuqishem-ne-muzike\/#webpage\",\"url\":\"https:\/\/www.visit-ulcinj.com\/blog\/2012\/03\/18\/albani-dhe-miriami-cifti-me-i-fuqishem-ne-muzike\/\",\"name\":\"Albani dhe Miriami \u00e7ifti m\u00eb i fuqish\u00ebm n\u00eb muzik\u00eb - Lajme nga Ulqini\",\"isPartOf\":{\"@id\":\"https:\/\/www.visit-ulcinj.com\/blog\/#website\"},\"primaryImageOfPage\":{\"@id\":\"https:\/\/www.visit-ulcinj.com\/blog\/2012\/03\/18\/albani-dhe-miriami-cifti-me-i-fuqishem-ne-muzike\/#primaryimage\"},\"datePublished\":\"2012-03-18T16:44:21+00:00\",\"dateModified\":\"2012-03-18T16:44:21+00:00\",\"author\":{\"@id\":\"https:\/\/www.visit-ulcinj.com\/blog\/#\/schema\/person\/dcab619c614d3038751c63bc2aadc06d\"},\"description\":\"Albani dhe Miriami papritmaz jan\u00eb shnd\u00ebrruar n\u00eb \u00e7iftin m\u00eb t\u00eb fuqish\u00ebm muzikor t\u00eb momentit n\u00eb muzik\u00eb. Ajo vendos t\u00eb ardhmen e talenteve n\u00eb \u201cThe Voice\u201d ai\",\"breadcrumb\":{\"@id\":\"https:\/\/www.visit-ulcinj.com\/blog\/2012\/03\/18\/albani-dhe-miriami-cifti-me-i-fuqishem-ne-muzike\/#breadcrumb\"},\"inLanguage\":\"en-US\",\"potentialAction\":[{\"@type\":\"ReadAction\",\"target\":[\"https:\/\/www.visit-ulcinj.com\/blog\/2012\/03\/18\/albani-dhe-miriami-cifti-me-i-fuqishem-ne-muzike\/\"]}]},{\"@type\":\"BreadcrumbList\",\"@id\":\"https:\/\/www.visit-ulcinj.com\/blog\/2012\/03\/18\/albani-dhe-miriami-cifti-me-i-fuqishem-ne-muzike\/#breadcrumb\",\"itemListElement\":[{\"@type\":\"ListItem\",\"position\":1,\"name\":\"Albani dhe Miriami \u00e7ifti m\u00eb i fuqish\u00ebm n\u00eb muzik\u00eb\"}]},{\"@type\":\"Person\",\"@id\":\"https:\/\/www.visit-ulcinj.com\/blog\/#\/schema\/person\/dcab619c614d3038751c63bc2aadc06d\",\"name\":\"ulqini\",\"sameAs\":[\"http:\/\/www.visit-ulcinj.com\"],\"url\":\"https:\/\/www.visit-ulcinj.com\/blog\/author\/admin\/\"}]}<\/script>\n<!-- \/ Yoast SEO plugin. -->","yoast_head_json":{"title":"Albani dhe Miriami \u00e7ifti m\u00eb i fuqish\u00ebm n\u00eb muzik\u00eb - Lajme nga Ulqini","description":"Albani dhe Miriami papritmaz jan\u00eb shnd\u00ebrruar n\u00eb \u00e7iftin m\u00eb t\u00eb fuqish\u00ebm muzikor t\u00eb momentit n\u00eb muzik\u00eb. Ajo vendos t\u00eb ardhmen e talenteve n\u00eb \u201cThe Voice\u201d ai","robots":{"index":"index","follow":"follow","max-snippet":"max-snippet:-1","max-image-preview":"max-image-preview:large","max-video-preview":"max-video-preview:-1"},"canonical":"https:\/\/www.visit-ulcinj.com\/blog\/2012\/03\/18\/albani-dhe-miriami-cifti-me-i-fuqishem-ne-muzike\/","og_locale":"en_US","og_type":"article","og_title":"Albani dhe Miriami \u00e7ifti m\u00eb i fuqish\u00ebm n\u00eb muzik\u00eb - Lajme nga Ulqini","og_description":"Albani dhe Miriami papritmaz jan\u00eb shnd\u00ebrruar n\u00eb \u00e7iftin m\u00eb t\u00eb fuqish\u00ebm muzikor t\u00eb momentit n\u00eb muzik\u00eb. Ajo vendos t\u00eb ardhmen e talenteve n\u00eb \u201cThe Voice\u201d ai","og_url":"https:\/\/www.visit-ulcinj.com\/blog\/2012\/03\/18\/albani-dhe-miriami-cifti-me-i-fuqishem-ne-muzike\/","og_site_name":"Lajme nga Ulqini","article_published_time":"2012-03-18T16:44:21+00:00","og_image":[{"url":"http:\/\/www.visit-ulcinj.com\/blog\/wp-content\/uploads\/2012\/03\/miriamcani_albanskenderaj.jpg"}],"twitter_misc":{"Written by":"ulqini"},"schema":{"@context":"https:\/\/schema.org","@graph":[{"@type":"WebSite","@id":"https:\/\/www.visit-ulcinj.com\/blog\/#website","url":"https:\/\/www.visit-ulcinj.com\/blog\/","name":"Lajme nga Ulqini","description":"Lajme,Vijesti,Ulqini,Ulqin,Crna Gora,Mali i Zi","potentialAction":[{"@type":"SearchAction","target":{"@type":"EntryPoint","urlTemplate":"https:\/\/www.visit-ulcinj.com\/blog\/?s={search_term_string}"},"query-input":"required name=search_term_string"}],"inLanguage":"en-US"},{"@type":"ImageObject","inLanguage":"en-US","@id":"https:\/\/www.visit-ulcinj.com\/blog\/2012\/03\/18\/albani-dhe-miriami-cifti-me-i-fuqishem-ne-muzike\/#primaryimage","url":"http:\/\/www.visit-ulcinj.com\/blog\/wp-content\/uploads\/2012\/03\/miriamcani_albanskenderaj.jpg","contentUrl":"http:\/\/www.visit-ulcinj.com\/blog\/wp-content\/uploads\/2012\/03\/miriamcani_albanskenderaj.jpg"},{"@type":"WebPage","@id":"https:\/\/www.visit-ulcinj.com\/blog\/2012\/03\/18\/albani-dhe-miriami-cifti-me-i-fuqishem-ne-muzike\/#webpage","url":"https:\/\/www.visit-ulcinj.com\/blog\/2012\/03\/18\/albani-dhe-miriami-cifti-me-i-fuqishem-ne-muzike\/","name":"Albani dhe Miriami \u00e7ifti m\u00eb i fuqish\u00ebm n\u00eb muzik\u00eb - Lajme nga Ulqini","isPartOf":{"@id":"https:\/\/www.visit-ulcinj.com\/blog\/#website"},"primaryImageOfPage":{"@id":"https:\/\/www.visit-ulcinj.com\/blog\/2012\/03\/18\/albani-dhe-miriami-cifti-me-i-fuqishem-ne-muzike\/#primaryimage"},"datePublished":"2012-03-18T16:44:21+00:00","dateModified":"2012-03-18T16:44:21+00:00","author":{"@id":"https:\/\/www.visit-ulcinj.com\/blog\/#\/schema\/person\/dcab619c614d3038751c63bc2aadc06d"},"description":"Albani dhe Miriami papritmaz jan\u00eb shnd\u00ebrruar n\u00eb \u00e7iftin m\u00eb t\u00eb fuqish\u00ebm muzikor t\u00eb momentit n\u00eb muzik\u00eb. Ajo vendos t\u00eb ardhmen e talenteve n\u00eb \u201cThe Voice\u201d ai","breadcrumb":{"@id":"https:\/\/www.visit-ulcinj.com\/blog\/2012\/03\/18\/albani-dhe-miriami-cifti-me-i-fuqishem-ne-muzike\/#breadcrumb"},"inLanguage":"en-US","potentialAction":[{"@type":"ReadAction","target":["https:\/\/www.visit-ulcinj.com\/blog\/2012\/03\/18\/albani-dhe-miriami-cifti-me-i-fuqishem-ne-muzike\/"]}]},{"@type":"BreadcrumbList","@id":"https:\/\/www.visit-ulcinj.com\/blog\/2012\/03\/18\/albani-dhe-miriami-cifti-me-i-fuqishem-ne-muzike\/#breadcrumb","itemListElement":[{"@type":"ListItem","position":1,"name":"Albani dhe Miriami \u00e7ifti m\u00eb i fuqish\u00ebm n\u00eb muzik\u00eb"}]},{"@type":"Person","@id":"https:\/\/www.visit-ulcinj.com\/blog\/#\/schema\/person\/dcab619c614d3038751c63bc2aadc06d","name":"ulqini","sameAs":["http:\/\/www.visit-ulcinj.com"],"url":"https:\/\/www.visit-ulcinj.com\/blog\/author\/admin\/"}]}},"jetpack_featured_media_url":"","jetpack_sharing_enabled":true,"jetpack_shortlink":"https:\/\/wp.me\/pe6lTn-fbY","_links":{"self":[{"href":"https:\/\/www.visit-ulcinj.com\/blog\/wp-json\/wp\/v2\/posts\/58402"}],"collection":[{"href":"https:\/\/www.visit-ulcinj.com\/blog\/wp-json\/wp\/v2\/posts"}],"about":[{"href":"https:\/\/www.visit-ulcinj.com\/blog\/wp-json\/wp\/v2\/types\/post"}],"author":[{"embeddable":true,"href":"https:\/\/www.visit-ulcinj.com\/blog\/wp-json\/wp\/v2\/users\/1"}],"replies":[{"embeddable":true,"href":"https:\/\/www.visit-ulcinj.com\/blog\/wp-json\/wp\/v2\/comments?post=58402"}],"version-history":[{"count":1,"href":"https:\/\/www.visit-ulcinj.com\/blog\/wp-json\/wp\/v2\/posts\/58402\/revisions"}],"predecessor-version":[{"id":58404,"href":"https:\/\/www.visit-ulcinj.com\/blog\/wp-json\/wp\/v2\/posts\/58402\/revisions\/58404"}],"wp:attachment":[{"href":"https:\/\/www.visit-ulcinj.com\/blog\/wp-json\/wp\/v2\/media?parent=58402"}],"wp:term":[{"taxonomy":"category","embeddable":true,"href":"https:\/\/www.visit-ulcinj.com\/blog\/wp-json\/wp\/v2\/categories?post=58402"},{"taxonomy":"post_tag","embeddable":true,"href":"https:\/\/www.visit-ulcinj.com\/blog\/wp-json\/wp\/v2\/tags?post=58402"}],"curies":[{"name":"wp","href":"https:\/\/api.w.org\/{rel}","templated":true}]}}