{"id":58416,"date":"2012-03-19T17:26:14","date_gmt":"2012-03-19T16:26:14","guid":{"rendered":"http:\/\/www.visit-ulcinj.com\/blog\/?p=58416"},"modified":"2012-03-19T17:26:14","modified_gmt":"2012-03-19T16:26:14","slug":"genci-nimanbegu-nuk-do-jemi-ne-sherbim-te-pozites-dhe-as-opozites","status":"publish","type":"post","link":"https:\/\/www.visit-ulcinj.com\/blog\/2012\/03\/19\/genci-nimanbegu-nuk-do-jemi-ne-sherbim-te-pozites-dhe-as-opozites\/","title":{"rendered":"Genci Nimanbegu: Nuk do jemi n\u00eb sh\u00ebrbim t\u00eb pozit\u00ebs dhe as opozit\u00ebs"},"content":{"rendered":"<p><a href=\"http:\/\/www.visit-ulcinj.com\/blog\/wp-content\/uploads\/2012\/03\/Genci-Nimanbegu_Ulqin_Ulcinj_Montenegro.jpg\"><img loading=\"lazy\" class=\"alignleft size-full wp-image-58417\" title=\"Genci Nimanbegu_Ulqin_Ulcinj_Montenegro\" src=\"http:\/\/www.visit-ulcinj.com\/blog\/wp-content\/uploads\/2012\/03\/Genci-Nimanbegu_Ulqin_Ulcinj_Montenegro.jpg\" alt=\"\" width=\"508\" height=\"443\" srcset=\"https:\/\/www.visit-ulcinj.com\/blog\/wp-content\/uploads\/2012\/03\/Genci-Nimanbegu_Ulqin_Ulcinj_Montenegro.jpg 508w, https:\/\/www.visit-ulcinj.com\/blog\/wp-content\/uploads\/2012\/03\/Genci-Nimanbegu_Ulqin_Ulcinj_Montenegro-300x261.jpg 300w\" sizes=\"(max-width: 508px) 100vw, 508px\" \/><\/a>Deputet\u00ebt e partive shqiptare n\u00eb Parlamentin malazez po hyjn\u00eb n\u00eb negociata p\u00ebr ndryshimet kushtetuese me shum\u00eb \u00e7\u00ebshtje t\u00eb pazgjedhura p\u00ebr shqiptar\u00ebt n\u00eb Mal t\u00eb Zi, dhe\u00a0 nuk do ti p\u00ebrkrahin ato ndryshime pa zgjedhjen e problemeve t\u00eb shumta me t\u00eb cilat ballafaqohen shqiptar\u00ebt. \u201cNuk do t\u00eb ken\u00eb p\u00ebrkrahjen ton\u00eb si n\u00eb referendumin e 2006, duke e l\u00ebn\u00eb anash zgjedhjen e problemeve t\u00eb shqiptar\u00ebve\u201d, ka deklaruar deputeti i Forc\u00ebs, <strong>Genci Nimanbegu<\/strong> p\u00ebr gazet\u00ebn Dan.<\/p>\n<p>\u201cNuk do t\u00eb jemi n\u00eb sh\u00ebrbim t\u00eb pozit\u00ebs dhe as t\u00eb opozit\u00ebs n\u00eb shantazhet e tyre, sepse i kemi par\u00eb parimet e tyre.<\/p>\n<p>Papun\u00ebsia e lart\u00eb, rajonet e pazhvilluara ku jetojn\u00eb shqiptar\u00ebt, infrastruktura e prapambetur, problemi i diskriminimit t\u00eb Komun\u00ebs s\u00eb Ulqinit p\u00ebrmes ligjit p\u00ebr t\u00eb Mirat Detare, refuzimi i Mal\u00ebsis\u00eb t\u00eb jet\u00eb Komun\u00eb e plot\u00eb, ligji diskriminues q\u00eb ndalon p\u00ebrdorimin e simboleve komb\u00ebtare, emigrimi i t\u00eb rinjve shqiptar\u00eb, jan\u00eb vet\u00ebm disa forma t\u00eb pabarazis\u00eb s\u00eb shqiptar\u00ebve n\u00eb Mal t\u00eb Zi\u201d, tha Nimabegu.<\/p>\n<p>Ai shton, se mbas votimit p\u00ebr pavar\u00ebsi n\u00eb vitin 2006, u prit q\u00eb problemet e shumta t\u00eb shqiptar\u00ebve t\u00eb nisin t\u00eb zgjedh\u00ebn, por ndodhi e kund\u00ebrta.<\/p>\n<p>\u201c\u00c7do vones\u00eb e m\u00ebtejshme n\u00eb zgjedhjen e k\u00ebtyre \u00e7\u00ebshtjeve \u00ebsht\u00eb e d\u00ebmshme dhe jodemokratike\u201d, thekson Nimanbegu. \/Malesia.Org\/<\/p>\n","protected":false},"excerpt":{"rendered":"<p>Deputet\u00ebt e partive shqiptare n\u00eb Parlamentin malazez po hyjn\u00eb n\u00eb negociata p\u00ebr ndryshimet kushtetuese me shum\u00eb \u00e7\u00ebshtje t\u00eb pazgjedhura p\u00ebr shqiptar\u00ebt n\u00eb Mal t\u00eb Zi, dhe\u00a0 nuk do ti p\u00ebrkrahin ato ndryshime pa zgjedhjen e problemeve t\u00eb shumta me t\u00eb cilat ballafaqohen shqiptar\u00ebt. \u201cNuk do t\u00eb ken\u00eb p\u00ebrkrahjen ton\u00eb si n\u00eb referendumin e 2006, duke [&hellip;]<\/p>\n","protected":false},"author":1,"featured_media":0,"comment_status":"open","ping_status":"closed","sticky":false,"template":"","format":"standard","meta":{"spay_email":"","jetpack_publicize_message":"","jetpack_is_tweetstorm":false,"jetpack_publicize_feature_enabled":true},"categories":[6],"tags":[20182,1073,194,95,20181,496,201],"jetpack_publicize_connections":[],"yoast_head":"<!-- This site is optimized with the Yoast SEO plugin v19.1 - https:\/\/yoast.com\/wordpress\/plugins\/seo\/ -->\n<title>Genci Nimanbegu: Nuk do jemi n\u00eb sh\u00ebrbim t\u00eb pozit\u00ebs dhe as opozit\u00ebs - Lajme nga Ulqini<\/title>\n<meta name=\"description\" content=\"Deputet\u00ebt e partive shqiptare n\u00eb Parlamentin malazez po hyjn\u00eb n\u00eb negociata p\u00ebr ndryshimet kushtetuese me shum\u00eb \u00e7\u00ebshtje t\u00eb pazgjedhura p\u00ebr shqiptar\u00ebt n\u00eb\" \/>\n<meta name=\"robots\" content=\"index, follow, max-snippet:-1, max-image-preview:large, max-video-preview:-1\" \/>\n<link rel=\"canonical\" href=\"https:\/\/www.visit-ulcinj.com\/blog\/2012\/03\/19\/genci-nimanbegu-nuk-do-jemi-ne-sherbim-te-pozites-dhe-as-opozites\/\" \/>\n<meta property=\"og:locale\" content=\"en_US\" \/>\n<meta property=\"og:type\" content=\"article\" \/>\n<meta property=\"og:title\" content=\"Genci Nimanbegu: Nuk do jemi n\u00eb sh\u00ebrbim t\u00eb pozit\u00ebs dhe as opozit\u00ebs - Lajme nga Ulqini\" \/>\n<meta property=\"og:description\" content=\"Deputet\u00ebt e partive shqiptare n\u00eb Parlamentin malazez po hyjn\u00eb n\u00eb negociata p\u00ebr ndryshimet kushtetuese me shum\u00eb \u00e7\u00ebshtje t\u00eb pazgjedhura p\u00ebr shqiptar\u00ebt n\u00eb\" \/>\n<meta property=\"og:url\" content=\"https:\/\/www.visit-ulcinj.com\/blog\/2012\/03\/19\/genci-nimanbegu-nuk-do-jemi-ne-sherbim-te-pozites-dhe-as-opozites\/\" \/>\n<meta property=\"og:site_name\" content=\"Lajme nga Ulqini\" \/>\n<meta property=\"article:published_time\" content=\"2012-03-19T16:26:14+00:00\" \/>\n<meta property=\"og:image\" content=\"http:\/\/www.visit-ulcinj.com\/blog\/wp-content\/uploads\/2012\/03\/Genci-Nimanbegu_Ulqin_Ulcinj_Montenegro.jpg\" \/>\n<meta name=\"twitter:label1\" content=\"Written by\" \/>\n\t<meta name=\"twitter:data1\" content=\"ulqini\" \/>\n\t<meta name=\"twitter:label2\" content=\"Est. reading time\" \/>\n\t<meta name=\"twitter:data2\" content=\"1 minute\" \/>\n<script type=\"application\/ld+json\" class=\"yoast-schema-graph\">{\"@context\":\"https:\/\/schema.org\",\"@graph\":[{\"@type\":\"WebSite\",\"@id\":\"https:\/\/www.visit-ulcinj.com\/blog\/#website\",\"url\":\"https:\/\/www.visit-ulcinj.com\/blog\/\",\"name\":\"Lajme nga Ulqini\",\"description\":\"Lajme,Vijesti,Ulqini,Ulqin,Crna Gora,Mali i Zi\",\"potentialAction\":[{\"@type\":\"SearchAction\",\"target\":{\"@type\":\"EntryPoint\",\"urlTemplate\":\"https:\/\/www.visit-ulcinj.com\/blog\/?s={search_term_string}\"},\"query-input\":\"required name=search_term_string\"}],\"inLanguage\":\"en-US\"},{\"@type\":\"ImageObject\",\"inLanguage\":\"en-US\",\"@id\":\"https:\/\/www.visit-ulcinj.com\/blog\/2012\/03\/19\/genci-nimanbegu-nuk-do-jemi-ne-sherbim-te-pozites-dhe-as-opozites\/#primaryimage\",\"url\":\"https:\/\/www.visit-ulcinj.com\/blog\/wp-content\/uploads\/2012\/03\/Genci-Nimanbegu_Ulqin_Ulcinj_Montenegro.jpg\",\"contentUrl\":\"https:\/\/www.visit-ulcinj.com\/blog\/wp-content\/uploads\/2012\/03\/Genci-Nimanbegu_Ulqin_Ulcinj_Montenegro.jpg\",\"width\":\"508\",\"height\":\"443\"},{\"@type\":\"WebPage\",\"@id\":\"https:\/\/www.visit-ulcinj.com\/blog\/2012\/03\/19\/genci-nimanbegu-nuk-do-jemi-ne-sherbim-te-pozites-dhe-as-opozites\/#webpage\",\"url\":\"https:\/\/www.visit-ulcinj.com\/blog\/2012\/03\/19\/genci-nimanbegu-nuk-do-jemi-ne-sherbim-te-pozites-dhe-as-opozites\/\",\"name\":\"Genci Nimanbegu: Nuk do jemi n\u00eb sh\u00ebrbim t\u00eb pozit\u00ebs dhe as opozit\u00ebs - Lajme nga Ulqini\",\"isPartOf\":{\"@id\":\"https:\/\/www.visit-ulcinj.com\/blog\/#website\"},\"primaryImageOfPage\":{\"@id\":\"https:\/\/www.visit-ulcinj.com\/blog\/2012\/03\/19\/genci-nimanbegu-nuk-do-jemi-ne-sherbim-te-pozites-dhe-as-opozites\/#primaryimage\"},\"datePublished\":\"2012-03-19T16:26:14+00:00\",\"dateModified\":\"2012-03-19T16:26:14+00:00\",\"author\":{\"@id\":\"https:\/\/www.visit-ulcinj.com\/blog\/#\/schema\/person\/dcab619c614d3038751c63bc2aadc06d\"},\"description\":\"Deputet\u00ebt e partive shqiptare n\u00eb Parlamentin malazez po hyjn\u00eb n\u00eb negociata p\u00ebr ndryshimet kushtetuese me shum\u00eb \u00e7\u00ebshtje t\u00eb pazgjedhura p\u00ebr shqiptar\u00ebt n\u00eb\",\"breadcrumb\":{\"@id\":\"https:\/\/www.visit-ulcinj.com\/blog\/2012\/03\/19\/genci-nimanbegu-nuk-do-jemi-ne-sherbim-te-pozites-dhe-as-opozites\/#breadcrumb\"},\"inLanguage\":\"en-US\",\"potentialAction\":[{\"@type\":\"ReadAction\",\"target\":[\"https:\/\/www.visit-ulcinj.com\/blog\/2012\/03\/19\/genci-nimanbegu-nuk-do-jemi-ne-sherbim-te-pozites-dhe-as-opozites\/\"]}]},{\"@type\":\"BreadcrumbList\",\"@id\":\"https:\/\/www.visit-ulcinj.com\/blog\/2012\/03\/19\/genci-nimanbegu-nuk-do-jemi-ne-sherbim-te-pozites-dhe-as-opozites\/#breadcrumb\",\"itemListElement\":[{\"@type\":\"ListItem\",\"position\":1,\"name\":\"Genci Nimanbegu: Nuk do jemi n\u00eb sh\u00ebrbim t\u00eb pozit\u00ebs dhe as opozit\u00ebs\"}]},{\"@type\":\"Person\",\"@id\":\"https:\/\/www.visit-ulcinj.com\/blog\/#\/schema\/person\/dcab619c614d3038751c63bc2aadc06d\",\"name\":\"ulqini\",\"sameAs\":[\"http:\/\/www.visit-ulcinj.com\"],\"url\":\"https:\/\/www.visit-ulcinj.com\/blog\/author\/admin\/\"}]}<\/script>\n<!-- \/ Yoast SEO plugin. -->","yoast_head_json":{"title":"Genci Nimanbegu: Nuk do jemi n\u00eb sh\u00ebrbim t\u00eb pozit\u00ebs dhe as opozit\u00ebs - Lajme nga Ulqini","description":"Deputet\u00ebt e partive shqiptare n\u00eb Parlamentin malazez po hyjn\u00eb n\u00eb negociata p\u00ebr ndryshimet kushtetuese me shum\u00eb \u00e7\u00ebshtje t\u00eb pazgjedhura p\u00ebr shqiptar\u00ebt n\u00eb","robots":{"index":"index","follow":"follow","max-snippet":"max-snippet:-1","max-image-preview":"max-image-preview:large","max-video-preview":"max-video-preview:-1"},"canonical":"https:\/\/www.visit-ulcinj.com\/blog\/2012\/03\/19\/genci-nimanbegu-nuk-do-jemi-ne-sherbim-te-pozites-dhe-as-opozites\/","og_locale":"en_US","og_type":"article","og_title":"Genci Nimanbegu: Nuk do jemi n\u00eb sh\u00ebrbim t\u00eb pozit\u00ebs dhe as opozit\u00ebs - Lajme nga Ulqini","og_description":"Deputet\u00ebt e partive shqiptare n\u00eb Parlamentin malazez po hyjn\u00eb n\u00eb negociata p\u00ebr ndryshimet kushtetuese me shum\u00eb \u00e7\u00ebshtje t\u00eb pazgjedhura p\u00ebr shqiptar\u00ebt n\u00eb","og_url":"https:\/\/www.visit-ulcinj.com\/blog\/2012\/03\/19\/genci-nimanbegu-nuk-do-jemi-ne-sherbim-te-pozites-dhe-as-opozites\/","og_site_name":"Lajme nga Ulqini","article_published_time":"2012-03-19T16:26:14+00:00","og_image":[{"url":"http:\/\/www.visit-ulcinj.com\/blog\/wp-content\/uploads\/2012\/03\/Genci-Nimanbegu_Ulqin_Ulcinj_Montenegro.jpg"}],"twitter_misc":{"Written by":"ulqini","Est. reading time":"1 minute"},"schema":{"@context":"https:\/\/schema.org","@graph":[{"@type":"WebSite","@id":"https:\/\/www.visit-ulcinj.com\/blog\/#website","url":"https:\/\/www.visit-ulcinj.com\/blog\/","name":"Lajme nga Ulqini","description":"Lajme,Vijesti,Ulqini,Ulqin,Crna Gora,Mali i Zi","potentialAction":[{"@type":"SearchAction","target":{"@type":"EntryPoint","urlTemplate":"https:\/\/www.visit-ulcinj.com\/blog\/?s={search_term_string}"},"query-input":"required name=search_term_string"}],"inLanguage":"en-US"},{"@type":"ImageObject","inLanguage":"en-US","@id":"https:\/\/www.visit-ulcinj.com\/blog\/2012\/03\/19\/genci-nimanbegu-nuk-do-jemi-ne-sherbim-te-pozites-dhe-as-opozites\/#primaryimage","url":"https:\/\/www.visit-ulcinj.com\/blog\/wp-content\/uploads\/2012\/03\/Genci-Nimanbegu_Ulqin_Ulcinj_Montenegro.jpg","contentUrl":"https:\/\/www.visit-ulcinj.com\/blog\/wp-content\/uploads\/2012\/03\/Genci-Nimanbegu_Ulqin_Ulcinj_Montenegro.jpg","width":"508","height":"443"},{"@type":"WebPage","@id":"https:\/\/www.visit-ulcinj.com\/blog\/2012\/03\/19\/genci-nimanbegu-nuk-do-jemi-ne-sherbim-te-pozites-dhe-as-opozites\/#webpage","url":"https:\/\/www.visit-ulcinj.com\/blog\/2012\/03\/19\/genci-nimanbegu-nuk-do-jemi-ne-sherbim-te-pozites-dhe-as-opozites\/","name":"Genci Nimanbegu: Nuk do jemi n\u00eb sh\u00ebrbim t\u00eb pozit\u00ebs dhe as opozit\u00ebs - Lajme nga Ulqini","isPartOf":{"@id":"https:\/\/www.visit-ulcinj.com\/blog\/#website"},"primaryImageOfPage":{"@id":"https:\/\/www.visit-ulcinj.com\/blog\/2012\/03\/19\/genci-nimanbegu-nuk-do-jemi-ne-sherbim-te-pozites-dhe-as-opozites\/#primaryimage"},"datePublished":"2012-03-19T16:26:14+00:00","dateModified":"2012-03-19T16:26:14+00:00","author":{"@id":"https:\/\/www.visit-ulcinj.com\/blog\/#\/schema\/person\/dcab619c614d3038751c63bc2aadc06d"},"description":"Deputet\u00ebt e partive shqiptare n\u00eb Parlamentin malazez po hyjn\u00eb n\u00eb negociata p\u00ebr ndryshimet kushtetuese me shum\u00eb \u00e7\u00ebshtje t\u00eb pazgjedhura p\u00ebr shqiptar\u00ebt n\u00eb","breadcrumb":{"@id":"https:\/\/www.visit-ulcinj.com\/blog\/2012\/03\/19\/genci-nimanbegu-nuk-do-jemi-ne-sherbim-te-pozites-dhe-as-opozites\/#breadcrumb"},"inLanguage":"en-US","potentialAction":[{"@type":"ReadAction","target":["https:\/\/www.visit-ulcinj.com\/blog\/2012\/03\/19\/genci-nimanbegu-nuk-do-jemi-ne-sherbim-te-pozites-dhe-as-opozites\/"]}]},{"@type":"BreadcrumbList","@id":"https:\/\/www.visit-ulcinj.com\/blog\/2012\/03\/19\/genci-nimanbegu-nuk-do-jemi-ne-sherbim-te-pozites-dhe-as-opozites\/#breadcrumb","itemListElement":[{"@type":"ListItem","position":1,"name":"Genci Nimanbegu: Nuk do jemi n\u00eb sh\u00ebrbim t\u00eb pozit\u00ebs dhe as opozit\u00ebs"}]},{"@type":"Person","@id":"https:\/\/www.visit-ulcinj.com\/blog\/#\/schema\/person\/dcab619c614d3038751c63bc2aadc06d","name":"ulqini","sameAs":["http:\/\/www.visit-ulcinj.com"],"url":"https:\/\/www.visit-ulcinj.com\/blog\/author\/admin\/"}]}},"jetpack_featured_media_url":"","jetpack_sharing_enabled":true,"jetpack_shortlink":"https:\/\/wp.me\/pe6lTn-fcc","_links":{"self":[{"href":"https:\/\/www.visit-ulcinj.com\/blog\/wp-json\/wp\/v2\/posts\/58416"}],"collection":[{"href":"https:\/\/www.visit-ulcinj.com\/blog\/wp-json\/wp\/v2\/posts"}],"about":[{"href":"https:\/\/www.visit-ulcinj.com\/blog\/wp-json\/wp\/v2\/types\/post"}],"author":[{"embeddable":true,"href":"https:\/\/www.visit-ulcinj.com\/blog\/wp-json\/wp\/v2\/users\/1"}],"replies":[{"embeddable":true,"href":"https:\/\/www.visit-ulcinj.com\/blog\/wp-json\/wp\/v2\/comments?post=58416"}],"version-history":[{"count":1,"href":"https:\/\/www.visit-ulcinj.com\/blog\/wp-json\/wp\/v2\/posts\/58416\/revisions"}],"predecessor-version":[{"id":58418,"href":"https:\/\/www.visit-ulcinj.com\/blog\/wp-json\/wp\/v2\/posts\/58416\/revisions\/58418"}],"wp:attachment":[{"href":"https:\/\/www.visit-ulcinj.com\/blog\/wp-json\/wp\/v2\/media?parent=58416"}],"wp:term":[{"taxonomy":"category","embeddable":true,"href":"https:\/\/www.visit-ulcinj.com\/blog\/wp-json\/wp\/v2\/categories?post=58416"},{"taxonomy":"post_tag","embeddable":true,"href":"https:\/\/www.visit-ulcinj.com\/blog\/wp-json\/wp\/v2\/tags?post=58416"}],"curies":[{"name":"wp","href":"https:\/\/api.w.org\/{rel}","templated":true}]}}