{"id":58422,"date":"2012-03-20T17:45:28","date_gmt":"2012-03-20T16:45:28","guid":{"rendered":"http:\/\/www.visit-ulcinj.com\/blog\/?p=58422"},"modified":"2012-03-21T16:00:22","modified_gmt":"2012-03-21T15:00:22","slug":"nazif-cungu-priti-ministrin-e-financave-millorad-katniq","status":"publish","type":"post","link":"https:\/\/www.visit-ulcinj.com\/blog\/2012\/03\/20\/nazif-cungu-priti-ministrin-e-financave-millorad-katniq\/","title":{"rendered":"Nazif Cungu priti ministrin e financave Millorad Katniq"},"content":{"rendered":"<p><a href=\"http:\/\/www.visit-ulcinj.com\/blog\/wp-content\/uploads\/2012\/03\/Nazif-Cungu-priti-ministrin-e-financave-Millorad-Katnic.jpg\"><img loading=\"lazy\" class=\"alignleft  wp-image-58423\" title=\"Nazif Cungu priti ministrin e financave Millorad Katnic\" src=\"http:\/\/www.visit-ulcinj.com\/blog\/wp-content\/uploads\/2012\/03\/Nazif-Cungu-priti-ministrin-e-financave-Millorad-Katnic.jpg\" alt=\"\" width=\"508\" height=\"380\" \/><\/a>Ministri i financave Millorad Katniq ne Qeverine e Malit te Zi ka zhvilluar diten e marte nje takim pune me kryetarin e Komunes se Ulqinit, Nazif Cungu ku kane diskutuar ne lidhje me projektet dhe problemet qe hasin \u00e7do dite qytetaret e Ulqinit dhe vizitoret e shumte te saj.<\/p>\n<p>Ne fillim te vizites se tij, Millorad Katniq.eshte pritur ne ambientet e Komunes se Ulqinit nga kryetari i saj Nazif Cungu. Pas kesaj ato kane ndjekur punimet dhe mbajten nje tryeze te rrumbullaket ne Hotelin &#8220;Dolcino&#8221; me teme &#8220;Levizjet ekonomike ne Mal t\u00eb Zi&#8221; ku ishin te pranishem edhe shum biznesmen nga Ulqini.<br \/>\n<a href=\"http:\/\/www.visit-ulcinj.com\/blog\/wp-content\/uploads\/2012\/03\/Nazif-Cungu-priti-ministrin-e-financave-Millorad-Katnic.2.jpg\"><img loading=\"lazy\" class=\"alignleft  wp-image-58424\" title=\"Nazif Cungu priti ministrin e financave Millorad Katnic.2\" src=\"http:\/\/www.visit-ulcinj.com\/blog\/wp-content\/uploads\/2012\/03\/Nazif-Cungu-priti-ministrin-e-financave-Millorad-Katnic.2.jpg\" alt=\"\" width=\"508\" height=\"300\" \/><\/a><\/p>\n<p>Ministri Katniq ne fjalen e tij per media tha se komuna duhet punuar p\u00ebr krijimin e kushteve p\u00ebr investime t\u00eb reja n\u00eb Ulqin si dhe shikuar m\u00ebnyren p\u00ebr valorizimin e resurseve t\u00eb madha q\u00eb ka kjo komun\u00eb.<\/p>\n<p>Pas ketyre takime ato dhane edhe deklaratat per media q\u00eb mundeni ti ndigjoni.<\/p>\n<p><strong>Lajme nga Ulqini<\/strong><\/p>\n<p><strong><a href=\"http:\/\/www.opstinaulcinj.com\/images\/katniq\/Katnic.mp3\"><img src=\"http:\/\/www.opstinaulcinj.com\/media\/jce\/icons\/audio.png\" alt=\"mp3\" \/><\/a><a href=\"http:\/\/www.opstinaulcinj.com\/images\/katniq\/Katnic.mp3\">Deklarata e ministrit te Financave Audio<\/a><\/strong><\/p>\n<p><a href=\"http:\/\/www.opstinaulcinj.com\/images\/katniq\/CUNGU.mp3\"><strong><img src=\"http:\/\/www.opstinaulcinj.com\/media\/jce\/icons\/audio.png\" alt=\"mp3\" \/>Deklarta e kryetarit te Komunes<\/strong>\u00a0 <strong>Audi<\/strong><\/a><br \/>\n\n\t\t<style type=\"text\/css\">\n\t\t\t#gallery-1 {\n\t\t\t\tmargin: auto;\n\t\t\t}\n\t\t\t#gallery-1 .gallery-item {\n\t\t\t\tfloat: left;\n\t\t\t\tmargin-top: 10px;\n\t\t\t\ttext-align: center;\n\t\t\t\twidth: 33%;\n\t\t\t}\n\t\t\t#gallery-1 img {\n\t\t\t\tborder: 2px solid #cfcfcf;\n\t\t\t}\n\t\t\t#gallery-1 .gallery-caption {\n\t\t\t\tmargin-left: 0;\n\t\t\t}\n\t\t\t\/* see gallery_shortcode() in wp-includes\/media.php *\/\n\t\t<\/style>\n\t\t<div id='gallery-1' class='gallery galleryid-58422 gallery-columns-3 gallery-size-thumbnail'><dl class='gallery-item'>\n\t\t\t<dt class='gallery-icon landscape'>\n\t\t\t\t<a href='https:\/\/www.visit-ulcinj.com\/blog\/wp-content\/uploads\/2012\/03\/Nazif-Cungu-priti-ministrin-e-financave-Millorad-Katnic.jpg'><img width=\"150\" height=\"150\" src=\"https:\/\/www.visit-ulcinj.com\/blog\/wp-content\/uploads\/2012\/03\/Nazif-Cungu-priti-ministrin-e-financave-Millorad-Katnic-150x150.jpg\" class=\"attachment-thumbnail size-thumbnail\" alt=\"\" loading=\"lazy\" \/><\/a>\n\t\t\t<\/dt><\/dl><dl class='gallery-item'>\n\t\t\t<dt class='gallery-icon landscape'>\n\t\t\t\t<a href='https:\/\/www.visit-ulcinj.com\/blog\/wp-content\/uploads\/2012\/03\/Nazif-Cungu-priti-ministrin-e-financave-Millorad-Katnic.2.jpg'><img width=\"150\" height=\"150\" src=\"https:\/\/www.visit-ulcinj.com\/blog\/wp-content\/uploads\/2012\/03\/Nazif-Cungu-priti-ministrin-e-financave-Millorad-Katnic.2-150x150.jpg\" class=\"attachment-thumbnail size-thumbnail\" alt=\"\" loading=\"lazy\" \/><\/a>\n\t\t\t<\/dt><\/dl><dl class='gallery-item'>\n\t\t\t<dt class='gallery-icon landscape'>\n\t\t\t\t<a href='https:\/\/www.visit-ulcinj.com\/blog\/wp-content\/uploads\/2012\/03\/Nazif-Cungu-priti-ministrin-e-financave-Millorad-Katnic.1.jpg'><img width=\"150\" height=\"150\" src=\"https:\/\/www.visit-ulcinj.com\/blog\/wp-content\/uploads\/2012\/03\/Nazif-Cungu-priti-ministrin-e-financave-Millorad-Katnic.1-150x150.jpg\" class=\"attachment-thumbnail size-thumbnail\" alt=\"\" loading=\"lazy\" \/><\/a>\n\t\t\t<\/dt><\/dl><br style=\"clear: both\" \/><dl class='gallery-item'>\n\t\t\t<dt class='gallery-icon landscape'>\n\t\t\t\t<a href='https:\/\/www.visit-ulcinj.com\/blog\/wp-content\/uploads\/2012\/03\/Nazif-Cungu-priti-ministrin-e-financave-Millorad-Katnic.3.jpg'><img width=\"150\" height=\"150\" src=\"https:\/\/www.visit-ulcinj.com\/blog\/wp-content\/uploads\/2012\/03\/Nazif-Cungu-priti-ministrin-e-financave-Millorad-Katnic.3-150x150.jpg\" class=\"attachment-thumbnail size-thumbnail\" alt=\"\" loading=\"lazy\" \/><\/a>\n\t\t\t<\/dt><\/dl><dl class='gallery-item'>\n\t\t\t<dt class='gallery-icon landscape'>\n\t\t\t\t<a href='https:\/\/www.visit-ulcinj.com\/blog\/wp-content\/uploads\/2012\/03\/Nazif-Cungu-priti-ministrin-e-financave-Millorad-Katnic.4.jpg'><img width=\"150\" height=\"150\" src=\"https:\/\/www.visit-ulcinj.com\/blog\/wp-content\/uploads\/2012\/03\/Nazif-Cungu-priti-ministrin-e-financave-Millorad-Katnic.4-150x150.jpg\" class=\"attachment-thumbnail size-thumbnail\" alt=\"\" loading=\"lazy\" \/><\/a>\n\t\t\t<\/dt><\/dl><dl class='gallery-item'>\n\t\t\t<dt class='gallery-icon landscape'>\n\t\t\t\t<a href='https:\/\/www.visit-ulcinj.com\/blog\/wp-content\/uploads\/2012\/03\/Nazif-Cungu-priti-ministrin-e-financave-Millorad-Katnic.5.jpg'><img width=\"150\" height=\"150\" src=\"https:\/\/www.visit-ulcinj.com\/blog\/wp-content\/uploads\/2012\/03\/Nazif-Cungu-priti-ministrin-e-financave-Millorad-Katnic.5-150x150.jpg\" class=\"attachment-thumbnail size-thumbnail\" alt=\"\" loading=\"lazy\" \/><\/a>\n\t\t\t<\/dt><\/dl><br style=\"clear: both\" \/>\n\t\t<\/div>\n<\/p>\n","protected":false},"excerpt":{"rendered":"<p>Ministri i financave Millorad Katniq ne Qeverine e Malit te Zi ka zhvilluar diten e marte nje takim pune me kryetarin e Komunes se Ulqinit, Nazif Cungu ku kane diskutuar ne lidhje me projektet dhe problemet qe hasin \u00e7do dite qytetaret e Ulqinit dhe vizitoret e shumte te saj. Ne fillim te vizites se tij, [&hellip;]<\/p>\n","protected":false},"author":1,"featured_media":0,"comment_status":"open","ping_status":"closed","sticky":false,"template":"","format":"standard","meta":{"spay_email":"","jetpack_publicize_message":"","jetpack_is_tweetstorm":false,"jetpack_publicize_feature_enabled":true},"categories":[10,1],"tags":[115,20183,118,200,18],"jetpack_publicize_connections":[],"yoast_head":"<!-- This site is optimized with the Yoast SEO plugin v19.1 - https:\/\/yoast.com\/wordpress\/plugins\/seo\/ -->\n<title>Nazif Cungu priti ministrin e financave Millorad Katniq - Lajme nga Ulqini<\/title>\n<meta name=\"description\" content=\"Ministri i financave Millorad Katniq ne Qeverine e Malit te Zi ka zhvilluar diten e marte nje takim pune me kryetarin e Komunes se Ulqinit, Nazif Cungu ku\" \/>\n<meta name=\"robots\" content=\"index, follow, max-snippet:-1, max-image-preview:large, max-video-preview:-1\" \/>\n<link rel=\"canonical\" href=\"https:\/\/www.visit-ulcinj.com\/blog\/2012\/03\/20\/nazif-cungu-priti-ministrin-e-financave-millorad-katniq\/\" \/>\n<meta property=\"og:locale\" content=\"en_US\" \/>\n<meta property=\"og:type\" content=\"article\" \/>\n<meta property=\"og:title\" content=\"Nazif Cungu priti ministrin e financave Millorad Katniq - Lajme nga Ulqini\" \/>\n<meta property=\"og:description\" content=\"Ministri i financave Millorad Katniq ne Qeverine e Malit te Zi ka zhvilluar diten e marte nje takim pune me kryetarin e Komunes se Ulqinit, Nazif Cungu ku\" \/>\n<meta property=\"og:url\" content=\"https:\/\/www.visit-ulcinj.com\/blog\/2012\/03\/20\/nazif-cungu-priti-ministrin-e-financave-millorad-katniq\/\" \/>\n<meta property=\"og:site_name\" content=\"Lajme nga Ulqini\" \/>\n<meta property=\"article:published_time\" content=\"2012-03-20T16:45:28+00:00\" \/>\n<meta property=\"article:modified_time\" content=\"2012-03-21T15:00:22+00:00\" \/>\n<meta property=\"og:image\" content=\"https:\/\/www.visit-ulcinj.com\/blog\/wp-content\/uploads\/2012\/03\/Nazif-Cungu-priti-ministrin-e-financave-Millorad-Katnic-150x150.jpg\" \/>\n<meta name=\"twitter:label1\" content=\"Written by\" \/>\n\t<meta name=\"twitter:data1\" content=\"ulqini\" \/>\n\t<meta name=\"twitter:label2\" content=\"Est. reading time\" \/>\n\t<meta name=\"twitter:data2\" content=\"1 minute\" \/>\n<script type=\"application\/ld+json\" class=\"yoast-schema-graph\">{\"@context\":\"https:\/\/schema.org\",\"@graph\":[{\"@type\":\"WebSite\",\"@id\":\"https:\/\/www.visit-ulcinj.com\/blog\/#website\",\"url\":\"https:\/\/www.visit-ulcinj.com\/blog\/\",\"name\":\"Lajme nga Ulqini\",\"description\":\"Lajme,Vijesti,Ulqini,Ulqin,Crna Gora,Mali i Zi\",\"potentialAction\":[{\"@type\":\"SearchAction\",\"target\":{\"@type\":\"EntryPoint\",\"urlTemplate\":\"https:\/\/www.visit-ulcinj.com\/blog\/?s={search_term_string}\"},\"query-input\":\"required name=search_term_string\"}],\"inLanguage\":\"en-US\"},{\"@type\":\"ImageObject\",\"inLanguage\":\"en-US\",\"@id\":\"https:\/\/www.visit-ulcinj.com\/blog\/2012\/03\/20\/nazif-cungu-priti-ministrin-e-financave-millorad-katniq\/#primaryimage\",\"url\":\"https:\/\/www.visit-ulcinj.com\/blog\/wp-content\/uploads\/2012\/03\/Nazif-Cungu-priti-ministrin-e-financave-Millorad-Katnic.jpg\",\"contentUrl\":\"https:\/\/www.visit-ulcinj.com\/blog\/wp-content\/uploads\/2012\/03\/Nazif-Cungu-priti-ministrin-e-financave-Millorad-Katnic.jpg\",\"width\":\"640\",\"height\":\"424\"},{\"@type\":\"WebPage\",\"@id\":\"https:\/\/www.visit-ulcinj.com\/blog\/2012\/03\/20\/nazif-cungu-priti-ministrin-e-financave-millorad-katniq\/#webpage\",\"url\":\"https:\/\/www.visit-ulcinj.com\/blog\/2012\/03\/20\/nazif-cungu-priti-ministrin-e-financave-millorad-katniq\/\",\"name\":\"Nazif Cungu priti ministrin e financave Millorad Katniq - Lajme nga Ulqini\",\"isPartOf\":{\"@id\":\"https:\/\/www.visit-ulcinj.com\/blog\/#website\"},\"primaryImageOfPage\":{\"@id\":\"https:\/\/www.visit-ulcinj.com\/blog\/2012\/03\/20\/nazif-cungu-priti-ministrin-e-financave-millorad-katniq\/#primaryimage\"},\"datePublished\":\"2012-03-20T16:45:28+00:00\",\"dateModified\":\"2012-03-21T15:00:22+00:00\",\"author\":{\"@id\":\"https:\/\/www.visit-ulcinj.com\/blog\/#\/schema\/person\/dcab619c614d3038751c63bc2aadc06d\"},\"description\":\"Ministri i financave Millorad Katniq ne Qeverine e Malit te Zi ka zhvilluar diten e marte nje takim pune me kryetarin e Komunes se Ulqinit, Nazif Cungu ku\",\"breadcrumb\":{\"@id\":\"https:\/\/www.visit-ulcinj.com\/blog\/2012\/03\/20\/nazif-cungu-priti-ministrin-e-financave-millorad-katniq\/#breadcrumb\"},\"inLanguage\":\"en-US\",\"potentialAction\":[{\"@type\":\"ReadAction\",\"target\":[\"https:\/\/www.visit-ulcinj.com\/blog\/2012\/03\/20\/nazif-cungu-priti-ministrin-e-financave-millorad-katniq\/\"]}]},{\"@type\":\"BreadcrumbList\",\"@id\":\"https:\/\/www.visit-ulcinj.com\/blog\/2012\/03\/20\/nazif-cungu-priti-ministrin-e-financave-millorad-katniq\/#breadcrumb\",\"itemListElement\":[{\"@type\":\"ListItem\",\"position\":1,\"name\":\"Nazif Cungu priti ministrin e financave Millorad Katniq\"}]},{\"@type\":\"Person\",\"@id\":\"https:\/\/www.visit-ulcinj.com\/blog\/#\/schema\/person\/dcab619c614d3038751c63bc2aadc06d\",\"name\":\"ulqini\",\"sameAs\":[\"http:\/\/www.visit-ulcinj.com\"],\"url\":\"https:\/\/www.visit-ulcinj.com\/blog\/author\/admin\/\"}]}<\/script>\n<!-- \/ Yoast SEO plugin. -->","yoast_head_json":{"title":"Nazif Cungu priti ministrin e financave Millorad Katniq - Lajme nga Ulqini","description":"Ministri i financave Millorad Katniq ne Qeverine e Malit te Zi ka zhvilluar diten e marte nje takim pune me kryetarin e Komunes se Ulqinit, Nazif Cungu ku","robots":{"index":"index","follow":"follow","max-snippet":"max-snippet:-1","max-image-preview":"max-image-preview:large","max-video-preview":"max-video-preview:-1"},"canonical":"https:\/\/www.visit-ulcinj.com\/blog\/2012\/03\/20\/nazif-cungu-priti-ministrin-e-financave-millorad-katniq\/","og_locale":"en_US","og_type":"article","og_title":"Nazif Cungu priti ministrin e financave Millorad Katniq - Lajme nga Ulqini","og_description":"Ministri i financave Millorad Katniq ne Qeverine e Malit te Zi ka zhvilluar diten e marte nje takim pune me kryetarin e Komunes se Ulqinit, Nazif Cungu ku","og_url":"https:\/\/www.visit-ulcinj.com\/blog\/2012\/03\/20\/nazif-cungu-priti-ministrin-e-financave-millorad-katniq\/","og_site_name":"Lajme nga Ulqini","article_published_time":"2012-03-20T16:45:28+00:00","article_modified_time":"2012-03-21T15:00:22+00:00","og_image":[{"url":"https:\/\/www.visit-ulcinj.com\/blog\/wp-content\/uploads\/2012\/03\/Nazif-Cungu-priti-ministrin-e-financave-Millorad-Katnic-150x150.jpg"}],"twitter_misc":{"Written by":"ulqini","Est. reading time":"1 minute"},"schema":{"@context":"https:\/\/schema.org","@graph":[{"@type":"WebSite","@id":"https:\/\/www.visit-ulcinj.com\/blog\/#website","url":"https:\/\/www.visit-ulcinj.com\/blog\/","name":"Lajme nga Ulqini","description":"Lajme,Vijesti,Ulqini,Ulqin,Crna Gora,Mali i Zi","potentialAction":[{"@type":"SearchAction","target":{"@type":"EntryPoint","urlTemplate":"https:\/\/www.visit-ulcinj.com\/blog\/?s={search_term_string}"},"query-input":"required name=search_term_string"}],"inLanguage":"en-US"},{"@type":"ImageObject","inLanguage":"en-US","@id":"https:\/\/www.visit-ulcinj.com\/blog\/2012\/03\/20\/nazif-cungu-priti-ministrin-e-financave-millorad-katniq\/#primaryimage","url":"https:\/\/www.visit-ulcinj.com\/blog\/wp-content\/uploads\/2012\/03\/Nazif-Cungu-priti-ministrin-e-financave-Millorad-Katnic.jpg","contentUrl":"https:\/\/www.visit-ulcinj.com\/blog\/wp-content\/uploads\/2012\/03\/Nazif-Cungu-priti-ministrin-e-financave-Millorad-Katnic.jpg","width":"640","height":"424"},{"@type":"WebPage","@id":"https:\/\/www.visit-ulcinj.com\/blog\/2012\/03\/20\/nazif-cungu-priti-ministrin-e-financave-millorad-katniq\/#webpage","url":"https:\/\/www.visit-ulcinj.com\/blog\/2012\/03\/20\/nazif-cungu-priti-ministrin-e-financave-millorad-katniq\/","name":"Nazif Cungu priti ministrin e financave Millorad Katniq - Lajme nga Ulqini","isPartOf":{"@id":"https:\/\/www.visit-ulcinj.com\/blog\/#website"},"primaryImageOfPage":{"@id":"https:\/\/www.visit-ulcinj.com\/blog\/2012\/03\/20\/nazif-cungu-priti-ministrin-e-financave-millorad-katniq\/#primaryimage"},"datePublished":"2012-03-20T16:45:28+00:00","dateModified":"2012-03-21T15:00:22+00:00","author":{"@id":"https:\/\/www.visit-ulcinj.com\/blog\/#\/schema\/person\/dcab619c614d3038751c63bc2aadc06d"},"description":"Ministri i financave Millorad Katniq ne Qeverine e Malit te Zi ka zhvilluar diten e marte nje takim pune me kryetarin e Komunes se Ulqinit, Nazif Cungu ku","breadcrumb":{"@id":"https:\/\/www.visit-ulcinj.com\/blog\/2012\/03\/20\/nazif-cungu-priti-ministrin-e-financave-millorad-katniq\/#breadcrumb"},"inLanguage":"en-US","potentialAction":[{"@type":"ReadAction","target":["https:\/\/www.visit-ulcinj.com\/blog\/2012\/03\/20\/nazif-cungu-priti-ministrin-e-financave-millorad-katniq\/"]}]},{"@type":"BreadcrumbList","@id":"https:\/\/www.visit-ulcinj.com\/blog\/2012\/03\/20\/nazif-cungu-priti-ministrin-e-financave-millorad-katniq\/#breadcrumb","itemListElement":[{"@type":"ListItem","position":1,"name":"Nazif Cungu priti ministrin e financave Millorad Katniq"}]},{"@type":"Person","@id":"https:\/\/www.visit-ulcinj.com\/blog\/#\/schema\/person\/dcab619c614d3038751c63bc2aadc06d","name":"ulqini","sameAs":["http:\/\/www.visit-ulcinj.com"],"url":"https:\/\/www.visit-ulcinj.com\/blog\/author\/admin\/"}]}},"jetpack_featured_media_url":"","jetpack_sharing_enabled":true,"jetpack_shortlink":"https:\/\/wp.me\/pe6lTn-fci","_links":{"self":[{"href":"https:\/\/www.visit-ulcinj.com\/blog\/wp-json\/wp\/v2\/posts\/58422"}],"collection":[{"href":"https:\/\/www.visit-ulcinj.com\/blog\/wp-json\/wp\/v2\/posts"}],"about":[{"href":"https:\/\/www.visit-ulcinj.com\/blog\/wp-json\/wp\/v2\/types\/post"}],"author":[{"embeddable":true,"href":"https:\/\/www.visit-ulcinj.com\/blog\/wp-json\/wp\/v2\/users\/1"}],"replies":[{"embeddable":true,"href":"https:\/\/www.visit-ulcinj.com\/blog\/wp-json\/wp\/v2\/comments?post=58422"}],"version-history":[{"count":3,"href":"https:\/\/www.visit-ulcinj.com\/blog\/wp-json\/wp\/v2\/posts\/58422\/revisions"}],"predecessor-version":[{"id":58438,"href":"https:\/\/www.visit-ulcinj.com\/blog\/wp-json\/wp\/v2\/posts\/58422\/revisions\/58438"}],"wp:attachment":[{"href":"https:\/\/www.visit-ulcinj.com\/blog\/wp-json\/wp\/v2\/media?parent=58422"}],"wp:term":[{"taxonomy":"category","embeddable":true,"href":"https:\/\/www.visit-ulcinj.com\/blog\/wp-json\/wp\/v2\/categories?post=58422"},{"taxonomy":"post_tag","embeddable":true,"href":"https:\/\/www.visit-ulcinj.com\/blog\/wp-json\/wp\/v2\/tags?post=58422"}],"curies":[{"name":"wp","href":"https:\/\/api.w.org\/{rel}","templated":true}]}}