{"id":58433,"date":"2012-03-21T15:57:38","date_gmt":"2012-03-21T14:57:38","guid":{"rendered":"http:\/\/www.visit-ulcinj.com\/blog\/?p=58433"},"modified":"2012-03-23T08:42:08","modified_gmt":"2012-03-23T07:42:08","slug":"zevendeskryeministri-kucivizitoje-komunen-e-ulqinit","status":"publish","type":"post","link":"https:\/\/www.visit-ulcinj.com\/blog\/2012\/03\/21\/zevendeskryeministri-kucivizitoje-komunen-e-ulqinit\/","title":{"rendered":"Z\u00ebvend\u00ebskryeministri Ku\u00e7i,vizitoj\u00eb Komun\u00ebn e Ulqinit &#8211; Foto"},"content":{"rendered":"<p><a href=\"http:\/\/www.visit-ulcinj.com\/blog\/wp-content\/uploads\/2012\/03\/Nazif-Cungu_kryetar-i-Ulqinit_Zevendeskryeministri-Kosoves_Hajredin-Ku\u00e7i.jpg\"><img loading=\"lazy\" class=\"alignleft  wp-image-58434\" title=\"Nazif Cungu_kryetar i Ulqinit_Zevendeskryeministri Kosoves_Hajredin Ku\u00e7i\" src=\"http:\/\/www.visit-ulcinj.com\/blog\/wp-content\/uploads\/2012\/03\/Nazif-Cungu_kryetar-i-Ulqinit_Zevendeskryeministri-Kosoves_Hajredin-Ku\u00e7i.jpg\" alt=\"\" width=\"508\" height=\"380\" \/><\/a>Z\u00ebvend\u00ebskryeministri dhe ministri i Drejt\u00ebsis\u00eb, Prof. Dr. Hajredin Ku\u00e7i, n\u00eb dit\u00ebn e dyt\u00eb t\u00eb q\u00ebndrimit t\u00eb tij n\u00eb Mal t\u00eb zi, ka vizituar Komun\u00ebn e Ulqinit, me \u00e7\u2019rast ka takuar kryetarin e Komun\u00ebs, Nazif Cungu, deputet\u00ebt e partive parlamentare shqiptare n\u00eb Kuvendin e Malit t\u00eb Zi, Mehmet Bardhi, Vasil Sinishtaj, Genci Nimanbegu dhe Mehmet Zenka, nd\u00ebrsa nj\u00eb takim t\u00eb posa\u00e7\u00ebm e ka zhvilluar edhe me K\u00ebshillin Nacional t\u00eb Shqiptar\u00ebve t\u00eb Malit t\u00eb Zi, ku \u00ebsht\u00eb takuar me kryetarin e K\u00ebshillit, Tahir Tahiri.<br \/>\n<a href=\"http:\/\/www.visit-ulcinj.com\/blog\/wp-content\/uploads\/2012\/03\/Hajredin-Ku\u00e7i_Mehmet-Bardhi-Vasil-Sinishtaj-Genci-Nimanbegu-Mehmet-ZenkaNazif-CunguTahir-Tahiri.jpg\"><img loading=\"lazy\" class=\"alignleft  wp-image-58435\" title=\"Hajredin Ku\u00e7i_Mehmet Bardhi, Vasil Sinishtaj, Genci Nimanbegu ,Mehmet Zenka,Nazif Cungu,Tahir Tahiri,\" src=\"http:\/\/www.visit-ulcinj.com\/blog\/wp-content\/uploads\/2012\/03\/Hajredin-Ku\u00e7i_Mehmet-Bardhi-Vasil-Sinishtaj-Genci-Nimanbegu-Mehmet-ZenkaNazif-CunguTahir-Tahiri.jpg\" alt=\"\" width=\"508\" height=\"300\" \/><\/a><br \/>\nZ\u00ebvend\u00ebskryeministri Ku\u00e7i gjat\u00eb k\u00ebtyre takimeve \u00ebsht\u00eb njoftuar p\u00ebr s\u00eb af\u00ebrmi me zhvillimet politike n\u00eb Mal t\u00eb zi, p\u00ebrfaq\u00ebsimin e shqiptar\u00ebve n\u00eb k\u00ebt\u00eb shtet si dhe nevojat e popullat\u00ebs s\u00eb atjeshme, p\u00ebr \u00e7ka ka siguruar kryetarin Cungu dhe deputet\u00ebt shqiptar\u00eb se do t\u00eb ken\u00eb p\u00ebrkrahjen absolute t\u00eb Prishtin\u00ebs zyrtare drejt fuqizimit t\u00eb rolit shtet formues t\u00eb tyre dhe pjes\u00ebmarrjes demokratike t\u00eb tyre n\u00eb institucionet e Malit t\u00eb Zi. Ai siguroi se Qeveria e Kosov\u00ebs do t\u00eb vazhdoj\u00eb t\u2019i ndihmoj\u00eb shqiptar\u00ebt atje n\u00ebp\u00ebrmjet disa m\u00ebnyrave, si\u00e7 \u00ebsht\u00eb \u00e7\u00ebshtja e studimeve duke ruajtur k\u00ebshtu tradit\u00ebn e regjistrimit t\u00eb student\u00ebve shqiptar\u00eb t\u00eb k\u00ebtij vendi n\u00eb Universitetet publike t\u00eb Kosov\u00ebs dhe leht\u00ebsimin e procedurave dhe vendosjes se tyre n\u00ebp\u00ebr qendrat e banimit (konvikte).<\/p>\n<p><a href=\"http:\/\/www.visit-ulcinj.com\/blog\/wp-content\/uploads\/2012\/03\/Takim-me-zv_kryeministrin-e-Kosoves-z.-H.-Kuqi-ne-zyren-e-KNSH.jpg\"><img loading=\"lazy\" class=\"alignleft  wp-image-58527\" title=\"Takim me zv_kryeministrin e Kosoves z. H. Kuqi ne zyren e KNSH\" src=\"http:\/\/www.visit-ulcinj.com\/blog\/wp-content\/uploads\/2012\/03\/Takim-me-zv_kryeministrin-e-Kosoves-z.-H.-Kuqi-ne-zyren-e-KNSH.jpg\" alt=\"\" width=\"508\" height=\"300\" \/><\/a><\/p>\n<p>Nd\u00ebrsa kryetari Cungu dhe deputet\u00ebt shqiptar\u00eb siguruan Z\u00ebvend\u00ebskryeministrin\u00a0 Ku\u00e7i se shqiptar\u00ebt do t\u00eb ruajn\u00eb rolin e tyre konsolidues n\u00eb drejtim t\u00eb fuqizimit t\u00eb identitetit dhe pjes\u00ebmarrjes aktive dhe qytetare n\u00eb institucionet e k\u00ebtij vendi dhe u pajtuan q\u00eb kryetari Cungu t\u2019i b\u00ebj\u00eb nj\u00eb vizit\u00eb shum\u00eb shpejt Kosov\u00ebs ku do t\u00eb ket\u00eb prioritetet turistike dhe ofert\u00ebn investuesit potencial nga Kosova.<br \/>\n<a href=\"http:\/\/www.visit-ulcinj.com\/blog\/wp-content\/uploads\/2012\/03\/Dr._Hajredin_Kuci_-_Budve_Bashk\u00eb-kund\u00ebr-diskriminimit.jpg\"><img loading=\"lazy\" class=\"alignleft  wp-image-58436\" title=\"Dr._Hajredin_Kuci_-_Budve_Bashk\u00eb kund\u00ebr diskriminimit\" src=\"http:\/\/www.visit-ulcinj.com\/blog\/wp-content\/uploads\/2012\/03\/Dr._Hajredin_Kuci_-_Budve_Bashk\u00eb-kund\u00ebr-diskriminimit.jpg\" alt=\"\" width=\"508\" height=\"300\" \/><\/a><br \/>\nGjat\u00eb q\u00ebndrimit n\u00eb Mal t\u00eb Zi, Z\u00ebvend\u00ebskryeministri Hajredin Ku\u00e7i, mori pjes\u00eb n\u00eb konferenc\u00ebn \u201cBashk\u00eb kund\u00ebr diskriminimit\u201d, e cila u mbajt n\u00eb Budva,\u00a0 n\u00ebn patronatin e kryeministrit t\u00eb Malit t\u00eb Zi, Igor Llukshi\u00e7, ku n\u00eb margjina t\u00eb k\u00ebsaj konference takoi edhe z. Rene Weingartner, Drejtorin e Drejtoratit p\u00ebr t\u00eb Drejtat e Njeriut dhe Anti-diskriminim t\u00eb K\u00ebshillit t\u00eb Evrop\u00ebs, me t\u00eb cilin biseduan rreth mbrojtjes dhe fuqizimin e t\u00eb drejtave t\u00eb njeriut dhe betej\u00ebn e vazhdueshme p\u00ebr t\u00eb mos pasur diskriminim n\u00eb Kosov\u00eb, si nj\u00eb parakusht thelb\u00ebsor p\u00ebr t\u00eb rritur, fuqizuar aspirat\u00ebn drejt rrug\u00ebtimit n\u00eb k\u00ebt\u00eb organizat\u00eb evropiane.<\/p>\n<p><a href=\"https:\/\/www.facebook.com\/media\/set\/?set=a.2815602402207.113155.1623256192&amp;type=1\" target=\"_blank\"><strong>Foto nga Takim me zv\/kryeministrin e Kosoves z. H. Kuqi ne zyren e KNSH &#8211; Tahir Tahiri Facebook<\/strong><\/a><\/p>\n\n\t\t<style type=\"text\/css\">\n\t\t\t#gallery-1 {\n\t\t\t\tmargin: auto;\n\t\t\t}\n\t\t\t#gallery-1 .gallery-item {\n\t\t\t\tfloat: left;\n\t\t\t\tmargin-top: 10px;\n\t\t\t\ttext-align: center;\n\t\t\t\twidth: 33%;\n\t\t\t}\n\t\t\t#gallery-1 img {\n\t\t\t\tborder: 2px solid #cfcfcf;\n\t\t\t}\n\t\t\t#gallery-1 .gallery-caption {\n\t\t\t\tmargin-left: 0;\n\t\t\t}\n\t\t\t\/* see gallery_shortcode() in wp-includes\/media.php *\/\n\t\t<\/style>\n\t\t<div id='gallery-1' class='gallery galleryid-58433 gallery-columns-3 gallery-size-thumbnail'><dl class='gallery-item'>\n\t\t\t<dt class='gallery-icon landscape'>\n\t\t\t\t<a href='https:\/\/www.visit-ulcinj.com\/blog\/wp-content\/uploads\/2012\/03\/Nazif-Cungu_kryetar-i-Ulqinit_Zevendeskryeministri-Kosoves_Hajredin-Ku\u00e7i.jpg'><img width=\"150\" height=\"150\" src=\"https:\/\/www.visit-ulcinj.com\/blog\/wp-content\/uploads\/2012\/03\/Nazif-Cungu_kryetar-i-Ulqinit_Zevendeskryeministri-Kosoves_Hajredin-Ku\u00e7i-150x150.jpg\" class=\"attachment-thumbnail size-thumbnail\" alt=\"\" loading=\"lazy\" \/><\/a>\n\t\t\t<\/dt><\/dl><dl class='gallery-item'>\n\t\t\t<dt class='gallery-icon landscape'>\n\t\t\t\t<a href='https:\/\/www.visit-ulcinj.com\/blog\/wp-content\/uploads\/2012\/03\/Hajredin-Ku\u00e7i_Mehmet-Bardhi-Vasil-Sinishtaj-Genci-Nimanbegu-Mehmet-ZenkaNazif-CunguTahir-Tahiri.jpg'><img width=\"150\" height=\"150\" src=\"https:\/\/www.visit-ulcinj.com\/blog\/wp-content\/uploads\/2012\/03\/Hajredin-Ku\u00e7i_Mehmet-Bardhi-Vasil-Sinishtaj-Genci-Nimanbegu-Mehmet-ZenkaNazif-CunguTahir-Tahiri-150x150.jpg\" class=\"attachment-thumbnail size-thumbnail\" alt=\"\" loading=\"lazy\" \/><\/a>\n\t\t\t<\/dt><\/dl><dl class='gallery-item'>\n\t\t\t<dt class='gallery-icon landscape'>\n\t\t\t\t<a href='https:\/\/www.visit-ulcinj.com\/blog\/wp-content\/uploads\/2012\/03\/Dr._Hajredin_Kuci_-_Budve_Bashk\u00eb-kund\u00ebr-diskriminimit.jpg'><img width=\"150\" height=\"150\" src=\"https:\/\/www.visit-ulcinj.com\/blog\/wp-content\/uploads\/2012\/03\/Dr._Hajredin_Kuci_-_Budve_Bashk\u00eb-kund\u00ebr-diskriminimit-150x150.jpg\" class=\"attachment-thumbnail size-thumbnail\" alt=\"\" loading=\"lazy\" \/><\/a>\n\t\t\t<\/dt><\/dl><br style=\"clear: both\" \/><dl class='gallery-item'>\n\t\t\t<dt class='gallery-icon landscape'>\n\t\t\t\t<a href='https:\/\/www.visit-ulcinj.com\/blog\/wp-content\/uploads\/2012\/03\/Takim-me-zv_kryeministrin-e-Kosoves-z.-H.-Kuqi-ne-zyren-e-KNSH.jpg'><img width=\"150\" height=\"150\" src=\"https:\/\/www.visit-ulcinj.com\/blog\/wp-content\/uploads\/2012\/03\/Takim-me-zv_kryeministrin-e-Kosoves-z.-H.-Kuqi-ne-zyren-e-KNSH-150x150.jpg\" class=\"attachment-thumbnail size-thumbnail\" alt=\"\" loading=\"lazy\" \/><\/a>\n\t\t\t<\/dt><\/dl><dl class='gallery-item'>\n\t\t\t<dt class='gallery-icon landscape'>\n\t\t\t\t<a href='https:\/\/www.visit-ulcinj.com\/blog\/wp-content\/uploads\/2012\/03\/Takim-me-zv_kryeministrin-e-Kosoves-z.-H.-Kuqi-ne-zyren-e-KNSH.1.jpg'><img width=\"150\" height=\"150\" src=\"https:\/\/www.visit-ulcinj.com\/blog\/wp-content\/uploads\/2012\/03\/Takim-me-zv_kryeministrin-e-Kosoves-z.-H.-Kuqi-ne-zyren-e-KNSH.1-150x150.jpg\" class=\"attachment-thumbnail size-thumbnail\" alt=\"\" loading=\"lazy\" \/><\/a>\n\t\t\t<\/dt><\/dl><dl class='gallery-item'>\n\t\t\t<dt class='gallery-icon landscape'>\n\t\t\t\t<a href='https:\/\/www.visit-ulcinj.com\/blog\/wp-content\/uploads\/2012\/03\/Takim-me-zv_kryeministrin-e-Kosoves-z.-H.-Kuqi-ne-zyren-e-KNSH.2.jpg'><img width=\"150\" height=\"150\" src=\"https:\/\/www.visit-ulcinj.com\/blog\/wp-content\/uploads\/2012\/03\/Takim-me-zv_kryeministrin-e-Kosoves-z.-H.-Kuqi-ne-zyren-e-KNSH.2-150x150.jpg\" class=\"attachment-thumbnail size-thumbnail\" alt=\"\" loading=\"lazy\" \/><\/a>\n\t\t\t<\/dt><\/dl><br style=\"clear: both\" \/><dl class='gallery-item'>\n\t\t\t<dt class='gallery-icon landscape'>\n\t\t\t\t<a href='https:\/\/www.visit-ulcinj.com\/blog\/wp-content\/uploads\/2012\/03\/Takim-me-zv_kryeministrin-e-Kosoves-z.-H.-Kuqi-ne-zyren-e-KNSH.3.jpg'><img width=\"150\" height=\"150\" src=\"https:\/\/www.visit-ulcinj.com\/blog\/wp-content\/uploads\/2012\/03\/Takim-me-zv_kryeministrin-e-Kosoves-z.-H.-Kuqi-ne-zyren-e-KNSH.3-150x150.jpg\" class=\"attachment-thumbnail size-thumbnail\" alt=\"\" loading=\"lazy\" \/><\/a>\n\t\t\t<\/dt><\/dl><dl class='gallery-item'>\n\t\t\t<dt class='gallery-icon landscape'>\n\t\t\t\t<a href='https:\/\/www.visit-ulcinj.com\/blog\/wp-content\/uploads\/2012\/03\/Takim-me-zv_kryeministrin-e-Kosoves-z.-H.-Kuqi-ne-zyren-e-KNSH.4.jpg'><img width=\"150\" height=\"150\" src=\"https:\/\/www.visit-ulcinj.com\/blog\/wp-content\/uploads\/2012\/03\/Takim-me-zv_kryeministrin-e-Kosoves-z.-H.-Kuqi-ne-zyren-e-KNSH.4-150x150.jpg\" class=\"attachment-thumbnail size-thumbnail\" alt=\"\" loading=\"lazy\" \/><\/a>\n\t\t\t<\/dt><\/dl><dl class='gallery-item'>\n\t\t\t<dt class='gallery-icon landscape'>\n\t\t\t\t<a href='https:\/\/www.visit-ulcinj.com\/blog\/wp-content\/uploads\/2012\/03\/Takim-me-zv_kryeministrin-e-Kosoves-z.-H.-Kuqi-ne-zyren-e-KNSH.5.jpg'><img width=\"150\" height=\"150\" src=\"https:\/\/www.visit-ulcinj.com\/blog\/wp-content\/uploads\/2012\/03\/Takim-me-zv_kryeministrin-e-Kosoves-z.-H.-Kuqi-ne-zyren-e-KNSH.5-150x150.jpg\" class=\"attachment-thumbnail size-thumbnail\" alt=\"\" loading=\"lazy\" \/><\/a>\n\t\t\t<\/dt><\/dl><br style=\"clear: both\" \/>\n\t\t<\/div>\n\n<!--YouTube Error: bad URL entered-->\n","protected":false},"excerpt":{"rendered":"<p>Z\u00ebvend\u00ebskryeministri dhe ministri i Drejt\u00ebsis\u00eb, Prof. Dr. Hajredin Ku\u00e7i, n\u00eb dit\u00ebn e dyt\u00eb t\u00eb q\u00ebndrimit t\u00eb tij n\u00eb Mal t\u00eb zi, ka vizituar Komun\u00ebn e Ulqinit, me \u00e7\u2019rast ka takuar kryetarin e Komun\u00ebs, Nazif Cungu, deputet\u00ebt e partive parlamentare shqiptare n\u00eb Kuvendin e Malit t\u00eb Zi, Mehmet Bardhi, Vasil Sinishtaj, Genci Nimanbegu dhe Mehmet Zenka, [&hellip;]<\/p>\n","protected":false},"author":1,"featured_media":0,"comment_status":"open","ping_status":"closed","sticky":false,"template":"","format":"standard","meta":{"spay_email":"","jetpack_publicize_message":"","jetpack_is_tweetstorm":false,"jetpack_publicize_feature_enabled":true},"categories":[1,6],"tags":[18298,20184,118,2306,3145,200,18],"jetpack_publicize_connections":[],"yoast_head":"<!-- This site is optimized with the Yoast SEO plugin v19.1 - https:\/\/yoast.com\/wordpress\/plugins\/seo\/ -->\n<title>Z\u00ebvend\u00ebskryeministri Ku\u00e7i,vizitoj\u00eb Komun\u00ebn e Ulqinit - Foto - Lajme nga Ulqini<\/title>\n<meta name=\"description\" content=\"Z\u00ebvend\u00ebskryeministri dhe ministri i Drejt\u00ebsis\u00eb, Prof. Dr. Hajredin Ku\u00e7i, n\u00eb dit\u00ebn e dyt\u00eb t\u00eb q\u00ebndrimit t\u00eb tij n\u00eb Mal t\u00eb zi, ka vizituar Komun\u00ebn e Ulqinit,\" \/>\n<meta name=\"robots\" content=\"index, follow, max-snippet:-1, max-image-preview:large, max-video-preview:-1\" \/>\n<link rel=\"canonical\" href=\"https:\/\/www.visit-ulcinj.com\/blog\/2012\/03\/21\/zevendeskryeministri-kucivizitoje-komunen-e-ulqinit\/\" \/>\n<meta property=\"og:locale\" content=\"en_US\" \/>\n<meta property=\"og:type\" content=\"article\" \/>\n<meta property=\"og:title\" content=\"Z\u00ebvend\u00ebskryeministri Ku\u00e7i,vizitoj\u00eb Komun\u00ebn e Ulqinit - Foto - Lajme nga Ulqini\" \/>\n<meta property=\"og:description\" content=\"Z\u00ebvend\u00ebskryeministri dhe ministri i Drejt\u00ebsis\u00eb, Prof. Dr. Hajredin Ku\u00e7i, n\u00eb dit\u00ebn e dyt\u00eb t\u00eb q\u00ebndrimit t\u00eb tij n\u00eb Mal t\u00eb zi, ka vizituar Komun\u00ebn e Ulqinit,\" \/>\n<meta property=\"og:url\" content=\"https:\/\/www.visit-ulcinj.com\/blog\/2012\/03\/21\/zevendeskryeministri-kucivizitoje-komunen-e-ulqinit\/\" \/>\n<meta property=\"og:site_name\" content=\"Lajme nga Ulqini\" \/>\n<meta property=\"article:published_time\" content=\"2012-03-21T14:57:38+00:00\" \/>\n<meta property=\"article:modified_time\" content=\"2012-03-23T07:42:08+00:00\" \/>\n<meta property=\"og:image\" content=\"https:\/\/www.visit-ulcinj.com\/blog\/wp-content\/uploads\/2012\/03\/Nazif-Cungu_kryetar-i-Ulqinit_Zevendeskryeministri-Kosoves_Hajredin-Ku\u00e7i-150x150.jpg\" \/>\n<meta name=\"twitter:label1\" content=\"Written by\" \/>\n\t<meta name=\"twitter:data1\" content=\"ulqini\" \/>\n\t<meta name=\"twitter:label2\" content=\"Est. reading time\" \/>\n\t<meta name=\"twitter:data2\" content=\"2 minutes\" \/>\n<script type=\"application\/ld+json\" class=\"yoast-schema-graph\">{\"@context\":\"https:\/\/schema.org\",\"@graph\":[{\"@type\":\"WebSite\",\"@id\":\"https:\/\/www.visit-ulcinj.com\/blog\/#website\",\"url\":\"https:\/\/www.visit-ulcinj.com\/blog\/\",\"name\":\"Lajme nga Ulqini\",\"description\":\"Lajme,Vijesti,Ulqini,Ulqin,Crna Gora,Mali i Zi\",\"potentialAction\":[{\"@type\":\"SearchAction\",\"target\":{\"@type\":\"EntryPoint\",\"urlTemplate\":\"https:\/\/www.visit-ulcinj.com\/blog\/?s={search_term_string}\"},\"query-input\":\"required name=search_term_string\"}],\"inLanguage\":\"en-US\"},{\"@type\":\"ImageObject\",\"inLanguage\":\"en-US\",\"@id\":\"https:\/\/www.visit-ulcinj.com\/blog\/2012\/03\/21\/zevendeskryeministri-kucivizitoje-komunen-e-ulqinit\/#primaryimage\",\"url\":\"https:\/\/www.visit-ulcinj.com\/blog\/wp-content\/uploads\/2012\/03\/Takim-me-zv_kryeministrin-e-Kosoves-z.-H.-Kuqi-ne-zyren-e-KNSH.jpg\",\"contentUrl\":\"https:\/\/www.visit-ulcinj.com\/blog\/wp-content\/uploads\/2012\/03\/Takim-me-zv_kryeministrin-e-Kosoves-z.-H.-Kuqi-ne-zyren-e-KNSH.jpg\",\"width\":\"960\",\"height\":\"720\"},{\"@type\":\"WebPage\",\"@id\":\"https:\/\/www.visit-ulcinj.com\/blog\/2012\/03\/21\/zevendeskryeministri-kucivizitoje-komunen-e-ulqinit\/#webpage\",\"url\":\"https:\/\/www.visit-ulcinj.com\/blog\/2012\/03\/21\/zevendeskryeministri-kucivizitoje-komunen-e-ulqinit\/\",\"name\":\"Z\u00ebvend\u00ebskryeministri Ku\u00e7i,vizitoj\u00eb Komun\u00ebn e Ulqinit - Foto - Lajme nga Ulqini\",\"isPartOf\":{\"@id\":\"https:\/\/www.visit-ulcinj.com\/blog\/#website\"},\"primaryImageOfPage\":{\"@id\":\"https:\/\/www.visit-ulcinj.com\/blog\/2012\/03\/21\/zevendeskryeministri-kucivizitoje-komunen-e-ulqinit\/#primaryimage\"},\"datePublished\":\"2012-03-21T14:57:38+00:00\",\"dateModified\":\"2012-03-23T07:42:08+00:00\",\"author\":{\"@id\":\"https:\/\/www.visit-ulcinj.com\/blog\/#\/schema\/person\/dcab619c614d3038751c63bc2aadc06d\"},\"description\":\"Z\u00ebvend\u00ebskryeministri dhe ministri i Drejt\u00ebsis\u00eb, Prof. Dr. Hajredin Ku\u00e7i, n\u00eb dit\u00ebn e dyt\u00eb t\u00eb q\u00ebndrimit t\u00eb tij n\u00eb Mal t\u00eb zi, ka vizituar Komun\u00ebn e Ulqinit,\",\"breadcrumb\":{\"@id\":\"https:\/\/www.visit-ulcinj.com\/blog\/2012\/03\/21\/zevendeskryeministri-kucivizitoje-komunen-e-ulqinit\/#breadcrumb\"},\"inLanguage\":\"en-US\",\"potentialAction\":[{\"@type\":\"ReadAction\",\"target\":[\"https:\/\/www.visit-ulcinj.com\/blog\/2012\/03\/21\/zevendeskryeministri-kucivizitoje-komunen-e-ulqinit\/\"]}]},{\"@type\":\"BreadcrumbList\",\"@id\":\"https:\/\/www.visit-ulcinj.com\/blog\/2012\/03\/21\/zevendeskryeministri-kucivizitoje-komunen-e-ulqinit\/#breadcrumb\",\"itemListElement\":[{\"@type\":\"ListItem\",\"position\":1,\"name\":\"Z\u00ebvend\u00ebskryeministri Ku\u00e7i,vizitoj\u00eb Komun\u00ebn e Ulqinit &#8211; Foto\"}]},{\"@type\":\"Person\",\"@id\":\"https:\/\/www.visit-ulcinj.com\/blog\/#\/schema\/person\/dcab619c614d3038751c63bc2aadc06d\",\"name\":\"ulqini\",\"sameAs\":[\"http:\/\/www.visit-ulcinj.com\"],\"url\":\"https:\/\/www.visit-ulcinj.com\/blog\/author\/admin\/\"}]}<\/script>\n<!-- \/ Yoast SEO plugin. -->","yoast_head_json":{"title":"Z\u00ebvend\u00ebskryeministri Ku\u00e7i,vizitoj\u00eb Komun\u00ebn e Ulqinit - Foto - Lajme nga Ulqini","description":"Z\u00ebvend\u00ebskryeministri dhe ministri i Drejt\u00ebsis\u00eb, Prof. Dr. Hajredin Ku\u00e7i, n\u00eb dit\u00ebn e dyt\u00eb t\u00eb q\u00ebndrimit t\u00eb tij n\u00eb Mal t\u00eb zi, ka vizituar Komun\u00ebn e Ulqinit,","robots":{"index":"index","follow":"follow","max-snippet":"max-snippet:-1","max-image-preview":"max-image-preview:large","max-video-preview":"max-video-preview:-1"},"canonical":"https:\/\/www.visit-ulcinj.com\/blog\/2012\/03\/21\/zevendeskryeministri-kucivizitoje-komunen-e-ulqinit\/","og_locale":"en_US","og_type":"article","og_title":"Z\u00ebvend\u00ebskryeministri Ku\u00e7i,vizitoj\u00eb Komun\u00ebn e Ulqinit - Foto - Lajme nga Ulqini","og_description":"Z\u00ebvend\u00ebskryeministri dhe ministri i Drejt\u00ebsis\u00eb, Prof. Dr. Hajredin Ku\u00e7i, n\u00eb dit\u00ebn e dyt\u00eb t\u00eb q\u00ebndrimit t\u00eb tij n\u00eb Mal t\u00eb zi, ka vizituar Komun\u00ebn e Ulqinit,","og_url":"https:\/\/www.visit-ulcinj.com\/blog\/2012\/03\/21\/zevendeskryeministri-kucivizitoje-komunen-e-ulqinit\/","og_site_name":"Lajme nga Ulqini","article_published_time":"2012-03-21T14:57:38+00:00","article_modified_time":"2012-03-23T07:42:08+00:00","og_image":[{"url":"https:\/\/www.visit-ulcinj.com\/blog\/wp-content\/uploads\/2012\/03\/Nazif-Cungu_kryetar-i-Ulqinit_Zevendeskryeministri-Kosoves_Hajredin-Ku\u00e7i-150x150.jpg"}],"twitter_misc":{"Written by":"ulqini","Est. reading time":"2 minutes"},"schema":{"@context":"https:\/\/schema.org","@graph":[{"@type":"WebSite","@id":"https:\/\/www.visit-ulcinj.com\/blog\/#website","url":"https:\/\/www.visit-ulcinj.com\/blog\/","name":"Lajme nga Ulqini","description":"Lajme,Vijesti,Ulqini,Ulqin,Crna Gora,Mali i Zi","potentialAction":[{"@type":"SearchAction","target":{"@type":"EntryPoint","urlTemplate":"https:\/\/www.visit-ulcinj.com\/blog\/?s={search_term_string}"},"query-input":"required name=search_term_string"}],"inLanguage":"en-US"},{"@type":"ImageObject","inLanguage":"en-US","@id":"https:\/\/www.visit-ulcinj.com\/blog\/2012\/03\/21\/zevendeskryeministri-kucivizitoje-komunen-e-ulqinit\/#primaryimage","url":"https:\/\/www.visit-ulcinj.com\/blog\/wp-content\/uploads\/2012\/03\/Takim-me-zv_kryeministrin-e-Kosoves-z.-H.-Kuqi-ne-zyren-e-KNSH.jpg","contentUrl":"https:\/\/www.visit-ulcinj.com\/blog\/wp-content\/uploads\/2012\/03\/Takim-me-zv_kryeministrin-e-Kosoves-z.-H.-Kuqi-ne-zyren-e-KNSH.jpg","width":"960","height":"720"},{"@type":"WebPage","@id":"https:\/\/www.visit-ulcinj.com\/blog\/2012\/03\/21\/zevendeskryeministri-kucivizitoje-komunen-e-ulqinit\/#webpage","url":"https:\/\/www.visit-ulcinj.com\/blog\/2012\/03\/21\/zevendeskryeministri-kucivizitoje-komunen-e-ulqinit\/","name":"Z\u00ebvend\u00ebskryeministri Ku\u00e7i,vizitoj\u00eb Komun\u00ebn e Ulqinit - Foto - Lajme nga Ulqini","isPartOf":{"@id":"https:\/\/www.visit-ulcinj.com\/blog\/#website"},"primaryImageOfPage":{"@id":"https:\/\/www.visit-ulcinj.com\/blog\/2012\/03\/21\/zevendeskryeministri-kucivizitoje-komunen-e-ulqinit\/#primaryimage"},"datePublished":"2012-03-21T14:57:38+00:00","dateModified":"2012-03-23T07:42:08+00:00","author":{"@id":"https:\/\/www.visit-ulcinj.com\/blog\/#\/schema\/person\/dcab619c614d3038751c63bc2aadc06d"},"description":"Z\u00ebvend\u00ebskryeministri dhe ministri i Drejt\u00ebsis\u00eb, Prof. Dr. Hajredin Ku\u00e7i, n\u00eb dit\u00ebn e dyt\u00eb t\u00eb q\u00ebndrimit t\u00eb tij n\u00eb Mal t\u00eb zi, ka vizituar Komun\u00ebn e Ulqinit,","breadcrumb":{"@id":"https:\/\/www.visit-ulcinj.com\/blog\/2012\/03\/21\/zevendeskryeministri-kucivizitoje-komunen-e-ulqinit\/#breadcrumb"},"inLanguage":"en-US","potentialAction":[{"@type":"ReadAction","target":["https:\/\/www.visit-ulcinj.com\/blog\/2012\/03\/21\/zevendeskryeministri-kucivizitoje-komunen-e-ulqinit\/"]}]},{"@type":"BreadcrumbList","@id":"https:\/\/www.visit-ulcinj.com\/blog\/2012\/03\/21\/zevendeskryeministri-kucivizitoje-komunen-e-ulqinit\/#breadcrumb","itemListElement":[{"@type":"ListItem","position":1,"name":"Z\u00ebvend\u00ebskryeministri Ku\u00e7i,vizitoj\u00eb Komun\u00ebn e Ulqinit &#8211; Foto"}]},{"@type":"Person","@id":"https:\/\/www.visit-ulcinj.com\/blog\/#\/schema\/person\/dcab619c614d3038751c63bc2aadc06d","name":"ulqini","sameAs":["http:\/\/www.visit-ulcinj.com"],"url":"https:\/\/www.visit-ulcinj.com\/blog\/author\/admin\/"}]}},"jetpack_featured_media_url":"","jetpack_sharing_enabled":true,"jetpack_shortlink":"https:\/\/wp.me\/pe6lTn-fct","_links":{"self":[{"href":"https:\/\/www.visit-ulcinj.com\/blog\/wp-json\/wp\/v2\/posts\/58433"}],"collection":[{"href":"https:\/\/www.visit-ulcinj.com\/blog\/wp-json\/wp\/v2\/posts"}],"about":[{"href":"https:\/\/www.visit-ulcinj.com\/blog\/wp-json\/wp\/v2\/types\/post"}],"author":[{"embeddable":true,"href":"https:\/\/www.visit-ulcinj.com\/blog\/wp-json\/wp\/v2\/users\/1"}],"replies":[{"embeddable":true,"href":"https:\/\/www.visit-ulcinj.com\/blog\/wp-json\/wp\/v2\/comments?post=58433"}],"version-history":[{"count":7,"href":"https:\/\/www.visit-ulcinj.com\/blog\/wp-json\/wp\/v2\/posts\/58433\/revisions"}],"predecessor-version":[{"id":58483,"href":"https:\/\/www.visit-ulcinj.com\/blog\/wp-json\/wp\/v2\/posts\/58433\/revisions\/58483"}],"wp:attachment":[{"href":"https:\/\/www.visit-ulcinj.com\/blog\/wp-json\/wp\/v2\/media?parent=58433"}],"wp:term":[{"taxonomy":"category","embeddable":true,"href":"https:\/\/www.visit-ulcinj.com\/blog\/wp-json\/wp\/v2\/categories?post=58433"},{"taxonomy":"post_tag","embeddable":true,"href":"https:\/\/www.visit-ulcinj.com\/blog\/wp-json\/wp\/v2\/tags?post=58433"}],"curies":[{"name":"wp","href":"https:\/\/api.w.org\/{rel}","templated":true}]}}