{"id":58440,"date":"2012-03-21T19:34:53","date_gmt":"2012-03-21T18:34:53","guid":{"rendered":"http:\/\/www.visit-ulcinj.com\/blog\/?p=58440"},"modified":"2012-03-21T19:35:49","modified_gmt":"2012-03-21T18:35:49","slug":"gjendet-nje-delfin-i-ngordhur-ne-bregdetin-e-ulqinit","status":"publish","type":"post","link":"https:\/\/www.visit-ulcinj.com\/blog\/2012\/03\/21\/gjendet-nje-delfin-i-ngordhur-ne-bregdetin-e-ulqinit\/","title":{"rendered":"Gjendet nj\u00eb delfin i ngordhur n\u00eb bregdetin e Ulqinit"},"content":{"rendered":"<div id=\"attachment_58441\" style=\"width: 518px\" class=\"wp-caption alignleft\"><a href=\"http:\/\/www.visit-ulcinj.com\/blog\/wp-content\/uploads\/2012\/03\/Gjendet-nj\u00eb-delfin-i-ngordhur-n\u00eb-bregdetin-e-Ulqinit.jpg\"><img aria-describedby=\"caption-attachment-58441\" loading=\"lazy\" class=\" wp-image-58441\" title=\"Gjendet nj\u00eb delfin i ngordhur n\u00eb bregdetin e Ulqinit\" src=\"http:\/\/www.visit-ulcinj.com\/blog\/wp-content\/uploads\/2012\/03\/Gjendet-nj\u00eb-delfin-i-ngordhur-n\u00eb-bregdetin-e-Ulqinit.jpg\" alt=\"\" width=\"508\" height=\"380\" srcset=\"https:\/\/www.visit-ulcinj.com\/blog\/wp-content\/uploads\/2012\/03\/Gjendet-nj\u00eb-delfin-i-ngordhur-n\u00eb-bregdetin-e-Ulqinit.jpg 1000w, https:\/\/www.visit-ulcinj.com\/blog\/wp-content\/uploads\/2012\/03\/Gjendet-nj\u00eb-delfin-i-ngordhur-n\u00eb-bregdetin-e-Ulqinit-300x225.jpg 300w\" sizes=\"(max-width: 508px) 100vw, 508px\" \/><\/a><p id=\"caption-attachment-58441\" class=\"wp-caption-text\">Foto: Vijesti<\/p><\/div>\n<p>Nj\u00eb delfini i ngordhur \u00ebsht\u00eb gjetur paraditen e sotme n\u00eb bregdetin e Ulqinit. Kan\u00eb qen\u00eb disa peshkatar vendas t\u00eb cil\u00ebt gjat\u00eb patrullimit n\u00eb bregdet kan\u00eb par\u00eb peshkun gjigant dhe n\u00eb momentin e konstatimit ai ishte i ngordhur. Sipas t\u00eb dh\u00ebnave delfini \u00ebsht\u00eb i gjat\u00eb 2 met\u00ebr dhe peshon 80 kg, dhe vizita e tij n\u00eb bregdetin e Ulqinit tek plazhi Tropikana \u00ebsht\u00eb di\u00e7ka e rrall\u00eb pasi delfin\u00ebt nuk jetojn\u00eb n\u00eb ujrat e Adriatikut, kjo edhe p\u00ebr shkak t\u00eb kushteve atmosferike.<\/p>\n<p>Nga konstatimet e para \u00ebsht\u00eb v\u00ebn\u00eb re se delfini nuk ka d\u00ebmtime n\u00eb trup t\u00eb cilat mund ti ken\u00eb shkaktuar dhe humbjen e jet\u00ebs. Gjithashtu mendohet se ka qen\u00eb rryma detare ajo q\u00eb e ka sjell\u00eb n\u00eb breg, pasi moti i mbr\u00ebmsh\u00ebm \u00ebsht\u00eb karakterizuar nga er\u00ebra t\u00eb forta.<br \/>\nDyshohet se delfini ka dal\u00eb pran\u00eb cektin\u00ebs pa mundur t\u00eb kthehet dot n\u00eb thell\u00ebsi t\u00eb ujrave. P\u00ebr shkak se nuk ka mundur t\u00eb vazhdoj\u00eb frym\u00ebmarrjen normale, delfini ka ngordhur.<br \/>\nDelfin\u00ebt ashtu si peshkaqen\u00ebt jan\u00eb peshq q\u00eb nuk jetojn\u00eb n\u00eb ujrat e detit Adriatik dhe p\u00ebr k\u00ebt\u00eb arsye shihen tep\u00ebr rrall\u00eb n\u00eb vendin ton\u00eb.<\/p>\n<p><strong>Lajme nga Ulqini<\/strong><\/p>\n","protected":false},"excerpt":{"rendered":"<p>Nj\u00eb delfini i ngordhur \u00ebsht\u00eb gjetur paraditen e sotme n\u00eb bregdetin e Ulqinit. Kan\u00eb qen\u00eb disa peshkatar vendas t\u00eb cil\u00ebt gjat\u00eb patrullimit n\u00eb bregdet kan\u00eb par\u00eb peshkun gjigant dhe n\u00eb momentin e konstatimit ai ishte i ngordhur. Sipas t\u00eb dh\u00ebnave delfini \u00ebsht\u00eb i gjat\u00eb 2 met\u00ebr dhe peshon 80 kg, dhe vizita e tij n\u00eb [&hellip;]<\/p>\n","protected":false},"author":1,"featured_media":0,"comment_status":"open","ping_status":"closed","sticky":false,"template":"","format":"standard","meta":{"spay_email":"","jetpack_publicize_message":"","jetpack_is_tweetstorm":false,"jetpack_publicize_feature_enabled":true},"categories":[12],"tags":[14708,20185,20186,20187,16896,9393,13829,20188,20189,19511,12750,5589,200,18],"jetpack_publicize_connections":[],"yoast_head":"<!-- This site is optimized with the Yoast SEO plugin v19.1 - https:\/\/yoast.com\/wordpress\/plugins\/seo\/ -->\n<title>Gjendet nj\u00eb delfin i ngordhur n\u00eb bregdetin e Ulqinit - Lajme nga Ulqini<\/title>\n<meta name=\"description\" content=\"Nj\u00eb delfini i ngordhur \u00ebsht\u00eb gjetur paraditen e sotme n\u00eb bregdetin e Ulqinit. Kan\u00eb qen\u00eb disa peshkatar vendas t\u00eb cil\u00ebt gjat\u00eb patrullimit n\u00eb bregdet kan\u00eb\" \/>\n<meta name=\"robots\" content=\"index, follow, max-snippet:-1, max-image-preview:large, max-video-preview:-1\" \/>\n<link rel=\"canonical\" href=\"https:\/\/www.visit-ulcinj.com\/blog\/2012\/03\/21\/gjendet-nje-delfin-i-ngordhur-ne-bregdetin-e-ulqinit\/\" \/>\n<meta property=\"og:locale\" content=\"en_US\" \/>\n<meta property=\"og:type\" content=\"article\" \/>\n<meta property=\"og:title\" content=\"Gjendet nj\u00eb delfin i ngordhur n\u00eb bregdetin e Ulqinit - Lajme nga Ulqini\" \/>\n<meta property=\"og:description\" content=\"Nj\u00eb delfini i ngordhur \u00ebsht\u00eb gjetur paraditen e sotme n\u00eb bregdetin e Ulqinit. Kan\u00eb qen\u00eb disa peshkatar vendas t\u00eb cil\u00ebt gjat\u00eb patrullimit n\u00eb bregdet kan\u00eb\" \/>\n<meta property=\"og:url\" content=\"https:\/\/www.visit-ulcinj.com\/blog\/2012\/03\/21\/gjendet-nje-delfin-i-ngordhur-ne-bregdetin-e-ulqinit\/\" \/>\n<meta property=\"og:site_name\" content=\"Lajme nga Ulqini\" \/>\n<meta property=\"article:published_time\" content=\"2012-03-21T18:34:53+00:00\" \/>\n<meta property=\"article:modified_time\" content=\"2012-03-21T18:35:49+00:00\" \/>\n<meta name=\"twitter:label1\" content=\"Written by\" \/>\n\t<meta name=\"twitter:data1\" content=\"ulqini\" \/>\n\t<meta name=\"twitter:label2\" content=\"Est. reading time\" \/>\n\t<meta name=\"twitter:data2\" content=\"1 minute\" \/>\n<script type=\"application\/ld+json\" class=\"yoast-schema-graph\">{\"@context\":\"https:\/\/schema.org\",\"@graph\":[{\"@type\":\"WebSite\",\"@id\":\"https:\/\/www.visit-ulcinj.com\/blog\/#website\",\"url\":\"https:\/\/www.visit-ulcinj.com\/blog\/\",\"name\":\"Lajme nga Ulqini\",\"description\":\"Lajme,Vijesti,Ulqini,Ulqin,Crna Gora,Mali i Zi\",\"potentialAction\":[{\"@type\":\"SearchAction\",\"target\":{\"@type\":\"EntryPoint\",\"urlTemplate\":\"https:\/\/www.visit-ulcinj.com\/blog\/?s={search_term_string}\"},\"query-input\":\"required name=search_term_string\"}],\"inLanguage\":\"en-US\"},{\"@type\":\"WebPage\",\"@id\":\"https:\/\/www.visit-ulcinj.com\/blog\/2012\/03\/21\/gjendet-nje-delfin-i-ngordhur-ne-bregdetin-e-ulqinit\/#webpage\",\"url\":\"https:\/\/www.visit-ulcinj.com\/blog\/2012\/03\/21\/gjendet-nje-delfin-i-ngordhur-ne-bregdetin-e-ulqinit\/\",\"name\":\"Gjendet nj\u00eb delfin i ngordhur n\u00eb bregdetin e Ulqinit - Lajme nga Ulqini\",\"isPartOf\":{\"@id\":\"https:\/\/www.visit-ulcinj.com\/blog\/#website\"},\"datePublished\":\"2012-03-21T18:34:53+00:00\",\"dateModified\":\"2012-03-21T18:35:49+00:00\",\"author\":{\"@id\":\"https:\/\/www.visit-ulcinj.com\/blog\/#\/schema\/person\/dcab619c614d3038751c63bc2aadc06d\"},\"description\":\"Nj\u00eb delfini i ngordhur \u00ebsht\u00eb gjetur paraditen e sotme n\u00eb bregdetin e Ulqinit. Kan\u00eb qen\u00eb disa peshkatar vendas t\u00eb cil\u00ebt gjat\u00eb patrullimit n\u00eb bregdet kan\u00eb\",\"breadcrumb\":{\"@id\":\"https:\/\/www.visit-ulcinj.com\/blog\/2012\/03\/21\/gjendet-nje-delfin-i-ngordhur-ne-bregdetin-e-ulqinit\/#breadcrumb\"},\"inLanguage\":\"en-US\",\"potentialAction\":[{\"@type\":\"ReadAction\",\"target\":[\"https:\/\/www.visit-ulcinj.com\/blog\/2012\/03\/21\/gjendet-nje-delfin-i-ngordhur-ne-bregdetin-e-ulqinit\/\"]}]},{\"@type\":\"BreadcrumbList\",\"@id\":\"https:\/\/www.visit-ulcinj.com\/blog\/2012\/03\/21\/gjendet-nje-delfin-i-ngordhur-ne-bregdetin-e-ulqinit\/#breadcrumb\",\"itemListElement\":[{\"@type\":\"ListItem\",\"position\":1,\"name\":\"Gjendet nj\u00eb delfin i ngordhur n\u00eb bregdetin e Ulqinit\"}]},{\"@type\":\"Person\",\"@id\":\"https:\/\/www.visit-ulcinj.com\/blog\/#\/schema\/person\/dcab619c614d3038751c63bc2aadc06d\",\"name\":\"ulqini\",\"sameAs\":[\"http:\/\/www.visit-ulcinj.com\"],\"url\":\"https:\/\/www.visit-ulcinj.com\/blog\/author\/admin\/\"}]}<\/script>\n<!-- \/ Yoast SEO plugin. -->","yoast_head_json":{"title":"Gjendet nj\u00eb delfin i ngordhur n\u00eb bregdetin e Ulqinit - Lajme nga Ulqini","description":"Nj\u00eb delfini i ngordhur \u00ebsht\u00eb gjetur paraditen e sotme n\u00eb bregdetin e Ulqinit. Kan\u00eb qen\u00eb disa peshkatar vendas t\u00eb cil\u00ebt gjat\u00eb patrullimit n\u00eb bregdet kan\u00eb","robots":{"index":"index","follow":"follow","max-snippet":"max-snippet:-1","max-image-preview":"max-image-preview:large","max-video-preview":"max-video-preview:-1"},"canonical":"https:\/\/www.visit-ulcinj.com\/blog\/2012\/03\/21\/gjendet-nje-delfin-i-ngordhur-ne-bregdetin-e-ulqinit\/","og_locale":"en_US","og_type":"article","og_title":"Gjendet nj\u00eb delfin i ngordhur n\u00eb bregdetin e Ulqinit - Lajme nga Ulqini","og_description":"Nj\u00eb delfini i ngordhur \u00ebsht\u00eb gjetur paraditen e sotme n\u00eb bregdetin e Ulqinit. Kan\u00eb qen\u00eb disa peshkatar vendas t\u00eb cil\u00ebt gjat\u00eb patrullimit n\u00eb bregdet kan\u00eb","og_url":"https:\/\/www.visit-ulcinj.com\/blog\/2012\/03\/21\/gjendet-nje-delfin-i-ngordhur-ne-bregdetin-e-ulqinit\/","og_site_name":"Lajme nga Ulqini","article_published_time":"2012-03-21T18:34:53+00:00","article_modified_time":"2012-03-21T18:35:49+00:00","twitter_misc":{"Written by":"ulqini","Est. reading time":"1 minute"},"schema":{"@context":"https:\/\/schema.org","@graph":[{"@type":"WebSite","@id":"https:\/\/www.visit-ulcinj.com\/blog\/#website","url":"https:\/\/www.visit-ulcinj.com\/blog\/","name":"Lajme nga Ulqini","description":"Lajme,Vijesti,Ulqini,Ulqin,Crna Gora,Mali i Zi","potentialAction":[{"@type":"SearchAction","target":{"@type":"EntryPoint","urlTemplate":"https:\/\/www.visit-ulcinj.com\/blog\/?s={search_term_string}"},"query-input":"required name=search_term_string"}],"inLanguage":"en-US"},{"@type":"WebPage","@id":"https:\/\/www.visit-ulcinj.com\/blog\/2012\/03\/21\/gjendet-nje-delfin-i-ngordhur-ne-bregdetin-e-ulqinit\/#webpage","url":"https:\/\/www.visit-ulcinj.com\/blog\/2012\/03\/21\/gjendet-nje-delfin-i-ngordhur-ne-bregdetin-e-ulqinit\/","name":"Gjendet nj\u00eb delfin i ngordhur n\u00eb bregdetin e Ulqinit - Lajme nga Ulqini","isPartOf":{"@id":"https:\/\/www.visit-ulcinj.com\/blog\/#website"},"datePublished":"2012-03-21T18:34:53+00:00","dateModified":"2012-03-21T18:35:49+00:00","author":{"@id":"https:\/\/www.visit-ulcinj.com\/blog\/#\/schema\/person\/dcab619c614d3038751c63bc2aadc06d"},"description":"Nj\u00eb delfini i ngordhur \u00ebsht\u00eb gjetur paraditen e sotme n\u00eb bregdetin e Ulqinit. Kan\u00eb qen\u00eb disa peshkatar vendas t\u00eb cil\u00ebt gjat\u00eb patrullimit n\u00eb bregdet kan\u00eb","breadcrumb":{"@id":"https:\/\/www.visit-ulcinj.com\/blog\/2012\/03\/21\/gjendet-nje-delfin-i-ngordhur-ne-bregdetin-e-ulqinit\/#breadcrumb"},"inLanguage":"en-US","potentialAction":[{"@type":"ReadAction","target":["https:\/\/www.visit-ulcinj.com\/blog\/2012\/03\/21\/gjendet-nje-delfin-i-ngordhur-ne-bregdetin-e-ulqinit\/"]}]},{"@type":"BreadcrumbList","@id":"https:\/\/www.visit-ulcinj.com\/blog\/2012\/03\/21\/gjendet-nje-delfin-i-ngordhur-ne-bregdetin-e-ulqinit\/#breadcrumb","itemListElement":[{"@type":"ListItem","position":1,"name":"Gjendet nj\u00eb delfin i ngordhur n\u00eb bregdetin e Ulqinit"}]},{"@type":"Person","@id":"https:\/\/www.visit-ulcinj.com\/blog\/#\/schema\/person\/dcab619c614d3038751c63bc2aadc06d","name":"ulqini","sameAs":["http:\/\/www.visit-ulcinj.com"],"url":"https:\/\/www.visit-ulcinj.com\/blog\/author\/admin\/"}]}},"jetpack_featured_media_url":"","jetpack_sharing_enabled":true,"jetpack_shortlink":"https:\/\/wp.me\/pe6lTn-fcA","_links":{"self":[{"href":"https:\/\/www.visit-ulcinj.com\/blog\/wp-json\/wp\/v2\/posts\/58440"}],"collection":[{"href":"https:\/\/www.visit-ulcinj.com\/blog\/wp-json\/wp\/v2\/posts"}],"about":[{"href":"https:\/\/www.visit-ulcinj.com\/blog\/wp-json\/wp\/v2\/types\/post"}],"author":[{"embeddable":true,"href":"https:\/\/www.visit-ulcinj.com\/blog\/wp-json\/wp\/v2\/users\/1"}],"replies":[{"embeddable":true,"href":"https:\/\/www.visit-ulcinj.com\/blog\/wp-json\/wp\/v2\/comments?post=58440"}],"version-history":[{"count":3,"href":"https:\/\/www.visit-ulcinj.com\/blog\/wp-json\/wp\/v2\/posts\/58440\/revisions"}],"predecessor-version":[{"id":82540,"href":"https:\/\/www.visit-ulcinj.com\/blog\/wp-json\/wp\/v2\/posts\/58440\/revisions\/82540"}],"wp:attachment":[{"href":"https:\/\/www.visit-ulcinj.com\/blog\/wp-json\/wp\/v2\/media?parent=58440"}],"wp:term":[{"taxonomy":"category","embeddable":true,"href":"https:\/\/www.visit-ulcinj.com\/blog\/wp-json\/wp\/v2\/categories?post=58440"},{"taxonomy":"post_tag","embeddable":true,"href":"https:\/\/www.visit-ulcinj.com\/blog\/wp-json\/wp\/v2\/tags?post=58440"}],"curies":[{"name":"wp","href":"https:\/\/api.w.org\/{rel}","templated":true}]}}