{"id":58462,"date":"2012-03-21T23:35:19","date_gmt":"2012-03-21T22:35:19","guid":{"rendered":"http:\/\/www.visit-ulcinj.com\/blog\/?p=58462"},"modified":"2012-03-21T23:35:19","modified_gmt":"2012-03-21T22:35:19","slug":"gara-e-dancing-cfare-kane-sakrifikuar-vip-at-per-te-fituar-kupen","status":"publish","type":"post","link":"https:\/\/www.visit-ulcinj.com\/blog\/2012\/03\/21\/gara-e-dancing-cfare-kane-sakrifikuar-vip-at-per-te-fituar-kupen\/","title":{"rendered":"Gara e \u201cDancing\u201d, \u00e7far\u00eb kan\u00eb sakrifikuar VIP-at p\u00ebr t\u00eb fituar kup\u00ebn"},"content":{"rendered":"<p><a href=\"http:\/\/www.visit-ulcinj.com\/blog\/wp-content\/uploads\/2012\/03\/Dancing-with-the-stars-Albania.jpg\"><img loading=\"lazy\" class=\"alignleft  wp-image-58463\" title=\"Dancing with the stars Albania\" src=\"http:\/\/www.visit-ulcinj.com\/blog\/wp-content\/uploads\/2012\/03\/Dancing-with-the-stars-Albania.jpg\" alt=\"\" width=\"508\" height=\"312\" \/><\/a>P\u00ebr disa prej tyre \u00ebsht\u00eb ofert\u00eb q\u00eb i ka b\u00ebr\u00eb t\u00eb vendosen para nj\u00eb dileme, nd\u00ebrsa p\u00ebr disa t\u00eb tjer\u00eb ka qen\u00eb nj\u00eb luks i v\u00ebrtet\u00eb, q\u00eb t\u00eb mund t\u00eb shfaqen n\u00eb nj\u00eb sfid\u00eb k\u00ebrcimi, mes personazhesh t\u00eb njohura. Disa m\u00eb shum\u00eb t\u00eb njohur, e disa m\u00eb pak n\u00eb spektaklin \u201cDancing with the stars\u201d, q\u00eb do t\u00eb nis\u00eb transmetimin n\u00eb ekranin e \u201cVizion Plus\u201d. N\u00eb k\u00ebt\u00eb rast do t\u00eb ket\u00eb nga ata q\u00eb do ken\u00eb mund\u00ebsi t\u00eb shk\u00eblqejn\u00eb m\u00eb shum\u00eb se kurr\u00eb n\u00eb jet\u00eb, apo t\u00eb tjer\u00eb q\u00eb t\u00eb eklipsojn\u00eb fam\u00ebn e tyre.<\/p>\n<p>Gjith\u00e7ka varet nga p\u00ebrvet\u00ebsimi i numrave t\u00eb k\u00ebrcimit nga java n\u00eb jav\u00eb dhe fati p\u00ebr t\u00eb marr\u00eb sa m\u00eb shum\u00eb pik\u00eb nga juria e p\u00ebrb\u00ebr\u00eb nga Ilir Shaqiri, Iva Ti\u00e7o dhe Alfred Ka\u00e7inari. Personazhet e njohura vihen t\u00eb provojn\u00eb k\u00ebt\u00eb reality show, ku kan\u00eb marr\u00eb parasysh q\u00eb t\u00eb shk\u00ebputen pothuaj nga jeta e tyre dhe angazhimet e p\u00ebrditshme. Por \u00e7far\u00eb kan\u00eb sakrifikuar personazhet VIP t\u00eb edicionit t\u00eb ri, p\u00ebr t\u00eb pranuar ofert\u00ebn e producentes Olta Dulaku, ofert\u00eb q\u00eb n\u00eb fund t\u00eb fundit do t\u00eb ket\u00eb vet\u00ebm nj\u00eb fitues.<br \/>\n<a href=\"http:\/\/www.visit-ulcinj.com\/blog\/wp-content\/uploads\/2012\/03\/aferditaseldiadelina.jpg\"><img loading=\"lazy\" class=\"alignleft  wp-image-58464\" title=\"aferditaseldiadelina\" src=\"http:\/\/www.visit-ulcinj.com\/blog\/wp-content\/uploads\/2012\/03\/aferditaseldiadelina.jpg\" alt=\"\" width=\"508\" height=\"300\" \/><\/a><\/p>\n<p><strong>Elvana, Seldi, Af\u00ebrdita, Adelina shtyjn\u00eb koncertet p\u00ebr fundjav\u00eb <\/strong><br \/>\nJan\u00eb kat\u00ebr k\u00ebng\u00ebtar\u00eb, q\u00eb kan\u00eb nj\u00eb axhend\u00eb t\u00eb mir\u00eb koncertesh, sidomos n\u00eb diaspor\u00eb. Ndaj, kan\u00eb qen\u00eb v\u00ebrtet n\u00eb dilem\u00eb n\u00ebse ia vlente t\u00eb linin koncertet p\u00ebr gar\u00ebn e k\u00ebrcimit. Elvana dhe Seldi jan\u00eb dy k\u00ebng\u00ebtar\u00ebt q\u00eb kan\u00eb axhenda v\u00ebrtet t\u00eb ngjeshura me koncerte, dhe pas tyre vijn\u00eb Af\u00ebrdita dhe Adelina, t\u00eb cilat tashm\u00eb kan\u00eb hyr\u00eb n\u00eb tregun e muzik\u00ebs edhe n\u00eb Shqip\u00ebri. N\u00eb var\u00ebsi t\u00eb loj\u00ebs do t\u00eb sh\u00ebnohen dhe minuset e parave nga koncertet q\u00eb s\u2019do mund t\u00eb shkojn\u00eb. Elvana, s\u00eb bashku me Flori Mumajesin dhe Andy Gram, nd\u00ebrsa Seldi pas ndarjes nga Sinan Hoxha duket se ka m\u00eb shum\u00eb fat me koncertet, duke marr\u00eb gjithmon\u00eb e m\u00eb shum\u00eb oferta. Nd\u00ebrkoh\u00eb q\u00eb vajzat Af\u00ebrdita dhe Adelina, pasi kan\u00eb investuar n\u00eb Shqip\u00ebri p\u00ebr karrier\u00ebn e tyre, duket se nuk kan\u00eb rrezikuar ndonj\u00eb gj\u00eb t\u00eb madhe p\u00ebr t\u00eb marr\u00eb pjes\u00eb n\u00eb k\u00ebt\u00eb gar\u00eb.<\/p>\n<p><strong>Ornela Bregu, Anjeza, Zhaku,\u00a0 Niada, Xhani Shqerra, shansi p\u00ebr t\u2019u rishfaqur n\u00eb ekran <\/strong><br \/>\nT\u00eb kat\u00ebr vajzat duket se nuk kan\u00eb pasur asnj\u00eb dilem\u00eb p\u00ebr t\u00eb pranuar k\u00ebt\u00eb ofert\u00eb nga DWS, pasi p\u00ebr to mund t\u00eb konsiderohet nj\u00eb rast i mir\u00eb p\u00ebr t\u2019u shfaqur n\u00eb ekran. Po ashtu dhe p\u00ebr modelin e k\u00ebng\u00ebtarin e ardhur nga Italia, Xhani Shqerra. Ornela Bregu, e cila prej koh\u00ebsh nuk \u00ebsht\u00eb par\u00eb t\u00eb shfaqet n\u00eb ekran, duket se n\u00eb k\u00ebto momente do t\u00eb shfaqet n\u00eb dy ekrane paralelisht. Nd\u00ebrkoh\u00eb q\u00eb luan te seriali \u201cNj\u00eb dado p\u00ebr babin\u201d si e ftuar VIP n\u00eb kanalin \u201cT\u201d, ajo do t\u00eb garoj\u00eb n\u00eb k\u00ebrcim me personazhet e tjera. Po ashtu p\u00ebr Anjeza Maj\u00ebn, pas largimit nga TV Klan, ky mund t\u00eb konsiderohet nj\u00eb rikthim n\u00eb ekran. Gjithashtu p\u00ebr Zhakun, e cila pas disa programeve t\u00eb saj n\u00eb televizion dhe klipeve t\u00eb saj personal\u00eb, tashm\u00eb q\u00eb merret me realizimin e klipeve n\u00eb \u201cMax Production\u201d nuk po rrezikon asgj\u00eb, aq m\u00eb tep\u00ebr q\u00eb ky \u00ebsht\u00eb nj\u00eb spektak\u00ebl plot ekzibicioniz\u00ebm, q\u00eb ajo di ta b\u00ebj\u00eb mir\u00eb. Dhe aktorja Niada Saliasi dhe k\u00ebng\u00ebtari Xhani Shqerra kan\u00eb qen\u00eb e gatsh\u00ebm p\u00ebr t\u00eb pranuar nj\u00eb ofert\u00eb t\u00eb till\u00eb, q\u00eb mund t\u2019i b\u00ebj\u00eb m\u00eb t\u00eb famsh\u00ebm, ajo nj\u00eb aktore e re n\u00eb Shqip\u00ebri, nd\u00ebrsa ai nj\u00eb model dhe k\u00ebng\u00ebtar q\u00eb vjen nga Italia.<br \/>\n<strong><\/strong><\/p>\n<p><strong>Vedat Ademi dhe Dren Abazi braktisin koncertet \u201clive\u201d<\/strong><br \/>\nDy k\u00ebng\u00ebtar\u00ebt nga Kosova, tashm\u00eb t\u00eb vendosur n\u00eb Shqip\u00ebri, p\u00ebr hir t\u00eb k\u00ebtij show kan\u00eb hequr dor\u00eb nga koncertet \u201clive\u201d. Ve\u00e7an\u00ebrisht Vedat Ademi, i cili vitet e fundit \u00ebsht\u00eb nd\u00ebr m\u00eb t\u00eb k\u00ebrkuarit n\u00eb jet\u00ebn e nat\u00ebs n\u00eb Tiran\u00eb, ka vendosur ta konsiderojn\u00eb si nj\u00eb moment ndryshe n\u00eb karrier\u00ebn e tij, duke hequr dor\u00eb nga e k\u00ebnduara \u201clive\u201d, ve\u00e7an\u00ebrisht t\u00eb enjten, q\u00eb \u00ebsht\u00eb nata e spektaklit n\u00eb \u201cVizion Plus\u201d. Nd\u00ebrsa Dren Abazi, i cili \u00ebsht\u00eb shfaqur q\u00eb pas pjes\u00ebmarrjes s\u00eb tij n\u00eb \u201cTop Fest\u201d n\u00eb bashk\u00ebpunim me Anjeza Shahinin, e ka menduar k\u00ebt\u00eb spektak\u00ebl si nj\u00eb rast t\u00eb mir\u00eb p\u00ebr m\u00eb shum\u00eb publicitet p\u00ebr emrin e tij n\u00eb Shqip\u00ebri.<\/p>\n<p><strong>Tan Imami dhe Bujar Kapexhiu, projektet jasht\u00eb gar\u00ebs <\/strong><br \/>\nDy aktor\u00ebt marrin pjes\u00eb n\u00eb k\u00ebt\u00eb gar\u00eb, duke l\u00ebn\u00eb p\u00ebr pak projektet n\u00eb jet\u00ebn e tyre. Tan Imami, i cili ka qen\u00eb s\u00eb fundi prezent n\u00eb teat\u00ebr, paralelisht po punon p\u00ebr nj\u00eb premier\u00eb n\u00eb teat\u00ebr, q\u00eb pritet t\u00eb shfaqet k\u00ebto dit\u00eb. Nd\u00ebrsa Bujar Kapexhiu mund t\u00eb konsiderohet si personazh i njohur n\u00eb gar\u00eb, q\u00eb ka ambicien m\u00eb t\u00eb madhe p\u00ebr t\u2019i sfiduar t\u00eb gjitha, si\u00e7 b\u00ebri aktori Enver Petrovci ecicionin e kaluar. Ende nuk dihet se sa \u00ebsht\u00eb vlera e trofeut t\u00eb \u201cDancing with th\u00eb stars\u201d k\u00ebt\u00eb vit. Ami dhe Ermali jan\u00eb prezantuesit e formatit, nd\u00ebrsa \u00e7ifti i balerin\u00ebve Enada dhe Gert Vaso jan\u00eb koreoagraf\u00ebt e produksionit. Pavar\u00ebsisht pjes\u00ebmarrjes s\u00eb disa meshkujve VIP, thuhet se gara k\u00ebt\u00eb vit \u00ebsht\u00eb mes femrave seksi, edhe p\u00ebr faktin se dy edicionet e kaluara jan\u00eb fituar nga dy meshkuj, modeli Oni Pustina dhe aktori kosovar, Enver Petrovci.<\/p>\n<p><strong>BESARTA KADIU \u00a0PanoramaPlus<br \/>\n<!--YouTube Error: bad URL entered--><br \/>\n<\/strong><\/p>\n","protected":false},"excerpt":{"rendered":"<p>P\u00ebr disa prej tyre \u00ebsht\u00eb ofert\u00eb q\u00eb i ka b\u00ebr\u00eb t\u00eb vendosen para nj\u00eb dileme, nd\u00ebrsa p\u00ebr disa t\u00eb tjer\u00eb ka qen\u00eb nj\u00eb luks i v\u00ebrtet\u00eb, q\u00eb t\u00eb mund t\u00eb shfaqen n\u00eb nj\u00eb sfid\u00eb k\u00ebrcimi, mes personazhesh t\u00eb njohura. Disa m\u00eb shum\u00eb t\u00eb njohur, e disa m\u00eb pak n\u00eb spektaklin \u201cDancing with the stars\u201d, q\u00eb [&hellip;]<\/p>\n","protected":false},"author":1,"featured_media":0,"comment_status":"open","ping_status":"closed","sticky":false,"template":"","format":"standard","meta":{"spay_email":"","jetpack_publicize_message":"","jetpack_is_tweetstorm":false,"jetpack_publicize_feature_enabled":true},"categories":[1],"tags":[6597,6121,16810,7760,19806,16036,19514,19511,4684,19460],"jetpack_publicize_connections":[],"yoast_head":"<!-- This site is optimized with the Yoast SEO plugin v19.1 - https:\/\/yoast.com\/wordpress\/plugins\/seo\/ -->\n<title>Gara e \u201cDancing\u201d, \u00e7far\u00eb kan\u00eb sakrifikuar VIP-at p\u00ebr t\u00eb fituar kup\u00ebn - Lajme nga Ulqini<\/title>\n<meta name=\"description\" content=\"P\u00ebr disa prej tyre \u00ebsht\u00eb ofert\u00eb q\u00eb i ka b\u00ebr\u00eb t\u00eb vendosen para nj\u00eb dileme, nd\u00ebrsa p\u00ebr disa t\u00eb tjer\u00eb ka qen\u00eb nj\u00eb luks i v\u00ebrtet\u00eb, q\u00eb t\u00eb mund t\u00eb shfaqen n\u00eb\" \/>\n<meta name=\"robots\" content=\"index, follow, max-snippet:-1, max-image-preview:large, max-video-preview:-1\" \/>\n<link rel=\"canonical\" href=\"https:\/\/www.visit-ulcinj.com\/blog\/2012\/03\/21\/gara-e-dancing-cfare-kane-sakrifikuar-vip-at-per-te-fituar-kupen\/\" \/>\n<meta property=\"og:locale\" content=\"en_US\" \/>\n<meta property=\"og:type\" content=\"article\" \/>\n<meta property=\"og:title\" content=\"Gara e \u201cDancing\u201d, \u00e7far\u00eb kan\u00eb sakrifikuar VIP-at p\u00ebr t\u00eb fituar kup\u00ebn - Lajme nga Ulqini\" \/>\n<meta property=\"og:description\" content=\"P\u00ebr disa prej tyre \u00ebsht\u00eb ofert\u00eb q\u00eb i ka b\u00ebr\u00eb t\u00eb vendosen para nj\u00eb dileme, nd\u00ebrsa p\u00ebr disa t\u00eb tjer\u00eb ka qen\u00eb nj\u00eb luks i v\u00ebrtet\u00eb, q\u00eb t\u00eb mund t\u00eb shfaqen n\u00eb\" \/>\n<meta property=\"og:url\" content=\"https:\/\/www.visit-ulcinj.com\/blog\/2012\/03\/21\/gara-e-dancing-cfare-kane-sakrifikuar-vip-at-per-te-fituar-kupen\/\" \/>\n<meta property=\"og:site_name\" content=\"Lajme nga Ulqini\" \/>\n<meta property=\"article:published_time\" content=\"2012-03-21T22:35:19+00:00\" \/>\n<meta property=\"og:image\" content=\"http:\/\/www.visit-ulcinj.com\/blog\/wp-content\/uploads\/2012\/03\/Dancing-with-the-stars-Albania.jpg\" \/>\n<meta name=\"twitter:label1\" content=\"Written by\" \/>\n\t<meta name=\"twitter:data1\" content=\"ulqini\" \/>\n\t<meta name=\"twitter:label2\" content=\"Est. reading time\" \/>\n\t<meta name=\"twitter:data2\" content=\"5 minutes\" \/>\n<script type=\"application\/ld+json\" class=\"yoast-schema-graph\">{\"@context\":\"https:\/\/schema.org\",\"@graph\":[{\"@type\":\"WebSite\",\"@id\":\"https:\/\/www.visit-ulcinj.com\/blog\/#website\",\"url\":\"https:\/\/www.visit-ulcinj.com\/blog\/\",\"name\":\"Lajme nga Ulqini\",\"description\":\"Lajme,Vijesti,Ulqini,Ulqin,Crna Gora,Mali i Zi\",\"potentialAction\":[{\"@type\":\"SearchAction\",\"target\":{\"@type\":\"EntryPoint\",\"urlTemplate\":\"https:\/\/www.visit-ulcinj.com\/blog\/?s={search_term_string}\"},\"query-input\":\"required name=search_term_string\"}],\"inLanguage\":\"en-US\"},{\"@type\":\"ImageObject\",\"inLanguage\":\"en-US\",\"@id\":\"https:\/\/www.visit-ulcinj.com\/blog\/2012\/03\/21\/gara-e-dancing-cfare-kane-sakrifikuar-vip-at-per-te-fituar-kupen\/#primaryimage\",\"url\":\"http:\/\/www.visit-ulcinj.com\/blog\/wp-content\/uploads\/2012\/03\/Dancing-with-the-stars-Albania.jpg\",\"contentUrl\":\"http:\/\/www.visit-ulcinj.com\/blog\/wp-content\/uploads\/2012\/03\/Dancing-with-the-stars-Albania.jpg\"},{\"@type\":\"WebPage\",\"@id\":\"https:\/\/www.visit-ulcinj.com\/blog\/2012\/03\/21\/gara-e-dancing-cfare-kane-sakrifikuar-vip-at-per-te-fituar-kupen\/#webpage\",\"url\":\"https:\/\/www.visit-ulcinj.com\/blog\/2012\/03\/21\/gara-e-dancing-cfare-kane-sakrifikuar-vip-at-per-te-fituar-kupen\/\",\"name\":\"Gara e \u201cDancing\u201d, \u00e7far\u00eb kan\u00eb sakrifikuar VIP-at p\u00ebr t\u00eb fituar kup\u00ebn - Lajme nga Ulqini\",\"isPartOf\":{\"@id\":\"https:\/\/www.visit-ulcinj.com\/blog\/#website\"},\"primaryImageOfPage\":{\"@id\":\"https:\/\/www.visit-ulcinj.com\/blog\/2012\/03\/21\/gara-e-dancing-cfare-kane-sakrifikuar-vip-at-per-te-fituar-kupen\/#primaryimage\"},\"datePublished\":\"2012-03-21T22:35:19+00:00\",\"dateModified\":\"2012-03-21T22:35:19+00:00\",\"author\":{\"@id\":\"https:\/\/www.visit-ulcinj.com\/blog\/#\/schema\/person\/dcab619c614d3038751c63bc2aadc06d\"},\"description\":\"P\u00ebr disa prej tyre \u00ebsht\u00eb ofert\u00eb q\u00eb i ka b\u00ebr\u00eb t\u00eb vendosen para nj\u00eb dileme, nd\u00ebrsa p\u00ebr disa t\u00eb tjer\u00eb ka qen\u00eb nj\u00eb luks i v\u00ebrtet\u00eb, q\u00eb t\u00eb mund t\u00eb shfaqen n\u00eb\",\"breadcrumb\":{\"@id\":\"https:\/\/www.visit-ulcinj.com\/blog\/2012\/03\/21\/gara-e-dancing-cfare-kane-sakrifikuar-vip-at-per-te-fituar-kupen\/#breadcrumb\"},\"inLanguage\":\"en-US\",\"potentialAction\":[{\"@type\":\"ReadAction\",\"target\":[\"https:\/\/www.visit-ulcinj.com\/blog\/2012\/03\/21\/gara-e-dancing-cfare-kane-sakrifikuar-vip-at-per-te-fituar-kupen\/\"]}]},{\"@type\":\"BreadcrumbList\",\"@id\":\"https:\/\/www.visit-ulcinj.com\/blog\/2012\/03\/21\/gara-e-dancing-cfare-kane-sakrifikuar-vip-at-per-te-fituar-kupen\/#breadcrumb\",\"itemListElement\":[{\"@type\":\"ListItem\",\"position\":1,\"name\":\"Gara e \u201cDancing\u201d, \u00e7far\u00eb kan\u00eb sakrifikuar VIP-at p\u00ebr t\u00eb fituar kup\u00ebn\"}]},{\"@type\":\"Person\",\"@id\":\"https:\/\/www.visit-ulcinj.com\/blog\/#\/schema\/person\/dcab619c614d3038751c63bc2aadc06d\",\"name\":\"ulqini\",\"sameAs\":[\"http:\/\/www.visit-ulcinj.com\"],\"url\":\"https:\/\/www.visit-ulcinj.com\/blog\/author\/admin\/\"}]}<\/script>\n<!-- \/ Yoast SEO plugin. -->","yoast_head_json":{"title":"Gara e \u201cDancing\u201d, \u00e7far\u00eb kan\u00eb sakrifikuar VIP-at p\u00ebr t\u00eb fituar kup\u00ebn - Lajme nga Ulqini","description":"P\u00ebr disa prej tyre \u00ebsht\u00eb ofert\u00eb q\u00eb i ka b\u00ebr\u00eb t\u00eb vendosen para nj\u00eb dileme, nd\u00ebrsa p\u00ebr disa t\u00eb tjer\u00eb ka qen\u00eb nj\u00eb luks i v\u00ebrtet\u00eb, q\u00eb t\u00eb mund t\u00eb shfaqen n\u00eb","robots":{"index":"index","follow":"follow","max-snippet":"max-snippet:-1","max-image-preview":"max-image-preview:large","max-video-preview":"max-video-preview:-1"},"canonical":"https:\/\/www.visit-ulcinj.com\/blog\/2012\/03\/21\/gara-e-dancing-cfare-kane-sakrifikuar-vip-at-per-te-fituar-kupen\/","og_locale":"en_US","og_type":"article","og_title":"Gara e \u201cDancing\u201d, \u00e7far\u00eb kan\u00eb sakrifikuar VIP-at p\u00ebr t\u00eb fituar kup\u00ebn - Lajme nga Ulqini","og_description":"P\u00ebr disa prej tyre \u00ebsht\u00eb ofert\u00eb q\u00eb i ka b\u00ebr\u00eb t\u00eb vendosen para nj\u00eb dileme, nd\u00ebrsa p\u00ebr disa t\u00eb tjer\u00eb ka qen\u00eb nj\u00eb luks i v\u00ebrtet\u00eb, q\u00eb t\u00eb mund t\u00eb shfaqen n\u00eb","og_url":"https:\/\/www.visit-ulcinj.com\/blog\/2012\/03\/21\/gara-e-dancing-cfare-kane-sakrifikuar-vip-at-per-te-fituar-kupen\/","og_site_name":"Lajme nga Ulqini","article_published_time":"2012-03-21T22:35:19+00:00","og_image":[{"url":"http:\/\/www.visit-ulcinj.com\/blog\/wp-content\/uploads\/2012\/03\/Dancing-with-the-stars-Albania.jpg"}],"twitter_misc":{"Written by":"ulqini","Est. reading time":"5 minutes"},"schema":{"@context":"https:\/\/schema.org","@graph":[{"@type":"WebSite","@id":"https:\/\/www.visit-ulcinj.com\/blog\/#website","url":"https:\/\/www.visit-ulcinj.com\/blog\/","name":"Lajme nga Ulqini","description":"Lajme,Vijesti,Ulqini,Ulqin,Crna Gora,Mali i Zi","potentialAction":[{"@type":"SearchAction","target":{"@type":"EntryPoint","urlTemplate":"https:\/\/www.visit-ulcinj.com\/blog\/?s={search_term_string}"},"query-input":"required name=search_term_string"}],"inLanguage":"en-US"},{"@type":"ImageObject","inLanguage":"en-US","@id":"https:\/\/www.visit-ulcinj.com\/blog\/2012\/03\/21\/gara-e-dancing-cfare-kane-sakrifikuar-vip-at-per-te-fituar-kupen\/#primaryimage","url":"http:\/\/www.visit-ulcinj.com\/blog\/wp-content\/uploads\/2012\/03\/Dancing-with-the-stars-Albania.jpg","contentUrl":"http:\/\/www.visit-ulcinj.com\/blog\/wp-content\/uploads\/2012\/03\/Dancing-with-the-stars-Albania.jpg"},{"@type":"WebPage","@id":"https:\/\/www.visit-ulcinj.com\/blog\/2012\/03\/21\/gara-e-dancing-cfare-kane-sakrifikuar-vip-at-per-te-fituar-kupen\/#webpage","url":"https:\/\/www.visit-ulcinj.com\/blog\/2012\/03\/21\/gara-e-dancing-cfare-kane-sakrifikuar-vip-at-per-te-fituar-kupen\/","name":"Gara e \u201cDancing\u201d, \u00e7far\u00eb kan\u00eb sakrifikuar VIP-at p\u00ebr t\u00eb fituar kup\u00ebn - Lajme nga Ulqini","isPartOf":{"@id":"https:\/\/www.visit-ulcinj.com\/blog\/#website"},"primaryImageOfPage":{"@id":"https:\/\/www.visit-ulcinj.com\/blog\/2012\/03\/21\/gara-e-dancing-cfare-kane-sakrifikuar-vip-at-per-te-fituar-kupen\/#primaryimage"},"datePublished":"2012-03-21T22:35:19+00:00","dateModified":"2012-03-21T22:35:19+00:00","author":{"@id":"https:\/\/www.visit-ulcinj.com\/blog\/#\/schema\/person\/dcab619c614d3038751c63bc2aadc06d"},"description":"P\u00ebr disa prej tyre \u00ebsht\u00eb ofert\u00eb q\u00eb i ka b\u00ebr\u00eb t\u00eb vendosen para nj\u00eb dileme, nd\u00ebrsa p\u00ebr disa t\u00eb tjer\u00eb ka qen\u00eb nj\u00eb luks i v\u00ebrtet\u00eb, q\u00eb t\u00eb mund t\u00eb shfaqen n\u00eb","breadcrumb":{"@id":"https:\/\/www.visit-ulcinj.com\/blog\/2012\/03\/21\/gara-e-dancing-cfare-kane-sakrifikuar-vip-at-per-te-fituar-kupen\/#breadcrumb"},"inLanguage":"en-US","potentialAction":[{"@type":"ReadAction","target":["https:\/\/www.visit-ulcinj.com\/blog\/2012\/03\/21\/gara-e-dancing-cfare-kane-sakrifikuar-vip-at-per-te-fituar-kupen\/"]}]},{"@type":"BreadcrumbList","@id":"https:\/\/www.visit-ulcinj.com\/blog\/2012\/03\/21\/gara-e-dancing-cfare-kane-sakrifikuar-vip-at-per-te-fituar-kupen\/#breadcrumb","itemListElement":[{"@type":"ListItem","position":1,"name":"Gara e \u201cDancing\u201d, \u00e7far\u00eb kan\u00eb sakrifikuar VIP-at p\u00ebr t\u00eb fituar kup\u00ebn"}]},{"@type":"Person","@id":"https:\/\/www.visit-ulcinj.com\/blog\/#\/schema\/person\/dcab619c614d3038751c63bc2aadc06d","name":"ulqini","sameAs":["http:\/\/www.visit-ulcinj.com"],"url":"https:\/\/www.visit-ulcinj.com\/blog\/author\/admin\/"}]}},"jetpack_featured_media_url":"","jetpack_sharing_enabled":true,"jetpack_shortlink":"https:\/\/wp.me\/pe6lTn-fcW","_links":{"self":[{"href":"https:\/\/www.visit-ulcinj.com\/blog\/wp-json\/wp\/v2\/posts\/58462"}],"collection":[{"href":"https:\/\/www.visit-ulcinj.com\/blog\/wp-json\/wp\/v2\/posts"}],"about":[{"href":"https:\/\/www.visit-ulcinj.com\/blog\/wp-json\/wp\/v2\/types\/post"}],"author":[{"embeddable":true,"href":"https:\/\/www.visit-ulcinj.com\/blog\/wp-json\/wp\/v2\/users\/1"}],"replies":[{"embeddable":true,"href":"https:\/\/www.visit-ulcinj.com\/blog\/wp-json\/wp\/v2\/comments?post=58462"}],"version-history":[{"count":1,"href":"https:\/\/www.visit-ulcinj.com\/blog\/wp-json\/wp\/v2\/posts\/58462\/revisions"}],"predecessor-version":[{"id":58465,"href":"https:\/\/www.visit-ulcinj.com\/blog\/wp-json\/wp\/v2\/posts\/58462\/revisions\/58465"}],"wp:attachment":[{"href":"https:\/\/www.visit-ulcinj.com\/blog\/wp-json\/wp\/v2\/media?parent=58462"}],"wp:term":[{"taxonomy":"category","embeddable":true,"href":"https:\/\/www.visit-ulcinj.com\/blog\/wp-json\/wp\/v2\/categories?post=58462"},{"taxonomy":"post_tag","embeddable":true,"href":"https:\/\/www.visit-ulcinj.com\/blog\/wp-json\/wp\/v2\/tags?post=58462"}],"curies":[{"name":"wp","href":"https:\/\/api.w.org\/{rel}","templated":true}]}}