{"id":58467,"date":"2012-03-21T23:40:47","date_gmt":"2012-03-21T22:40:47","guid":{"rendered":"http:\/\/www.visit-ulcinj.com\/blog\/?p=58467"},"modified":"2012-03-21T23:40:47","modified_gmt":"2012-03-21T22:40:47","slug":"afer-dhe-larg-i-elvana-gjates-nominohet-si-videoklipi-me-i-mire-ne-ballkan","status":"publish","type":"post","link":"https:\/\/www.visit-ulcinj.com\/blog\/2012\/03\/21\/afer-dhe-larg-i-elvana-gjates-nominohet-si-videoklipi-me-i-mire-ne-ballkan\/","title":{"rendered":"\u201cAf\u00ebr Dhe Larg\u201d, i Elvana Gjat\u00ebs nominohet si videoklipi m\u00eb i mir\u00eb n\u00eb Ballkan"},"content":{"rendered":"<p><a href=\"http:\/\/www.visit-ulcinj.com\/blog\/wp-content\/uploads\/2012\/03\/Elvana-Gjata.jpg\"><img loading=\"lazy\" class=\"alignleft  wp-image-58468\" title=\"Elvana Gjata\" src=\"http:\/\/www.visit-ulcinj.com\/blog\/wp-content\/uploads\/2012\/03\/Elvana-Gjata.jpg\" alt=\"\" width=\"508\" height=\"314\" \/><\/a>Videoklipi \u201cAf\u00ebr dhe Larg\u201d i k\u00ebng\u00ebtares, Elvana Gjata \u00ebsht\u00eb nominuar si nj\u00eb nd\u00ebr 5 videoklipet m\u00eb t\u00eb mira t\u00eb Ballkanit, p\u00ebr vitin 2011. P\u00ebr her\u00eb t\u00eb par\u00eb nj\u00eb k\u00ebng\u00ebtare shqiptare do t\u00eb konkurroj\u00eb me emrat m\u00eb t\u00eb njohur n\u00eb Ballkan.<\/p>\n<p>Lajmin e ka b\u00ebr\u00eb t\u00eb ditur vet producenti i k\u00ebng\u00ebs, Flori Mumajesi n\u00eb statusin e tij n\u00eb Facebook. \u201c1.000.000 Alexandra Stan feat.Carlprit, Af\u00ebr Dhe Larg Elvana Gjata, Grad Bez Ljudi Severina, Metak Sa Posvetom Lepa Brena, Fly to stay alive Slaveya Nedelcheva Manga\u201d, b\u00ebn t\u00eb ditur Flori.<\/p>\n<p>Videoklipi \u201cAf\u00ebr dhe Larg\u201d, \u00ebsht\u00eb realizuar ver\u00ebn e kaluar n\u00eb ishullin San Torini n\u00eb Greqi. K\u00ebnga u mir\u00ebprit dhe u p\u00eblqyeu shum\u00eb nga publiku shqiptar.<\/p>\n<!--YouTube Error: bad URL entered-->\n","protected":false},"excerpt":{"rendered":"<p>Videoklipi \u201cAf\u00ebr dhe Larg\u201d i k\u00ebng\u00ebtares, Elvana Gjata \u00ebsht\u00eb nominuar si nj\u00eb nd\u00ebr 5 videoklipet m\u00eb t\u00eb mira t\u00eb Ballkanit, p\u00ebr vitin 2011. P\u00ebr her\u00eb t\u00eb par\u00eb nj\u00eb k\u00ebng\u00ebtare shqiptare do t\u00eb konkurroj\u00eb me emrat m\u00eb t\u00eb njohur n\u00eb Ballkan. Lajmin e ka b\u00ebr\u00eb t\u00eb ditur vet producenti i k\u00ebng\u00ebs, Flori Mumajesi n\u00eb statusin e [&hellip;]<\/p>\n","protected":false},"author":1,"featured_media":0,"comment_status":"open","ping_status":"closed","sticky":false,"template":"","format":"standard","meta":{"spay_email":"","jetpack_publicize_message":"","jetpack_is_tweetstorm":false,"jetpack_publicize_feature_enabled":true},"categories":[1],"tags":[19677,7760,19806,16036,19514,19511,4684,19460],"jetpack_publicize_connections":[],"yoast_head":"<!-- This site is optimized with the Yoast SEO plugin v19.1 - https:\/\/yoast.com\/wordpress\/plugins\/seo\/ -->\n<title>\u201cAf\u00ebr Dhe Larg\u201d, i Elvana Gjat\u00ebs nominohet si videoklipi m\u00eb i mir\u00eb n\u00eb Ballkan - Lajme nga Ulqini<\/title>\n<meta name=\"description\" content=\"Videoklipi \u201cAf\u00ebr dhe Larg\u201d i k\u00ebng\u00ebtares, Elvana Gjata \u00ebsht\u00eb nominuar si nj\u00eb nd\u00ebr 5 videoklipet m\u00eb t\u00eb mira t\u00eb Ballkanit, p\u00ebr vitin 2011. P\u00ebr her\u00eb t\u00eb par\u00eb\" \/>\n<meta name=\"robots\" content=\"index, follow, max-snippet:-1, max-image-preview:large, max-video-preview:-1\" \/>\n<link rel=\"canonical\" href=\"https:\/\/www.visit-ulcinj.com\/blog\/2012\/03\/21\/afer-dhe-larg-i-elvana-gjates-nominohet-si-videoklipi-me-i-mire-ne-ballkan\/\" \/>\n<meta property=\"og:locale\" content=\"en_US\" \/>\n<meta property=\"og:type\" content=\"article\" \/>\n<meta property=\"og:title\" content=\"\u201cAf\u00ebr Dhe Larg\u201d, i Elvana Gjat\u00ebs nominohet si videoklipi m\u00eb i mir\u00eb n\u00eb Ballkan - Lajme nga Ulqini\" \/>\n<meta property=\"og:description\" content=\"Videoklipi \u201cAf\u00ebr dhe Larg\u201d i k\u00ebng\u00ebtares, Elvana Gjata \u00ebsht\u00eb nominuar si nj\u00eb nd\u00ebr 5 videoklipet m\u00eb t\u00eb mira t\u00eb Ballkanit, p\u00ebr vitin 2011. P\u00ebr her\u00eb t\u00eb par\u00eb\" \/>\n<meta property=\"og:url\" content=\"https:\/\/www.visit-ulcinj.com\/blog\/2012\/03\/21\/afer-dhe-larg-i-elvana-gjates-nominohet-si-videoklipi-me-i-mire-ne-ballkan\/\" \/>\n<meta property=\"og:site_name\" content=\"Lajme nga Ulqini\" \/>\n<meta property=\"article:published_time\" content=\"2012-03-21T22:40:47+00:00\" \/>\n<meta property=\"og:image\" content=\"http:\/\/www.visit-ulcinj.com\/blog\/wp-content\/uploads\/2012\/03\/Elvana-Gjata.jpg\" \/>\n<meta name=\"twitter:label1\" content=\"Written by\" \/>\n\t<meta name=\"twitter:data1\" content=\"ulqini\" \/>\n\t<meta name=\"twitter:label2\" content=\"Est. reading time\" \/>\n\t<meta name=\"twitter:data2\" content=\"1 minute\" \/>\n<script type=\"application\/ld+json\" class=\"yoast-schema-graph\">{\"@context\":\"https:\/\/schema.org\",\"@graph\":[{\"@type\":\"WebSite\",\"@id\":\"https:\/\/www.visit-ulcinj.com\/blog\/#website\",\"url\":\"https:\/\/www.visit-ulcinj.com\/blog\/\",\"name\":\"Lajme nga Ulqini\",\"description\":\"Lajme,Vijesti,Ulqini,Ulqin,Crna Gora,Mali i Zi\",\"potentialAction\":[{\"@type\":\"SearchAction\",\"target\":{\"@type\":\"EntryPoint\",\"urlTemplate\":\"https:\/\/www.visit-ulcinj.com\/blog\/?s={search_term_string}\"},\"query-input\":\"required name=search_term_string\"}],\"inLanguage\":\"en-US\"},{\"@type\":\"ImageObject\",\"inLanguage\":\"en-US\",\"@id\":\"https:\/\/www.visit-ulcinj.com\/blog\/2012\/03\/21\/afer-dhe-larg-i-elvana-gjates-nominohet-si-videoklipi-me-i-mire-ne-ballkan\/#primaryimage\",\"url\":\"https:\/\/www.visit-ulcinj.com\/blog\/wp-content\/uploads\/2012\/03\/Elvana-Gjata.jpg\",\"contentUrl\":\"https:\/\/www.visit-ulcinj.com\/blog\/wp-content\/uploads\/2012\/03\/Elvana-Gjata.jpg\",\"width\":\"560\",\"height\":\"314\"},{\"@type\":\"WebPage\",\"@id\":\"https:\/\/www.visit-ulcinj.com\/blog\/2012\/03\/21\/afer-dhe-larg-i-elvana-gjates-nominohet-si-videoklipi-me-i-mire-ne-ballkan\/#webpage\",\"url\":\"https:\/\/www.visit-ulcinj.com\/blog\/2012\/03\/21\/afer-dhe-larg-i-elvana-gjates-nominohet-si-videoklipi-me-i-mire-ne-ballkan\/\",\"name\":\"\u201cAf\u00ebr Dhe Larg\u201d, i Elvana Gjat\u00ebs nominohet si videoklipi m\u00eb i mir\u00eb n\u00eb Ballkan - Lajme nga Ulqini\",\"isPartOf\":{\"@id\":\"https:\/\/www.visit-ulcinj.com\/blog\/#website\"},\"primaryImageOfPage\":{\"@id\":\"https:\/\/www.visit-ulcinj.com\/blog\/2012\/03\/21\/afer-dhe-larg-i-elvana-gjates-nominohet-si-videoklipi-me-i-mire-ne-ballkan\/#primaryimage\"},\"datePublished\":\"2012-03-21T22:40:47+00:00\",\"dateModified\":\"2012-03-21T22:40:47+00:00\",\"author\":{\"@id\":\"https:\/\/www.visit-ulcinj.com\/blog\/#\/schema\/person\/dcab619c614d3038751c63bc2aadc06d\"},\"description\":\"Videoklipi \u201cAf\u00ebr dhe Larg\u201d i k\u00ebng\u00ebtares, Elvana Gjata \u00ebsht\u00eb nominuar si nj\u00eb nd\u00ebr 5 videoklipet m\u00eb t\u00eb mira t\u00eb Ballkanit, p\u00ebr vitin 2011. P\u00ebr her\u00eb t\u00eb par\u00eb\",\"breadcrumb\":{\"@id\":\"https:\/\/www.visit-ulcinj.com\/blog\/2012\/03\/21\/afer-dhe-larg-i-elvana-gjates-nominohet-si-videoklipi-me-i-mire-ne-ballkan\/#breadcrumb\"},\"inLanguage\":\"en-US\",\"potentialAction\":[{\"@type\":\"ReadAction\",\"target\":[\"https:\/\/www.visit-ulcinj.com\/blog\/2012\/03\/21\/afer-dhe-larg-i-elvana-gjates-nominohet-si-videoklipi-me-i-mire-ne-ballkan\/\"]}]},{\"@type\":\"BreadcrumbList\",\"@id\":\"https:\/\/www.visit-ulcinj.com\/blog\/2012\/03\/21\/afer-dhe-larg-i-elvana-gjates-nominohet-si-videoklipi-me-i-mire-ne-ballkan\/#breadcrumb\",\"itemListElement\":[{\"@type\":\"ListItem\",\"position\":1,\"name\":\"\u201cAf\u00ebr Dhe Larg\u201d, i Elvana Gjat\u00ebs nominohet si videoklipi m\u00eb i mir\u00eb n\u00eb Ballkan\"}]},{\"@type\":\"Person\",\"@id\":\"https:\/\/www.visit-ulcinj.com\/blog\/#\/schema\/person\/dcab619c614d3038751c63bc2aadc06d\",\"name\":\"ulqini\",\"sameAs\":[\"http:\/\/www.visit-ulcinj.com\"],\"url\":\"https:\/\/www.visit-ulcinj.com\/blog\/author\/admin\/\"}]}<\/script>\n<!-- \/ Yoast SEO plugin. -->","yoast_head_json":{"title":"\u201cAf\u00ebr Dhe Larg\u201d, i Elvana Gjat\u00ebs nominohet si videoklipi m\u00eb i mir\u00eb n\u00eb Ballkan - Lajme nga Ulqini","description":"Videoklipi \u201cAf\u00ebr dhe Larg\u201d i k\u00ebng\u00ebtares, Elvana Gjata \u00ebsht\u00eb nominuar si nj\u00eb nd\u00ebr 5 videoklipet m\u00eb t\u00eb mira t\u00eb Ballkanit, p\u00ebr vitin 2011. P\u00ebr her\u00eb t\u00eb par\u00eb","robots":{"index":"index","follow":"follow","max-snippet":"max-snippet:-1","max-image-preview":"max-image-preview:large","max-video-preview":"max-video-preview:-1"},"canonical":"https:\/\/www.visit-ulcinj.com\/blog\/2012\/03\/21\/afer-dhe-larg-i-elvana-gjates-nominohet-si-videoklipi-me-i-mire-ne-ballkan\/","og_locale":"en_US","og_type":"article","og_title":"\u201cAf\u00ebr Dhe Larg\u201d, i Elvana Gjat\u00ebs nominohet si videoklipi m\u00eb i mir\u00eb n\u00eb Ballkan - Lajme nga Ulqini","og_description":"Videoklipi \u201cAf\u00ebr dhe Larg\u201d i k\u00ebng\u00ebtares, Elvana Gjata \u00ebsht\u00eb nominuar si nj\u00eb nd\u00ebr 5 videoklipet m\u00eb t\u00eb mira t\u00eb Ballkanit, p\u00ebr vitin 2011. P\u00ebr her\u00eb t\u00eb par\u00eb","og_url":"https:\/\/www.visit-ulcinj.com\/blog\/2012\/03\/21\/afer-dhe-larg-i-elvana-gjates-nominohet-si-videoklipi-me-i-mire-ne-ballkan\/","og_site_name":"Lajme nga Ulqini","article_published_time":"2012-03-21T22:40:47+00:00","og_image":[{"url":"http:\/\/www.visit-ulcinj.com\/blog\/wp-content\/uploads\/2012\/03\/Elvana-Gjata.jpg"}],"twitter_misc":{"Written by":"ulqini","Est. reading time":"1 minute"},"schema":{"@context":"https:\/\/schema.org","@graph":[{"@type":"WebSite","@id":"https:\/\/www.visit-ulcinj.com\/blog\/#website","url":"https:\/\/www.visit-ulcinj.com\/blog\/","name":"Lajme nga Ulqini","description":"Lajme,Vijesti,Ulqini,Ulqin,Crna Gora,Mali i Zi","potentialAction":[{"@type":"SearchAction","target":{"@type":"EntryPoint","urlTemplate":"https:\/\/www.visit-ulcinj.com\/blog\/?s={search_term_string}"},"query-input":"required name=search_term_string"}],"inLanguage":"en-US"},{"@type":"ImageObject","inLanguage":"en-US","@id":"https:\/\/www.visit-ulcinj.com\/blog\/2012\/03\/21\/afer-dhe-larg-i-elvana-gjates-nominohet-si-videoklipi-me-i-mire-ne-ballkan\/#primaryimage","url":"https:\/\/www.visit-ulcinj.com\/blog\/wp-content\/uploads\/2012\/03\/Elvana-Gjata.jpg","contentUrl":"https:\/\/www.visit-ulcinj.com\/blog\/wp-content\/uploads\/2012\/03\/Elvana-Gjata.jpg","width":"560","height":"314"},{"@type":"WebPage","@id":"https:\/\/www.visit-ulcinj.com\/blog\/2012\/03\/21\/afer-dhe-larg-i-elvana-gjates-nominohet-si-videoklipi-me-i-mire-ne-ballkan\/#webpage","url":"https:\/\/www.visit-ulcinj.com\/blog\/2012\/03\/21\/afer-dhe-larg-i-elvana-gjates-nominohet-si-videoklipi-me-i-mire-ne-ballkan\/","name":"\u201cAf\u00ebr Dhe Larg\u201d, i Elvana Gjat\u00ebs nominohet si videoklipi m\u00eb i mir\u00eb n\u00eb Ballkan - Lajme nga Ulqini","isPartOf":{"@id":"https:\/\/www.visit-ulcinj.com\/blog\/#website"},"primaryImageOfPage":{"@id":"https:\/\/www.visit-ulcinj.com\/blog\/2012\/03\/21\/afer-dhe-larg-i-elvana-gjates-nominohet-si-videoklipi-me-i-mire-ne-ballkan\/#primaryimage"},"datePublished":"2012-03-21T22:40:47+00:00","dateModified":"2012-03-21T22:40:47+00:00","author":{"@id":"https:\/\/www.visit-ulcinj.com\/blog\/#\/schema\/person\/dcab619c614d3038751c63bc2aadc06d"},"description":"Videoklipi \u201cAf\u00ebr dhe Larg\u201d i k\u00ebng\u00ebtares, Elvana Gjata \u00ebsht\u00eb nominuar si nj\u00eb nd\u00ebr 5 videoklipet m\u00eb t\u00eb mira t\u00eb Ballkanit, p\u00ebr vitin 2011. P\u00ebr her\u00eb t\u00eb par\u00eb","breadcrumb":{"@id":"https:\/\/www.visit-ulcinj.com\/blog\/2012\/03\/21\/afer-dhe-larg-i-elvana-gjates-nominohet-si-videoklipi-me-i-mire-ne-ballkan\/#breadcrumb"},"inLanguage":"en-US","potentialAction":[{"@type":"ReadAction","target":["https:\/\/www.visit-ulcinj.com\/blog\/2012\/03\/21\/afer-dhe-larg-i-elvana-gjates-nominohet-si-videoklipi-me-i-mire-ne-ballkan\/"]}]},{"@type":"BreadcrumbList","@id":"https:\/\/www.visit-ulcinj.com\/blog\/2012\/03\/21\/afer-dhe-larg-i-elvana-gjates-nominohet-si-videoklipi-me-i-mire-ne-ballkan\/#breadcrumb","itemListElement":[{"@type":"ListItem","position":1,"name":"\u201cAf\u00ebr Dhe Larg\u201d, i Elvana Gjat\u00ebs nominohet si videoklipi m\u00eb i mir\u00eb n\u00eb Ballkan"}]},{"@type":"Person","@id":"https:\/\/www.visit-ulcinj.com\/blog\/#\/schema\/person\/dcab619c614d3038751c63bc2aadc06d","name":"ulqini","sameAs":["http:\/\/www.visit-ulcinj.com"],"url":"https:\/\/www.visit-ulcinj.com\/blog\/author\/admin\/"}]}},"jetpack_featured_media_url":"","jetpack_sharing_enabled":true,"jetpack_shortlink":"https:\/\/wp.me\/pe6lTn-fd1","_links":{"self":[{"href":"https:\/\/www.visit-ulcinj.com\/blog\/wp-json\/wp\/v2\/posts\/58467"}],"collection":[{"href":"https:\/\/www.visit-ulcinj.com\/blog\/wp-json\/wp\/v2\/posts"}],"about":[{"href":"https:\/\/www.visit-ulcinj.com\/blog\/wp-json\/wp\/v2\/types\/post"}],"author":[{"embeddable":true,"href":"https:\/\/www.visit-ulcinj.com\/blog\/wp-json\/wp\/v2\/users\/1"}],"replies":[{"embeddable":true,"href":"https:\/\/www.visit-ulcinj.com\/blog\/wp-json\/wp\/v2\/comments?post=58467"}],"version-history":[{"count":1,"href":"https:\/\/www.visit-ulcinj.com\/blog\/wp-json\/wp\/v2\/posts\/58467\/revisions"}],"predecessor-version":[{"id":58469,"href":"https:\/\/www.visit-ulcinj.com\/blog\/wp-json\/wp\/v2\/posts\/58467\/revisions\/58469"}],"wp:attachment":[{"href":"https:\/\/www.visit-ulcinj.com\/blog\/wp-json\/wp\/v2\/media?parent=58467"}],"wp:term":[{"taxonomy":"category","embeddable":true,"href":"https:\/\/www.visit-ulcinj.com\/blog\/wp-json\/wp\/v2\/categories?post=58467"},{"taxonomy":"post_tag","embeddable":true,"href":"https:\/\/www.visit-ulcinj.com\/blog\/wp-json\/wp\/v2\/tags?post=58467"}],"curies":[{"name":"wp","href":"https:\/\/api.w.org\/{rel}","templated":true}]}}