{"id":58478,"date":"2012-03-22T00:09:51","date_gmt":"2012-03-21T23:09:51","guid":{"rendered":"http:\/\/www.visit-ulcinj.com\/blog\/?p=58478"},"modified":"2012-03-22T00:15:20","modified_gmt":"2012-03-21T23:15:20","slug":"era-motra-e-nora-istrefit-i-futet-muzikes","status":"publish","type":"post","link":"https:\/\/www.visit-ulcinj.com\/blog\/2012\/03\/22\/era-motra-e-nora-istrefit-i-futet-muzikes\/","title":{"rendered":"Era motra e Nora Istrefit i futet muzikes"},"content":{"rendered":"<p><a href=\"http:\/\/www.visit-ulcinj.com\/blog\/wp-content\/uploads\/2012\/03\/Nora-era-Istrefi.jpg\"><img loading=\"lazy\" class=\"alignleft  wp-image-58479\" title=\"Nora - era Istrefi\" src=\"http:\/\/www.visit-ulcinj.com\/blog\/wp-content\/uploads\/2012\/03\/Nora-era-Istrefi.jpg\" alt=\"\" width=\"350\" height=\"450\" \/><\/a>Pas shum\u00eb motrave dhe v\u00ebllez\u00ebrve q\u00eb u fut\u00ebn n\u00eb muzik\u00eb, m\u00eb n\u00eb fund edhe Nora Istrefi do t\u00eb ket\u00eb nj\u00eb krah t\u00eb djatht\u00eb t\u00eb saj n\u00eb muzik\u00eb, t\u00eb motr\u00ebn. Ajo nuk do t\u00eb vrapoj\u00eb pas k\u00ebng\u00ebtar\u00ebve t\u00eb tjer\u00eb n\u00ebp\u00ebr koncerte, por do t\u00eb ket\u00eb t\u00eb motr\u00ebn, e cila do t\u00eb vazhdoj\u00eb karrier\u00ebn si k\u00ebng\u00ebtare duke ndihmuar Nor\u00ebn n\u00ebp\u00ebr koncerte.<\/p>\n<p>Kur t\u00eb gjith\u00eb menduan se Nita, motra e dyt\u00eb e saj, do t\u00eb b\u00ebhet k\u00ebng\u00ebtare pasi e ndiqte at\u00eb ngado q\u00eb shkonte, t\u00eb gjith\u00eb u habit\u00ebn kur erdhi lajmi se Era, motra e tret\u00eb e Nor\u00ebs, do t\u00eb provoj\u00eb veten si k\u00ebng\u00ebtare. P\u00ebr t\u00eb mos d\u00ebshtuar q\u00eb n\u00eb paraqitjen e par\u00eb, ata jan\u00eb kujdesur q\u00eb t\u00eb lan\u00e7ojn\u00eb Er\u00ebn si k\u00ebng\u00ebtare p\u00ebrmes projektit muzikor t\u00eb Lirycal Son, i cili \u00ebsht\u00eb n\u00eb p\u00ebrfundim t\u00eb albumit t\u00eb ri.<\/p>\n<p>Nd\u00ebrsa mes 8 k\u00ebng\u00ebve t\u00eb p\u00ebrfunduara, nj\u00ebra do t\u00eb jet\u00eb n\u00eb duet me Er\u00ebn. Se si do t\u00eb shkoj\u00eb karriera e saj nuk dihet, por pa dyshim q\u00eb dor\u00eb do t\u00eb ket\u00eb edhe motra e madhe Nora me bashk\u00ebpun\u00ebtor\u00ebt e saj. \u00a0Blerand Rexhepi<\/p>\n<p>Vipat.info<br \/>\n<!--YouTube Error: bad URL entered--><\/p>\n","protected":false},"excerpt":{"rendered":"<p>Pas shum\u00eb motrave dhe v\u00ebllez\u00ebrve q\u00eb u fut\u00ebn n\u00eb muzik\u00eb, m\u00eb n\u00eb fund edhe Nora Istrefi do t\u00eb ket\u00eb nj\u00eb krah t\u00eb djatht\u00eb t\u00eb saj n\u00eb muzik\u00eb, t\u00eb motr\u00ebn. Ajo nuk do t\u00eb vrapoj\u00eb pas k\u00ebng\u00ebtar\u00ebve t\u00eb tjer\u00eb n\u00ebp\u00ebr koncerte, por do t\u00eb ket\u00eb t\u00eb motr\u00ebn, e cila do t\u00eb vazhdoj\u00eb karrier\u00ebn si k\u00ebng\u00ebtare duke [&hellip;]<\/p>\n","protected":false},"author":1,"featured_media":0,"comment_status":"open","ping_status":"closed","sticky":false,"template":"","format":"standard","meta":{"spay_email":"","jetpack_publicize_message":"","jetpack_is_tweetstorm":false,"jetpack_publicize_feature_enabled":true},"categories":[1],"tags":[19677,20191,19806,16036,19514,19511,4939,4684,19460],"jetpack_publicize_connections":[],"yoast_head":"<!-- This site is optimized with the Yoast SEO plugin v19.1 - https:\/\/yoast.com\/wordpress\/plugins\/seo\/ -->\n<title>Era motra e Nora Istrefit i futet muzikes - Lajme nga Ulqini<\/title>\n<meta name=\"description\" content=\"Pas shum\u00eb motrave dhe v\u00ebllez\u00ebrve q\u00eb u fut\u00ebn n\u00eb muzik\u00eb, m\u00eb n\u00eb fund edhe Nora Istrefi do t\u00eb ket\u00eb nj\u00eb krah t\u00eb djatht\u00eb t\u00eb saj n\u00eb muzik\u00eb, t\u00eb motr\u00ebn. Ajo nuk do\" \/>\n<meta name=\"robots\" content=\"index, follow, max-snippet:-1, max-image-preview:large, max-video-preview:-1\" \/>\n<link rel=\"canonical\" href=\"https:\/\/www.visit-ulcinj.com\/blog\/2012\/03\/22\/era-motra-e-nora-istrefit-i-futet-muzikes\/\" \/>\n<meta property=\"og:locale\" content=\"en_US\" \/>\n<meta property=\"og:type\" content=\"article\" \/>\n<meta property=\"og:title\" content=\"Era motra e Nora Istrefit i futet muzikes - Lajme nga Ulqini\" \/>\n<meta property=\"og:description\" content=\"Pas shum\u00eb motrave dhe v\u00ebllez\u00ebrve q\u00eb u fut\u00ebn n\u00eb muzik\u00eb, m\u00eb n\u00eb fund edhe Nora Istrefi do t\u00eb ket\u00eb nj\u00eb krah t\u00eb djatht\u00eb t\u00eb saj n\u00eb muzik\u00eb, t\u00eb motr\u00ebn. Ajo nuk do\" \/>\n<meta property=\"og:url\" content=\"https:\/\/www.visit-ulcinj.com\/blog\/2012\/03\/22\/era-motra-e-nora-istrefit-i-futet-muzikes\/\" \/>\n<meta property=\"og:site_name\" content=\"Lajme nga Ulqini\" \/>\n<meta property=\"article:published_time\" content=\"2012-03-21T23:09:51+00:00\" \/>\n<meta property=\"article:modified_time\" content=\"2012-03-21T23:15:20+00:00\" \/>\n<meta property=\"og:image\" content=\"http:\/\/www.visit-ulcinj.com\/blog\/wp-content\/uploads\/2012\/03\/Nora-era-Istrefi.jpg\" \/>\n<meta name=\"twitter:label1\" content=\"Written by\" \/>\n\t<meta name=\"twitter:data1\" content=\"ulqini\" \/>\n\t<meta name=\"twitter:label2\" content=\"Est. reading time\" \/>\n\t<meta name=\"twitter:data2\" content=\"1 minute\" \/>\n<script type=\"application\/ld+json\" class=\"yoast-schema-graph\">{\"@context\":\"https:\/\/schema.org\",\"@graph\":[{\"@type\":\"WebSite\",\"@id\":\"https:\/\/www.visit-ulcinj.com\/blog\/#website\",\"url\":\"https:\/\/www.visit-ulcinj.com\/blog\/\",\"name\":\"Lajme nga Ulqini\",\"description\":\"Lajme,Vijesti,Ulqini,Ulqin,Crna Gora,Mali i Zi\",\"potentialAction\":[{\"@type\":\"SearchAction\",\"target\":{\"@type\":\"EntryPoint\",\"urlTemplate\":\"https:\/\/www.visit-ulcinj.com\/blog\/?s={search_term_string}\"},\"query-input\":\"required name=search_term_string\"}],\"inLanguage\":\"en-US\"},{\"@type\":\"ImageObject\",\"inLanguage\":\"en-US\",\"@id\":\"https:\/\/www.visit-ulcinj.com\/blog\/2012\/03\/22\/era-motra-e-nora-istrefit-i-futet-muzikes\/#primaryimage\",\"url\":\"https:\/\/www.visit-ulcinj.com\/blog\/wp-content\/uploads\/2012\/03\/Nora-era-Istrefi.jpg\",\"contentUrl\":\"https:\/\/www.visit-ulcinj.com\/blog\/wp-content\/uploads\/2012\/03\/Nora-era-Istrefi.jpg\",\"width\":\"382\",\"height\":\"613\"},{\"@type\":\"WebPage\",\"@id\":\"https:\/\/www.visit-ulcinj.com\/blog\/2012\/03\/22\/era-motra-e-nora-istrefit-i-futet-muzikes\/#webpage\",\"url\":\"https:\/\/www.visit-ulcinj.com\/blog\/2012\/03\/22\/era-motra-e-nora-istrefit-i-futet-muzikes\/\",\"name\":\"Era motra e Nora Istrefit i futet muzikes - Lajme nga Ulqini\",\"isPartOf\":{\"@id\":\"https:\/\/www.visit-ulcinj.com\/blog\/#website\"},\"primaryImageOfPage\":{\"@id\":\"https:\/\/www.visit-ulcinj.com\/blog\/2012\/03\/22\/era-motra-e-nora-istrefit-i-futet-muzikes\/#primaryimage\"},\"datePublished\":\"2012-03-21T23:09:51+00:00\",\"dateModified\":\"2012-03-21T23:15:20+00:00\",\"author\":{\"@id\":\"https:\/\/www.visit-ulcinj.com\/blog\/#\/schema\/person\/dcab619c614d3038751c63bc2aadc06d\"},\"description\":\"Pas shum\u00eb motrave dhe v\u00ebllez\u00ebrve q\u00eb u fut\u00ebn n\u00eb muzik\u00eb, m\u00eb n\u00eb fund edhe Nora Istrefi do t\u00eb ket\u00eb nj\u00eb krah t\u00eb djatht\u00eb t\u00eb saj n\u00eb muzik\u00eb, t\u00eb motr\u00ebn. Ajo nuk do\",\"breadcrumb\":{\"@id\":\"https:\/\/www.visit-ulcinj.com\/blog\/2012\/03\/22\/era-motra-e-nora-istrefit-i-futet-muzikes\/#breadcrumb\"},\"inLanguage\":\"en-US\",\"potentialAction\":[{\"@type\":\"ReadAction\",\"target\":[\"https:\/\/www.visit-ulcinj.com\/blog\/2012\/03\/22\/era-motra-e-nora-istrefit-i-futet-muzikes\/\"]}]},{\"@type\":\"BreadcrumbList\",\"@id\":\"https:\/\/www.visit-ulcinj.com\/blog\/2012\/03\/22\/era-motra-e-nora-istrefit-i-futet-muzikes\/#breadcrumb\",\"itemListElement\":[{\"@type\":\"ListItem\",\"position\":1,\"name\":\"Era motra e Nora Istrefit i futet muzikes\"}]},{\"@type\":\"Person\",\"@id\":\"https:\/\/www.visit-ulcinj.com\/blog\/#\/schema\/person\/dcab619c614d3038751c63bc2aadc06d\",\"name\":\"ulqini\",\"sameAs\":[\"http:\/\/www.visit-ulcinj.com\"],\"url\":\"https:\/\/www.visit-ulcinj.com\/blog\/author\/admin\/\"}]}<\/script>\n<!-- \/ Yoast SEO plugin. -->","yoast_head_json":{"title":"Era motra e Nora Istrefit i futet muzikes - Lajme nga Ulqini","description":"Pas shum\u00eb motrave dhe v\u00ebllez\u00ebrve q\u00eb u fut\u00ebn n\u00eb muzik\u00eb, m\u00eb n\u00eb fund edhe Nora Istrefi do t\u00eb ket\u00eb nj\u00eb krah t\u00eb djatht\u00eb t\u00eb saj n\u00eb muzik\u00eb, t\u00eb motr\u00ebn. Ajo nuk do","robots":{"index":"index","follow":"follow","max-snippet":"max-snippet:-1","max-image-preview":"max-image-preview:large","max-video-preview":"max-video-preview:-1"},"canonical":"https:\/\/www.visit-ulcinj.com\/blog\/2012\/03\/22\/era-motra-e-nora-istrefit-i-futet-muzikes\/","og_locale":"en_US","og_type":"article","og_title":"Era motra e Nora Istrefit i futet muzikes - Lajme nga Ulqini","og_description":"Pas shum\u00eb motrave dhe v\u00ebllez\u00ebrve q\u00eb u fut\u00ebn n\u00eb muzik\u00eb, m\u00eb n\u00eb fund edhe Nora Istrefi do t\u00eb ket\u00eb nj\u00eb krah t\u00eb djatht\u00eb t\u00eb saj n\u00eb muzik\u00eb, t\u00eb motr\u00ebn. Ajo nuk do","og_url":"https:\/\/www.visit-ulcinj.com\/blog\/2012\/03\/22\/era-motra-e-nora-istrefit-i-futet-muzikes\/","og_site_name":"Lajme nga Ulqini","article_published_time":"2012-03-21T23:09:51+00:00","article_modified_time":"2012-03-21T23:15:20+00:00","og_image":[{"url":"http:\/\/www.visit-ulcinj.com\/blog\/wp-content\/uploads\/2012\/03\/Nora-era-Istrefi.jpg"}],"twitter_misc":{"Written by":"ulqini","Est. reading time":"1 minute"},"schema":{"@context":"https:\/\/schema.org","@graph":[{"@type":"WebSite","@id":"https:\/\/www.visit-ulcinj.com\/blog\/#website","url":"https:\/\/www.visit-ulcinj.com\/blog\/","name":"Lajme nga Ulqini","description":"Lajme,Vijesti,Ulqini,Ulqin,Crna Gora,Mali i Zi","potentialAction":[{"@type":"SearchAction","target":{"@type":"EntryPoint","urlTemplate":"https:\/\/www.visit-ulcinj.com\/blog\/?s={search_term_string}"},"query-input":"required name=search_term_string"}],"inLanguage":"en-US"},{"@type":"ImageObject","inLanguage":"en-US","@id":"https:\/\/www.visit-ulcinj.com\/blog\/2012\/03\/22\/era-motra-e-nora-istrefit-i-futet-muzikes\/#primaryimage","url":"https:\/\/www.visit-ulcinj.com\/blog\/wp-content\/uploads\/2012\/03\/Nora-era-Istrefi.jpg","contentUrl":"https:\/\/www.visit-ulcinj.com\/blog\/wp-content\/uploads\/2012\/03\/Nora-era-Istrefi.jpg","width":"382","height":"613"},{"@type":"WebPage","@id":"https:\/\/www.visit-ulcinj.com\/blog\/2012\/03\/22\/era-motra-e-nora-istrefit-i-futet-muzikes\/#webpage","url":"https:\/\/www.visit-ulcinj.com\/blog\/2012\/03\/22\/era-motra-e-nora-istrefit-i-futet-muzikes\/","name":"Era motra e Nora Istrefit i futet muzikes - Lajme nga Ulqini","isPartOf":{"@id":"https:\/\/www.visit-ulcinj.com\/blog\/#website"},"primaryImageOfPage":{"@id":"https:\/\/www.visit-ulcinj.com\/blog\/2012\/03\/22\/era-motra-e-nora-istrefit-i-futet-muzikes\/#primaryimage"},"datePublished":"2012-03-21T23:09:51+00:00","dateModified":"2012-03-21T23:15:20+00:00","author":{"@id":"https:\/\/www.visit-ulcinj.com\/blog\/#\/schema\/person\/dcab619c614d3038751c63bc2aadc06d"},"description":"Pas shum\u00eb motrave dhe v\u00ebllez\u00ebrve q\u00eb u fut\u00ebn n\u00eb muzik\u00eb, m\u00eb n\u00eb fund edhe Nora Istrefi do t\u00eb ket\u00eb nj\u00eb krah t\u00eb djatht\u00eb t\u00eb saj n\u00eb muzik\u00eb, t\u00eb motr\u00ebn. Ajo nuk do","breadcrumb":{"@id":"https:\/\/www.visit-ulcinj.com\/blog\/2012\/03\/22\/era-motra-e-nora-istrefit-i-futet-muzikes\/#breadcrumb"},"inLanguage":"en-US","potentialAction":[{"@type":"ReadAction","target":["https:\/\/www.visit-ulcinj.com\/blog\/2012\/03\/22\/era-motra-e-nora-istrefit-i-futet-muzikes\/"]}]},{"@type":"BreadcrumbList","@id":"https:\/\/www.visit-ulcinj.com\/blog\/2012\/03\/22\/era-motra-e-nora-istrefit-i-futet-muzikes\/#breadcrumb","itemListElement":[{"@type":"ListItem","position":1,"name":"Era motra e Nora Istrefit i futet muzikes"}]},{"@type":"Person","@id":"https:\/\/www.visit-ulcinj.com\/blog\/#\/schema\/person\/dcab619c614d3038751c63bc2aadc06d","name":"ulqini","sameAs":["http:\/\/www.visit-ulcinj.com"],"url":"https:\/\/www.visit-ulcinj.com\/blog\/author\/admin\/"}]}},"jetpack_featured_media_url":"","jetpack_sharing_enabled":true,"jetpack_shortlink":"https:\/\/wp.me\/pe6lTn-fdc","_links":{"self":[{"href":"https:\/\/www.visit-ulcinj.com\/blog\/wp-json\/wp\/v2\/posts\/58478"}],"collection":[{"href":"https:\/\/www.visit-ulcinj.com\/blog\/wp-json\/wp\/v2\/posts"}],"about":[{"href":"https:\/\/www.visit-ulcinj.com\/blog\/wp-json\/wp\/v2\/types\/post"}],"author":[{"embeddable":true,"href":"https:\/\/www.visit-ulcinj.com\/blog\/wp-json\/wp\/v2\/users\/1"}],"replies":[{"embeddable":true,"href":"https:\/\/www.visit-ulcinj.com\/blog\/wp-json\/wp\/v2\/comments?post=58478"}],"version-history":[{"count":2,"href":"https:\/\/www.visit-ulcinj.com\/blog\/wp-json\/wp\/v2\/posts\/58478\/revisions"}],"predecessor-version":[{"id":58481,"href":"https:\/\/www.visit-ulcinj.com\/blog\/wp-json\/wp\/v2\/posts\/58478\/revisions\/58481"}],"wp:attachment":[{"href":"https:\/\/www.visit-ulcinj.com\/blog\/wp-json\/wp\/v2\/media?parent=58478"}],"wp:term":[{"taxonomy":"category","embeddable":true,"href":"https:\/\/www.visit-ulcinj.com\/blog\/wp-json\/wp\/v2\/categories?post=58478"},{"taxonomy":"post_tag","embeddable":true,"href":"https:\/\/www.visit-ulcinj.com\/blog\/wp-json\/wp\/v2\/tags?post=58478"}],"curies":[{"name":"wp","href":"https:\/\/api.w.org\/{rel}","templated":true}]}}