{"id":58485,"date":"2012-03-22T07:09:23","date_gmt":"2012-03-22T06:09:23","guid":{"rendered":"http:\/\/www.visit-ulcinj.com\/blog\/?p=58485"},"modified":"2012-03-22T07:09:23","modified_gmt":"2012-03-22T06:09:23","slug":"ne-plave-ne-menyre-solemne-eshte-shenuar-7-marsi-dita-e-mesuesit","status":"publish","type":"post","link":"https:\/\/www.visit-ulcinj.com\/blog\/2012\/03\/22\/ne-plave-ne-menyre-solemne-eshte-shenuar-7-marsi-dita-e-mesuesit\/","title":{"rendered":"N\u00eb Plav\u00eb, n\u00eb m\u00ebnyr\u00eb solemne \u00ebsht\u00eb sh\u00ebnuar 7 marsi \u2013 Dita e M\u00ebsuesit"},"content":{"rendered":"<p><strong><a href=\"http:\/\/www.visit-ulcinj.com\/blog\/wp-content\/uploads\/2012\/03\/7-Marsi-Dita-e-MesuesitPlave-2012.jpg\"><img loading=\"lazy\" class=\"alignleft  wp-image-58486\" title=\"7 Marsi-Dita e Mesuesit,Plave 2012\" src=\"http:\/\/www.visit-ulcinj.com\/blog\/wp-content\/uploads\/2012\/03\/7-Marsi-Dita-e-MesuesitPlave-2012.jpg\" alt=\"\" width=\"508\" height=\"380\" srcset=\"https:\/\/www.visit-ulcinj.com\/blog\/wp-content\/uploads\/2012\/03\/7-Marsi-Dita-e-MesuesitPlave-2012.jpg 960w, https:\/\/www.visit-ulcinj.com\/blog\/wp-content\/uploads\/2012\/03\/7-Marsi-Dita-e-MesuesitPlave-2012-300x225.jpg 300w\" sizes=\"(max-width: 508px) 100vw, 508px\" \/><\/a>Nga Shaban Hasangjekaj<br \/>\n<\/strong>Pas intonimit t\u00eb himnit t\u00eb flamurit komb\u00ebtar\u00a0dhe prezantimit t\u00eb dokeve dhe\u00a0zakoneve shqiptare t\u00eb k\u00ebsaj ane nga\u00a0an\u00ebtar\u00ebt e SHKA-s\u00eb \u201cMaja e Karajfilit\u201d\u00a0t\u00eb veshur n\u00eb kostume nacionale shqiptare,\u00a0moderatoret Mirjeta dhe Arbnore\u00a0Gjonbalaj, p\u00ebrsh\u00ebndet\u00ebn t\u00eb pranishmit,\u00a0m\u00ebsimdh\u00ebn\u00ebsve ua uruan fest\u00ebn, kurse\u00a0fal\u00ebnderim dhe mir\u00ebnjohje t\u00eb ve\u00e7ant\u00eb i\u00a0shpreh\u00ebn organizuesit t\u00eb manifestimit,\u00a0K\u00ebshillit Nacional t\u00eb Shqiptar\u00ebve n\u00eb\u00a0Mal t\u00eb Zi n\u00eb krye me kryetarin Tahir\u00a0Tahirin, koordinatorin e projektit Hajredin\u00a0Kova\u00e7in, Komisionin p\u00ebr Kultur\u00eb t\u00eb\u00a0K\u00ebshillit Nacional t\u00eb Shqiptar\u00ebve dhe\u00a0an\u00ebtar\u00ebt e K\u00ebshillit Nacional t\u00eb Shqiptar\u00ebve\u00a0nga Plava, t\u00eb cil\u00ebt dhan\u00eb kontribut\u00a0n\u00eb p\u00ebrgatitjen dhe organizimin e\u00a0k\u00ebsaj feste madh\u00ebshtore.<\/p>\n<p><a href=\"http:\/\/www.visit-ulcinj.com\/blog\/wp-content\/uploads\/2012\/03\/7-Marsi-Dita-e-MesuesitPlave-2012_Tahir-Tahiri.jpg\"><img loading=\"lazy\" class=\"alignleft  wp-image-58487\" title=\"7 Marsi-Dita e Mesuesit,Plave 2012_Tahir Tahiri\" src=\"http:\/\/www.visit-ulcinj.com\/blog\/wp-content\/uploads\/2012\/03\/7-Marsi-Dita-e-MesuesitPlave-2012_Tahir-Tahiri.jpg\" alt=\"\" width=\"508\" height=\"300\" \/><\/a><\/p>\n<p>Fal\u00ebnderim t\u00eb\u00a0posa\u00e7\u00ebm i shpreh\u00ebn Fondit t\u00eb Pakicave,\u00a0respektivisht drejtorit t\u00eb tij zot\u00ebriut\u00a0Safet Kurtagiq, i cili ishte i pranish\u00ebm\u00a0n\u00eb k\u00ebt\u00eb manifestim.\u00a0Moderatoret n\u00eb fjal\u00eb pastaj n\u00eb m\u00ebnyr\u00eb\u00a0kronologjike evokuan dhe shpalos\u00ebn\u00a0t\u00eb dh\u00ebna mbi historikun e bujsh\u00ebm t\u00eb\u00a0arsimimit shqip. \u2013 Jemi mbledhur sot\u00a0t\u00eb festojm\u00eb k\u00ebt\u00eb 7 mars, p\u00ebr t\u00eb sh\u00ebnuar\u00a0plot 125 vite nga hapja e shkoll\u00ebs s\u00eb\u00a0par\u00eb shqipe n\u00eb Kor\u00e7\u00eb. P\u00ebrvjetori i m\u00ebsonj\u00ebtores\u00a0s\u00eb par\u00eb shqipe simbolizon\u00a0rilindjen e madhe t\u00eb shqiptar\u00ebve, luft\u00ebn\u00a0e tyre p\u00ebr dinjitet, identitet komb\u00ebtar,\u00a0p\u00ebr liri dhe progres.\u00a0Fal\u00eb pun\u00ebs s\u00eb palodhur t\u00eb armat\u00ebs s\u00eb\u00a0madhe t\u00eb m\u00ebsuesve q\u00eb sh\u00ebrbejn\u00eb n\u00eb\u00a0vite, shpirtit arsimdash\u00ebs t\u00eb shqiptar\u00ebve,\u00a0sot kemi nj\u00eb arsim t\u00eb konsoliduar.\u00a0Arsimi fillor 9 vje\u00e7ar dhe i mes\u00ebm\u00a0jan\u00eb shtrir\u00eb n\u00eb t\u00eb gjith\u00eb vendin. Arsimi\u00a0i lart\u00eb po ashtu po ec\u00ebn dhe forcohet\u00a0\u00e7do dit\u00eb e m\u00eb tep\u00ebr. Shqiptar\u00ebt e etur\u00a0p\u00ebr dije kan\u00eb shum\u00ebfishuar numrin e\u00a0universiteteve private dhe shtet\u00ebrore\u00a0brenda nj\u00eb kohe shum\u00eb t\u00eb shkurt\u00ebr.\u00a0Edhe shqiptar\u00ebt e trev\u00ebs s\u00eb Plav\u00eb-Gucis\u00eb\u00a0kan\u00eb nj\u00eb p\u00ebrqindje shum\u00eb t\u00eb lart\u00eb\u00a0t\u00eb arsimimit. Breza me radh\u00eb vazhduan\u00a0studimet n\u00eb gjuh\u00ebn shqipe n\u00eb universitetet e Prishtin\u00ebs dhe t\u00eb Tiran\u00ebs, e\u00a0ndonj\u00ebher\u00eb edhe t\u00eb Shkupit e Tetov\u00ebs.\u00a0Kryetari i K\u00ebshillit Nacional t\u00eb Shqiptar\u00ebve, zot\u00ebri Tahir Tahiri, n\u00eb fjal\u00ebn e vet\u00a0t\u00eb rastit pasi q\u00eb p\u00ebrsh\u00ebndeti t\u00eb pranishmit\u00a0dhe m\u00ebsuesve ua uroi fest\u00ebn e tyre,\u00a0me admirim theksoi: &#8211; Ne sot, n\u00eb k\u00ebt\u00eb\u00a0dit\u00eb kremteje, t\u00eb gjith\u00eb s\u00eb bashku kujtojm\u00eb\u00a0me respekt m\u00ebsuesit tan\u00eb q\u00eb na\u00a0i m\u00ebsuan shkronjat e para shqipe duke\u00a0mos kursyer dot koh\u00ebn, frym\u00ebn, pasionin,\u00a0madje edhe jet\u00ebn p\u00ebr t\u00eb pajisur\u00a0drejt k\u00ebta me dije, kultur\u00eb dhe edukat\u00eb.\u00a0Lufta p\u00ebr gjuh\u00ebn dhe shkoll\u00ebn shqipe\u00a0p\u00ebrfaq\u00ebson faqet m\u00eb t\u00eb ndritura, por\u00a0edhe m\u00eb t\u00eb p\u00ebrgjakura t\u00eb historis\u00eb ton\u00eb\u00a0komb\u00ebtare, sepse si\u00e7 dihet populli im,\u00a0kombi yn\u00eb n\u00eb t\u00ebr\u00ebsi historin\u00eb e njohu\u00a0n\u00ebp\u00ebr betejat e zjarrta shekullore me\u00a0t\u00eb vetmin q\u00ebllim zhdukjen e gjuh\u00ebs\u00a0shqipe nga faqet e dheut. Mir\u00ebpo, fjala\u00a0e gjall\u00eb e m\u00ebsuesit \u00ebsht\u00eb treguar m\u00eb e\u00a0fuqishme sesa luft\u00ebrat e k\u00ebrc\u00ebnimet q\u00eb\u00a0na jan\u00eb b\u00ebr\u00eb neve, tha ai , si komb gjat\u00eb\u00a0shekujve me radh\u00eb.\u00a0Veterani dhe pishtari i arsimit shqip nga Vuthajt, Imer Ali Ahmetaj, edhe\u00a0pse n\u00eb pleq\u00ebri t\u00eb thell\u00eb &#8211; n\u00eb mosh\u00ebn 84\u00a0vje\u00e7are, p\u00ebr t\u00eb pranishmit kishte p\u00ebrgatitur\u00a0me shkrim historikun konciz t\u00eb\u00a0arsimimit shqip n\u00eb trojet shqiptare, por\u00a0me theks t\u00eb ve\u00e7ant\u00eb n\u00eb trev\u00ebn e Plav\u00ebs\u00a0dhe Gucis\u00eb para dhe pas Luft\u00ebs s\u00eb Dyt\u00eb\u00a0Bot\u00ebrore. Ai me admirim foli dhe evokoi\u00a0ngjarjet, p\u00ebrjetimet dhe kujtimet e\u00a0veta p\u00ebr arsimimin shqip n\u00eb trojet shqiptare,\u00a0duke u p\u00ebrqendruar n\u00eb hapjen\u00a0e shkoll\u00ebs s\u00eb par\u00eb shqipe m\u00eb 7 mars\u00a0t\u00eb vitit 1887, dit\u00eb kjo t\u00eb cil\u00ebn ai e quan\u00a0dit\u00eb e bekuar historike e popullit shqiptar,\u00a0dit\u00eb madh\u00ebshtore q\u00eb e p\u00ebrkujton\u00a0realizimin e \u00ebndrr\u00ebs shekullore, kur n\u00eb\u00a0Kor\u00e7\u00ebn legjendare dhe historike u \u00e7el\u00a0shkolla e par\u00eb komb\u00ebtare, si shkoll\u00eb me\u00a0r\u00ebnd\u00ebsi dhe karakter historik.<br \/>\n<a href=\"http:\/\/www.visit-ulcinj.com\/blog\/wp-content\/uploads\/2012\/03\/7-Marsi-Dita-e-MesuesitPlave-2012.8.jpg\"><img loading=\"lazy\" class=\"alignleft  wp-image-58488\" title=\"7 Marsi-Dita e Mesuesit,Plave 2012.8\" src=\"http:\/\/www.visit-ulcinj.com\/blog\/wp-content\/uploads\/2012\/03\/7-Marsi-Dita-e-MesuesitPlave-2012.8.jpg\" alt=\"\" width=\"508\" height=\"300\" \/><\/a><br \/>\nProfesoresha e Gjuh\u00ebs dhe Let\u00ebrsis\u00eb\u00a0Fr\u00ebnge, zonja Hasnije Gjonbalaj, n\u00eb\u00a0em\u00ebr t\u00eb m\u00ebsimdh\u00ebn\u00ebsve aktual t\u00eb\u00a0shkollave t\u00eb k\u00ebsaj treve,shkollave t\u00eb\u00a0cilat mbijetuan kundrejt p\u00ebrpjekjeve t\u00eb\u00a0dashakeq\u00ebsve p\u00ebr p\u00ebruljen, asimilimin\u00a0dhe shp\u00ebrnguljen ton\u00eb, p\u00ebrsh\u00ebndeti tubimin\u00a0madh\u00ebshtor. Ne ende ekzistojm\u00eb\u00a0dhe do t\u00eb vazhdojm\u00eb t\u00eb mbajm\u00eb amanetin\u00a0e t\u00eb par\u00ebve tan\u00eb p\u00ebr t\u2019i respektuar\u00a0sakrificat e tyre q\u00eb kush me pushk\u00eb e\u00a0kush me mend, kush me gjak e kush\u00a0me pend\u00eb, her\u00eb n\u00eb burgje her\u00eb n\u00eb liri\u00a0luftuan p\u00ebr dinjitetin dhe integritetin\u00a0ton\u00eb, -tha ajo n\u00eb fjal\u00ebn e vet t\u00eb rastit.\u00a0Manifestimi i Dit\u00ebs s\u00eb m\u00ebsuesit u p\u00ebrcoll\u00a0edhe me program t\u00eb begat\u00eb, por t\u00eb larmish\u00ebm kulturo-artistik e\u00a0muzikor, me k\u00ebng\u00eb, valle, recitime\u00a0e recitale, t\u00eb cilat i interpretuan dhe\u00a0ekzekutuan an\u00ebtar\u00ebt e SHKA-s\u00eb \u201cMaja\u00a0e Karajfilit\u201d. Impresione t\u00eb k\u00ebndshme\u00a0lan\u00eb k\u00ebng\u00ebtar\u00ebt e mir\u00ebnjohur Liridona\u00a0Selimaj dhe Ismail Balidemaj, si dhe\u00a0mysafiri nga Komuna e De\u00e7anit, aktori\u00a0dhe k\u00ebng\u00ebtari i mir\u00ebnjohur Avni G\u00ebrvalla.<\/p>\n<p><strong>Koha Javore<br \/>\n<\/strong><\/p>\n<p><span style=\"text-decoration: underline;\"><a href=\"https:\/\/www.facebook.com\/media\/set\/?set=a.2765274104031.111958.1623256192&amp;type=3http:\/\/\" target=\"_blank\"><strong>Foto nga 7 Marsi- Dita e Mesuesit, Plave 2012 &#8211; Tahir Tahiri Facebook<\/strong><\/a><\/span><\/p>\n<p><strong><br \/>\n<\/strong><\/p>\n\n\t\t<style type=\"text\/css\">\n\t\t\t#gallery-1 {\n\t\t\t\tmargin: auto;\n\t\t\t}\n\t\t\t#gallery-1 .gallery-item {\n\t\t\t\tfloat: left;\n\t\t\t\tmargin-top: 10px;\n\t\t\t\ttext-align: center;\n\t\t\t\twidth: 33%;\n\t\t\t}\n\t\t\t#gallery-1 img {\n\t\t\t\tborder: 2px solid #cfcfcf;\n\t\t\t}\n\t\t\t#gallery-1 .gallery-caption {\n\t\t\t\tmargin-left: 0;\n\t\t\t}\n\t\t\t\/* see gallery_shortcode() in wp-includes\/media.php *\/\n\t\t<\/style>\n\t\t<div id='gallery-1' class='gallery galleryid-58485 gallery-columns-3 gallery-size-thumbnail'><dl class='gallery-item'>\n\t\t\t<dt class='gallery-icon landscape'>\n\t\t\t\t<a href='https:\/\/www.visit-ulcinj.com\/blog\/wp-content\/uploads\/2012\/03\/7-Marsi-Dita-e-MesuesitPlave-2012.jpg'><img width=\"150\" height=\"150\" src=\"https:\/\/www.visit-ulcinj.com\/blog\/wp-content\/uploads\/2012\/03\/7-Marsi-Dita-e-MesuesitPlave-2012-150x150.jpg\" class=\"attachment-thumbnail size-thumbnail\" alt=\"\" loading=\"lazy\" \/><\/a>\n\t\t\t<\/dt><\/dl><dl class='gallery-item'>\n\t\t\t<dt class='gallery-icon landscape'>\n\t\t\t\t<a href='https:\/\/www.visit-ulcinj.com\/blog\/wp-content\/uploads\/2012\/03\/7-Marsi-Dita-e-MesuesitPlave-2012_Tahir-Tahiri.jpg'><img width=\"150\" height=\"150\" src=\"https:\/\/www.visit-ulcinj.com\/blog\/wp-content\/uploads\/2012\/03\/7-Marsi-Dita-e-MesuesitPlave-2012_Tahir-Tahiri-150x150.jpg\" class=\"attachment-thumbnail size-thumbnail\" alt=\"\" loading=\"lazy\" \/><\/a>\n\t\t\t<\/dt><\/dl><dl class='gallery-item'>\n\t\t\t<dt class='gallery-icon landscape'>\n\t\t\t\t<a href='https:\/\/www.visit-ulcinj.com\/blog\/wp-content\/uploads\/2012\/03\/7-Marsi-Dita-e-MesuesitPlave-2012.8.jpg'><img width=\"150\" height=\"150\" src=\"https:\/\/www.visit-ulcinj.com\/blog\/wp-content\/uploads\/2012\/03\/7-Marsi-Dita-e-MesuesitPlave-2012.8-150x150.jpg\" class=\"attachment-thumbnail size-thumbnail\" alt=\"\" loading=\"lazy\" \/><\/a>\n\t\t\t<\/dt><\/dl><br style=\"clear: both\" \/><dl class='gallery-item'>\n\t\t\t<dt class='gallery-icon landscape'>\n\t\t\t\t<a href='https:\/\/www.visit-ulcinj.com\/blog\/wp-content\/uploads\/2012\/03\/7-Marsi-Dita-e-MesuesitPlave-2012.9.jpg'><img width=\"150\" height=\"150\" src=\"https:\/\/www.visit-ulcinj.com\/blog\/wp-content\/uploads\/2012\/03\/7-Marsi-Dita-e-MesuesitPlave-2012.9-150x150.jpg\" class=\"attachment-thumbnail size-thumbnail\" alt=\"\" loading=\"lazy\" \/><\/a>\n\t\t\t<\/dt><\/dl><dl class='gallery-item'>\n\t\t\t<dt class='gallery-icon landscape'>\n\t\t\t\t<a href='https:\/\/www.visit-ulcinj.com\/blog\/wp-content\/uploads\/2012\/03\/7-Marsi-Dita-e-MesuesitPlave-2012.10.11.jpg'><img width=\"150\" height=\"150\" src=\"https:\/\/www.visit-ulcinj.com\/blog\/wp-content\/uploads\/2012\/03\/7-Marsi-Dita-e-MesuesitPlave-2012.10.11-150x150.jpg\" class=\"attachment-thumbnail size-thumbnail\" alt=\"\" loading=\"lazy\" \/><\/a>\n\t\t\t<\/dt><\/dl><dl class='gallery-item'>\n\t\t\t<dt class='gallery-icon landscape'>\n\t\t\t\t<a href='https:\/\/www.visit-ulcinj.com\/blog\/wp-content\/uploads\/2012\/03\/7-Marsi-Dita-e-MesuesitPlave-2012.10.12.jpg'><img width=\"150\" height=\"150\" src=\"https:\/\/www.visit-ulcinj.com\/blog\/wp-content\/uploads\/2012\/03\/7-Marsi-Dita-e-MesuesitPlave-2012.10.12-150x150.jpg\" class=\"attachment-thumbnail size-thumbnail\" alt=\"\" loading=\"lazy\" \/><\/a>\n\t\t\t<\/dt><\/dl><br style=\"clear: both\" \/><dl class='gallery-item'>\n\t\t\t<dt class='gallery-icon landscape'>\n\t\t\t\t<a href='https:\/\/www.visit-ulcinj.com\/blog\/wp-content\/uploads\/2012\/03\/7-Marsi-Dita-e-MesuesitPlave-2012.10.13.jpg'><img width=\"150\" height=\"150\" src=\"https:\/\/www.visit-ulcinj.com\/blog\/wp-content\/uploads\/2012\/03\/7-Marsi-Dita-e-MesuesitPlave-2012.10.13-150x150.jpg\" class=\"attachment-thumbnail size-thumbnail\" alt=\"\" loading=\"lazy\" \/><\/a>\n\t\t\t<\/dt><\/dl><dl class='gallery-item'>\n\t\t\t<dt class='gallery-icon landscape'>\n\t\t\t\t<a href='https:\/\/www.visit-ulcinj.com\/blog\/wp-content\/uploads\/2012\/03\/7-Marsi-Dita-e-MesuesitPlave-2012.10.jpg'><img width=\"150\" height=\"150\" src=\"https:\/\/www.visit-ulcinj.com\/blog\/wp-content\/uploads\/2012\/03\/7-Marsi-Dita-e-MesuesitPlave-2012.10-150x150.jpg\" class=\"attachment-thumbnail size-thumbnail\" alt=\"\" loading=\"lazy\" \/><\/a>\n\t\t\t<\/dt><\/dl><dl class='gallery-item'>\n\t\t\t<dt class='gallery-icon landscape'>\n\t\t\t\t<a href='https:\/\/www.visit-ulcinj.com\/blog\/wp-content\/uploads\/2012\/03\/7-Marsi-Dita-e-MesuesitPlave-2012.1.jpg'><img width=\"150\" height=\"150\" src=\"https:\/\/www.visit-ulcinj.com\/blog\/wp-content\/uploads\/2012\/03\/7-Marsi-Dita-e-MesuesitPlave-2012.1-150x150.jpg\" class=\"attachment-thumbnail size-thumbnail\" alt=\"\" loading=\"lazy\" \/><\/a>\n\t\t\t<\/dt><\/dl><br style=\"clear: both\" \/><dl class='gallery-item'>\n\t\t\t<dt class='gallery-icon landscape'>\n\t\t\t\t<a href='https:\/\/www.visit-ulcinj.com\/blog\/wp-content\/uploads\/2012\/03\/7-Marsi-Dita-e-MesuesitPlave-2012.2.jpg'><img width=\"150\" height=\"150\" src=\"https:\/\/www.visit-ulcinj.com\/blog\/wp-content\/uploads\/2012\/03\/7-Marsi-Dita-e-MesuesitPlave-2012.2-150x150.jpg\" class=\"attachment-thumbnail size-thumbnail\" alt=\"\" loading=\"lazy\" \/><\/a>\n\t\t\t<\/dt><\/dl><dl class='gallery-item'>\n\t\t\t<dt class='gallery-icon landscape'>\n\t\t\t\t<a href='https:\/\/www.visit-ulcinj.com\/blog\/wp-content\/uploads\/2012\/03\/7-Marsi-Dita-e-MesuesitPlave-2012.3.jpg'><img width=\"150\" height=\"150\" src=\"https:\/\/www.visit-ulcinj.com\/blog\/wp-content\/uploads\/2012\/03\/7-Marsi-Dita-e-MesuesitPlave-2012.3-150x150.jpg\" class=\"attachment-thumbnail size-thumbnail\" alt=\"\" loading=\"lazy\" \/><\/a>\n\t\t\t<\/dt><\/dl><dl class='gallery-item'>\n\t\t\t<dt class='gallery-icon landscape'>\n\t\t\t\t<a href='https:\/\/www.visit-ulcinj.com\/blog\/wp-content\/uploads\/2012\/03\/7-Marsi-Dita-e-MesuesitPlave-2012.4.jpg'><img width=\"150\" height=\"150\" src=\"https:\/\/www.visit-ulcinj.com\/blog\/wp-content\/uploads\/2012\/03\/7-Marsi-Dita-e-MesuesitPlave-2012.4-150x150.jpg\" class=\"attachment-thumbnail size-thumbnail\" alt=\"\" loading=\"lazy\" \/><\/a>\n\t\t\t<\/dt><\/dl><br style=\"clear: both\" \/><dl class='gallery-item'>\n\t\t\t<dt class='gallery-icon landscape'>\n\t\t\t\t<a href='https:\/\/www.visit-ulcinj.com\/blog\/wp-content\/uploads\/2012\/03\/7-Marsi-Dita-e-MesuesitPlave-2012.5.jpg'><img width=\"150\" height=\"150\" src=\"https:\/\/www.visit-ulcinj.com\/blog\/wp-content\/uploads\/2012\/03\/7-Marsi-Dita-e-MesuesitPlave-2012.5-150x150.jpg\" class=\"attachment-thumbnail size-thumbnail\" alt=\"\" loading=\"lazy\" \/><\/a>\n\t\t\t<\/dt><\/dl><dl class='gallery-item'>\n\t\t\t<dt class='gallery-icon landscape'>\n\t\t\t\t<a href='https:\/\/www.visit-ulcinj.com\/blog\/wp-content\/uploads\/2012\/03\/7-Marsi-Dita-e-MesuesitPlave-2012.6.jpg'><img width=\"150\" height=\"150\" src=\"https:\/\/www.visit-ulcinj.com\/blog\/wp-content\/uploads\/2012\/03\/7-Marsi-Dita-e-MesuesitPlave-2012.6-150x150.jpg\" class=\"attachment-thumbnail size-thumbnail\" alt=\"\" loading=\"lazy\" \/><\/a>\n\t\t\t<\/dt><\/dl><dl class='gallery-item'>\n\t\t\t<dt class='gallery-icon landscape'>\n\t\t\t\t<a href='https:\/\/www.visit-ulcinj.com\/blog\/wp-content\/uploads\/2012\/03\/7-Marsi-Dita-e-MesuesitPlave-2012.7.jpg'><img width=\"150\" height=\"150\" src=\"https:\/\/www.visit-ulcinj.com\/blog\/wp-content\/uploads\/2012\/03\/7-Marsi-Dita-e-MesuesitPlave-2012.7-150x150.jpg\" class=\"attachment-thumbnail size-thumbnail\" alt=\"\" loading=\"lazy\" \/><\/a>\n\t\t\t<\/dt><\/dl><br style=\"clear: both\" \/>\n\t\t<\/div>\n\n","protected":false},"excerpt":{"rendered":"<p>Nga Shaban Hasangjekaj Pas intonimit t\u00eb himnit t\u00eb flamurit komb\u00ebtar\u00a0dhe prezantimit t\u00eb dokeve dhe\u00a0zakoneve shqiptare t\u00eb k\u00ebsaj ane nga\u00a0an\u00ebtar\u00ebt e SHKA-s\u00eb \u201cMaja e Karajfilit\u201d\u00a0t\u00eb veshur n\u00eb kostume nacionale shqiptare,\u00a0moderatoret Mirjeta dhe Arbnore\u00a0Gjonbalaj, p\u00ebrsh\u00ebndet\u00ebn t\u00eb pranishmit,\u00a0m\u00ebsimdh\u00ebn\u00ebsve ua uruan fest\u00ebn, kurse\u00a0fal\u00ebnderim dhe mir\u00ebnjohje t\u00eb ve\u00e7ant\u00eb i\u00a0shpreh\u00ebn organizuesit t\u00eb manifestimit,\u00a0K\u00ebshillit Nacional t\u00eb Shqiptar\u00ebve n\u00eb\u00a0Mal t\u00eb Zi n\u00eb krye [&hellip;]<\/p>\n","protected":false},"author":1,"featured_media":0,"comment_status":"open","ping_status":"closed","sticky":false,"template":"","format":"standard","meta":{"spay_email":"","jetpack_publicize_message":"","jetpack_is_tweetstorm":false,"jetpack_publicize_feature_enabled":true},"categories":[8],"tags":[17634,20192,5314,899],"jetpack_publicize_connections":[],"yoast_head":"<!-- This site is optimized with the Yoast SEO plugin v19.1 - https:\/\/yoast.com\/wordpress\/plugins\/seo\/ -->\n<title>N\u00eb Plav\u00eb, n\u00eb m\u00ebnyr\u00eb solemne \u00ebsht\u00eb sh\u00ebnuar 7 marsi \u2013 Dita e M\u00ebsuesit - Lajme nga Ulqini<\/title>\n<meta name=\"description\" content=\"Nga Shaban Hasangjekaj Pas intonimit t\u00eb himnit t\u00eb flamurit komb\u00ebtar\u00a0dhe prezantimit t\u00eb dokeve dhe\u00a0zakoneve shqiptare t\u00eb k\u00ebsaj ane nga\u00a0an\u00ebtar\u00ebt e SHKA-s\u00eb\" \/>\n<meta name=\"robots\" content=\"index, follow, max-snippet:-1, max-image-preview:large, max-video-preview:-1\" \/>\n<link rel=\"canonical\" href=\"https:\/\/www.visit-ulcinj.com\/blog\/2012\/03\/22\/ne-plave-ne-menyre-solemne-eshte-shenuar-7-marsi-dita-e-mesuesit\/\" \/>\n<meta property=\"og:locale\" content=\"en_US\" \/>\n<meta property=\"og:type\" content=\"article\" \/>\n<meta property=\"og:title\" content=\"N\u00eb Plav\u00eb, n\u00eb m\u00ebnyr\u00eb solemne \u00ebsht\u00eb sh\u00ebnuar 7 marsi \u2013 Dita e M\u00ebsuesit - Lajme nga Ulqini\" \/>\n<meta property=\"og:description\" content=\"Nga Shaban Hasangjekaj Pas intonimit t\u00eb himnit t\u00eb flamurit komb\u00ebtar\u00a0dhe prezantimit t\u00eb dokeve dhe\u00a0zakoneve shqiptare t\u00eb k\u00ebsaj ane nga\u00a0an\u00ebtar\u00ebt e SHKA-s\u00eb\" \/>\n<meta property=\"og:url\" content=\"https:\/\/www.visit-ulcinj.com\/blog\/2012\/03\/22\/ne-plave-ne-menyre-solemne-eshte-shenuar-7-marsi-dita-e-mesuesit\/\" \/>\n<meta property=\"og:site_name\" content=\"Lajme nga Ulqini\" \/>\n<meta property=\"article:published_time\" content=\"2012-03-22T06:09:23+00:00\" \/>\n<meta property=\"og:image\" content=\"https:\/\/www.visit-ulcinj.com\/blog\/wp-content\/uploads\/2012\/03\/7-Marsi-Dita-e-MesuesitPlave-2012-150x150.jpg\" \/>\n<meta name=\"twitter:label1\" content=\"Written by\" \/>\n\t<meta name=\"twitter:data1\" content=\"ulqini\" \/>\n\t<meta name=\"twitter:label2\" content=\"Est. reading time\" \/>\n\t<meta name=\"twitter:data2\" content=\"5 minutes\" \/>\n<script type=\"application\/ld+json\" class=\"yoast-schema-graph\">{\"@context\":\"https:\/\/schema.org\",\"@graph\":[{\"@type\":\"WebSite\",\"@id\":\"https:\/\/www.visit-ulcinj.com\/blog\/#website\",\"url\":\"https:\/\/www.visit-ulcinj.com\/blog\/\",\"name\":\"Lajme nga Ulqini\",\"description\":\"Lajme,Vijesti,Ulqini,Ulqin,Crna Gora,Mali i Zi\",\"potentialAction\":[{\"@type\":\"SearchAction\",\"target\":{\"@type\":\"EntryPoint\",\"urlTemplate\":\"https:\/\/www.visit-ulcinj.com\/blog\/?s={search_term_string}\"},\"query-input\":\"required name=search_term_string\"}],\"inLanguage\":\"en-US\"},{\"@type\":\"ImageObject\",\"inLanguage\":\"en-US\",\"@id\":\"https:\/\/www.visit-ulcinj.com\/blog\/2012\/03\/22\/ne-plave-ne-menyre-solemne-eshte-shenuar-7-marsi-dita-e-mesuesit\/#primaryimage\",\"url\":\"https:\/\/www.visit-ulcinj.com\/blog\/wp-content\/uploads\/2012\/03\/7-Marsi-Dita-e-MesuesitPlave-2012.jpg\",\"contentUrl\":\"https:\/\/www.visit-ulcinj.com\/blog\/wp-content\/uploads\/2012\/03\/7-Marsi-Dita-e-MesuesitPlave-2012.jpg\",\"width\":\"960\",\"height\":\"720\"},{\"@type\":\"WebPage\",\"@id\":\"https:\/\/www.visit-ulcinj.com\/blog\/2012\/03\/22\/ne-plave-ne-menyre-solemne-eshte-shenuar-7-marsi-dita-e-mesuesit\/#webpage\",\"url\":\"https:\/\/www.visit-ulcinj.com\/blog\/2012\/03\/22\/ne-plave-ne-menyre-solemne-eshte-shenuar-7-marsi-dita-e-mesuesit\/\",\"name\":\"N\u00eb Plav\u00eb, n\u00eb m\u00ebnyr\u00eb solemne \u00ebsht\u00eb sh\u00ebnuar 7 marsi \u2013 Dita e M\u00ebsuesit - Lajme nga Ulqini\",\"isPartOf\":{\"@id\":\"https:\/\/www.visit-ulcinj.com\/blog\/#website\"},\"primaryImageOfPage\":{\"@id\":\"https:\/\/www.visit-ulcinj.com\/blog\/2012\/03\/22\/ne-plave-ne-menyre-solemne-eshte-shenuar-7-marsi-dita-e-mesuesit\/#primaryimage\"},\"datePublished\":\"2012-03-22T06:09:23+00:00\",\"dateModified\":\"2012-03-22T06:09:23+00:00\",\"author\":{\"@id\":\"https:\/\/www.visit-ulcinj.com\/blog\/#\/schema\/person\/dcab619c614d3038751c63bc2aadc06d\"},\"description\":\"Nga Shaban Hasangjekaj Pas intonimit t\u00eb himnit t\u00eb flamurit komb\u00ebtar\u00a0dhe prezantimit t\u00eb dokeve dhe\u00a0zakoneve shqiptare t\u00eb k\u00ebsaj ane nga\u00a0an\u00ebtar\u00ebt e SHKA-s\u00eb\",\"breadcrumb\":{\"@id\":\"https:\/\/www.visit-ulcinj.com\/blog\/2012\/03\/22\/ne-plave-ne-menyre-solemne-eshte-shenuar-7-marsi-dita-e-mesuesit\/#breadcrumb\"},\"inLanguage\":\"en-US\",\"potentialAction\":[{\"@type\":\"ReadAction\",\"target\":[\"https:\/\/www.visit-ulcinj.com\/blog\/2012\/03\/22\/ne-plave-ne-menyre-solemne-eshte-shenuar-7-marsi-dita-e-mesuesit\/\"]}]},{\"@type\":\"BreadcrumbList\",\"@id\":\"https:\/\/www.visit-ulcinj.com\/blog\/2012\/03\/22\/ne-plave-ne-menyre-solemne-eshte-shenuar-7-marsi-dita-e-mesuesit\/#breadcrumb\",\"itemListElement\":[{\"@type\":\"ListItem\",\"position\":1,\"name\":\"N\u00eb Plav\u00eb, n\u00eb m\u00ebnyr\u00eb solemne \u00ebsht\u00eb sh\u00ebnuar 7 marsi \u2013 Dita e M\u00ebsuesit\"}]},{\"@type\":\"Person\",\"@id\":\"https:\/\/www.visit-ulcinj.com\/blog\/#\/schema\/person\/dcab619c614d3038751c63bc2aadc06d\",\"name\":\"ulqini\",\"sameAs\":[\"http:\/\/www.visit-ulcinj.com\"],\"url\":\"https:\/\/www.visit-ulcinj.com\/blog\/author\/admin\/\"}]}<\/script>\n<!-- \/ Yoast SEO plugin. -->","yoast_head_json":{"title":"N\u00eb Plav\u00eb, n\u00eb m\u00ebnyr\u00eb solemne \u00ebsht\u00eb sh\u00ebnuar 7 marsi \u2013 Dita e M\u00ebsuesit - Lajme nga Ulqini","description":"Nga Shaban Hasangjekaj Pas intonimit t\u00eb himnit t\u00eb flamurit komb\u00ebtar\u00a0dhe prezantimit t\u00eb dokeve dhe\u00a0zakoneve shqiptare t\u00eb k\u00ebsaj ane nga\u00a0an\u00ebtar\u00ebt e SHKA-s\u00eb","robots":{"index":"index","follow":"follow","max-snippet":"max-snippet:-1","max-image-preview":"max-image-preview:large","max-video-preview":"max-video-preview:-1"},"canonical":"https:\/\/www.visit-ulcinj.com\/blog\/2012\/03\/22\/ne-plave-ne-menyre-solemne-eshte-shenuar-7-marsi-dita-e-mesuesit\/","og_locale":"en_US","og_type":"article","og_title":"N\u00eb Plav\u00eb, n\u00eb m\u00ebnyr\u00eb solemne \u00ebsht\u00eb sh\u00ebnuar 7 marsi \u2013 Dita e M\u00ebsuesit - Lajme nga Ulqini","og_description":"Nga Shaban Hasangjekaj Pas intonimit t\u00eb himnit t\u00eb flamurit komb\u00ebtar\u00a0dhe prezantimit t\u00eb dokeve dhe\u00a0zakoneve shqiptare t\u00eb k\u00ebsaj ane nga\u00a0an\u00ebtar\u00ebt e SHKA-s\u00eb","og_url":"https:\/\/www.visit-ulcinj.com\/blog\/2012\/03\/22\/ne-plave-ne-menyre-solemne-eshte-shenuar-7-marsi-dita-e-mesuesit\/","og_site_name":"Lajme nga Ulqini","article_published_time":"2012-03-22T06:09:23+00:00","og_image":[{"url":"https:\/\/www.visit-ulcinj.com\/blog\/wp-content\/uploads\/2012\/03\/7-Marsi-Dita-e-MesuesitPlave-2012-150x150.jpg"}],"twitter_misc":{"Written by":"ulqini","Est. reading time":"5 minutes"},"schema":{"@context":"https:\/\/schema.org","@graph":[{"@type":"WebSite","@id":"https:\/\/www.visit-ulcinj.com\/blog\/#website","url":"https:\/\/www.visit-ulcinj.com\/blog\/","name":"Lajme nga Ulqini","description":"Lajme,Vijesti,Ulqini,Ulqin,Crna Gora,Mali i Zi","potentialAction":[{"@type":"SearchAction","target":{"@type":"EntryPoint","urlTemplate":"https:\/\/www.visit-ulcinj.com\/blog\/?s={search_term_string}"},"query-input":"required name=search_term_string"}],"inLanguage":"en-US"},{"@type":"ImageObject","inLanguage":"en-US","@id":"https:\/\/www.visit-ulcinj.com\/blog\/2012\/03\/22\/ne-plave-ne-menyre-solemne-eshte-shenuar-7-marsi-dita-e-mesuesit\/#primaryimage","url":"https:\/\/www.visit-ulcinj.com\/blog\/wp-content\/uploads\/2012\/03\/7-Marsi-Dita-e-MesuesitPlave-2012.jpg","contentUrl":"https:\/\/www.visit-ulcinj.com\/blog\/wp-content\/uploads\/2012\/03\/7-Marsi-Dita-e-MesuesitPlave-2012.jpg","width":"960","height":"720"},{"@type":"WebPage","@id":"https:\/\/www.visit-ulcinj.com\/blog\/2012\/03\/22\/ne-plave-ne-menyre-solemne-eshte-shenuar-7-marsi-dita-e-mesuesit\/#webpage","url":"https:\/\/www.visit-ulcinj.com\/blog\/2012\/03\/22\/ne-plave-ne-menyre-solemne-eshte-shenuar-7-marsi-dita-e-mesuesit\/","name":"N\u00eb Plav\u00eb, n\u00eb m\u00ebnyr\u00eb solemne \u00ebsht\u00eb sh\u00ebnuar 7 marsi \u2013 Dita e M\u00ebsuesit - Lajme nga Ulqini","isPartOf":{"@id":"https:\/\/www.visit-ulcinj.com\/blog\/#website"},"primaryImageOfPage":{"@id":"https:\/\/www.visit-ulcinj.com\/blog\/2012\/03\/22\/ne-plave-ne-menyre-solemne-eshte-shenuar-7-marsi-dita-e-mesuesit\/#primaryimage"},"datePublished":"2012-03-22T06:09:23+00:00","dateModified":"2012-03-22T06:09:23+00:00","author":{"@id":"https:\/\/www.visit-ulcinj.com\/blog\/#\/schema\/person\/dcab619c614d3038751c63bc2aadc06d"},"description":"Nga Shaban Hasangjekaj Pas intonimit t\u00eb himnit t\u00eb flamurit komb\u00ebtar\u00a0dhe prezantimit t\u00eb dokeve dhe\u00a0zakoneve shqiptare t\u00eb k\u00ebsaj ane nga\u00a0an\u00ebtar\u00ebt e SHKA-s\u00eb","breadcrumb":{"@id":"https:\/\/www.visit-ulcinj.com\/blog\/2012\/03\/22\/ne-plave-ne-menyre-solemne-eshte-shenuar-7-marsi-dita-e-mesuesit\/#breadcrumb"},"inLanguage":"en-US","potentialAction":[{"@type":"ReadAction","target":["https:\/\/www.visit-ulcinj.com\/blog\/2012\/03\/22\/ne-plave-ne-menyre-solemne-eshte-shenuar-7-marsi-dita-e-mesuesit\/"]}]},{"@type":"BreadcrumbList","@id":"https:\/\/www.visit-ulcinj.com\/blog\/2012\/03\/22\/ne-plave-ne-menyre-solemne-eshte-shenuar-7-marsi-dita-e-mesuesit\/#breadcrumb","itemListElement":[{"@type":"ListItem","position":1,"name":"N\u00eb Plav\u00eb, n\u00eb m\u00ebnyr\u00eb solemne \u00ebsht\u00eb sh\u00ebnuar 7 marsi \u2013 Dita e M\u00ebsuesit"}]},{"@type":"Person","@id":"https:\/\/www.visit-ulcinj.com\/blog\/#\/schema\/person\/dcab619c614d3038751c63bc2aadc06d","name":"ulqini","sameAs":["http:\/\/www.visit-ulcinj.com"],"url":"https:\/\/www.visit-ulcinj.com\/blog\/author\/admin\/"}]}},"jetpack_featured_media_url":"","jetpack_sharing_enabled":true,"jetpack_shortlink":"https:\/\/wp.me\/pe6lTn-fdj","_links":{"self":[{"href":"https:\/\/www.visit-ulcinj.com\/blog\/wp-json\/wp\/v2\/posts\/58485"}],"collection":[{"href":"https:\/\/www.visit-ulcinj.com\/blog\/wp-json\/wp\/v2\/posts"}],"about":[{"href":"https:\/\/www.visit-ulcinj.com\/blog\/wp-json\/wp\/v2\/types\/post"}],"author":[{"embeddable":true,"href":"https:\/\/www.visit-ulcinj.com\/blog\/wp-json\/wp\/v2\/users\/1"}],"replies":[{"embeddable":true,"href":"https:\/\/www.visit-ulcinj.com\/blog\/wp-json\/wp\/v2\/comments?post=58485"}],"version-history":[{"count":1,"href":"https:\/\/www.visit-ulcinj.com\/blog\/wp-json\/wp\/v2\/posts\/58485\/revisions"}],"predecessor-version":[{"id":58502,"href":"https:\/\/www.visit-ulcinj.com\/blog\/wp-json\/wp\/v2\/posts\/58485\/revisions\/58502"}],"wp:attachment":[{"href":"https:\/\/www.visit-ulcinj.com\/blog\/wp-json\/wp\/v2\/media?parent=58485"}],"wp:term":[{"taxonomy":"category","embeddable":true,"href":"https:\/\/www.visit-ulcinj.com\/blog\/wp-json\/wp\/v2\/categories?post=58485"},{"taxonomy":"post_tag","embeddable":true,"href":"https:\/\/www.visit-ulcinj.com\/blog\/wp-json\/wp\/v2\/tags?post=58485"}],"curies":[{"name":"wp","href":"https:\/\/api.w.org\/{rel}","templated":true}]}}