{"id":58503,"date":"2012-03-22T07:16:30","date_gmt":"2012-03-22T06:16:30","guid":{"rendered":"http:\/\/www.visit-ulcinj.com\/blog\/?p=58503"},"modified":"2012-03-22T07:16:30","modified_gmt":"2012-03-22T06:16:30","slug":"zyrtarizohet-ndarja-e-ministrise-per-te-drejtat-e-njeriut-dhe-pakicave","status":"publish","type":"post","link":"https:\/\/www.visit-ulcinj.com\/blog\/2012\/03\/22\/zyrtarizohet-ndarja-e-ministrise-per-te-drejtat-e-njeriut-dhe-pakicave\/","title":{"rendered":"Zyrtarizohet ndarja e Ministris\u00eb p\u00ebr t\u00eb Drejtat e Njeriut dhe Pakicave"},"content":{"rendered":"<p><a href=\"http:\/\/www.visit-ulcinj.com\/blog\/wp-content\/uploads\/2012\/03\/Kryetari-i-UDSH-se-Met-Zenka.jpg\"><img loading=\"lazy\" class=\"alignleft  wp-image-58504\" title=\"Kryetari i UDSH-se, Met Zenka,\" src=\"http:\/\/www.visit-ulcinj.com\/blog\/wp-content\/uploads\/2012\/03\/Kryetari-i-UDSH-se-Met-Zenka.jpg\" alt=\"\" width=\"508\" height=\"380\" \/><\/a>Podgoric\u00eb \u2013 Parlamenti i Malit t\u00eb Zi ka miratuar\u00a0t\u00eb mart\u00ebn propozimin e kryeministrit\u00a0Igor Llukshiq p\u00ebr riorganizimin e Qeveris\u00eb,\u00a0q\u00eb n\u00ebnkupton ndarjen e Ministris\u00eb\u00a0p\u00ebr t\u00eb Drejtat e Njeriut dhe Pakicave. K\u00ebshtu\u00a0kjo ministri n\u00eb t\u00eb ardhmen do t\u00eb merret\u00a0vet\u00ebm me t\u00eb drejtat e pakicave, kurse dikasteri\u00a0i t\u00eb drejtave t\u00eb njeriut i \u00ebsht\u00eb bashkangjitur\u00a0Ministris\u00eb s\u00eb Drejt\u00ebsis\u00eb, e cila do\u00a0t\u00eb quhet Ministria e Drejt\u00ebsis\u00eb dhe e t\u00eb\u00a0Drejtave t\u00eb Njeriut dhe do t\u00eb drejtohet nga\u00a0Dushko Markoviq.\u00a0Deputeti i Koalicionit \u201cPerspektiva\u201d, Vasel\u00a0Sinishtaj, i cili ka votuar kund\u00ebr zgjedhjes\u00a0s\u00eb Dushko Markoviqit minist\u00ebr i Drejt\u00ebsis\u00eb\u00a0dhe t\u00eb Drejtave t\u00eb Njeriut, duke arsyetuar\u00a0vendimin e tij ka th\u00ebn\u00eb se \u201ct\u00eb drejtat e\u00a0njeriut dhe pakicave jan\u00eb t\u00eb lidhura ngusht\u00a0edhe me standardet nd\u00ebrkomb\u00ebtare, prandaj\u00a0nuk ka arsye q\u00eb t\u00eb ngarkohet me pun\u00eb\u00a0shtes\u00eb Ministria e Drejt\u00ebsis\u00eb\u201d.\u00a0Nd\u00ebrkoh\u00eb Ministria p\u00ebr t\u00eb Drejtat e Pakicave vazhdon t\u00eb mbetet pa minist\u00ebr q\u00eb\u00a0nga dor\u00ebheqja e ministrit Ferhat Dinosha\u00a0p\u00ebr shkak t\u00eb em\u00ebrimit t\u00eb tij ambasador\u00a0i Malit t\u00eb Zi n\u00eb Republik\u00ebn e Shqip\u00ebris\u00eb.\u00a0Megjithat\u00eb n\u00eb seanc\u00ebn e fundit t\u00eb Parlamentit,\u00a0kryeministri Llukshiq ka premtuar\u00a0se ministri i ri do t\u00eb zgjidhet shum\u00eb shpejt.\u00a0N\u00eb baz\u00eb t\u00eb marr\u00ebveshjes s\u00eb koalicionit,\u00a0posti i ministrit i takon UDSH-s\u00eb.\u00a0Kryetari i UDSH-s\u00eb, Met Zenka, ka th\u00ebn\u00eb\u00a0se kjo parti do t\u00eb propozoj\u00eb shum\u00eb shpejt emrin e kandidatit p\u00ebr minist\u00ebr.\u00a0N\u00eb opinion \u00ebsht\u00eb lakuar emri i ish-ministrit\u00a0dhe ish-kryetarit t\u00eb Komun\u00ebs s\u00eb Ulqinit,\u00a0G\u00ebzim Hajdinaga, por zgjedhja e\u00a0tij minist\u00ebr \u00ebsht\u00eb v\u00ebn\u00eb n\u00eb pik\u00ebpyetje p\u00ebr\u00a0shkak t\u00eb nj\u00eb hetimi q\u00eb ka filluar ndaj tij.\u00a0\u201cShum\u00eb shpejt do t\u00eb b\u00ebjm\u00eb t\u00eb njohur emrin\u00a0e kandidatit p\u00ebr minist\u00ebr. Jemi duke\u00a0pritur akoma rezultatet e hetimit kund\u00ebr\u00a0G\u00ebzim Hajdinag\u00ebs\u201d, ka th\u00ebn\u00eb Zenka.<\/p>\n<p><strong>(Kohapress)<\/strong><\/p>\n","protected":false},"excerpt":{"rendered":"<p>Podgoric\u00eb \u2013 Parlamenti i Malit t\u00eb Zi ka miratuar\u00a0t\u00eb mart\u00ebn propozimin e kryeministrit\u00a0Igor Llukshiq p\u00ebr riorganizimin e Qeveris\u00eb,\u00a0q\u00eb n\u00ebnkupton ndarjen e Ministris\u00eb\u00a0p\u00ebr t\u00eb Drejtat e Njeriut dhe Pakicave. K\u00ebshtu\u00a0kjo ministri n\u00eb t\u00eb ardhmen do t\u00eb merret\u00a0vet\u00ebm me t\u00eb drejtat e pakicave, kurse dikasteri\u00a0i t\u00eb drejtave t\u00eb njeriut i \u00ebsht\u00eb bashkangjitur\u00a0Ministris\u00eb s\u00eb Drejt\u00ebsis\u00eb, e cila do\u00a0t\u00eb [&hellip;]<\/p>\n","protected":false},"author":1,"featured_media":0,"comment_status":"open","ping_status":"closed","sticky":false,"template":"","format":"standard","meta":{"spay_email":"","jetpack_publicize_message":"","jetpack_is_tweetstorm":false,"jetpack_publicize_feature_enabled":true},"categories":[8],"tags":[95,20194,20193,200],"jetpack_publicize_connections":[],"yoast_head":"<!-- This site is optimized with the Yoast SEO plugin v19.1 - https:\/\/yoast.com\/wordpress\/plugins\/seo\/ -->\n<title>Zyrtarizohet ndarja e Ministris\u00eb p\u00ebr t\u00eb Drejtat e Njeriut dhe Pakicave - Lajme nga Ulqini<\/title>\n<meta name=\"description\" content=\"Podgoric\u00eb \u2013 Parlamenti i Malit t\u00eb Zi ka miratuar\u00a0t\u00eb mart\u00ebn propozimin e kryeministrit\u00a0Igor Llukshiq p\u00ebr riorganizimin e Qeveris\u00eb,\u00a0q\u00eb n\u00ebnkupton ndarjen e\" \/>\n<meta name=\"robots\" content=\"index, follow, max-snippet:-1, max-image-preview:large, max-video-preview:-1\" \/>\n<link rel=\"canonical\" href=\"https:\/\/www.visit-ulcinj.com\/blog\/2012\/03\/22\/zyrtarizohet-ndarja-e-ministrise-per-te-drejtat-e-njeriut-dhe-pakicave\/\" \/>\n<meta property=\"og:locale\" content=\"en_US\" \/>\n<meta property=\"og:type\" content=\"article\" \/>\n<meta property=\"og:title\" content=\"Zyrtarizohet ndarja e Ministris\u00eb p\u00ebr t\u00eb Drejtat e Njeriut dhe Pakicave - Lajme nga Ulqini\" \/>\n<meta property=\"og:description\" content=\"Podgoric\u00eb \u2013 Parlamenti i Malit t\u00eb Zi ka miratuar\u00a0t\u00eb mart\u00ebn propozimin e kryeministrit\u00a0Igor Llukshiq p\u00ebr riorganizimin e Qeveris\u00eb,\u00a0q\u00eb n\u00ebnkupton ndarjen e\" \/>\n<meta property=\"og:url\" content=\"https:\/\/www.visit-ulcinj.com\/blog\/2012\/03\/22\/zyrtarizohet-ndarja-e-ministrise-per-te-drejtat-e-njeriut-dhe-pakicave\/\" \/>\n<meta property=\"og:site_name\" content=\"Lajme nga Ulqini\" \/>\n<meta property=\"article:published_time\" content=\"2012-03-22T06:16:30+00:00\" \/>\n<meta property=\"og:image\" content=\"http:\/\/www.visit-ulcinj.com\/blog\/wp-content\/uploads\/2012\/03\/Kryetari-i-UDSH-se-Met-Zenka.jpg\" \/>\n<meta name=\"twitter:label1\" content=\"Written by\" \/>\n\t<meta name=\"twitter:data1\" content=\"ulqini\" \/>\n\t<meta name=\"twitter:label2\" content=\"Est. reading time\" \/>\n\t<meta name=\"twitter:data2\" content=\"2 minutes\" \/>\n<script type=\"application\/ld+json\" class=\"yoast-schema-graph\">{\"@context\":\"https:\/\/schema.org\",\"@graph\":[{\"@type\":\"WebSite\",\"@id\":\"https:\/\/www.visit-ulcinj.com\/blog\/#website\",\"url\":\"https:\/\/www.visit-ulcinj.com\/blog\/\",\"name\":\"Lajme nga Ulqini\",\"description\":\"Lajme,Vijesti,Ulqini,Ulqin,Crna Gora,Mali i Zi\",\"potentialAction\":[{\"@type\":\"SearchAction\",\"target\":{\"@type\":\"EntryPoint\",\"urlTemplate\":\"https:\/\/www.visit-ulcinj.com\/blog\/?s={search_term_string}\"},\"query-input\":\"required name=search_term_string\"}],\"inLanguage\":\"en-US\"},{\"@type\":\"ImageObject\",\"inLanguage\":\"en-US\",\"@id\":\"https:\/\/www.visit-ulcinj.com\/blog\/2012\/03\/22\/zyrtarizohet-ndarja-e-ministrise-per-te-drejtat-e-njeriut-dhe-pakicave\/#primaryimage\",\"url\":\"https:\/\/www.visit-ulcinj.com\/blog\/wp-content\/uploads\/2012\/03\/Kryetari-i-UDSH-se-Met-Zenka.jpg\",\"contentUrl\":\"https:\/\/www.visit-ulcinj.com\/blog\/wp-content\/uploads\/2012\/03\/Kryetari-i-UDSH-se-Met-Zenka.jpg\",\"width\":\"720\",\"height\":\"483\"},{\"@type\":\"WebPage\",\"@id\":\"https:\/\/www.visit-ulcinj.com\/blog\/2012\/03\/22\/zyrtarizohet-ndarja-e-ministrise-per-te-drejtat-e-njeriut-dhe-pakicave\/#webpage\",\"url\":\"https:\/\/www.visit-ulcinj.com\/blog\/2012\/03\/22\/zyrtarizohet-ndarja-e-ministrise-per-te-drejtat-e-njeriut-dhe-pakicave\/\",\"name\":\"Zyrtarizohet ndarja e Ministris\u00eb p\u00ebr t\u00eb Drejtat e Njeriut dhe Pakicave - Lajme nga Ulqini\",\"isPartOf\":{\"@id\":\"https:\/\/www.visit-ulcinj.com\/blog\/#website\"},\"primaryImageOfPage\":{\"@id\":\"https:\/\/www.visit-ulcinj.com\/blog\/2012\/03\/22\/zyrtarizohet-ndarja-e-ministrise-per-te-drejtat-e-njeriut-dhe-pakicave\/#primaryimage\"},\"datePublished\":\"2012-03-22T06:16:30+00:00\",\"dateModified\":\"2012-03-22T06:16:30+00:00\",\"author\":{\"@id\":\"https:\/\/www.visit-ulcinj.com\/blog\/#\/schema\/person\/dcab619c614d3038751c63bc2aadc06d\"},\"description\":\"Podgoric\u00eb \u2013 Parlamenti i Malit t\u00eb Zi ka miratuar\u00a0t\u00eb mart\u00ebn propozimin e kryeministrit\u00a0Igor Llukshiq p\u00ebr riorganizimin e Qeveris\u00eb,\u00a0q\u00eb n\u00ebnkupton ndarjen e\",\"breadcrumb\":{\"@id\":\"https:\/\/www.visit-ulcinj.com\/blog\/2012\/03\/22\/zyrtarizohet-ndarja-e-ministrise-per-te-drejtat-e-njeriut-dhe-pakicave\/#breadcrumb\"},\"inLanguage\":\"en-US\",\"potentialAction\":[{\"@type\":\"ReadAction\",\"target\":[\"https:\/\/www.visit-ulcinj.com\/blog\/2012\/03\/22\/zyrtarizohet-ndarja-e-ministrise-per-te-drejtat-e-njeriut-dhe-pakicave\/\"]}]},{\"@type\":\"BreadcrumbList\",\"@id\":\"https:\/\/www.visit-ulcinj.com\/blog\/2012\/03\/22\/zyrtarizohet-ndarja-e-ministrise-per-te-drejtat-e-njeriut-dhe-pakicave\/#breadcrumb\",\"itemListElement\":[{\"@type\":\"ListItem\",\"position\":1,\"name\":\"Zyrtarizohet ndarja e Ministris\u00eb p\u00ebr t\u00eb Drejtat e Njeriut dhe Pakicave\"}]},{\"@type\":\"Person\",\"@id\":\"https:\/\/www.visit-ulcinj.com\/blog\/#\/schema\/person\/dcab619c614d3038751c63bc2aadc06d\",\"name\":\"ulqini\",\"sameAs\":[\"http:\/\/www.visit-ulcinj.com\"],\"url\":\"https:\/\/www.visit-ulcinj.com\/blog\/author\/admin\/\"}]}<\/script>\n<!-- \/ Yoast SEO plugin. -->","yoast_head_json":{"title":"Zyrtarizohet ndarja e Ministris\u00eb p\u00ebr t\u00eb Drejtat e Njeriut dhe Pakicave - Lajme nga Ulqini","description":"Podgoric\u00eb \u2013 Parlamenti i Malit t\u00eb Zi ka miratuar\u00a0t\u00eb mart\u00ebn propozimin e kryeministrit\u00a0Igor Llukshiq p\u00ebr riorganizimin e Qeveris\u00eb,\u00a0q\u00eb n\u00ebnkupton ndarjen e","robots":{"index":"index","follow":"follow","max-snippet":"max-snippet:-1","max-image-preview":"max-image-preview:large","max-video-preview":"max-video-preview:-1"},"canonical":"https:\/\/www.visit-ulcinj.com\/blog\/2012\/03\/22\/zyrtarizohet-ndarja-e-ministrise-per-te-drejtat-e-njeriut-dhe-pakicave\/","og_locale":"en_US","og_type":"article","og_title":"Zyrtarizohet ndarja e Ministris\u00eb p\u00ebr t\u00eb Drejtat e Njeriut dhe Pakicave - Lajme nga Ulqini","og_description":"Podgoric\u00eb \u2013 Parlamenti i Malit t\u00eb Zi ka miratuar\u00a0t\u00eb mart\u00ebn propozimin e kryeministrit\u00a0Igor Llukshiq p\u00ebr riorganizimin e Qeveris\u00eb,\u00a0q\u00eb n\u00ebnkupton ndarjen e","og_url":"https:\/\/www.visit-ulcinj.com\/blog\/2012\/03\/22\/zyrtarizohet-ndarja-e-ministrise-per-te-drejtat-e-njeriut-dhe-pakicave\/","og_site_name":"Lajme nga Ulqini","article_published_time":"2012-03-22T06:16:30+00:00","og_image":[{"url":"http:\/\/www.visit-ulcinj.com\/blog\/wp-content\/uploads\/2012\/03\/Kryetari-i-UDSH-se-Met-Zenka.jpg"}],"twitter_misc":{"Written by":"ulqini","Est. reading time":"2 minutes"},"schema":{"@context":"https:\/\/schema.org","@graph":[{"@type":"WebSite","@id":"https:\/\/www.visit-ulcinj.com\/blog\/#website","url":"https:\/\/www.visit-ulcinj.com\/blog\/","name":"Lajme nga Ulqini","description":"Lajme,Vijesti,Ulqini,Ulqin,Crna Gora,Mali i Zi","potentialAction":[{"@type":"SearchAction","target":{"@type":"EntryPoint","urlTemplate":"https:\/\/www.visit-ulcinj.com\/blog\/?s={search_term_string}"},"query-input":"required name=search_term_string"}],"inLanguage":"en-US"},{"@type":"ImageObject","inLanguage":"en-US","@id":"https:\/\/www.visit-ulcinj.com\/blog\/2012\/03\/22\/zyrtarizohet-ndarja-e-ministrise-per-te-drejtat-e-njeriut-dhe-pakicave\/#primaryimage","url":"https:\/\/www.visit-ulcinj.com\/blog\/wp-content\/uploads\/2012\/03\/Kryetari-i-UDSH-se-Met-Zenka.jpg","contentUrl":"https:\/\/www.visit-ulcinj.com\/blog\/wp-content\/uploads\/2012\/03\/Kryetari-i-UDSH-se-Met-Zenka.jpg","width":"720","height":"483"},{"@type":"WebPage","@id":"https:\/\/www.visit-ulcinj.com\/blog\/2012\/03\/22\/zyrtarizohet-ndarja-e-ministrise-per-te-drejtat-e-njeriut-dhe-pakicave\/#webpage","url":"https:\/\/www.visit-ulcinj.com\/blog\/2012\/03\/22\/zyrtarizohet-ndarja-e-ministrise-per-te-drejtat-e-njeriut-dhe-pakicave\/","name":"Zyrtarizohet ndarja e Ministris\u00eb p\u00ebr t\u00eb Drejtat e Njeriut dhe Pakicave - Lajme nga Ulqini","isPartOf":{"@id":"https:\/\/www.visit-ulcinj.com\/blog\/#website"},"primaryImageOfPage":{"@id":"https:\/\/www.visit-ulcinj.com\/blog\/2012\/03\/22\/zyrtarizohet-ndarja-e-ministrise-per-te-drejtat-e-njeriut-dhe-pakicave\/#primaryimage"},"datePublished":"2012-03-22T06:16:30+00:00","dateModified":"2012-03-22T06:16:30+00:00","author":{"@id":"https:\/\/www.visit-ulcinj.com\/blog\/#\/schema\/person\/dcab619c614d3038751c63bc2aadc06d"},"description":"Podgoric\u00eb \u2013 Parlamenti i Malit t\u00eb Zi ka miratuar\u00a0t\u00eb mart\u00ebn propozimin e kryeministrit\u00a0Igor Llukshiq p\u00ebr riorganizimin e Qeveris\u00eb,\u00a0q\u00eb n\u00ebnkupton ndarjen e","breadcrumb":{"@id":"https:\/\/www.visit-ulcinj.com\/blog\/2012\/03\/22\/zyrtarizohet-ndarja-e-ministrise-per-te-drejtat-e-njeriut-dhe-pakicave\/#breadcrumb"},"inLanguage":"en-US","potentialAction":[{"@type":"ReadAction","target":["https:\/\/www.visit-ulcinj.com\/blog\/2012\/03\/22\/zyrtarizohet-ndarja-e-ministrise-per-te-drejtat-e-njeriut-dhe-pakicave\/"]}]},{"@type":"BreadcrumbList","@id":"https:\/\/www.visit-ulcinj.com\/blog\/2012\/03\/22\/zyrtarizohet-ndarja-e-ministrise-per-te-drejtat-e-njeriut-dhe-pakicave\/#breadcrumb","itemListElement":[{"@type":"ListItem","position":1,"name":"Zyrtarizohet ndarja e Ministris\u00eb p\u00ebr t\u00eb Drejtat e Njeriut dhe Pakicave"}]},{"@type":"Person","@id":"https:\/\/www.visit-ulcinj.com\/blog\/#\/schema\/person\/dcab619c614d3038751c63bc2aadc06d","name":"ulqini","sameAs":["http:\/\/www.visit-ulcinj.com"],"url":"https:\/\/www.visit-ulcinj.com\/blog\/author\/admin\/"}]}},"jetpack_featured_media_url":"","jetpack_sharing_enabled":true,"jetpack_shortlink":"https:\/\/wp.me\/pe6lTn-fdB","_links":{"self":[{"href":"https:\/\/www.visit-ulcinj.com\/blog\/wp-json\/wp\/v2\/posts\/58503"}],"collection":[{"href":"https:\/\/www.visit-ulcinj.com\/blog\/wp-json\/wp\/v2\/posts"}],"about":[{"href":"https:\/\/www.visit-ulcinj.com\/blog\/wp-json\/wp\/v2\/types\/post"}],"author":[{"embeddable":true,"href":"https:\/\/www.visit-ulcinj.com\/blog\/wp-json\/wp\/v2\/users\/1"}],"replies":[{"embeddable":true,"href":"https:\/\/www.visit-ulcinj.com\/blog\/wp-json\/wp\/v2\/comments?post=58503"}],"version-history":[{"count":1,"href":"https:\/\/www.visit-ulcinj.com\/blog\/wp-json\/wp\/v2\/posts\/58503\/revisions"}],"predecessor-version":[{"id":58505,"href":"https:\/\/www.visit-ulcinj.com\/blog\/wp-json\/wp\/v2\/posts\/58503\/revisions\/58505"}],"wp:attachment":[{"href":"https:\/\/www.visit-ulcinj.com\/blog\/wp-json\/wp\/v2\/media?parent=58503"}],"wp:term":[{"taxonomy":"category","embeddable":true,"href":"https:\/\/www.visit-ulcinj.com\/blog\/wp-json\/wp\/v2\/categories?post=58503"},{"taxonomy":"post_tag","embeddable":true,"href":"https:\/\/www.visit-ulcinj.com\/blog\/wp-json\/wp\/v2\/tags?post=58503"}],"curies":[{"name":"wp","href":"https:\/\/api.w.org\/{rel}","templated":true}]}}