{"id":5851,"date":"2008-11-12T02:14:46","date_gmt":"2008-11-12T07:14:46","guid":{"rendered":"http:\/\/www.visit-ulcinj.com\/blog\/?p=5851"},"modified":"2008-11-12T02:14:46","modified_gmt":"2008-11-12T07:14:46","slug":"nansen-dialogdallimi-i-tolerances-dhe-zgjidhja-kreative-e-problemeve","status":"publish","type":"post","link":"https:\/\/www.visit-ulcinj.com\/blog\/2008\/11\/12\/nansen-dialogdallimi-i-tolerances-dhe-zgjidhja-kreative-e-problemeve\/","title":{"rendered":"Nansen Dialog:Dallimi i toleranc\u00ebs dhe zgjidhja kreative e problemeve&#8221;"},"content":{"rendered":"<p><a href=\"http:\/\/www.visit-ulcinj.com\/blog\/wp-content\/uploads\/2008\/11\/nansen-dialog-crna-gora.jpg\"><img loading=\"lazy\" class=\"alignleft size-medium wp-image-5852\" title=\"nansen-dialog-crna-gora\" src=\"http:\/\/www.visit-ulcinj.com\/blog\/wp-content\/uploads\/2008\/11\/nansen-dialog-crna-gora-300x200.jpg\" alt=\"\" width=\"300\" height=\"200\" srcset=\"https:\/\/www.visit-ulcinj.com\/blog\/wp-content\/uploads\/2008\/11\/nansen-dialog-crna-gora-300x200.jpg 300w, https:\/\/www.visit-ulcinj.com\/blog\/wp-content\/uploads\/2008\/11\/nansen-dialog-crna-gora.jpg 600w\" sizes=\"(max-width: 300px) 100vw, 300px\" \/><\/a><strong>T\u00eb zbatohen vlerat e dialogut<\/strong><br \/>\nP\u00ebr pun\u00ebtor\u00ebt e arsimit nga treva e Tuzit, Qendra Nansen Dialog, jav\u00ebn e kaluar n\u00eb Podgoric\u00eb organizoi seminarin me titull-&#8221; Dallimi i toleranc\u00ebs dhe zgjidhja kreative e problemeve&#8221;.<br \/>\nPas p\u00ebrfundimit t\u00eb k\u00ebtij seminari koordinator i QND, Leon Gjokaj, mes tjerash tregon se q\u00ebllimi i k\u00ebtij seminari ka qen\u00eb q\u00eb pun\u00ebtor\u00ebt e arsimit p\u00ebrmes pun\u00ebs s\u00eb tyre profesionale dhe pedagogjike n\u00eb t\u00eb ardhmen t\u00eb zbatojn\u00eb vlerat e dialogut, dallimin e toleranc\u00ebs, p\u00ebrmir\u00ebsimin e komunikimit me nx\u00ebn\u00ebs, pastaj komunikimin brenda shkoll\u00ebs, por edhe t\u00eb m\u00ebsimdh\u00ebn\u00ebsve me prind\u00ebrit.<br \/>\n&#8220;Mali i Zi si shoq\u00ebri multietnike, e cila po jeton n\u00eb sfidat e procesit t\u00eb tranzicionit b\u00ebjn\u00eb pjes\u00eb edhe reformat e shkollimit&#8221;, ka th\u00ebn\u00eb Gjokaj.<br \/>\nP\u00ebrmes k\u00ebtij seminari, pun\u00ebtor\u00ebt e arsimit nga Tuzi pat\u00ebn rast t\u00eb njoftohen edhe me m\u00ebnyr\u00ebn e pun\u00ebs n\u00eb pun\u00ebtori, me zgjidhjen e metod\u00ebs s\u00eb konfliktit n\u00eb m\u00ebnyr\u00eb t\u00eb qet\u00eb etj.<br \/>\nN\u00eb k\u00ebt\u00eb seminar mor\u00ebn pjes\u00eb rreth 20 pun\u00ebtor\u00eb t\u00eb arsimit, t\u00eb cil\u00ebt detyr\u00ebn e kryejn\u00eb n\u00eb shkollat e Mal\u00ebsis\u00eb. Ligj\u00ebrat\u00ebn e mbajti, Lilana Krkeliq, psikologe klinike.<br \/>\nNj\u00eb projekt t\u00eb k\u00ebtill\u00eb QND e organizon tash disa vite.<\/p>\n<p><strong>Kohapress<\/strong><\/p>\n","protected":false},"excerpt":{"rendered":"<p>T\u00eb zbatohen vlerat e dialogut P\u00ebr pun\u00ebtor\u00ebt e arsimit nga treva e Tuzit, Qendra Nansen Dialog, jav\u00ebn e kaluar n\u00eb Podgoric\u00eb organizoi seminarin me titull-&#8221; Dallimi i toleranc\u00ebs dhe zgjidhja kreative e problemeve&#8221;. Pas p\u00ebrfundimit t\u00eb k\u00ebtij seminari koordinator i QND, Leon Gjokaj, mes tjerash tregon se q\u00ebllimi i k\u00ebtij seminari ka qen\u00eb q\u00eb pun\u00ebtor\u00ebt [&hellip;]<\/p>\n","protected":false},"author":1,"featured_media":0,"comment_status":"open","ping_status":"closed","sticky":false,"template":"","format":"standard","meta":{"spay_email":"","jetpack_publicize_message":"","jetpack_is_tweetstorm":false,"jetpack_publicize_feature_enabled":true},"categories":[6],"tags":[5004],"jetpack_publicize_connections":[],"yoast_head":"<!-- This site is optimized with the Yoast SEO plugin v19.1 - https:\/\/yoast.com\/wordpress\/plugins\/seo\/ -->\n<title>Nansen Dialog:Dallimi i toleranc\u00ebs dhe zgjidhja kreative e problemeve&quot; - Lajme nga Ulqini<\/title>\n<meta name=\"description\" content=\"T\u00eb zbatohen vlerat e dialogut P\u00ebr pun\u00ebtor\u00ebt e arsimit nga treva e Tuzit, Qendra Nansen Dialog, jav\u00ebn e kaluar n\u00eb Podgoric\u00eb organizoi seminarin me titull-&quot;\" \/>\n<meta name=\"robots\" content=\"index, follow, max-snippet:-1, max-image-preview:large, max-video-preview:-1\" \/>\n<link rel=\"canonical\" href=\"https:\/\/www.visit-ulcinj.com\/blog\/2008\/11\/12\/nansen-dialogdallimi-i-tolerances-dhe-zgjidhja-kreative-e-problemeve\/\" \/>\n<meta property=\"og:locale\" content=\"en_US\" \/>\n<meta property=\"og:type\" content=\"article\" \/>\n<meta property=\"og:title\" content=\"Nansen Dialog:Dallimi i toleranc\u00ebs dhe zgjidhja kreative e problemeve&quot; - Lajme nga Ulqini\" \/>\n<meta property=\"og:description\" content=\"T\u00eb zbatohen vlerat e dialogut P\u00ebr pun\u00ebtor\u00ebt e arsimit nga treva e Tuzit, Qendra Nansen Dialog, jav\u00ebn e kaluar n\u00eb Podgoric\u00eb organizoi seminarin me titull-&quot;\" \/>\n<meta property=\"og:url\" content=\"https:\/\/www.visit-ulcinj.com\/blog\/2008\/11\/12\/nansen-dialogdallimi-i-tolerances-dhe-zgjidhja-kreative-e-problemeve\/\" \/>\n<meta property=\"og:site_name\" content=\"Lajme nga Ulqini\" \/>\n<meta property=\"article:published_time\" content=\"2008-11-12T07:14:46+00:00\" \/>\n<meta property=\"og:image\" content=\"http:\/\/www.visit-ulcinj.com\/blog\/wp-content\/uploads\/2008\/11\/nansen-dialog-crna-gora-300x200.jpg\" \/>\n<meta name=\"twitter:label1\" content=\"Written by\" \/>\n\t<meta name=\"twitter:data1\" content=\"ulqini\" \/>\n\t<meta name=\"twitter:label2\" content=\"Est. reading time\" \/>\n\t<meta name=\"twitter:data2\" content=\"1 minute\" \/>\n<script type=\"application\/ld+json\" class=\"yoast-schema-graph\">{\"@context\":\"https:\/\/schema.org\",\"@graph\":[{\"@type\":\"WebSite\",\"@id\":\"https:\/\/www.visit-ulcinj.com\/blog\/#website\",\"url\":\"https:\/\/www.visit-ulcinj.com\/blog\/\",\"name\":\"Lajme nga Ulqini\",\"description\":\"Lajme,Vijesti,Ulqini,Ulqin,Crna Gora,Mali i Zi\",\"potentialAction\":[{\"@type\":\"SearchAction\",\"target\":{\"@type\":\"EntryPoint\",\"urlTemplate\":\"https:\/\/www.visit-ulcinj.com\/blog\/?s={search_term_string}\"},\"query-input\":\"required name=search_term_string\"}],\"inLanguage\":\"en-US\"},{\"@type\":\"ImageObject\",\"inLanguage\":\"en-US\",\"@id\":\"https:\/\/www.visit-ulcinj.com\/blog\/2008\/11\/12\/nansen-dialogdallimi-i-tolerances-dhe-zgjidhja-kreative-e-problemeve\/#primaryimage\",\"url\":\"http:\/\/www.visit-ulcinj.com\/blog\/wp-content\/uploads\/2008\/11\/nansen-dialog-crna-gora-300x200.jpg\",\"contentUrl\":\"http:\/\/www.visit-ulcinj.com\/blog\/wp-content\/uploads\/2008\/11\/nansen-dialog-crna-gora-300x200.jpg\"},{\"@type\":\"WebPage\",\"@id\":\"https:\/\/www.visit-ulcinj.com\/blog\/2008\/11\/12\/nansen-dialogdallimi-i-tolerances-dhe-zgjidhja-kreative-e-problemeve\/#webpage\",\"url\":\"https:\/\/www.visit-ulcinj.com\/blog\/2008\/11\/12\/nansen-dialogdallimi-i-tolerances-dhe-zgjidhja-kreative-e-problemeve\/\",\"name\":\"Nansen Dialog:Dallimi i toleranc\u00ebs dhe zgjidhja kreative e problemeve\\\" - Lajme nga Ulqini\",\"isPartOf\":{\"@id\":\"https:\/\/www.visit-ulcinj.com\/blog\/#website\"},\"primaryImageOfPage\":{\"@id\":\"https:\/\/www.visit-ulcinj.com\/blog\/2008\/11\/12\/nansen-dialogdallimi-i-tolerances-dhe-zgjidhja-kreative-e-problemeve\/#primaryimage\"},\"datePublished\":\"2008-11-12T07:14:46+00:00\",\"dateModified\":\"2008-11-12T07:14:46+00:00\",\"author\":{\"@id\":\"https:\/\/www.visit-ulcinj.com\/blog\/#\/schema\/person\/dcab619c614d3038751c63bc2aadc06d\"},\"description\":\"T\u00eb zbatohen vlerat e dialogut P\u00ebr pun\u00ebtor\u00ebt e arsimit nga treva e Tuzit, Qendra Nansen Dialog, jav\u00ebn e kaluar n\u00eb Podgoric\u00eb organizoi seminarin me titull-\\\"\",\"breadcrumb\":{\"@id\":\"https:\/\/www.visit-ulcinj.com\/blog\/2008\/11\/12\/nansen-dialogdallimi-i-tolerances-dhe-zgjidhja-kreative-e-problemeve\/#breadcrumb\"},\"inLanguage\":\"en-US\",\"potentialAction\":[{\"@type\":\"ReadAction\",\"target\":[\"https:\/\/www.visit-ulcinj.com\/blog\/2008\/11\/12\/nansen-dialogdallimi-i-tolerances-dhe-zgjidhja-kreative-e-problemeve\/\"]}]},{\"@type\":\"BreadcrumbList\",\"@id\":\"https:\/\/www.visit-ulcinj.com\/blog\/2008\/11\/12\/nansen-dialogdallimi-i-tolerances-dhe-zgjidhja-kreative-e-problemeve\/#breadcrumb\",\"itemListElement\":[{\"@type\":\"ListItem\",\"position\":1,\"name\":\"Nansen Dialog:Dallimi i toleranc\u00ebs dhe zgjidhja kreative e problemeve&#8221;\"}]},{\"@type\":\"Person\",\"@id\":\"https:\/\/www.visit-ulcinj.com\/blog\/#\/schema\/person\/dcab619c614d3038751c63bc2aadc06d\",\"name\":\"ulqini\",\"sameAs\":[\"http:\/\/www.visit-ulcinj.com\"],\"url\":\"https:\/\/www.visit-ulcinj.com\/blog\/author\/admin\/\"}]}<\/script>\n<!-- \/ Yoast SEO plugin. -->","yoast_head_json":{"title":"Nansen Dialog:Dallimi i toleranc\u00ebs dhe zgjidhja kreative e problemeve\" - Lajme nga Ulqini","description":"T\u00eb zbatohen vlerat e dialogut P\u00ebr pun\u00ebtor\u00ebt e arsimit nga treva e Tuzit, Qendra Nansen Dialog, jav\u00ebn e kaluar n\u00eb Podgoric\u00eb organizoi seminarin me titull-\"","robots":{"index":"index","follow":"follow","max-snippet":"max-snippet:-1","max-image-preview":"max-image-preview:large","max-video-preview":"max-video-preview:-1"},"canonical":"https:\/\/www.visit-ulcinj.com\/blog\/2008\/11\/12\/nansen-dialogdallimi-i-tolerances-dhe-zgjidhja-kreative-e-problemeve\/","og_locale":"en_US","og_type":"article","og_title":"Nansen Dialog:Dallimi i toleranc\u00ebs dhe zgjidhja kreative e problemeve\" - Lajme nga Ulqini","og_description":"T\u00eb zbatohen vlerat e dialogut P\u00ebr pun\u00ebtor\u00ebt e arsimit nga treva e Tuzit, Qendra Nansen Dialog, jav\u00ebn e kaluar n\u00eb Podgoric\u00eb organizoi seminarin me titull-\"","og_url":"https:\/\/www.visit-ulcinj.com\/blog\/2008\/11\/12\/nansen-dialogdallimi-i-tolerances-dhe-zgjidhja-kreative-e-problemeve\/","og_site_name":"Lajme nga Ulqini","article_published_time":"2008-11-12T07:14:46+00:00","og_image":[{"url":"http:\/\/www.visit-ulcinj.com\/blog\/wp-content\/uploads\/2008\/11\/nansen-dialog-crna-gora-300x200.jpg"}],"twitter_misc":{"Written by":"ulqini","Est. reading time":"1 minute"},"schema":{"@context":"https:\/\/schema.org","@graph":[{"@type":"WebSite","@id":"https:\/\/www.visit-ulcinj.com\/blog\/#website","url":"https:\/\/www.visit-ulcinj.com\/blog\/","name":"Lajme nga Ulqini","description":"Lajme,Vijesti,Ulqini,Ulqin,Crna Gora,Mali i Zi","potentialAction":[{"@type":"SearchAction","target":{"@type":"EntryPoint","urlTemplate":"https:\/\/www.visit-ulcinj.com\/blog\/?s={search_term_string}"},"query-input":"required name=search_term_string"}],"inLanguage":"en-US"},{"@type":"ImageObject","inLanguage":"en-US","@id":"https:\/\/www.visit-ulcinj.com\/blog\/2008\/11\/12\/nansen-dialogdallimi-i-tolerances-dhe-zgjidhja-kreative-e-problemeve\/#primaryimage","url":"http:\/\/www.visit-ulcinj.com\/blog\/wp-content\/uploads\/2008\/11\/nansen-dialog-crna-gora-300x200.jpg","contentUrl":"http:\/\/www.visit-ulcinj.com\/blog\/wp-content\/uploads\/2008\/11\/nansen-dialog-crna-gora-300x200.jpg"},{"@type":"WebPage","@id":"https:\/\/www.visit-ulcinj.com\/blog\/2008\/11\/12\/nansen-dialogdallimi-i-tolerances-dhe-zgjidhja-kreative-e-problemeve\/#webpage","url":"https:\/\/www.visit-ulcinj.com\/blog\/2008\/11\/12\/nansen-dialogdallimi-i-tolerances-dhe-zgjidhja-kreative-e-problemeve\/","name":"Nansen Dialog:Dallimi i toleranc\u00ebs dhe zgjidhja kreative e problemeve\" - Lajme nga Ulqini","isPartOf":{"@id":"https:\/\/www.visit-ulcinj.com\/blog\/#website"},"primaryImageOfPage":{"@id":"https:\/\/www.visit-ulcinj.com\/blog\/2008\/11\/12\/nansen-dialogdallimi-i-tolerances-dhe-zgjidhja-kreative-e-problemeve\/#primaryimage"},"datePublished":"2008-11-12T07:14:46+00:00","dateModified":"2008-11-12T07:14:46+00:00","author":{"@id":"https:\/\/www.visit-ulcinj.com\/blog\/#\/schema\/person\/dcab619c614d3038751c63bc2aadc06d"},"description":"T\u00eb zbatohen vlerat e dialogut P\u00ebr pun\u00ebtor\u00ebt e arsimit nga treva e Tuzit, Qendra Nansen Dialog, jav\u00ebn e kaluar n\u00eb Podgoric\u00eb organizoi seminarin me titull-\"","breadcrumb":{"@id":"https:\/\/www.visit-ulcinj.com\/blog\/2008\/11\/12\/nansen-dialogdallimi-i-tolerances-dhe-zgjidhja-kreative-e-problemeve\/#breadcrumb"},"inLanguage":"en-US","potentialAction":[{"@type":"ReadAction","target":["https:\/\/www.visit-ulcinj.com\/blog\/2008\/11\/12\/nansen-dialogdallimi-i-tolerances-dhe-zgjidhja-kreative-e-problemeve\/"]}]},{"@type":"BreadcrumbList","@id":"https:\/\/www.visit-ulcinj.com\/blog\/2008\/11\/12\/nansen-dialogdallimi-i-tolerances-dhe-zgjidhja-kreative-e-problemeve\/#breadcrumb","itemListElement":[{"@type":"ListItem","position":1,"name":"Nansen Dialog:Dallimi i toleranc\u00ebs dhe zgjidhja kreative e problemeve&#8221;"}]},{"@type":"Person","@id":"https:\/\/www.visit-ulcinj.com\/blog\/#\/schema\/person\/dcab619c614d3038751c63bc2aadc06d","name":"ulqini","sameAs":["http:\/\/www.visit-ulcinj.com"],"url":"https:\/\/www.visit-ulcinj.com\/blog\/author\/admin\/"}]}},"jetpack_featured_media_url":"","jetpack_sharing_enabled":true,"jetpack_shortlink":"https:\/\/wp.me\/pe6lTn-1wn","_links":{"self":[{"href":"https:\/\/www.visit-ulcinj.com\/blog\/wp-json\/wp\/v2\/posts\/5851"}],"collection":[{"href":"https:\/\/www.visit-ulcinj.com\/blog\/wp-json\/wp\/v2\/posts"}],"about":[{"href":"https:\/\/www.visit-ulcinj.com\/blog\/wp-json\/wp\/v2\/types\/post"}],"author":[{"embeddable":true,"href":"https:\/\/www.visit-ulcinj.com\/blog\/wp-json\/wp\/v2\/users\/1"}],"replies":[{"embeddable":true,"href":"https:\/\/www.visit-ulcinj.com\/blog\/wp-json\/wp\/v2\/comments?post=5851"}],"version-history":[{"count":0,"href":"https:\/\/www.visit-ulcinj.com\/blog\/wp-json\/wp\/v2\/posts\/5851\/revisions"}],"wp:attachment":[{"href":"https:\/\/www.visit-ulcinj.com\/blog\/wp-json\/wp\/v2\/media?parent=5851"}],"wp:term":[{"taxonomy":"category","embeddable":true,"href":"https:\/\/www.visit-ulcinj.com\/blog\/wp-json\/wp\/v2\/categories?post=5851"},{"taxonomy":"post_tag","embeddable":true,"href":"https:\/\/www.visit-ulcinj.com\/blog\/wp-json\/wp\/v2\/tags?post=5851"}],"curies":[{"name":"wp","href":"https:\/\/api.w.org\/{rel}","templated":true}]}}