{"id":58511,"date":"2012-03-22T07:35:39","date_gmt":"2012-03-22T06:35:39","guid":{"rendered":"http:\/\/www.visit-ulcinj.com\/blog\/?p=58511"},"modified":"2012-03-22T07:35:39","modified_gmt":"2012-03-22T06:35:39","slug":"bashkimi-evropian-qeveria-e-malit-te-zi-ta-mbroje-kriporen-e-ulqinit","status":"publish","type":"post","link":"https:\/\/www.visit-ulcinj.com\/blog\/2012\/03\/22\/bashkimi-evropian-qeveria-e-malit-te-zi-ta-mbroje-kriporen-e-ulqinit\/","title":{"rendered":"Bashkimi Evropian: Qeveria e Malit t\u00eb Zi ta mbroj\u00eb Kriporen e Ulqinit"},"content":{"rendered":"<p><a href=\"http:\/\/www.visit-ulcinj.com\/blog\/wp-content\/uploads\/2012\/03\/Kriporja-s\u00eb-Ulqinit.jpg\"><img loading=\"lazy\" class=\"alignleft  wp-image-58512\" title=\"Kriporja s\u00eb Ulqinit\" src=\"http:\/\/www.visit-ulcinj.com\/blog\/wp-content\/uploads\/2012\/03\/Kriporja-s\u00eb-Ulqinit.jpg\" alt=\"\" width=\"508\" height=\"380\" \/><\/a>Podgoric\u00eb \u2013 K\u00ebshilli p\u00ebr \u00e7\u00ebshtje kushtetuese\u00a0dhe legjislacion i Parlamentit t\u00eb Malit t\u00eb Zi\u00a0ka vler\u00ebsuar si kushtetues Propozimin e\u00a0Vendimit p\u00ebr ndryshimin dhe plot\u00ebsimin e\u00a0Planit Hap\u00ebsinor t\u00eb Malit t\u00eb Zi deri n\u00eb vitin\u00a02020, me t\u00eb cilin k\u00ebrkohet ndryshimi i k\u00ebtij\u00a0plani n\u00eb pjes\u00ebn ku b\u00ebhet fjal\u00eb p\u00ebr zon\u00ebn e\u00a0Kripores s\u00eb Ulqinit.\u00a0Propozimi i Vendimit \u00ebsht\u00eb p\u00ebrgatitur nga\u00a0Rrjeti p\u00ebr Afirmimin e Sektorit Joqeveritar\u00a0(MANS), nd\u00ebrsa at\u00eb e kan\u00eb firmosur deputet\u00ebt\u00a0Genci Nimanbegu, Mehmet Bardhi,\u00a0Branko Radulloviq, Kemal Purishiq, Neven\u00a0Goshoviq dhe Radojica Zhivkoviq. Kund\u00ebr\u00a0k\u00ebtij vendimi kan\u00eb votuar vet\u00ebm an\u00ebtar\u00ebt e\u00a0K\u00ebshillit p\u00ebr \u00e7\u00ebshtje kushtetuese dhe legjislacion\u00a0nga radha e PDS-s\u00eb.\u00a0Deputeti i Forc\u00ebs s\u00eb Re Demokratike, Genci\u00a0Nimanbegu, ka th\u00ebn\u00eb se q\u00ebllimi i destinimit\u00a0t\u00eb zon\u00ebs s\u00eb Kripores s\u00eb Ulqinit \u00ebsht\u00eb ndryshuar\u00a0n\u00eb m\u00ebnyr\u00eb t\u00eb \u00e7uditshme, pa shqyrtim publik, duke lejuar mund\u00ebsin\u00eb e shnd\u00ebrrimit\u00a0t\u00eb saj n\u00eb zon\u00eb turistike.\u00a0\u201cKy \u00ebsht\u00eb nj\u00eb p\u00ebrcaktim i \u00e7uditsh\u00ebm q\u00eb\u00a0duhet t\u00eb ndryshohet\u201d, ka theksuar ai.\u00a0Para disa dit\u00ebsh edhe Bashkimi Evropian\u00a0ka k\u00ebrkuar nga Qeveria e Malit t\u00eb Zi q\u00eb t\u00eb\u00a0mbroj\u00eb Kriporen e Ulqinit. Komisari i Komisionit Evropian p\u00ebr mjedisin\u00a0jet\u00ebsor, Janez Poto\u00e7nik, i ka b\u00ebr\u00eb thirrje Qeveris\u00eb\u00a0s\u00eb Malit t\u00eb Zi q\u00eb t\u00eb shqyrtoj\u00eb n\u00ebse\u00a0vendimet mbi ndryshimin e destinimit t\u00eb\u00a0Kripores s\u00eb Ulqinit n\u00eb zon\u00eb p\u00ebr zhvillimin e\u00a0turizmit jan\u00eb n\u00eb p\u00ebrputhje me legjislacionin\u00a0nacional dhe me obligimet q\u00eb Mali i Zi ka\u00a0ndaj BE-s\u00eb.\u00a0Nga Qendra p\u00ebr Mbrojtjen dhe Studimin e\u00a0Shpez\u00ebve kan\u00eb deklaruar se Poto\u00e7nik, duke\u00a0reaguar n\u00eb k\u00ebrkes\u00ebn e tyre, i ka rekomanduar\u00a0Qeveris\u00eb s\u00eb Malit t\u00eb Zi q\u00eb t\u2019i kushtoj\u00eb\u00a0v\u00ebmendje k\u00ebsaj \u00e7\u00ebshtjeje duke pasur parasysh\u00a0se zona e Kripores g\u00ebzon tashm\u00eb status\u00a0nd\u00ebrkomb\u00ebtar.\u00a0N\u00eb letr\u00ebn d\u00ebrguar Qendr\u00ebs, Poto\u00e7nik thekson\u00a0nd\u00ebr t\u00eb tjera se Komisioni Evropian do\u00a0t\u00eb hulumtoj\u00eb rastin e Kripores dhe do t\u00eb\u00a0bisedoj\u00eb p\u00ebr k\u00ebt\u00eb \u00e7\u00ebshtje me p\u00ebrfaq\u00ebsuesit\u00a0e Qeveris\u00eb s\u00eb Malit t\u00eb Zi muajin e ardhsh\u00ebm\u00a0n\u00eb Bruksel.<\/p>\n<p><strong>\u00a0<\/strong><strong>(Kohapress)<\/strong><\/p>\n<!--YouTube Error: bad URL entered-->\n","protected":false},"excerpt":{"rendered":"<p>Podgoric\u00eb \u2013 K\u00ebshilli p\u00ebr \u00e7\u00ebshtje kushtetuese\u00a0dhe legjislacion i Parlamentit t\u00eb Malit t\u00eb Zi\u00a0ka vler\u00ebsuar si kushtetues Propozimin e\u00a0Vendimit p\u00ebr ndryshimin dhe plot\u00ebsimin e\u00a0Planit Hap\u00ebsinor t\u00eb Malit t\u00eb Zi deri n\u00eb vitin\u00a02020, me t\u00eb cilin k\u00ebrkohet ndryshimi i k\u00ebtij\u00a0plani n\u00eb pjes\u00ebn ku b\u00ebhet fjal\u00eb p\u00ebr zon\u00ebn e\u00a0Kripores s\u00eb Ulqinit.\u00a0Propozimi i Vendimit \u00ebsht\u00eb p\u00ebrgatitur nga\u00a0Rrjeti p\u00ebr Afirmimin [&hellip;]<\/p>\n","protected":false},"author":1,"featured_media":0,"comment_status":"open","ping_status":"closed","sticky":false,"template":"","format":"standard","meta":{"spay_email":"","jetpack_publicize_message":"","jetpack_is_tweetstorm":false,"jetpack_publicize_feature_enabled":true},"categories":[8],"tags":[2370],"jetpack_publicize_connections":[],"yoast_head":"<!-- This site is optimized with the Yoast SEO plugin v19.1 - https:\/\/yoast.com\/wordpress\/plugins\/seo\/ -->\n<title>Bashkimi Evropian: Qeveria e Malit t\u00eb Zi ta mbroj\u00eb Kriporen e Ulqinit - Lajme nga Ulqini<\/title>\n<meta name=\"description\" content=\"Podgoric\u00eb \u2013 K\u00ebshilli p\u00ebr \u00e7\u00ebshtje kushtetuese\u00a0dhe legjislacion i Parlamentit t\u00eb Malit t\u00eb Zi\u00a0ka vler\u00ebsuar si kushtetues Propozimin e\u00a0Vendimit p\u00ebr ndryshimin\" \/>\n<meta name=\"robots\" content=\"index, follow, max-snippet:-1, max-image-preview:large, max-video-preview:-1\" \/>\n<link rel=\"canonical\" href=\"https:\/\/www.visit-ulcinj.com\/blog\/2012\/03\/22\/bashkimi-evropian-qeveria-e-malit-te-zi-ta-mbroje-kriporen-e-ulqinit\/\" \/>\n<meta property=\"og:locale\" content=\"en_US\" \/>\n<meta property=\"og:type\" content=\"article\" \/>\n<meta property=\"og:title\" content=\"Bashkimi Evropian: Qeveria e Malit t\u00eb Zi ta mbroj\u00eb Kriporen e Ulqinit - Lajme nga Ulqini\" \/>\n<meta property=\"og:description\" content=\"Podgoric\u00eb \u2013 K\u00ebshilli p\u00ebr \u00e7\u00ebshtje kushtetuese\u00a0dhe legjislacion i Parlamentit t\u00eb Malit t\u00eb Zi\u00a0ka vler\u00ebsuar si kushtetues Propozimin e\u00a0Vendimit p\u00ebr ndryshimin\" \/>\n<meta property=\"og:url\" content=\"https:\/\/www.visit-ulcinj.com\/blog\/2012\/03\/22\/bashkimi-evropian-qeveria-e-malit-te-zi-ta-mbroje-kriporen-e-ulqinit\/\" \/>\n<meta property=\"og:site_name\" content=\"Lajme nga Ulqini\" \/>\n<meta property=\"article:published_time\" content=\"2012-03-22T06:35:39+00:00\" \/>\n<meta name=\"twitter:label1\" content=\"Written by\" \/>\n\t<meta name=\"twitter:data1\" content=\"ulqini\" \/>\n\t<meta name=\"twitter:label2\" content=\"Est. reading time\" \/>\n\t<meta name=\"twitter:data2\" content=\"2 minutes\" \/>\n<script type=\"application\/ld+json\" class=\"yoast-schema-graph\">{\"@context\":\"https:\/\/schema.org\",\"@graph\":[{\"@type\":\"WebSite\",\"@id\":\"https:\/\/www.visit-ulcinj.com\/blog\/#website\",\"url\":\"https:\/\/www.visit-ulcinj.com\/blog\/\",\"name\":\"Lajme nga Ulqini\",\"description\":\"Lajme,Vijesti,Ulqini,Ulqin,Crna Gora,Mali i Zi\",\"potentialAction\":[{\"@type\":\"SearchAction\",\"target\":{\"@type\":\"EntryPoint\",\"urlTemplate\":\"https:\/\/www.visit-ulcinj.com\/blog\/?s={search_term_string}\"},\"query-input\":\"required name=search_term_string\"}],\"inLanguage\":\"en-US\"},{\"@type\":\"WebPage\",\"@id\":\"https:\/\/www.visit-ulcinj.com\/blog\/2012\/03\/22\/bashkimi-evropian-qeveria-e-malit-te-zi-ta-mbroje-kriporen-e-ulqinit\/#webpage\",\"url\":\"https:\/\/www.visit-ulcinj.com\/blog\/2012\/03\/22\/bashkimi-evropian-qeveria-e-malit-te-zi-ta-mbroje-kriporen-e-ulqinit\/\",\"name\":\"Bashkimi Evropian: Qeveria e Malit t\u00eb Zi ta mbroj\u00eb Kriporen e Ulqinit - Lajme nga Ulqini\",\"isPartOf\":{\"@id\":\"https:\/\/www.visit-ulcinj.com\/blog\/#website\"},\"datePublished\":\"2012-03-22T06:35:39+00:00\",\"dateModified\":\"2012-03-22T06:35:39+00:00\",\"author\":{\"@id\":\"https:\/\/www.visit-ulcinj.com\/blog\/#\/schema\/person\/dcab619c614d3038751c63bc2aadc06d\"},\"description\":\"Podgoric\u00eb \u2013 K\u00ebshilli p\u00ebr \u00e7\u00ebshtje kushtetuese\u00a0dhe legjislacion i Parlamentit t\u00eb Malit t\u00eb Zi\u00a0ka vler\u00ebsuar si kushtetues Propozimin e\u00a0Vendimit p\u00ebr ndryshimin\",\"breadcrumb\":{\"@id\":\"https:\/\/www.visit-ulcinj.com\/blog\/2012\/03\/22\/bashkimi-evropian-qeveria-e-malit-te-zi-ta-mbroje-kriporen-e-ulqinit\/#breadcrumb\"},\"inLanguage\":\"en-US\",\"potentialAction\":[{\"@type\":\"ReadAction\",\"target\":[\"https:\/\/www.visit-ulcinj.com\/blog\/2012\/03\/22\/bashkimi-evropian-qeveria-e-malit-te-zi-ta-mbroje-kriporen-e-ulqinit\/\"]}]},{\"@type\":\"BreadcrumbList\",\"@id\":\"https:\/\/www.visit-ulcinj.com\/blog\/2012\/03\/22\/bashkimi-evropian-qeveria-e-malit-te-zi-ta-mbroje-kriporen-e-ulqinit\/#breadcrumb\",\"itemListElement\":[{\"@type\":\"ListItem\",\"position\":1,\"name\":\"Bashkimi Evropian: Qeveria e Malit t\u00eb Zi ta mbroj\u00eb Kriporen e Ulqinit\"}]},{\"@type\":\"Person\",\"@id\":\"https:\/\/www.visit-ulcinj.com\/blog\/#\/schema\/person\/dcab619c614d3038751c63bc2aadc06d\",\"name\":\"ulqini\",\"sameAs\":[\"http:\/\/www.visit-ulcinj.com\"],\"url\":\"https:\/\/www.visit-ulcinj.com\/blog\/author\/admin\/\"}]}<\/script>\n<!-- \/ Yoast SEO plugin. -->","yoast_head_json":{"title":"Bashkimi Evropian: Qeveria e Malit t\u00eb Zi ta mbroj\u00eb Kriporen e Ulqinit - Lajme nga Ulqini","description":"Podgoric\u00eb \u2013 K\u00ebshilli p\u00ebr \u00e7\u00ebshtje kushtetuese\u00a0dhe legjislacion i Parlamentit t\u00eb Malit t\u00eb Zi\u00a0ka vler\u00ebsuar si kushtetues Propozimin e\u00a0Vendimit p\u00ebr ndryshimin","robots":{"index":"index","follow":"follow","max-snippet":"max-snippet:-1","max-image-preview":"max-image-preview:large","max-video-preview":"max-video-preview:-1"},"canonical":"https:\/\/www.visit-ulcinj.com\/blog\/2012\/03\/22\/bashkimi-evropian-qeveria-e-malit-te-zi-ta-mbroje-kriporen-e-ulqinit\/","og_locale":"en_US","og_type":"article","og_title":"Bashkimi Evropian: Qeveria e Malit t\u00eb Zi ta mbroj\u00eb Kriporen e Ulqinit - Lajme nga Ulqini","og_description":"Podgoric\u00eb \u2013 K\u00ebshilli p\u00ebr \u00e7\u00ebshtje kushtetuese\u00a0dhe legjislacion i Parlamentit t\u00eb Malit t\u00eb Zi\u00a0ka vler\u00ebsuar si kushtetues Propozimin e\u00a0Vendimit p\u00ebr ndryshimin","og_url":"https:\/\/www.visit-ulcinj.com\/blog\/2012\/03\/22\/bashkimi-evropian-qeveria-e-malit-te-zi-ta-mbroje-kriporen-e-ulqinit\/","og_site_name":"Lajme nga Ulqini","article_published_time":"2012-03-22T06:35:39+00:00","twitter_misc":{"Written by":"ulqini","Est. reading time":"2 minutes"},"schema":{"@context":"https:\/\/schema.org","@graph":[{"@type":"WebSite","@id":"https:\/\/www.visit-ulcinj.com\/blog\/#website","url":"https:\/\/www.visit-ulcinj.com\/blog\/","name":"Lajme nga Ulqini","description":"Lajme,Vijesti,Ulqini,Ulqin,Crna Gora,Mali i Zi","potentialAction":[{"@type":"SearchAction","target":{"@type":"EntryPoint","urlTemplate":"https:\/\/www.visit-ulcinj.com\/blog\/?s={search_term_string}"},"query-input":"required name=search_term_string"}],"inLanguage":"en-US"},{"@type":"WebPage","@id":"https:\/\/www.visit-ulcinj.com\/blog\/2012\/03\/22\/bashkimi-evropian-qeveria-e-malit-te-zi-ta-mbroje-kriporen-e-ulqinit\/#webpage","url":"https:\/\/www.visit-ulcinj.com\/blog\/2012\/03\/22\/bashkimi-evropian-qeveria-e-malit-te-zi-ta-mbroje-kriporen-e-ulqinit\/","name":"Bashkimi Evropian: Qeveria e Malit t\u00eb Zi ta mbroj\u00eb Kriporen e Ulqinit - Lajme nga Ulqini","isPartOf":{"@id":"https:\/\/www.visit-ulcinj.com\/blog\/#website"},"datePublished":"2012-03-22T06:35:39+00:00","dateModified":"2012-03-22T06:35:39+00:00","author":{"@id":"https:\/\/www.visit-ulcinj.com\/blog\/#\/schema\/person\/dcab619c614d3038751c63bc2aadc06d"},"description":"Podgoric\u00eb \u2013 K\u00ebshilli p\u00ebr \u00e7\u00ebshtje kushtetuese\u00a0dhe legjislacion i Parlamentit t\u00eb Malit t\u00eb Zi\u00a0ka vler\u00ebsuar si kushtetues Propozimin e\u00a0Vendimit p\u00ebr ndryshimin","breadcrumb":{"@id":"https:\/\/www.visit-ulcinj.com\/blog\/2012\/03\/22\/bashkimi-evropian-qeveria-e-malit-te-zi-ta-mbroje-kriporen-e-ulqinit\/#breadcrumb"},"inLanguage":"en-US","potentialAction":[{"@type":"ReadAction","target":["https:\/\/www.visit-ulcinj.com\/blog\/2012\/03\/22\/bashkimi-evropian-qeveria-e-malit-te-zi-ta-mbroje-kriporen-e-ulqinit\/"]}]},{"@type":"BreadcrumbList","@id":"https:\/\/www.visit-ulcinj.com\/blog\/2012\/03\/22\/bashkimi-evropian-qeveria-e-malit-te-zi-ta-mbroje-kriporen-e-ulqinit\/#breadcrumb","itemListElement":[{"@type":"ListItem","position":1,"name":"Bashkimi Evropian: Qeveria e Malit t\u00eb Zi ta mbroj\u00eb Kriporen e Ulqinit"}]},{"@type":"Person","@id":"https:\/\/www.visit-ulcinj.com\/blog\/#\/schema\/person\/dcab619c614d3038751c63bc2aadc06d","name":"ulqini","sameAs":["http:\/\/www.visit-ulcinj.com"],"url":"https:\/\/www.visit-ulcinj.com\/blog\/author\/admin\/"}]}},"jetpack_featured_media_url":"","jetpack_sharing_enabled":true,"jetpack_shortlink":"https:\/\/wp.me\/pe6lTn-fdJ","_links":{"self":[{"href":"https:\/\/www.visit-ulcinj.com\/blog\/wp-json\/wp\/v2\/posts\/58511"}],"collection":[{"href":"https:\/\/www.visit-ulcinj.com\/blog\/wp-json\/wp\/v2\/posts"}],"about":[{"href":"https:\/\/www.visit-ulcinj.com\/blog\/wp-json\/wp\/v2\/types\/post"}],"author":[{"embeddable":true,"href":"https:\/\/www.visit-ulcinj.com\/blog\/wp-json\/wp\/v2\/users\/1"}],"replies":[{"embeddable":true,"href":"https:\/\/www.visit-ulcinj.com\/blog\/wp-json\/wp\/v2\/comments?post=58511"}],"version-history":[{"count":2,"href":"https:\/\/www.visit-ulcinj.com\/blog\/wp-json\/wp\/v2\/posts\/58511\/revisions"}],"predecessor-version":[{"id":58514,"href":"https:\/\/www.visit-ulcinj.com\/blog\/wp-json\/wp\/v2\/posts\/58511\/revisions\/58514"}],"wp:attachment":[{"href":"https:\/\/www.visit-ulcinj.com\/blog\/wp-json\/wp\/v2\/media?parent=58511"}],"wp:term":[{"taxonomy":"category","embeddable":true,"href":"https:\/\/www.visit-ulcinj.com\/blog\/wp-json\/wp\/v2\/categories?post=58511"},{"taxonomy":"post_tag","embeddable":true,"href":"https:\/\/www.visit-ulcinj.com\/blog\/wp-json\/wp\/v2\/tags?post=58511"}],"curies":[{"name":"wp","href":"https:\/\/api.w.org\/{rel}","templated":true}]}}