{"id":58518,"date":"2012-03-22T07:57:17","date_gmt":"2012-03-22T06:57:17","guid":{"rendered":"http:\/\/www.visit-ulcinj.com\/blog\/?p=58518"},"modified":"2012-03-22T07:57:17","modified_gmt":"2012-03-22T06:57:17","slug":"shtate-medalje-per-albulenen","status":"publish","type":"post","link":"https:\/\/www.visit-ulcinj.com\/blog\/2012\/03\/22\/shtate-medalje-per-albulenen\/","title":{"rendered":"Shtat\u00eb medalje p\u00ebr \u201cAlbulen\u00ebn\u201d"},"content":{"rendered":"<p><a href=\"http:\/\/www.visit-ulcinj.com\/blog\/wp-content\/uploads\/2012\/03\/Karate-klub-Albulena-Ulqin.jpg\"><img loading=\"lazy\" class=\"alignleft  wp-image-58519\" title=\"Karate klub Albulena Ulqin\" src=\"http:\/\/www.visit-ulcinj.com\/blog\/wp-content\/uploads\/2012\/03\/Karate-klub-Albulena-Ulqin.jpg\" alt=\"\" width=\"508\" height=\"321\" \/><\/a>N\u00eb Kampionatin e Malit t\u00eb Zi n\u00eb karate p\u00ebr pionier\u00eb, shpresa dhe senior<\/p>\n<p>Karateist\u00ebt e Klubit \u201cAlbulena\u201d fituan\u00a0shtat\u00eb medalje, prej t\u00eb cilave nj\u00eb t\u00eb\u00a0art\u00eb, tri t\u00eb argjendta dhe tri medalje t\u00eb\u00a0bronzta n\u00eb Kampionatin e Malit t\u00eb Zi\u00a0p\u00ebr pionier\u00eb, shpresa dhe senior\u00eb, t\u00eb\u00a0mbajtur n\u00eb Podgoric\u00eb.\u00a0Medalje t\u00eb art\u00eb ka fituar Llazar Klikovac\u00a0(+45kg) n\u00eb lufta p\u00ebr pionier\u00eb, nd\u00ebrsa\u00a0medalje t\u00eb argjendta Leila Lihari\u00a0(+54kg) dhe Katarina Kujunxhiq (-47kg)\u00a0n\u00eb lufta p\u00ebr shpresa, si dhe Arta Llazorja\u00a0(-55kg) n\u00eb lufta p\u00ebr senior\u00eb.\u00a0Me medalje t\u00eb bronzta jan\u00eb kuror\u00ebzuar\u00a0Maliq Mollabeqiri (-40kg) dhe Anes\u00a0Pej\u00e7inoviq (-35kg) n\u00eb lufta p\u00ebr pionier\u00eb,\u00a0si dhe Amra Pej\u00e7inoviq (-42kg) n\u00eb lufta\u00a0p\u00ebr shpresa.\u00a0\u201cAlbulena\u201d \u00ebsht\u00eb p\u00ebrfaq\u00ebsuar me n\u00ebnt\u00eb\u00a0garues n\u00eb k\u00ebt\u00eb kampionat, n\u00eb t\u00eb cilin\u00a0kan\u00eb marr\u00eb pjes\u00eb 319 garues nga 19\u00a0klube nga Mali i Zi.\u00a0Trajner\u00ebt e KK \u201cAlbulena\u201d, Agron Ujkashi\u00a0dhe Jasmin Hot, thon\u00eb se jan\u00eb pjes\u00ebrisht\u00a0t\u00eb k\u00ebnaqur me rezultatin e garuesve\u00a0t\u00eb tyre, sepse \u201ckan\u00eb mundur t\u00eb\u00a0renditen shum\u00eb m\u00eb mir\u00eb n\u00eb k\u00ebt\u00eb gar\u00eb\u201d. Rezultati i arritur u ka siguruar shtat\u00eb\u00a0garuesve t\u00eb KK \u201cAlbulena\u201d t\u00eb drejt\u00ebn e\u00a0p\u00ebrfaq\u00ebsimit t\u00eb Malit t\u00eb Zi n\u00eb Kampionatin\u00a0Ballkanik q\u00eb do t\u00eb mbahet m\u00eb 16-\u00a018 mars n\u00eb Herceg Novi. Por nga ky klub\u00a0kan\u00eb b\u00ebr\u00eb t\u00eb ditur se n\u00eb k\u00ebt\u00eb kampionat\u00a0do t\u00eb marrin pjes\u00eb n\u00eb lufta individuale pes\u00eb garues t\u00eb tyre (Arta Llazorja, Katarina\u00a0Kujunxhiq, Leila Lihari, Llazar Klikovac\u00a0dhe Maliq Mollabeqiri), nd\u00ebrsa dy\u00a0garuesit e tjer\u00eb nuk do t\u00eb marrin pjes\u00eb\u00a0p\u00ebr shkak t\u00eb gjendjes sh\u00ebndet\u00ebsore.<\/p>\n<p><strong>(Kohapress)<\/strong><br \/>\n\n\t\t<style type=\"text\/css\">\n\t\t\t#gallery-1 {\n\t\t\t\tmargin: auto;\n\t\t\t}\n\t\t\t#gallery-1 .gallery-item {\n\t\t\t\tfloat: left;\n\t\t\t\tmargin-top: 10px;\n\t\t\t\ttext-align: center;\n\t\t\t\twidth: 33%;\n\t\t\t}\n\t\t\t#gallery-1 img {\n\t\t\t\tborder: 2px solid #cfcfcf;\n\t\t\t}\n\t\t\t#gallery-1 .gallery-caption {\n\t\t\t\tmargin-left: 0;\n\t\t\t}\n\t\t\t\/* see gallery_shortcode() in wp-includes\/media.php *\/\n\t\t<\/style>\n\t\t<div id='gallery-1' class='gallery galleryid-58518 gallery-columns-3 gallery-size-thumbnail'><dl class='gallery-item'>\n\t\t\t<dt class='gallery-icon landscape'>\n\t\t\t\t<a href='https:\/\/www.visit-ulcinj.com\/blog\/wp-content\/uploads\/2012\/03\/Karate-klub-Albulena-Ulqin.jpg'><img width=\"150\" height=\"150\" src=\"https:\/\/www.visit-ulcinj.com\/blog\/wp-content\/uploads\/2012\/03\/Karate-klub-Albulena-Ulqin-150x150.jpg\" class=\"attachment-thumbnail size-thumbnail\" alt=\"\" loading=\"lazy\" \/><\/a>\n\t\t\t<\/dt><\/dl><dl class='gallery-item'>\n\t\t\t<dt class='gallery-icon landscape'>\n\t\t\t\t<a href='https:\/\/www.visit-ulcinj.com\/blog\/wp-content\/uploads\/2012\/03\/Karate-klub-Albulena-Ulqin.1.jpg'><img width=\"150\" height=\"150\" src=\"https:\/\/www.visit-ulcinj.com\/blog\/wp-content\/uploads\/2012\/03\/Karate-klub-Albulena-Ulqin.1-150x150.jpg\" class=\"attachment-thumbnail size-thumbnail\" alt=\"\" loading=\"lazy\" \/><\/a>\n\t\t\t<\/dt><\/dl><dl class='gallery-item'>\n\t\t\t<dt class='gallery-icon landscape'>\n\t\t\t\t<a href='https:\/\/www.visit-ulcinj.com\/blog\/wp-content\/uploads\/2012\/03\/Karate-klub-Albulena-Ulqin.2.jpg'><img width=\"150\" height=\"150\" src=\"https:\/\/www.visit-ulcinj.com\/blog\/wp-content\/uploads\/2012\/03\/Karate-klub-Albulena-Ulqin.2-150x150.jpg\" class=\"attachment-thumbnail size-thumbnail\" alt=\"\" loading=\"lazy\" \/><\/a>\n\t\t\t<\/dt><\/dl><br style=\"clear: both\" \/><dl class='gallery-item'>\n\t\t\t<dt class='gallery-icon landscape'>\n\t\t\t\t<a href='https:\/\/www.visit-ulcinj.com\/blog\/wp-content\/uploads\/2012\/03\/Karate-klub-Albulena-Ulqin.3.jpg'><img width=\"150\" height=\"150\" src=\"https:\/\/www.visit-ulcinj.com\/blog\/wp-content\/uploads\/2012\/03\/Karate-klub-Albulena-Ulqin.3-150x150.jpg\" class=\"attachment-thumbnail size-thumbnail\" alt=\"\" loading=\"lazy\" \/><\/a>\n\t\t\t<\/dt><\/dl><dl class='gallery-item'>\n\t\t\t<dt class='gallery-icon landscape'>\n\t\t\t\t<a href='https:\/\/www.visit-ulcinj.com\/blog\/wp-content\/uploads\/2012\/03\/Karate-klub-Albulena-Ulqin.4.jpg'><img width=\"150\" height=\"150\" src=\"https:\/\/www.visit-ulcinj.com\/blog\/wp-content\/uploads\/2012\/03\/Karate-klub-Albulena-Ulqin.4-150x150.jpg\" class=\"attachment-thumbnail size-thumbnail\" alt=\"\" loading=\"lazy\" \/><\/a>\n\t\t\t<\/dt><\/dl><dl class='gallery-item'>\n\t\t\t<dt class='gallery-icon landscape'>\n\t\t\t\t<a href='https:\/\/www.visit-ulcinj.com\/blog\/wp-content\/uploads\/2012\/03\/Karate-klub-Albulena-Ulqin.5.jpg'><img width=\"150\" height=\"150\" src=\"https:\/\/www.visit-ulcinj.com\/blog\/wp-content\/uploads\/2012\/03\/Karate-klub-Albulena-Ulqin.5-150x150.jpg\" class=\"attachment-thumbnail size-thumbnail\" alt=\"\" loading=\"lazy\" \/><\/a>\n\t\t\t<\/dt><\/dl><br style=\"clear: both\" \/>\n\t\t<\/div>\n<br \/>\n<!--YouTube Error: bad URL entered--><\/p>\n","protected":false},"excerpt":{"rendered":"<p>N\u00eb Kampionatin e Malit t\u00eb Zi n\u00eb karate p\u00ebr pionier\u00eb, shpresa dhe senior Karateist\u00ebt e Klubit \u201cAlbulena\u201d fituan\u00a0shtat\u00eb medalje, prej t\u00eb cilave nj\u00eb t\u00eb\u00a0art\u00eb, tri t\u00eb argjendta dhe tri medalje t\u00eb\u00a0bronzta n\u00eb Kampionatin e Malit t\u00eb Zi\u00a0p\u00ebr pionier\u00eb, shpresa dhe senior\u00eb, t\u00eb\u00a0mbajtur n\u00eb Podgoric\u00eb.\u00a0Medalje t\u00eb art\u00eb ka fituar Llazar Klikovac\u00a0(+45kg) n\u00eb lufta p\u00ebr pionier\u00eb, nd\u00ebrsa\u00a0medalje [&hellip;]<\/p>\n","protected":false},"author":1,"featured_media":0,"comment_status":"open","ping_status":"closed","sticky":false,"template":"","format":"standard","meta":{"spay_email":"","jetpack_publicize_message":"","jetpack_is_tweetstorm":false,"jetpack_publicize_feature_enabled":true},"categories":[3],"tags":[179,19,200,18],"jetpack_publicize_connections":[],"yoast_head":"<!-- This site is optimized with the Yoast SEO plugin v19.1 - https:\/\/yoast.com\/wordpress\/plugins\/seo\/ -->\n<title>Shtat\u00eb medalje p\u00ebr \u201cAlbulen\u00ebn\u201d - Lajme nga Ulqini<\/title>\n<meta name=\"description\" content=\"N\u00eb Kampionatin e Malit t\u00eb Zi n\u00eb karate p\u00ebr pionier\u00eb, shpresa dhe senior Karateist\u00ebt e Klubit \u201cAlbulena\u201d fituan\u00a0shtat\u00eb medalje, prej t\u00eb cilave nj\u00eb t\u00eb\u00a0art\u00eb,\" \/>\n<meta name=\"robots\" content=\"index, follow, max-snippet:-1, max-image-preview:large, max-video-preview:-1\" \/>\n<link rel=\"canonical\" href=\"https:\/\/www.visit-ulcinj.com\/blog\/2012\/03\/22\/shtate-medalje-per-albulenen\/\" \/>\n<meta property=\"og:locale\" content=\"en_US\" \/>\n<meta property=\"og:type\" content=\"article\" \/>\n<meta property=\"og:title\" content=\"Shtat\u00eb medalje p\u00ebr \u201cAlbulen\u00ebn\u201d - Lajme nga Ulqini\" \/>\n<meta property=\"og:description\" content=\"N\u00eb Kampionatin e Malit t\u00eb Zi n\u00eb karate p\u00ebr pionier\u00eb, shpresa dhe senior Karateist\u00ebt e Klubit \u201cAlbulena\u201d fituan\u00a0shtat\u00eb medalje, prej t\u00eb cilave nj\u00eb t\u00eb\u00a0art\u00eb,\" \/>\n<meta property=\"og:url\" content=\"https:\/\/www.visit-ulcinj.com\/blog\/2012\/03\/22\/shtate-medalje-per-albulenen\/\" \/>\n<meta property=\"og:site_name\" content=\"Lajme nga Ulqini\" \/>\n<meta property=\"article:published_time\" content=\"2012-03-22T06:57:17+00:00\" \/>\n<meta property=\"og:image\" content=\"https:\/\/www.visit-ulcinj.com\/blog\/wp-content\/uploads\/2012\/03\/Karate-klub-Albulena-Ulqin-150x150.jpg\" \/>\n<meta name=\"twitter:label1\" content=\"Written by\" \/>\n\t<meta name=\"twitter:data1\" content=\"ulqini\" \/>\n\t<meta name=\"twitter:label2\" content=\"Est. reading time\" \/>\n\t<meta name=\"twitter:data2\" content=\"1 minute\" \/>\n<script type=\"application\/ld+json\" class=\"yoast-schema-graph\">{\"@context\":\"https:\/\/schema.org\",\"@graph\":[{\"@type\":\"WebSite\",\"@id\":\"https:\/\/www.visit-ulcinj.com\/blog\/#website\",\"url\":\"https:\/\/www.visit-ulcinj.com\/blog\/\",\"name\":\"Lajme nga Ulqini\",\"description\":\"Lajme,Vijesti,Ulqini,Ulqin,Crna Gora,Mali i Zi\",\"potentialAction\":[{\"@type\":\"SearchAction\",\"target\":{\"@type\":\"EntryPoint\",\"urlTemplate\":\"https:\/\/www.visit-ulcinj.com\/blog\/?s={search_term_string}\"},\"query-input\":\"required name=search_term_string\"}],\"inLanguage\":\"en-US\"},{\"@type\":\"ImageObject\",\"inLanguage\":\"en-US\",\"@id\":\"https:\/\/www.visit-ulcinj.com\/blog\/2012\/03\/22\/shtate-medalje-per-albulenen\/#primaryimage\",\"url\":\"https:\/\/www.visit-ulcinj.com\/blog\/wp-content\/uploads\/2012\/03\/Karate-klub-Albulena-Ulqin.jpg\",\"contentUrl\":\"https:\/\/www.visit-ulcinj.com\/blog\/wp-content\/uploads\/2012\/03\/Karate-klub-Albulena-Ulqin.jpg\",\"width\":\"525\",\"height\":\"321\"},{\"@type\":\"WebPage\",\"@id\":\"https:\/\/www.visit-ulcinj.com\/blog\/2012\/03\/22\/shtate-medalje-per-albulenen\/#webpage\",\"url\":\"https:\/\/www.visit-ulcinj.com\/blog\/2012\/03\/22\/shtate-medalje-per-albulenen\/\",\"name\":\"Shtat\u00eb medalje p\u00ebr \u201cAlbulen\u00ebn\u201d - Lajme nga Ulqini\",\"isPartOf\":{\"@id\":\"https:\/\/www.visit-ulcinj.com\/blog\/#website\"},\"primaryImageOfPage\":{\"@id\":\"https:\/\/www.visit-ulcinj.com\/blog\/2012\/03\/22\/shtate-medalje-per-albulenen\/#primaryimage\"},\"datePublished\":\"2012-03-22T06:57:17+00:00\",\"dateModified\":\"2012-03-22T06:57:17+00:00\",\"author\":{\"@id\":\"https:\/\/www.visit-ulcinj.com\/blog\/#\/schema\/person\/dcab619c614d3038751c63bc2aadc06d\"},\"description\":\"N\u00eb Kampionatin e Malit t\u00eb Zi n\u00eb karate p\u00ebr pionier\u00eb, shpresa dhe senior Karateist\u00ebt e Klubit \u201cAlbulena\u201d fituan\u00a0shtat\u00eb medalje, prej t\u00eb cilave nj\u00eb t\u00eb\u00a0art\u00eb,\",\"breadcrumb\":{\"@id\":\"https:\/\/www.visit-ulcinj.com\/blog\/2012\/03\/22\/shtate-medalje-per-albulenen\/#breadcrumb\"},\"inLanguage\":\"en-US\",\"potentialAction\":[{\"@type\":\"ReadAction\",\"target\":[\"https:\/\/www.visit-ulcinj.com\/blog\/2012\/03\/22\/shtate-medalje-per-albulenen\/\"]}]},{\"@type\":\"BreadcrumbList\",\"@id\":\"https:\/\/www.visit-ulcinj.com\/blog\/2012\/03\/22\/shtate-medalje-per-albulenen\/#breadcrumb\",\"itemListElement\":[{\"@type\":\"ListItem\",\"position\":1,\"name\":\"Shtat\u00eb medalje p\u00ebr \u201cAlbulen\u00ebn\u201d\"}]},{\"@type\":\"Person\",\"@id\":\"https:\/\/www.visit-ulcinj.com\/blog\/#\/schema\/person\/dcab619c614d3038751c63bc2aadc06d\",\"name\":\"ulqini\",\"sameAs\":[\"http:\/\/www.visit-ulcinj.com\"],\"url\":\"https:\/\/www.visit-ulcinj.com\/blog\/author\/admin\/\"}]}<\/script>\n<!-- \/ Yoast SEO plugin. -->","yoast_head_json":{"title":"Shtat\u00eb medalje p\u00ebr \u201cAlbulen\u00ebn\u201d - Lajme nga Ulqini","description":"N\u00eb Kampionatin e Malit t\u00eb Zi n\u00eb karate p\u00ebr pionier\u00eb, shpresa dhe senior Karateist\u00ebt e Klubit \u201cAlbulena\u201d fituan\u00a0shtat\u00eb medalje, prej t\u00eb cilave nj\u00eb t\u00eb\u00a0art\u00eb,","robots":{"index":"index","follow":"follow","max-snippet":"max-snippet:-1","max-image-preview":"max-image-preview:large","max-video-preview":"max-video-preview:-1"},"canonical":"https:\/\/www.visit-ulcinj.com\/blog\/2012\/03\/22\/shtate-medalje-per-albulenen\/","og_locale":"en_US","og_type":"article","og_title":"Shtat\u00eb medalje p\u00ebr \u201cAlbulen\u00ebn\u201d - Lajme nga Ulqini","og_description":"N\u00eb Kampionatin e Malit t\u00eb Zi n\u00eb karate p\u00ebr pionier\u00eb, shpresa dhe senior Karateist\u00ebt e Klubit \u201cAlbulena\u201d fituan\u00a0shtat\u00eb medalje, prej t\u00eb cilave nj\u00eb t\u00eb\u00a0art\u00eb,","og_url":"https:\/\/www.visit-ulcinj.com\/blog\/2012\/03\/22\/shtate-medalje-per-albulenen\/","og_site_name":"Lajme nga Ulqini","article_published_time":"2012-03-22T06:57:17+00:00","og_image":[{"url":"https:\/\/www.visit-ulcinj.com\/blog\/wp-content\/uploads\/2012\/03\/Karate-klub-Albulena-Ulqin-150x150.jpg"}],"twitter_misc":{"Written by":"ulqini","Est. reading time":"1 minute"},"schema":{"@context":"https:\/\/schema.org","@graph":[{"@type":"WebSite","@id":"https:\/\/www.visit-ulcinj.com\/blog\/#website","url":"https:\/\/www.visit-ulcinj.com\/blog\/","name":"Lajme nga Ulqini","description":"Lajme,Vijesti,Ulqini,Ulqin,Crna Gora,Mali i Zi","potentialAction":[{"@type":"SearchAction","target":{"@type":"EntryPoint","urlTemplate":"https:\/\/www.visit-ulcinj.com\/blog\/?s={search_term_string}"},"query-input":"required name=search_term_string"}],"inLanguage":"en-US"},{"@type":"ImageObject","inLanguage":"en-US","@id":"https:\/\/www.visit-ulcinj.com\/blog\/2012\/03\/22\/shtate-medalje-per-albulenen\/#primaryimage","url":"https:\/\/www.visit-ulcinj.com\/blog\/wp-content\/uploads\/2012\/03\/Karate-klub-Albulena-Ulqin.jpg","contentUrl":"https:\/\/www.visit-ulcinj.com\/blog\/wp-content\/uploads\/2012\/03\/Karate-klub-Albulena-Ulqin.jpg","width":"525","height":"321"},{"@type":"WebPage","@id":"https:\/\/www.visit-ulcinj.com\/blog\/2012\/03\/22\/shtate-medalje-per-albulenen\/#webpage","url":"https:\/\/www.visit-ulcinj.com\/blog\/2012\/03\/22\/shtate-medalje-per-albulenen\/","name":"Shtat\u00eb medalje p\u00ebr \u201cAlbulen\u00ebn\u201d - Lajme nga Ulqini","isPartOf":{"@id":"https:\/\/www.visit-ulcinj.com\/blog\/#website"},"primaryImageOfPage":{"@id":"https:\/\/www.visit-ulcinj.com\/blog\/2012\/03\/22\/shtate-medalje-per-albulenen\/#primaryimage"},"datePublished":"2012-03-22T06:57:17+00:00","dateModified":"2012-03-22T06:57:17+00:00","author":{"@id":"https:\/\/www.visit-ulcinj.com\/blog\/#\/schema\/person\/dcab619c614d3038751c63bc2aadc06d"},"description":"N\u00eb Kampionatin e Malit t\u00eb Zi n\u00eb karate p\u00ebr pionier\u00eb, shpresa dhe senior Karateist\u00ebt e Klubit \u201cAlbulena\u201d fituan\u00a0shtat\u00eb medalje, prej t\u00eb cilave nj\u00eb t\u00eb\u00a0art\u00eb,","breadcrumb":{"@id":"https:\/\/www.visit-ulcinj.com\/blog\/2012\/03\/22\/shtate-medalje-per-albulenen\/#breadcrumb"},"inLanguage":"en-US","potentialAction":[{"@type":"ReadAction","target":["https:\/\/www.visit-ulcinj.com\/blog\/2012\/03\/22\/shtate-medalje-per-albulenen\/"]}]},{"@type":"BreadcrumbList","@id":"https:\/\/www.visit-ulcinj.com\/blog\/2012\/03\/22\/shtate-medalje-per-albulenen\/#breadcrumb","itemListElement":[{"@type":"ListItem","position":1,"name":"Shtat\u00eb medalje p\u00ebr \u201cAlbulen\u00ebn\u201d"}]},{"@type":"Person","@id":"https:\/\/www.visit-ulcinj.com\/blog\/#\/schema\/person\/dcab619c614d3038751c63bc2aadc06d","name":"ulqini","sameAs":["http:\/\/www.visit-ulcinj.com"],"url":"https:\/\/www.visit-ulcinj.com\/blog\/author\/admin\/"}]}},"jetpack_featured_media_url":"","jetpack_sharing_enabled":true,"jetpack_shortlink":"https:\/\/wp.me\/pe6lTn-fdQ","_links":{"self":[{"href":"https:\/\/www.visit-ulcinj.com\/blog\/wp-json\/wp\/v2\/posts\/58518"}],"collection":[{"href":"https:\/\/www.visit-ulcinj.com\/blog\/wp-json\/wp\/v2\/posts"}],"about":[{"href":"https:\/\/www.visit-ulcinj.com\/blog\/wp-json\/wp\/v2\/types\/post"}],"author":[{"embeddable":true,"href":"https:\/\/www.visit-ulcinj.com\/blog\/wp-json\/wp\/v2\/users\/1"}],"replies":[{"embeddable":true,"href":"https:\/\/www.visit-ulcinj.com\/blog\/wp-json\/wp\/v2\/comments?post=58518"}],"version-history":[{"count":2,"href":"https:\/\/www.visit-ulcinj.com\/blog\/wp-json\/wp\/v2\/posts\/58518\/revisions"}],"predecessor-version":[{"id":58526,"href":"https:\/\/www.visit-ulcinj.com\/blog\/wp-json\/wp\/v2\/posts\/58518\/revisions\/58526"}],"wp:attachment":[{"href":"https:\/\/www.visit-ulcinj.com\/blog\/wp-json\/wp\/v2\/media?parent=58518"}],"wp:term":[{"taxonomy":"category","embeddable":true,"href":"https:\/\/www.visit-ulcinj.com\/blog\/wp-json\/wp\/v2\/categories?post=58518"},{"taxonomy":"post_tag","embeddable":true,"href":"https:\/\/www.visit-ulcinj.com\/blog\/wp-json\/wp\/v2\/tags?post=58518"}],"curies":[{"name":"wp","href":"https:\/\/api.w.org\/{rel}","templated":true}]}}