{"id":58535,"date":"2012-03-23T06:24:19","date_gmt":"2012-03-23T05:24:19","guid":{"rendered":"http:\/\/www.visit-ulcinj.com\/blog\/?p=58535"},"modified":"2012-03-23T06:25:34","modified_gmt":"2012-03-23T05:25:34","slug":"ulcinjska-rivijera-nakon-uspjesne-2011-racuna-na-jos-bolju-2012-godinu","status":"publish","type":"post","link":"https:\/\/www.visit-ulcinj.com\/blog\/2012\/03\/23\/ulcinjska-rivijera-nakon-uspjesne-2011-racuna-na-jos-bolju-2012-godinu\/","title":{"rendered":"Ulcinjska rivijera nakon uspje\u0161ne 2011. ra\u010duna na jo\u0161 bolju 2012. godinu"},"content":{"rendered":"<p><a href=\"http:\/\/www.visit-ulcinj.com\/blog\/wp-content\/uploads\/2012\/03\/ULCINJSKA-RIVIJERA-CRNA-GORA.jpg\"><img loading=\"lazy\" class=\"alignleft  wp-image-58537\" title=\"ULCINJSKA RIVIJERA CRNA GORA\" src=\"http:\/\/www.visit-ulcinj.com\/blog\/wp-content\/uploads\/2012\/03\/ULCINJSKA-RIVIJERA-CRNA-GORA.jpg\" alt=\"\" width=\"508\" height=\"300\" \/><\/a>Osvje\u017eena<strong> <\/strong>i sadr\u017eajno oboga\u0107ena ponuda i stare cijene privu\u0107i \u0107e ovoga ljeta ve\u0107i broj turista u hotele na\u0161eg najju\u017enijeg ljetovali\u0161ta<\/p>\n<p><strong>ULCINJ \u2013 Hotelsko-turisti\u010dko preduze\u0107e Ulcinjska rivijera\u00a0 otvori\u0107e kapije svojih hotela 1. maja za kada imaju najave prvih organizovanih grupa gostiju.<\/strong><\/p>\n<p><a href=\"http:\/\/www.visit-ulcinj.com\/blog\/wp-content\/uploads\/2012\/03\/Mikan-Zec-Direktor-HTP-Ulcinjska-rivijera.jpg\"><img loading=\"lazy\" class=\"alignleft size-full wp-image-58538\" title=\"Mikan-Zec-Direktor-HTP-Ulcinjska-rivijera\" src=\"http:\/\/www.visit-ulcinj.com\/blog\/wp-content\/uploads\/2012\/03\/Mikan-Zec-Direktor-HTP-Ulcinjska-rivijera.jpg\" alt=\"\" width=\"320\" height=\"408\" srcset=\"https:\/\/www.visit-ulcinj.com\/blog\/wp-content\/uploads\/2012\/03\/Mikan-Zec-Direktor-HTP-Ulcinjska-rivijera.jpg 320w, https:\/\/www.visit-ulcinj.com\/blog\/wp-content\/uploads\/2012\/03\/Mikan-Zec-Direktor-HTP-Ulcinjska-rivijera-235x300.jpg 235w\" sizes=\"(max-width: 320px) 100vw, 320px\" \/><\/a>&#8211; Ove godine kod na\u0161ih partnera imamo pove\u0107ani interes ne samo za pove\u0107anje zakupljenih kapaciteta, nego i za pro\u0161irenje vremena kori\u0161\u0107enja. Na osnovu do sada zaklju\u010denih ugovora, ve\u0107 mo\u017eemo sa sigurno\u0161\u0107u najaviti da \u0107e ova ljetnja sezona kod nas trajati najmanje 110 dana. To je veoma ohrabruju\u0107e da se polako vra\u0107aju stara vremena kada su ovdje prve grupe turista stizale za uskr\u0161nje praznike, a posljednji gosti odlazili u oktobru \u2013 kazao je u izjavi za Pobjedu izvr\u0161ni direktor hotelskog preduze\u0107a Ulcinjska rivijera Radomir Mikan Zec.<\/p>\n<p>Dolazak ve\u0107ih grupa turista o\u010dekuju ve\u0107 tokom maja u hotelima na Velikoj pla\u017ei. Prema do sada zaklju\u010denim ugovorima i najavama, u tom periodu \u0107e u hotelima Olympic i Bellevue boraviti veliki broj sportskih i studentskih grupa. Dolazak agencijskih gostiju u hotele na Velikoj pla\u017ei po\u010de\u0107e od 20. maja, dok \u0107e agencijske goste na Adi Bojani imati ve\u0107 u prvoj nedjelji maja. Prema bukingu starih partnera iz Njema\u010dke, turisti\u010dkih agencija \u00a0\u201eObena\u201c i \u201eITS\u201c u predsezoni na Adi \u0107e prete\u017eno boraviti gosti iz Njema\u010dke, dok \u0107e u tom periodu na Velikoj pla\u017ei boraviti doma\u0107i gosti iz turisti iz zemalja regiona.<\/p>\n<p>&#8211; Novost u na\u0161oj ponudi za sezonu 2012. jeste osvje\u017eeni nudisti\u010dki centar Ada Bojana u kojem \u0107e biti renovirano 88 soba. U tom naturisti\u010dkom naselju uredili smo sportske sadr\u017eaje, posebno teniske terene. U bungalovima tipa A \u00a0goste \u0107e ovoga ljeta do\u010dekati 48 renoviranih i osvje\u017eenih soba. Tako\u0111e i 40 soba tipa L \u0107e biti preure\u0111ene i one \u0107e imati potpuno novi izgled. Osvje\u017eenje su i pla\u017eni barovi na Velikoj pla\u017ei \u2013 ka\u017ee Zec.<\/p>\n<p><strong>Minimalni gubitak<\/strong><\/p>\n<p>Direktor Zec nagla\u0161ava da su za ovo ljeto napravili dobar posao sa \u010de\u0161kom agencijom Kovotur i sa Ministarstvom zdravlja \u010ce\u0161ke, sa kojima su sklopili ugovor vrijedan vi\u0161e od 800 hiljada eura. Ka\u017ee da su zadovoljni napretkom u poslovanju i rezultatima, uprkos krizi koja nije mimoi\u0161la ni Ulcinjsku rivijeru. Isti\u010de da su pro\u0161lu poslovnu godinu zavr\u0161ili sa minimalnim gubitkom od oko sto hiljada eura, podsjetiv\u0161i da je prije \u010detiri godine taj iznos bio iznad 1,2 miliona eura.<\/p>\n<p><a href=\"http:\/\/www.visit-ulcinj.com\/blog\/wp-content\/uploads\/2012\/03\/ADA-BOJANA-MONTENEGRO.jpg\"><img loading=\"lazy\" class=\"alignleft  wp-image-58539\" title=\"ADA BOJANA - MONTENEGRO\" src=\"http:\/\/www.visit-ulcinj.com\/blog\/wp-content\/uploads\/2012\/03\/ADA-BOJANA-MONTENEGRO.jpg\" alt=\"\" width=\"508\" height=\"300\" \/><\/a><\/p>\n<p>&nbsp;<\/p>\n<p><strong>Cijene<\/strong><\/p>\n<p>I pored zna\u010dajnog pobolj\u0161anja kvaliteta usluge u posljednjih nekoliko godina, cjene usluga i smje\u0161taja u hotelima Ulcinjske rivijere se nijesu mijenjale u prethodne tri godine.<\/p>\n<p>&#8211; Uvjereni smo da \u0107emo i ove godine zadr\u017eati epitet najjeftinije rivijere na Jadranu. Cijene polupansiona u na\u0161im hotelima bi\u0107e od 22 eura u predsezoni do 40 eura u \u0161picu sezone-julu i avgustu. Posebno isti\u010demo da se cijena polupansiona do 10. juna kre\u0107e od 22 do 26 eura po osobi dnevno u zavisnosti od objekta koji je gost izabrao za svoj boravak \u2013 kazali su u Ulcinjskoj rivijeri.<\/p>\n<p><strong>Posje\u0107enost<\/strong><\/p>\n<p>Tokom ljetne sezone 2010. godine u hotelima Ulcinjske rivijere bilo je oko 11.000 posjetilaca, dok je u sezoni 2011. u istim hotelima boravilo oko 16. 200 turista.<\/p>\n<p>&#8211; Ovo pove\u0107anje broja gostiju se naro\u010dito odnosi na period pred i postsezone, kada smo u na\u0161e hotele privukli zna\u010dajan broj gostiju organizovanjem raznih skupova, sportskih susreta i takmi\u010denja \u2013 kazala je PR ovog preduze\u0107a Ana \u017divanovi\u0107.<\/p>\n<p>&nbsp;<\/p>\n<p><strong>N. Perkovi\u0107<\/strong><br \/>\n<strong>Ovaj tekst je preuzet sa adrese <a href=\"http:\/\/www.pobjeda.me\/2012\/03\/18\/ulcinjska-rivijera-nakon-uspjesne-2011-racuna-na-jos-bolju-2012-godinu\/\">http:\/\/www.pobjeda.me\/2012\/03\/18\/ulcinjska-rivijera-nakon-uspjesne-2011-racuna-na-jos-bolju-2012-godinu\/<\/a><\/strong><\/p>\n<!--YouTube Error: bad URL entered-->\n","protected":false},"excerpt":{"rendered":"<p>Osvje\u017eena i sadr\u017eajno oboga\u0107ena ponuda i stare cijene privu\u0107i \u0107e ovoga ljeta ve\u0107i broj turista u hotele na\u0161eg najju\u017enijeg ljetovali\u0161ta ULCINJ \u2013 Hotelsko-turisti\u010dko preduze\u0107e Ulcinjska rivijera\u00a0 otvori\u0107e kapije svojih hotela 1. maja za kada imaju najave prvih organizovanih grupa gostiju. &#8211; Ove godine kod na\u0161ih partnera imamo pove\u0107ani interes ne samo za pove\u0107anje zakupljenih kapaciteta, [&hellip;]<\/p>\n","protected":false},"author":1,"featured_media":0,"comment_status":"open","ping_status":"closed","sticky":false,"template":"","format":"standard","meta":{"spay_email":"","jetpack_publicize_message":"","jetpack_is_tweetstorm":false,"jetpack_publicize_feature_enabled":true},"categories":[8337],"tags":[250],"jetpack_publicize_connections":[],"yoast_head":"<!-- This site is optimized with the Yoast SEO plugin v19.1 - https:\/\/yoast.com\/wordpress\/plugins\/seo\/ -->\n<title>Ulcinjska rivijera nakon uspje\u0161ne 2011. ra\u010duna na jo\u0161 bolju 2012. godinu - Lajme nga Ulqini<\/title>\n<meta name=\"description\" content=\"Osvje\u017eena i sadr\u017eajno oboga\u0107ena ponuda i stare cijene privu\u0107i \u0107e ovoga ljeta ve\u0107i broj turista u hotele na\u0161eg najju\u017enijeg ljetovali\u0161ta ULCINJ \u2013\" \/>\n<meta name=\"robots\" content=\"index, follow, max-snippet:-1, max-image-preview:large, max-video-preview:-1\" \/>\n<link rel=\"canonical\" href=\"https:\/\/www.visit-ulcinj.com\/blog\/2012\/03\/23\/ulcinjska-rivijera-nakon-uspjesne-2011-racuna-na-jos-bolju-2012-godinu\/\" \/>\n<meta property=\"og:locale\" content=\"en_US\" \/>\n<meta property=\"og:type\" content=\"article\" \/>\n<meta property=\"og:title\" content=\"Ulcinjska rivijera nakon uspje\u0161ne 2011. ra\u010duna na jo\u0161 bolju 2012. godinu - Lajme nga Ulqini\" \/>\n<meta property=\"og:description\" content=\"Osvje\u017eena i sadr\u017eajno oboga\u0107ena ponuda i stare cijene privu\u0107i \u0107e ovoga ljeta ve\u0107i broj turista u hotele na\u0161eg najju\u017enijeg ljetovali\u0161ta ULCINJ \u2013\" \/>\n<meta property=\"og:url\" content=\"https:\/\/www.visit-ulcinj.com\/blog\/2012\/03\/23\/ulcinjska-rivijera-nakon-uspjesne-2011-racuna-na-jos-bolju-2012-godinu\/\" \/>\n<meta property=\"og:site_name\" content=\"Lajme nga Ulqini\" \/>\n<meta property=\"article:published_time\" content=\"2012-03-23T05:24:19+00:00\" \/>\n<meta property=\"article:modified_time\" content=\"2012-03-23T05:25:34+00:00\" \/>\n<meta property=\"og:image\" content=\"http:\/\/www.visit-ulcinj.com\/blog\/wp-content\/uploads\/2012\/03\/ULCINJSKA-RIVIJERA-CRNA-GORA.jpg\" \/>\n<meta name=\"twitter:label1\" content=\"Written by\" \/>\n\t<meta name=\"twitter:data1\" content=\"ulqini\" \/>\n\t<meta name=\"twitter:label2\" content=\"Est. reading time\" \/>\n\t<meta name=\"twitter:data2\" content=\"3 minutes\" \/>\n<script type=\"application\/ld+json\" class=\"yoast-schema-graph\">{\"@context\":\"https:\/\/schema.org\",\"@graph\":[{\"@type\":\"WebSite\",\"@id\":\"https:\/\/www.visit-ulcinj.com\/blog\/#website\",\"url\":\"https:\/\/www.visit-ulcinj.com\/blog\/\",\"name\":\"Lajme nga Ulqini\",\"description\":\"Lajme,Vijesti,Ulqini,Ulqin,Crna Gora,Mali i Zi\",\"potentialAction\":[{\"@type\":\"SearchAction\",\"target\":{\"@type\":\"EntryPoint\",\"urlTemplate\":\"https:\/\/www.visit-ulcinj.com\/blog\/?s={search_term_string}\"},\"query-input\":\"required name=search_term_string\"}],\"inLanguage\":\"en-US\"},{\"@type\":\"ImageObject\",\"inLanguage\":\"en-US\",\"@id\":\"https:\/\/www.visit-ulcinj.com\/blog\/2012\/03\/23\/ulcinjska-rivijera-nakon-uspjesne-2011-racuna-na-jos-bolju-2012-godinu\/#primaryimage\",\"url\":\"https:\/\/www.visit-ulcinj.com\/blog\/wp-content\/uploads\/2012\/03\/ULCINJSKA-RIVIJERA-CRNA-GORA.jpg\",\"contentUrl\":\"https:\/\/www.visit-ulcinj.com\/blog\/wp-content\/uploads\/2012\/03\/ULCINJSKA-RIVIJERA-CRNA-GORA.jpg\",\"width\":\"800\",\"height\":\"400\"},{\"@type\":\"WebPage\",\"@id\":\"https:\/\/www.visit-ulcinj.com\/blog\/2012\/03\/23\/ulcinjska-rivijera-nakon-uspjesne-2011-racuna-na-jos-bolju-2012-godinu\/#webpage\",\"url\":\"https:\/\/www.visit-ulcinj.com\/blog\/2012\/03\/23\/ulcinjska-rivijera-nakon-uspjesne-2011-racuna-na-jos-bolju-2012-godinu\/\",\"name\":\"Ulcinjska rivijera nakon uspje\u0161ne 2011. ra\u010duna na jo\u0161 bolju 2012. godinu - Lajme nga Ulqini\",\"isPartOf\":{\"@id\":\"https:\/\/www.visit-ulcinj.com\/blog\/#website\"},\"primaryImageOfPage\":{\"@id\":\"https:\/\/www.visit-ulcinj.com\/blog\/2012\/03\/23\/ulcinjska-rivijera-nakon-uspjesne-2011-racuna-na-jos-bolju-2012-godinu\/#primaryimage\"},\"datePublished\":\"2012-03-23T05:24:19+00:00\",\"dateModified\":\"2012-03-23T05:25:34+00:00\",\"author\":{\"@id\":\"https:\/\/www.visit-ulcinj.com\/blog\/#\/schema\/person\/dcab619c614d3038751c63bc2aadc06d\"},\"description\":\"Osvje\u017eena i sadr\u017eajno oboga\u0107ena ponuda i stare cijene privu\u0107i \u0107e ovoga ljeta ve\u0107i broj turista u hotele na\u0161eg najju\u017enijeg ljetovali\u0161ta ULCINJ \u2013\",\"breadcrumb\":{\"@id\":\"https:\/\/www.visit-ulcinj.com\/blog\/2012\/03\/23\/ulcinjska-rivijera-nakon-uspjesne-2011-racuna-na-jos-bolju-2012-godinu\/#breadcrumb\"},\"inLanguage\":\"en-US\",\"potentialAction\":[{\"@type\":\"ReadAction\",\"target\":[\"https:\/\/www.visit-ulcinj.com\/blog\/2012\/03\/23\/ulcinjska-rivijera-nakon-uspjesne-2011-racuna-na-jos-bolju-2012-godinu\/\"]}]},{\"@type\":\"BreadcrumbList\",\"@id\":\"https:\/\/www.visit-ulcinj.com\/blog\/2012\/03\/23\/ulcinjska-rivijera-nakon-uspjesne-2011-racuna-na-jos-bolju-2012-godinu\/#breadcrumb\",\"itemListElement\":[{\"@type\":\"ListItem\",\"position\":1,\"name\":\"Ulcinjska rivijera nakon uspje\u0161ne 2011. ra\u010duna na jo\u0161 bolju 2012. godinu\"}]},{\"@type\":\"Person\",\"@id\":\"https:\/\/www.visit-ulcinj.com\/blog\/#\/schema\/person\/dcab619c614d3038751c63bc2aadc06d\",\"name\":\"ulqini\",\"sameAs\":[\"http:\/\/www.visit-ulcinj.com\"],\"url\":\"https:\/\/www.visit-ulcinj.com\/blog\/author\/admin\/\"}]}<\/script>\n<!-- \/ Yoast SEO plugin. -->","yoast_head_json":{"title":"Ulcinjska rivijera nakon uspje\u0161ne 2011. ra\u010duna na jo\u0161 bolju 2012. godinu - Lajme nga Ulqini","description":"Osvje\u017eena i sadr\u017eajno oboga\u0107ena ponuda i stare cijene privu\u0107i \u0107e ovoga ljeta ve\u0107i broj turista u hotele na\u0161eg najju\u017enijeg ljetovali\u0161ta ULCINJ \u2013","robots":{"index":"index","follow":"follow","max-snippet":"max-snippet:-1","max-image-preview":"max-image-preview:large","max-video-preview":"max-video-preview:-1"},"canonical":"https:\/\/www.visit-ulcinj.com\/blog\/2012\/03\/23\/ulcinjska-rivijera-nakon-uspjesne-2011-racuna-na-jos-bolju-2012-godinu\/","og_locale":"en_US","og_type":"article","og_title":"Ulcinjska rivijera nakon uspje\u0161ne 2011. ra\u010duna na jo\u0161 bolju 2012. godinu - Lajme nga Ulqini","og_description":"Osvje\u017eena i sadr\u017eajno oboga\u0107ena ponuda i stare cijene privu\u0107i \u0107e ovoga ljeta ve\u0107i broj turista u hotele na\u0161eg najju\u017enijeg ljetovali\u0161ta ULCINJ \u2013","og_url":"https:\/\/www.visit-ulcinj.com\/blog\/2012\/03\/23\/ulcinjska-rivijera-nakon-uspjesne-2011-racuna-na-jos-bolju-2012-godinu\/","og_site_name":"Lajme nga Ulqini","article_published_time":"2012-03-23T05:24:19+00:00","article_modified_time":"2012-03-23T05:25:34+00:00","og_image":[{"url":"http:\/\/www.visit-ulcinj.com\/blog\/wp-content\/uploads\/2012\/03\/ULCINJSKA-RIVIJERA-CRNA-GORA.jpg"}],"twitter_misc":{"Written by":"ulqini","Est. reading time":"3 minutes"},"schema":{"@context":"https:\/\/schema.org","@graph":[{"@type":"WebSite","@id":"https:\/\/www.visit-ulcinj.com\/blog\/#website","url":"https:\/\/www.visit-ulcinj.com\/blog\/","name":"Lajme nga Ulqini","description":"Lajme,Vijesti,Ulqini,Ulqin,Crna Gora,Mali i Zi","potentialAction":[{"@type":"SearchAction","target":{"@type":"EntryPoint","urlTemplate":"https:\/\/www.visit-ulcinj.com\/blog\/?s={search_term_string}"},"query-input":"required name=search_term_string"}],"inLanguage":"en-US"},{"@type":"ImageObject","inLanguage":"en-US","@id":"https:\/\/www.visit-ulcinj.com\/blog\/2012\/03\/23\/ulcinjska-rivijera-nakon-uspjesne-2011-racuna-na-jos-bolju-2012-godinu\/#primaryimage","url":"https:\/\/www.visit-ulcinj.com\/blog\/wp-content\/uploads\/2012\/03\/ULCINJSKA-RIVIJERA-CRNA-GORA.jpg","contentUrl":"https:\/\/www.visit-ulcinj.com\/blog\/wp-content\/uploads\/2012\/03\/ULCINJSKA-RIVIJERA-CRNA-GORA.jpg","width":"800","height":"400"},{"@type":"WebPage","@id":"https:\/\/www.visit-ulcinj.com\/blog\/2012\/03\/23\/ulcinjska-rivijera-nakon-uspjesne-2011-racuna-na-jos-bolju-2012-godinu\/#webpage","url":"https:\/\/www.visit-ulcinj.com\/blog\/2012\/03\/23\/ulcinjska-rivijera-nakon-uspjesne-2011-racuna-na-jos-bolju-2012-godinu\/","name":"Ulcinjska rivijera nakon uspje\u0161ne 2011. ra\u010duna na jo\u0161 bolju 2012. godinu - Lajme nga Ulqini","isPartOf":{"@id":"https:\/\/www.visit-ulcinj.com\/blog\/#website"},"primaryImageOfPage":{"@id":"https:\/\/www.visit-ulcinj.com\/blog\/2012\/03\/23\/ulcinjska-rivijera-nakon-uspjesne-2011-racuna-na-jos-bolju-2012-godinu\/#primaryimage"},"datePublished":"2012-03-23T05:24:19+00:00","dateModified":"2012-03-23T05:25:34+00:00","author":{"@id":"https:\/\/www.visit-ulcinj.com\/blog\/#\/schema\/person\/dcab619c614d3038751c63bc2aadc06d"},"description":"Osvje\u017eena i sadr\u017eajno oboga\u0107ena ponuda i stare cijene privu\u0107i \u0107e ovoga ljeta ve\u0107i broj turista u hotele na\u0161eg najju\u017enijeg ljetovali\u0161ta ULCINJ \u2013","breadcrumb":{"@id":"https:\/\/www.visit-ulcinj.com\/blog\/2012\/03\/23\/ulcinjska-rivijera-nakon-uspjesne-2011-racuna-na-jos-bolju-2012-godinu\/#breadcrumb"},"inLanguage":"en-US","potentialAction":[{"@type":"ReadAction","target":["https:\/\/www.visit-ulcinj.com\/blog\/2012\/03\/23\/ulcinjska-rivijera-nakon-uspjesne-2011-racuna-na-jos-bolju-2012-godinu\/"]}]},{"@type":"BreadcrumbList","@id":"https:\/\/www.visit-ulcinj.com\/blog\/2012\/03\/23\/ulcinjska-rivijera-nakon-uspjesne-2011-racuna-na-jos-bolju-2012-godinu\/#breadcrumb","itemListElement":[{"@type":"ListItem","position":1,"name":"Ulcinjska rivijera nakon uspje\u0161ne 2011. ra\u010duna na jo\u0161 bolju 2012. godinu"}]},{"@type":"Person","@id":"https:\/\/www.visit-ulcinj.com\/blog\/#\/schema\/person\/dcab619c614d3038751c63bc2aadc06d","name":"ulqini","sameAs":["http:\/\/www.visit-ulcinj.com"],"url":"https:\/\/www.visit-ulcinj.com\/blog\/author\/admin\/"}]}},"jetpack_featured_media_url":"","jetpack_sharing_enabled":true,"jetpack_shortlink":"https:\/\/wp.me\/pe6lTn-fe7","_links":{"self":[{"href":"https:\/\/www.visit-ulcinj.com\/blog\/wp-json\/wp\/v2\/posts\/58535"}],"collection":[{"href":"https:\/\/www.visit-ulcinj.com\/blog\/wp-json\/wp\/v2\/posts"}],"about":[{"href":"https:\/\/www.visit-ulcinj.com\/blog\/wp-json\/wp\/v2\/types\/post"}],"author":[{"embeddable":true,"href":"https:\/\/www.visit-ulcinj.com\/blog\/wp-json\/wp\/v2\/users\/1"}],"replies":[{"embeddable":true,"href":"https:\/\/www.visit-ulcinj.com\/blog\/wp-json\/wp\/v2\/comments?post=58535"}],"version-history":[{"count":3,"href":"https:\/\/www.visit-ulcinj.com\/blog\/wp-json\/wp\/v2\/posts\/58535\/revisions"}],"predecessor-version":[{"id":58660,"href":"https:\/\/www.visit-ulcinj.com\/blog\/wp-json\/wp\/v2\/posts\/58535\/revisions\/58660"}],"wp:attachment":[{"href":"https:\/\/www.visit-ulcinj.com\/blog\/wp-json\/wp\/v2\/media?parent=58535"}],"wp:term":[{"taxonomy":"category","embeddable":true,"href":"https:\/\/www.visit-ulcinj.com\/blog\/wp-json\/wp\/v2\/categories?post=58535"},{"taxonomy":"post_tag","embeddable":true,"href":"https:\/\/www.visit-ulcinj.com\/blog\/wp-json\/wp\/v2\/tags?post=58535"}],"curies":[{"name":"wp","href":"https:\/\/api.w.org\/{rel}","templated":true}]}}