{"id":58555,"date":"2012-03-23T08:39:50","date_gmt":"2012-03-23T07:39:50","guid":{"rendered":"http:\/\/www.visit-ulcinj.com\/blog\/?p=58555"},"modified":"2012-03-23T19:50:14","modified_gmt":"2012-03-23T18:50:14","slug":"low-cost-ryanair-se-shpejti-fluturime-per-mal-te-zi","status":"publish","type":"post","link":"https:\/\/www.visit-ulcinj.com\/blog\/2012\/03\/23\/low-cost-ryanair-se-shpejti-fluturime-per-mal-te-zi\/","title":{"rendered":"Low cost Ryanair s\u00eb shpejti fluturime p\u00ebr Mal t\u00eb Zi"},"content":{"rendered":"<p><strong><a href=\"http:\/\/www.visit-ulcinj.com\/blog\/wp-content\/uploads\/2012\/03\/Low-cost-Ryanair-fillon-fluturimet-per-Mal-t\u00eb-Zi.jpg\"><img loading=\"lazy\" class=\"alignleft size-full wp-image-58556\" title=\"Low-cost Ryanair fillon fluturimet per Mal t\u00eb Zi\" src=\"http:\/\/www.visit-ulcinj.com\/blog\/wp-content\/uploads\/2012\/03\/Low-cost-Ryanair-fillon-fluturimet-per-Mal-t\u00eb-Zi.jpg\" alt=\"\" width=\"350\" height=\"494\" \/><\/a>Kompania <a href=\"http:\/\/www.ryanair.com\/en\" target=\"_blank\">Ryanair<\/a> nga Britanija e Madhe, ka konfirmuar edhe disa z\u00ebdh\u00ebn\u00ebsa t\u00eb ministris\u00eb p\u00ebrkat\u00ebse nga Mali i Zi, q\u00eb ato kan b\u00ebr\u00eb k\u00ebrkes\u00eb q\u00eb t\u00eb fillojn\u00eb fluturimet ajrore low cost me kompanin\u00a0 <a href=\"http:\/\/www.ryanair.com\/en\" target=\"_blank\">Ryanair<\/a> nga Britanija e Madhe q\u00eb nga muaji qershor\u00eb 2012, dhe fluturime \u00a0kto q\u00eb me mund\u00ebsi t\u00eb zgjerohet edhe m\u00eb tej n\u00eb t\u00eb ardhmen deri m\u00eb 2015,deklaroi Z\u00ebvend\u00ebsminist\u00ebr i zhvillimit t\u00eb qendruesh\u00ebm dhe turizmit, Nebojsha Popovic p\u00ebr Antena M.<\/strong><br \/>\nKjo kompani, qysh nga qershori t\u00eb \u00a0ketij viti 2012, pritet t`u jap\u00eb fund biletave t\u00eb shtrenjta n\u00eb vendin ton\u00eb, t\u00eb cilat do t\u00eb nisin nga 20 euro. Fluturimet e para do fillojn\u00eb nga Londoni,Bruseli,Milano, e m\u00eb von\u00eb nga krejt shtetet e Evrop\u00ebs.<\/p>\n<p>Tregu i fluturimeve n\u00eb Mal t\u00eb Zi do t\u00eb hyj\u00eb n\u00eb konkurrenc\u00eb t\u00eb fort\u00eb n\u00ebse Qeveria e Malit t\u00eb Zi ia miraton k\u00ebrkes\u00ebn kompanise angleze t\u00eb fluturimeve, <a href=\"http:\/\/www.ryanair.com\/en\" target=\"_blank\"><strong>Ryanair<\/strong><\/a>. Kjo kompani kan k\u00ebrkuar q\u00eb t\u00eb filloj\u00eb me operime qysh nga \u00a0qershori t\u00eb k\u00ebtij viti 2012.<\/p>\n<p>\u201cKto kompani do t\u00eb rrisin konkurrenc\u00ebn n\u00eb treg, sidomos do t\u00eb ndikoj\u00eb n\u00eb uljen e \u00e7mimeve, pasi q\u00eb ofrojn sh\u00ebrbime t\u00eb lira\u201d, theksohet n\u00eb ministri. Aj tha se kjo do t\u00eb zhvilloj\u00eb nj\u00eb konkurrenc\u00eb t\u00eb fort\u00eb n\u00eb tregun e aviacionit dhe beson q\u00eb edhe biletat do t\u00eb lirohen dhe q\u00eb pritet nj\u00eb zhvillim i turizmit ne Mal t\u00eb Zi.<\/p>\n<p>N\u00eb \u00e7do vend ku operon \u00a0<a href=\"http:\/\/www.ryanair.com\/en\" target=\"_blank\"><strong>Ryanair<\/strong><\/a>, si strategji ka aplikuar \u00e7mimet e lira karshi konkurrenc\u00ebs. Vet\u00ebm n\u00eb n\u00ebnt\u00ebmujorin e par\u00eb t\u00eb k\u00ebtij viti, <a href=\"http:\/\/www.easyjet.com\/asp\/en\/book\/index.asp?lang=en\" target=\"_blank\"><strong>Ryanair<\/strong> <\/a>si kompani ka realizuar t\u00eb hyra prej 2.6 miliard\u00eb funta dhe u ka sh\u00ebrbyer 45.2 milion\u00eb pasagjer\u00eb.<\/p>\n<p>Biznesi i k\u00ebsaj kompanie \u00ebsht\u00eb i koncentruar kryesisht n\u00eb oferta t\u00eb larmishme si p\u00ebr turiz\u00ebm, biznes dhe familje. Gjat\u00eb k\u00ebtij viti, biletat e kompanis\u00eb Ryanair nuk kan\u00eb qen\u00eb m\u00eb t\u00eb shtrenjta se 30 funta angleze. Fluturimi nga Londra p\u00ebr n\u00eb Itali kushton vet\u00ebm 30 funta angleze, derisa p\u00ebr n\u00eb Gjermani kushton 29 funta. Ryanair aktualisht mban linja t\u00eb rregullta fluturimi n\u00eb m\u00eb shum\u00eb se 100 qytete n\u00eb 27 shtete t\u00eb Evrop\u00ebs. Edhe n\u00eb Mal t\u00eb Zi, pritet t\u00eb sjell\u00eb ofert\u00eb t\u00eb ngjashme, fillimisht p\u00ebr shtetasit e Malit t\u00eb Zi q\u00eb udh\u00ebtojn\u00eb nga Evropa p\u00ebr n\u00eb Podgoric\u00eb \u2013 Tivat dhe anasjelltas.<\/p>\n<p><strong>Lajme nga Ulqini<br \/>\n<!--YouTube Error: bad URL entered--><br \/>\n<\/strong><\/p>\n","protected":false},"excerpt":{"rendered":"<p>Kompania Ryanair nga Britanija e Madhe, ka konfirmuar edhe disa z\u00ebdh\u00ebn\u00ebsa t\u00eb ministris\u00eb p\u00ebrkat\u00ebse nga Mali i Zi, q\u00eb ato kan b\u00ebr\u00eb k\u00ebrkes\u00eb q\u00eb t\u00eb fillojn\u00eb fluturimet ajrore low cost me kompanin\u00a0 Ryanair nga Britanija e Madhe q\u00eb nga muaji qershor\u00eb 2012, dhe fluturime \u00a0kto q\u00eb me mund\u00ebsi t\u00eb zgjerohet edhe m\u00eb tej n\u00eb t\u00eb [&hellip;]<\/p>\n","protected":false},"author":1,"featured_media":0,"comment_status":"open","ping_status":"closed","sticky":false,"template":"","format":"standard","meta":{"spay_email":"","jetpack_publicize_message":"","jetpack_is_tweetstorm":false,"jetpack_publicize_feature_enabled":true},"categories":[1,12],"tags":[20198,20197,20195,95,18560,14887],"jetpack_publicize_connections":[],"yoast_head":"<!-- This site is optimized with the Yoast SEO plugin v19.1 - https:\/\/yoast.com\/wordpress\/plugins\/seo\/ -->\n<title>Low cost Ryanair s\u00eb shpejti fluturime p\u00ebr Mal t\u00eb Zi - Lajme nga Ulqini<\/title>\n<meta name=\"description\" content=\"Kompania Ryanair nga Britanija e Madhe, ka konfirmuar edhe disa z\u00ebdh\u00ebn\u00ebsa t\u00eb ministris\u00eb p\u00ebrkat\u00ebse nga Mali i Zi, q\u00eb ato kan b\u00ebr\u00eb k\u00ebrkes\u00eb q\u00eb t\u00eb fillojn\u00eb\" \/>\n<meta name=\"robots\" content=\"index, follow, max-snippet:-1, max-image-preview:large, max-video-preview:-1\" \/>\n<link rel=\"canonical\" href=\"https:\/\/www.visit-ulcinj.com\/blog\/2012\/03\/23\/low-cost-ryanair-se-shpejti-fluturime-per-mal-te-zi\/\" \/>\n<meta property=\"og:locale\" content=\"en_US\" \/>\n<meta property=\"og:type\" content=\"article\" \/>\n<meta property=\"og:title\" content=\"Low cost Ryanair s\u00eb shpejti fluturime p\u00ebr Mal t\u00eb Zi - Lajme nga Ulqini\" \/>\n<meta property=\"og:description\" content=\"Kompania Ryanair nga Britanija e Madhe, ka konfirmuar edhe disa z\u00ebdh\u00ebn\u00ebsa t\u00eb ministris\u00eb p\u00ebrkat\u00ebse nga Mali i Zi, q\u00eb ato kan b\u00ebr\u00eb k\u00ebrkes\u00eb q\u00eb t\u00eb fillojn\u00eb\" \/>\n<meta property=\"og:url\" content=\"https:\/\/www.visit-ulcinj.com\/blog\/2012\/03\/23\/low-cost-ryanair-se-shpejti-fluturime-per-mal-te-zi\/\" \/>\n<meta property=\"og:site_name\" content=\"Lajme nga Ulqini\" \/>\n<meta property=\"article:published_time\" content=\"2012-03-23T07:39:50+00:00\" \/>\n<meta property=\"article:modified_time\" content=\"2012-03-23T18:50:14+00:00\" \/>\n<meta name=\"twitter:label1\" content=\"Written by\" \/>\n\t<meta name=\"twitter:data1\" content=\"ulqini\" \/>\n\t<meta name=\"twitter:label2\" content=\"Est. reading time\" \/>\n\t<meta name=\"twitter:data2\" content=\"2 minutes\" \/>\n<script type=\"application\/ld+json\" class=\"yoast-schema-graph\">{\"@context\":\"https:\/\/schema.org\",\"@graph\":[{\"@type\":\"WebSite\",\"@id\":\"https:\/\/www.visit-ulcinj.com\/blog\/#website\",\"url\":\"https:\/\/www.visit-ulcinj.com\/blog\/\",\"name\":\"Lajme nga Ulqini\",\"description\":\"Lajme,Vijesti,Ulqini,Ulqin,Crna Gora,Mali i Zi\",\"potentialAction\":[{\"@type\":\"SearchAction\",\"target\":{\"@type\":\"EntryPoint\",\"urlTemplate\":\"https:\/\/www.visit-ulcinj.com\/blog\/?s={search_term_string}\"},\"query-input\":\"required name=search_term_string\"}],\"inLanguage\":\"en-US\"},{\"@type\":\"WebPage\",\"@id\":\"https:\/\/www.visit-ulcinj.com\/blog\/2012\/03\/23\/low-cost-ryanair-se-shpejti-fluturime-per-mal-te-zi\/#webpage\",\"url\":\"https:\/\/www.visit-ulcinj.com\/blog\/2012\/03\/23\/low-cost-ryanair-se-shpejti-fluturime-per-mal-te-zi\/\",\"name\":\"Low cost Ryanair s\u00eb shpejti fluturime p\u00ebr Mal t\u00eb Zi - Lajme nga Ulqini\",\"isPartOf\":{\"@id\":\"https:\/\/www.visit-ulcinj.com\/blog\/#website\"},\"datePublished\":\"2012-03-23T07:39:50+00:00\",\"dateModified\":\"2012-03-23T18:50:14+00:00\",\"author\":{\"@id\":\"https:\/\/www.visit-ulcinj.com\/blog\/#\/schema\/person\/dcab619c614d3038751c63bc2aadc06d\"},\"description\":\"Kompania Ryanair nga Britanija e Madhe, ka konfirmuar edhe disa z\u00ebdh\u00ebn\u00ebsa t\u00eb ministris\u00eb p\u00ebrkat\u00ebse nga Mali i Zi, q\u00eb ato kan b\u00ebr\u00eb k\u00ebrkes\u00eb q\u00eb t\u00eb fillojn\u00eb\",\"breadcrumb\":{\"@id\":\"https:\/\/www.visit-ulcinj.com\/blog\/2012\/03\/23\/low-cost-ryanair-se-shpejti-fluturime-per-mal-te-zi\/#breadcrumb\"},\"inLanguage\":\"en-US\",\"potentialAction\":[{\"@type\":\"ReadAction\",\"target\":[\"https:\/\/www.visit-ulcinj.com\/blog\/2012\/03\/23\/low-cost-ryanair-se-shpejti-fluturime-per-mal-te-zi\/\"]}]},{\"@type\":\"BreadcrumbList\",\"@id\":\"https:\/\/www.visit-ulcinj.com\/blog\/2012\/03\/23\/low-cost-ryanair-se-shpejti-fluturime-per-mal-te-zi\/#breadcrumb\",\"itemListElement\":[{\"@type\":\"ListItem\",\"position\":1,\"name\":\"Low cost Ryanair s\u00eb shpejti fluturime p\u00ebr Mal t\u00eb Zi\"}]},{\"@type\":\"Person\",\"@id\":\"https:\/\/www.visit-ulcinj.com\/blog\/#\/schema\/person\/dcab619c614d3038751c63bc2aadc06d\",\"name\":\"ulqini\",\"sameAs\":[\"http:\/\/www.visit-ulcinj.com\"],\"url\":\"https:\/\/www.visit-ulcinj.com\/blog\/author\/admin\/\"}]}<\/script>\n<!-- \/ Yoast SEO plugin. -->","yoast_head_json":{"title":"Low cost Ryanair s\u00eb shpejti fluturime p\u00ebr Mal t\u00eb Zi - Lajme nga Ulqini","description":"Kompania Ryanair nga Britanija e Madhe, ka konfirmuar edhe disa z\u00ebdh\u00ebn\u00ebsa t\u00eb ministris\u00eb p\u00ebrkat\u00ebse nga Mali i Zi, q\u00eb ato kan b\u00ebr\u00eb k\u00ebrkes\u00eb q\u00eb t\u00eb fillojn\u00eb","robots":{"index":"index","follow":"follow","max-snippet":"max-snippet:-1","max-image-preview":"max-image-preview:large","max-video-preview":"max-video-preview:-1"},"canonical":"https:\/\/www.visit-ulcinj.com\/blog\/2012\/03\/23\/low-cost-ryanair-se-shpejti-fluturime-per-mal-te-zi\/","og_locale":"en_US","og_type":"article","og_title":"Low cost Ryanair s\u00eb shpejti fluturime p\u00ebr Mal t\u00eb Zi - Lajme nga Ulqini","og_description":"Kompania Ryanair nga Britanija e Madhe, ka konfirmuar edhe disa z\u00ebdh\u00ebn\u00ebsa t\u00eb ministris\u00eb p\u00ebrkat\u00ebse nga Mali i Zi, q\u00eb ato kan b\u00ebr\u00eb k\u00ebrkes\u00eb q\u00eb t\u00eb fillojn\u00eb","og_url":"https:\/\/www.visit-ulcinj.com\/blog\/2012\/03\/23\/low-cost-ryanair-se-shpejti-fluturime-per-mal-te-zi\/","og_site_name":"Lajme nga Ulqini","article_published_time":"2012-03-23T07:39:50+00:00","article_modified_time":"2012-03-23T18:50:14+00:00","twitter_misc":{"Written by":"ulqini","Est. reading time":"2 minutes"},"schema":{"@context":"https:\/\/schema.org","@graph":[{"@type":"WebSite","@id":"https:\/\/www.visit-ulcinj.com\/blog\/#website","url":"https:\/\/www.visit-ulcinj.com\/blog\/","name":"Lajme nga Ulqini","description":"Lajme,Vijesti,Ulqini,Ulqin,Crna Gora,Mali i Zi","potentialAction":[{"@type":"SearchAction","target":{"@type":"EntryPoint","urlTemplate":"https:\/\/www.visit-ulcinj.com\/blog\/?s={search_term_string}"},"query-input":"required name=search_term_string"}],"inLanguage":"en-US"},{"@type":"WebPage","@id":"https:\/\/www.visit-ulcinj.com\/blog\/2012\/03\/23\/low-cost-ryanair-se-shpejti-fluturime-per-mal-te-zi\/#webpage","url":"https:\/\/www.visit-ulcinj.com\/blog\/2012\/03\/23\/low-cost-ryanair-se-shpejti-fluturime-per-mal-te-zi\/","name":"Low cost Ryanair s\u00eb shpejti fluturime p\u00ebr Mal t\u00eb Zi - Lajme nga Ulqini","isPartOf":{"@id":"https:\/\/www.visit-ulcinj.com\/blog\/#website"},"datePublished":"2012-03-23T07:39:50+00:00","dateModified":"2012-03-23T18:50:14+00:00","author":{"@id":"https:\/\/www.visit-ulcinj.com\/blog\/#\/schema\/person\/dcab619c614d3038751c63bc2aadc06d"},"description":"Kompania Ryanair nga Britanija e Madhe, ka konfirmuar edhe disa z\u00ebdh\u00ebn\u00ebsa t\u00eb ministris\u00eb p\u00ebrkat\u00ebse nga Mali i Zi, q\u00eb ato kan b\u00ebr\u00eb k\u00ebrkes\u00eb q\u00eb t\u00eb fillojn\u00eb","breadcrumb":{"@id":"https:\/\/www.visit-ulcinj.com\/blog\/2012\/03\/23\/low-cost-ryanair-se-shpejti-fluturime-per-mal-te-zi\/#breadcrumb"},"inLanguage":"en-US","potentialAction":[{"@type":"ReadAction","target":["https:\/\/www.visit-ulcinj.com\/blog\/2012\/03\/23\/low-cost-ryanair-se-shpejti-fluturime-per-mal-te-zi\/"]}]},{"@type":"BreadcrumbList","@id":"https:\/\/www.visit-ulcinj.com\/blog\/2012\/03\/23\/low-cost-ryanair-se-shpejti-fluturime-per-mal-te-zi\/#breadcrumb","itemListElement":[{"@type":"ListItem","position":1,"name":"Low cost Ryanair s\u00eb shpejti fluturime p\u00ebr Mal t\u00eb Zi"}]},{"@type":"Person","@id":"https:\/\/www.visit-ulcinj.com\/blog\/#\/schema\/person\/dcab619c614d3038751c63bc2aadc06d","name":"ulqini","sameAs":["http:\/\/www.visit-ulcinj.com"],"url":"https:\/\/www.visit-ulcinj.com\/blog\/author\/admin\/"}]}},"jetpack_featured_media_url":"","jetpack_sharing_enabled":true,"jetpack_shortlink":"https:\/\/wp.me\/pe6lTn-fer","_links":{"self":[{"href":"https:\/\/www.visit-ulcinj.com\/blog\/wp-json\/wp\/v2\/posts\/58555"}],"collection":[{"href":"https:\/\/www.visit-ulcinj.com\/blog\/wp-json\/wp\/v2\/posts"}],"about":[{"href":"https:\/\/www.visit-ulcinj.com\/blog\/wp-json\/wp\/v2\/types\/post"}],"author":[{"embeddable":true,"href":"https:\/\/www.visit-ulcinj.com\/blog\/wp-json\/wp\/v2\/users\/1"}],"replies":[{"embeddable":true,"href":"https:\/\/www.visit-ulcinj.com\/blog\/wp-json\/wp\/v2\/comments?post=58555"}],"version-history":[{"count":2,"href":"https:\/\/www.visit-ulcinj.com\/blog\/wp-json\/wp\/v2\/posts\/58555\/revisions"}],"predecessor-version":[{"id":58571,"href":"https:\/\/www.visit-ulcinj.com\/blog\/wp-json\/wp\/v2\/posts\/58555\/revisions\/58571"}],"wp:attachment":[{"href":"https:\/\/www.visit-ulcinj.com\/blog\/wp-json\/wp\/v2\/media?parent=58555"}],"wp:term":[{"taxonomy":"category","embeddable":true,"href":"https:\/\/www.visit-ulcinj.com\/blog\/wp-json\/wp\/v2\/categories?post=58555"},{"taxonomy":"post_tag","embeddable":true,"href":"https:\/\/www.visit-ulcinj.com\/blog\/wp-json\/wp\/v2\/tags?post=58555"}],"curies":[{"name":"wp","href":"https:\/\/api.w.org\/{rel}","templated":true}]}}