{"id":58561,"date":"2012-03-23T19:45:17","date_gmt":"2012-03-23T18:45:17","guid":{"rendered":"http:\/\/www.visit-ulcinj.com\/blog\/?p=58561"},"modified":"2012-03-26T06:21:03","modified_gmt":"2012-03-26T05:21:03","slug":"nazif-cungu-kerkon-partner-per-investime-ne-hotel-lido-ulqin","status":"publish","type":"post","link":"https:\/\/www.visit-ulcinj.com\/blog\/2012\/03\/23\/nazif-cungu-kerkon-partner-per-investime-ne-hotel-lido-ulqin\/","title":{"rendered":"Nazif Cungu k\u00ebrkon partner p\u00ebr investime n\u00eb Hotel Lido Ulqin"},"content":{"rendered":"<p><a href=\"http:\/\/www.visit-ulcinj.com\/blog\/wp-content\/uploads\/2012\/03\/Nazif-Cungu-k\u00ebrkon-partner-p\u00ebr-investime-n\u00eb-Hotel-Lido-Ulqin.jpg\"><img loading=\"lazy\" class=\"alignleft  wp-image-58562\" title=\"Nazif Cungu k\u00ebrkon partner p\u00ebr investime n\u00eb Hotel Lido Ulqin\" src=\"http:\/\/www.visit-ulcinj.com\/blog\/wp-content\/uploads\/2012\/03\/Nazif-Cungu-k\u00ebrkon-partner-p\u00ebr-investime-n\u00eb-Hotel-Lido-Ulqin.jpg\" alt=\"\" width=\"508\" height=\"380\" \/><\/a>T\u00eb nderuar qytetar\u00eb,<\/p>\n<p>Duke vazhduar tentativat p\u00ebr realizimin e p\u00ebrcaktimit ton\u00eb strategjik p\u00ebr krijimin e kushteve p\u00ebr investime dhe t\u00ebrheqjen e investitor\u00ebve nga vendi dhe jasht\u00eb, dje kam pasur nj\u00eb takim me drejtorin ekzekutiv t\u00eb kompanis\u00eb Capital Estate \u2013 Budva, q\u00eb \u00ebsht\u00eb pronar i hotelit Lido n\u00eb Plazhin e madh.<\/p>\n<p>&nbsp;<\/p>\n<p>Negociatat tona te m\u00ebhershme me Qeverin\u00eb e Malit te Zi, kan\u00eb shkuar n\u00eb drejtim t\u00eb krijimit t\u00eb ambientit t\u00eb p\u00ebrshtatsh\u00ebm q\u00eb ky investitor t\u00eb investoj\u00eb n\u00eb nd\u00ebrtimin e hotelit Lido n\u00eb Ulqin, dhe kam pritur q\u00eb drejtori do t\u00eb m\u00eb njoftoj\u00eb p\u00ebr p\u00ebrgatitjet p\u00ebr fillimin e nd\u00ebrtimit t\u00eb k\u00ebtij hoteli.<\/p>\n<p>&nbsp;<\/p>\n<p><strong>Nd\u00ebrkoh\u00eb drejtori<\/strong> ka ardhur t\u00eb m\u00eb njoftoj\u00eb p\u00ebr shtyrjen e dat\u00ebs s\u00eb fillimit t\u00eb nd\u00ebrtimit dhe at\u00eb p\u00ebr kat\u00ebr vite, duke theksuar si shkak kryesor problemet ekologjike, p\u00ebrkat\u00ebsisht ndikimin e Porto Milen\u00ebs n\u00eb gjendjen ekologjike n\u00eb k\u00ebt\u00eb pjes\u00eb t\u00eb Plazhit t\u00eb madh.<\/p>\n<p>&nbsp;<\/p>\n<p><strong>Bindjet e mia<\/strong> dhe garancit\u00eb q\u00eb p\u00ebr nj\u00eb koh\u00eb me t\u00eb shkurt\u00ebr nga koha e nevojshme p\u00ebr nd\u00ebrtimin e hotelit do t\u00eb zgjidhim \u00e7\u00ebshtjen e ndotjes s\u00eb Porto Milen\u00ebs dhe insistimit p\u00ebr realizimin e obligimeve t\u00eb tyre q\u00eb jan\u00eb n\u00eb lidhje me nd\u00ebrtimin, q\u00eb kan\u00eb marr\u00eb me kontrat\u00ebn p\u00ebr blerjen e hotelit, nuk kan\u00eb qen\u00eb t\u00eb mjaftueshme q\u00eb investitori t\u00eb ndryshoj\u00eb mendimin e tij.<\/p>\n<p><a href=\"http:\/\/www.visit-ulcinj.com\/blog\/wp-content\/uploads\/2012\/03\/Hotel-Lido-Ulqin.jpg\"><img loading=\"lazy\" class=\"alignleft  wp-image-58563\" title=\"Hotel Lido Ulqin\" src=\"http:\/\/www.visit-ulcinj.com\/blog\/wp-content\/uploads\/2012\/03\/Hotel-Lido-Ulqin.jpg\" alt=\"\" width=\"508\" height=\"300\" \/><\/a><\/p>\n<p><strong>Kam shprehur<\/strong> gatishm\u00ebrin\u00eb p\u00ebr n\u00ebnshkrimin e kontrat\u00ebs ku do t\u00eb garantojm\u00eb q\u00eb rregullimi i Porto Milen\u00ebs do t\u00eb p\u00ebrfundoj\u00eb para p\u00ebrfundimit t\u00eb nd\u00ebrtimit t\u00eb hotelit, duke pasur parasysh q\u00eb vet\u00eb p\u00ebrfaq\u00ebsuesi i investitorit ka deklaruar q\u00eb nd\u00ebrtimi i hotelit do t\u00eb zgjas\u00eb s\u00eb paku kat\u00ebr vite.<\/p>\n<p>&nbsp;<\/p>\n<p>Po ashtu kam theksuar q\u00eb si komun\u00eb jemi t\u00eb gatsh\u00ebm q\u00eb Kuvendit t\u00eb Komun\u00ebs s\u00eb Ulqinit t\u2019i propozojm\u00eb q\u00eb p\u00ebr komunalet p\u00ebr Capital Estate \u2013 Budva dhe p\u00ebr investitor\u00eb t\u00eb tjer\u00eb serioz t\u00eb cil\u00ebt vendosin q\u00eb investimet t\u2019i fillojn\u00eb k\u00ebt\u00eb vit, t\u00eb aprovohet vendimi me \u00e7mim q\u00eb do t\u00eb ishte m\u00eb i ul\u00ebt nga \u00e7mimi q\u00eb ka qen\u00eb n\u00eb fuqi n\u00eb dit\u00ebn e n\u00ebnshkrimit t\u00eb kontrat\u00ebs p\u00ebr privatizim, dmth m\u00eb e ul\u00ebt se 65 EUR, e jo 250 EUR si\u00e7 parashihet me Vendimin e komun\u00ebs qe ashte n\u00eb fuqi.<\/p>\n<p>&nbsp;<\/p>\n<p><strong>P\u00ebrfaq\u00ebsuesin e investitorit<\/strong> po ashtu e kam njoftuar p\u00ebr gatishm\u00ebrin\u00eb e Qeveris\u00eb s\u00eb Malit t\u00eb Zi q\u00eb t\u00eb n\u00ebnshkruaj aneks kontrat\u00eb me t\u00eb cil\u00ebn do t\u00eb garantohej rregullimi i Porto Milen\u00ebs.<\/p>\n<p>Duke pasur parasysh q\u00eb dokemntet planifikuese p\u00ebr lokalitetin e hotelit Lido jan\u00eb miratuar n\u00eb vitin 2010 dhe nuk ka kurrfar\u00eb pengesash q\u00eb t\u00eb fillohet me p\u00ebrgatitjet p\u00ebr nd\u00ebrtimin e hotelit, vler\u00ebsojm\u00eb q\u00eb investitori n\u00eb k\u00ebto momente nuk \u00ebsht\u00eb i interesuar p\u00ebr realizimin e k\u00ebtij investime.<\/p>\n<p>&nbsp;<\/p>\n<p>P\u00ebr arsyet e m\u00ebsip\u00ebrme i kam d\u00ebrguar nj\u00eb shkres\u00eb Qeveris\u00eb s\u00eb Malit t\u00eb Zi ku i b\u00ebj apel q\u00eb t\u00eb anuloj\u00eb kontrat\u00ebn me kompanin\u00eb Capitat Estate \u2013 Budva dhe t\u00eb filloj\u00eb procedur\u00ebn p\u00ebr gjetjen e partnerit t\u00eb ri p\u00ebr k\u00ebt\u00eb lokalitet, q\u00eb \u00ebsht\u00eb nj\u00eb nd\u00ebr m\u00eb atraktiv\u00ebt n\u00eb bregdet.<\/p>\n<p><a href=\"http:\/\/www.visit-ulcinj.com\/blog\/wp-content\/uploads\/2012\/03\/Hotel-Lido-Ulqin.3.jpg\"><img loading=\"lazy\" class=\"alignleft  wp-image-58564\" title=\"Hotel-Lido-Ulqin.3\" src=\"http:\/\/www.visit-ulcinj.com\/blog\/wp-content\/uploads\/2012\/03\/Hotel-Lido-Ulqin.3.jpg\" alt=\"\" width=\"508\" height=\"300\" \/><\/a><\/p>\n<p>Respektojm\u00eb vendimin e kompanis\u00eb Capital Estate, si\u00e7 na kan\u00eb njoftuar q\u00eb n\u00eb vend n\u00eb Ulqin t\u00eb fillojn\u00eb nd\u00ebrtimin e hotelit n\u00eb Be\u00e7iq af\u00ebr Budv\u00ebs dhe i d\u00ebshirojm\u00eb shum\u00eb sukses n\u00eb pun\u00ebn e tyre.<\/p>\n<p>&nbsp;<\/p>\n<p>Nj\u00ebkoh\u00ebsisht k\u00ebrkojm\u00eb q\u00eb urgjentisht t\u00eb nd\u00ebrmarrin masa q\u00eb vizuelisht t\u00eb mbrojn\u00eb lokacionin e hotelit Grand Lido dhe Lido bungallou q\u00eb g\u00ebrmadhat e hotelit dhe vilat mos t\u00eb prishin ambientin n\u00eb k\u00ebt\u00eb pjes\u00eb t\u00eb Plazhit t\u00eb madh\u00a0 me cka jane vite me radh duke larguar mysafir\u00ebt prej k\u00ebtij ambient te mrekullueshem.<\/p>\n<p><strong>Komuna e Ulqinit<\/strong><br \/>\n\n\t\t<style type=\"text\/css\">\n\t\t\t#gallery-1 {\n\t\t\t\tmargin: auto;\n\t\t\t}\n\t\t\t#gallery-1 .gallery-item {\n\t\t\t\tfloat: left;\n\t\t\t\tmargin-top: 10px;\n\t\t\t\ttext-align: center;\n\t\t\t\twidth: 33%;\n\t\t\t}\n\t\t\t#gallery-1 img {\n\t\t\t\tborder: 2px solid #cfcfcf;\n\t\t\t}\n\t\t\t#gallery-1 .gallery-caption {\n\t\t\t\tmargin-left: 0;\n\t\t\t}\n\t\t\t\/* see gallery_shortcode() in wp-includes\/media.php *\/\n\t\t<\/style>\n\t\t<div id='gallery-1' class='gallery galleryid-58561 gallery-columns-3 gallery-size-thumbnail'><dl class='gallery-item'>\n\t\t\t<dt class='gallery-icon landscape'>\n\t\t\t\t<a href='https:\/\/www.visit-ulcinj.com\/blog\/wp-content\/uploads\/2012\/03\/Nazif-Cungu-k\u00ebrkon-partner-p\u00ebr-investime-n\u00eb-Hotel-Lido-Ulqin.jpg'><img width=\"150\" height=\"150\" src=\"https:\/\/www.visit-ulcinj.com\/blog\/wp-content\/uploads\/2012\/03\/Nazif-Cungu-k\u00ebrkon-partner-p\u00ebr-investime-n\u00eb-Hotel-Lido-Ulqin-150x150.jpg\" class=\"attachment-thumbnail size-thumbnail\" alt=\"\" loading=\"lazy\" \/><\/a>\n\t\t\t<\/dt><\/dl><dl class='gallery-item'>\n\t\t\t<dt class='gallery-icon landscape'>\n\t\t\t\t<a href='https:\/\/www.visit-ulcinj.com\/blog\/wp-content\/uploads\/2012\/03\/Hotel-Lido-Ulqin.jpg'><img width=\"150\" height=\"150\" src=\"https:\/\/www.visit-ulcinj.com\/blog\/wp-content\/uploads\/2012\/03\/Hotel-Lido-Ulqin-150x150.jpg\" class=\"attachment-thumbnail size-thumbnail\" alt=\"\" loading=\"lazy\" \/><\/a>\n\t\t\t<\/dt><\/dl><dl class='gallery-item'>\n\t\t\t<dt class='gallery-icon landscape'>\n\t\t\t\t<a href='https:\/\/www.visit-ulcinj.com\/blog\/wp-content\/uploads\/2012\/03\/Hotel-Lido-Ulqin.3.jpg'><img width=\"150\" height=\"150\" src=\"https:\/\/www.visit-ulcinj.com\/blog\/wp-content\/uploads\/2012\/03\/Hotel-Lido-Ulqin.3-150x150.jpg\" class=\"attachment-thumbnail size-thumbnail\" alt=\"\" loading=\"lazy\" \/><\/a>\n\t\t\t<\/dt><\/dl><br style=\"clear: both\" \/><dl class='gallery-item'>\n\t\t\t<dt class='gallery-icon landscape'>\n\t\t\t\t<a href='https:\/\/www.visit-ulcinj.com\/blog\/wp-content\/uploads\/2012\/03\/Hotel-Lido_Ulqin.2.jpg'><img width=\"150\" height=\"150\" src=\"https:\/\/www.visit-ulcinj.com\/blog\/wp-content\/uploads\/2012\/03\/Hotel-Lido_Ulqin.2-150x150.jpg\" class=\"attachment-thumbnail size-thumbnail\" alt=\"\" loading=\"lazy\" \/><\/a>\n\t\t\t<\/dt><\/dl><dl class='gallery-item'>\n\t\t\t<dt class='gallery-icon portrait'>\n\t\t\t\t<a href='https:\/\/www.visit-ulcinj.com\/blog\/wp-content\/uploads\/2012\/03\/Hotel-Lido-Ulqin.1.jpg'><img width=\"150\" height=\"150\" src=\"https:\/\/www.visit-ulcinj.com\/blog\/wp-content\/uploads\/2012\/03\/Hotel-Lido-Ulqin.1-150x150.jpg\" class=\"attachment-thumbnail size-thumbnail\" alt=\"\" loading=\"lazy\" \/><\/a>\n\t\t\t<\/dt><\/dl><dl class='gallery-item'>\n\t\t\t<dt class='gallery-icon landscape'>\n\t\t\t\t<a href='https:\/\/www.visit-ulcinj.com\/blog\/wp-content\/uploads\/2012\/03\/Hotel-Lido-Ulqin.31.jpg'><img width=\"150\" height=\"150\" src=\"https:\/\/www.visit-ulcinj.com\/blog\/wp-content\/uploads\/2012\/03\/Hotel-Lido-Ulqin.31-150x150.jpg\" class=\"attachment-thumbnail size-thumbnail\" alt=\"\" loading=\"lazy\" \/><\/a>\n\t\t\t<\/dt><\/dl><br style=\"clear: both\" \/><dl class='gallery-item'>\n\t\t\t<dt class='gallery-icon landscape'>\n\t\t\t\t<a href='https:\/\/www.visit-ulcinj.com\/blog\/wp-content\/uploads\/2012\/03\/Hotel-Lido_Bungalow-Ulqin.4.jpg'><img width=\"150\" height=\"150\" src=\"https:\/\/www.visit-ulcinj.com\/blog\/wp-content\/uploads\/2012\/03\/Hotel-Lido_Bungalow-Ulqin.4-150x150.jpg\" class=\"attachment-thumbnail size-thumbnail\" alt=\"\" loading=\"lazy\" \/><\/a>\n\t\t\t<\/dt><\/dl><dl class='gallery-item'>\n\t\t\t<dt class='gallery-icon landscape'>\n\t\t\t\t<a href='https:\/\/www.visit-ulcinj.com\/blog\/wp-content\/uploads\/2012\/03\/Hotel-Lido_Bungalow-Ulqin.5.jpg'><img width=\"150\" height=\"150\" src=\"https:\/\/www.visit-ulcinj.com\/blog\/wp-content\/uploads\/2012\/03\/Hotel-Lido_Bungalow-Ulqin.5-150x150.jpg\" class=\"attachment-thumbnail size-thumbnail\" alt=\"\" loading=\"lazy\" \/><\/a>\n\t\t\t<\/dt><\/dl><dl class='gallery-item'>\n\t\t\t<dt class='gallery-icon landscape'>\n\t\t\t\t<a href='https:\/\/www.visit-ulcinj.com\/blog\/wp-content\/uploads\/2012\/03\/Hotel-Lido_Ulqin.4.jpg'><img width=\"150\" height=\"150\" src=\"https:\/\/www.visit-ulcinj.com\/blog\/wp-content\/uploads\/2012\/03\/Hotel-Lido_Ulqin.4-150x150.jpg\" class=\"attachment-thumbnail size-thumbnail\" alt=\"\" loading=\"lazy\" \/><\/a>\n\t\t\t<\/dt><\/dl><br style=\"clear: both\" \/><dl class='gallery-item'>\n\t\t\t<dt class='gallery-icon landscape'>\n\t\t\t\t<a href='https:\/\/www.visit-ulcinj.com\/blog\/wp-content\/uploads\/2012\/03\/Hotel-Lido-Ulqin.5.jpg'><img width=\"150\" height=\"150\" src=\"https:\/\/www.visit-ulcinj.com\/blog\/wp-content\/uploads\/2012\/03\/Hotel-Lido-Ulqin.5-150x150.jpg\" class=\"attachment-thumbnail size-thumbnail\" alt=\"\" loading=\"lazy\" \/><\/a>\n\t\t\t<\/dt><\/dl><dl class='gallery-item'>\n\t\t\t<dt class='gallery-icon landscape'>\n\t\t\t\t<a href='https:\/\/www.visit-ulcinj.com\/blog\/wp-content\/uploads\/2012\/03\/Hotel-Lido-Ulqin.6.jpg'><img width=\"150\" height=\"150\" src=\"https:\/\/www.visit-ulcinj.com\/blog\/wp-content\/uploads\/2012\/03\/Hotel-Lido-Ulqin.6-150x150.jpg\" class=\"attachment-thumbnail size-thumbnail\" alt=\"\" loading=\"lazy\" \/><\/a>\n\t\t\t<\/dt><\/dl><dl class='gallery-item'>\n\t\t\t<dt class='gallery-icon portrait'>\n\t\t\t\t<a href='https:\/\/www.visit-ulcinj.com\/blog\/wp-content\/uploads\/2012\/03\/Hotel-Lido-Ulqin.7.jpg'><img width=\"150\" height=\"150\" src=\"https:\/\/www.visit-ulcinj.com\/blog\/wp-content\/uploads\/2012\/03\/Hotel-Lido-Ulqin.7-150x150.jpg\" class=\"attachment-thumbnail size-thumbnail\" alt=\"\" loading=\"lazy\" \/><\/a>\n\t\t\t<\/dt><\/dl><br style=\"clear: both\" \/>\n\t\t<\/div>\n<br \/>\n<!--YouTube Error: bad URL entered--><\/p>\n","protected":false},"excerpt":{"rendered":"<p>T\u00eb nderuar qytetar\u00eb, Duke vazhduar tentativat p\u00ebr realizimin e p\u00ebrcaktimit ton\u00eb strategjik p\u00ebr krijimin e kushteve p\u00ebr investime dhe t\u00ebrheqjen e investitor\u00ebve nga vendi dhe jasht\u00eb, dje kam pasur nj\u00eb takim me drejtorin ekzekutiv t\u00eb kompanis\u00eb Capital Estate \u2013 Budva, q\u00eb \u00ebsht\u00eb pronar i hotelit Lido n\u00eb Plazhin e madh. &nbsp; Negociatat tona te m\u00ebhershme [&hellip;]<\/p>\n","protected":false},"author":1,"featured_media":0,"comment_status":"open","ping_status":"closed","sticky":false,"template":"","format":"standard","meta":{"spay_email":"","jetpack_publicize_message":"","jetpack_is_tweetstorm":false,"jetpack_publicize_feature_enabled":true},"categories":[1,11],"tags":[20200,229,118,20199,18],"jetpack_publicize_connections":[],"yoast_head":"<!-- This site is optimized with the Yoast SEO plugin v19.1 - https:\/\/yoast.com\/wordpress\/plugins\/seo\/ -->\n<title>Nazif Cungu k\u00ebrkon partner p\u00ebr investime n\u00eb Hotel Lido Ulqin - Lajme nga Ulqini<\/title>\n<meta name=\"description\" content=\"T\u00eb nderuar qytetar\u00eb, Duke vazhduar tentativat p\u00ebr realizimin e p\u00ebrcaktimit ton\u00eb strategjik p\u00ebr krijimin e kushteve p\u00ebr investime dhe t\u00ebrheqjen e\" \/>\n<meta name=\"robots\" content=\"index, follow, max-snippet:-1, max-image-preview:large, max-video-preview:-1\" \/>\n<link rel=\"canonical\" href=\"https:\/\/www.visit-ulcinj.com\/blog\/2012\/03\/23\/nazif-cungu-kerkon-partner-per-investime-ne-hotel-lido-ulqin\/\" \/>\n<meta property=\"og:locale\" content=\"en_US\" \/>\n<meta property=\"og:type\" content=\"article\" \/>\n<meta property=\"og:title\" content=\"Nazif Cungu k\u00ebrkon partner p\u00ebr investime n\u00eb Hotel Lido Ulqin - Lajme nga Ulqini\" \/>\n<meta property=\"og:description\" content=\"T\u00eb nderuar qytetar\u00eb, Duke vazhduar tentativat p\u00ebr realizimin e p\u00ebrcaktimit ton\u00eb strategjik p\u00ebr krijimin e kushteve p\u00ebr investime dhe t\u00ebrheqjen e\" \/>\n<meta property=\"og:url\" content=\"https:\/\/www.visit-ulcinj.com\/blog\/2012\/03\/23\/nazif-cungu-kerkon-partner-per-investime-ne-hotel-lido-ulqin\/\" \/>\n<meta property=\"og:site_name\" content=\"Lajme nga Ulqini\" \/>\n<meta property=\"article:published_time\" content=\"2012-03-23T18:45:17+00:00\" \/>\n<meta property=\"article:modified_time\" content=\"2012-03-26T05:21:03+00:00\" \/>\n<meta property=\"og:image\" content=\"https:\/\/www.visit-ulcinj.com\/blog\/wp-content\/uploads\/2012\/03\/Nazif-Cungu-k\u00ebrkon-partner-p\u00ebr-investime-n\u00eb-Hotel-Lido-Ulqin-150x150.jpg\" \/>\n<meta name=\"twitter:label1\" content=\"Written by\" \/>\n\t<meta name=\"twitter:data1\" content=\"ulqini\" \/>\n\t<meta name=\"twitter:label2\" content=\"Est. reading time\" \/>\n\t<meta name=\"twitter:data2\" content=\"3 minutes\" \/>\n<script type=\"application\/ld+json\" class=\"yoast-schema-graph\">{\"@context\":\"https:\/\/schema.org\",\"@graph\":[{\"@type\":\"WebSite\",\"@id\":\"https:\/\/www.visit-ulcinj.com\/blog\/#website\",\"url\":\"https:\/\/www.visit-ulcinj.com\/blog\/\",\"name\":\"Lajme nga Ulqini\",\"description\":\"Lajme,Vijesti,Ulqini,Ulqin,Crna Gora,Mali i Zi\",\"potentialAction\":[{\"@type\":\"SearchAction\",\"target\":{\"@type\":\"EntryPoint\",\"urlTemplate\":\"https:\/\/www.visit-ulcinj.com\/blog\/?s={search_term_string}\"},\"query-input\":\"required name=search_term_string\"}],\"inLanguage\":\"en-US\"},{\"@type\":\"ImageObject\",\"inLanguage\":\"en-US\",\"@id\":\"https:\/\/www.visit-ulcinj.com\/blog\/2012\/03\/23\/nazif-cungu-kerkon-partner-per-investime-ne-hotel-lido-ulqin\/#primaryimage\",\"url\":\"https:\/\/www.visit-ulcinj.com\/blog\/wp-content\/uploads\/2012\/03\/Hotel-Lido-Ulqin.jpg\",\"contentUrl\":\"https:\/\/www.visit-ulcinj.com\/blog\/wp-content\/uploads\/2012\/03\/Hotel-Lido-Ulqin.jpg\",\"width\":\"1024\",\"height\":\"678\"},{\"@type\":\"WebPage\",\"@id\":\"https:\/\/www.visit-ulcinj.com\/blog\/2012\/03\/23\/nazif-cungu-kerkon-partner-per-investime-ne-hotel-lido-ulqin\/#webpage\",\"url\":\"https:\/\/www.visit-ulcinj.com\/blog\/2012\/03\/23\/nazif-cungu-kerkon-partner-per-investime-ne-hotel-lido-ulqin\/\",\"name\":\"Nazif Cungu k\u00ebrkon partner p\u00ebr investime n\u00eb Hotel Lido Ulqin - Lajme nga Ulqini\",\"isPartOf\":{\"@id\":\"https:\/\/www.visit-ulcinj.com\/blog\/#website\"},\"primaryImageOfPage\":{\"@id\":\"https:\/\/www.visit-ulcinj.com\/blog\/2012\/03\/23\/nazif-cungu-kerkon-partner-per-investime-ne-hotel-lido-ulqin\/#primaryimage\"},\"datePublished\":\"2012-03-23T18:45:17+00:00\",\"dateModified\":\"2012-03-26T05:21:03+00:00\",\"author\":{\"@id\":\"https:\/\/www.visit-ulcinj.com\/blog\/#\/schema\/person\/dcab619c614d3038751c63bc2aadc06d\"},\"description\":\"T\u00eb nderuar qytetar\u00eb, Duke vazhduar tentativat p\u00ebr realizimin e p\u00ebrcaktimit ton\u00eb strategjik p\u00ebr krijimin e kushteve p\u00ebr investime dhe t\u00ebrheqjen e\",\"breadcrumb\":{\"@id\":\"https:\/\/www.visit-ulcinj.com\/blog\/2012\/03\/23\/nazif-cungu-kerkon-partner-per-investime-ne-hotel-lido-ulqin\/#breadcrumb\"},\"inLanguage\":\"en-US\",\"potentialAction\":[{\"@type\":\"ReadAction\",\"target\":[\"https:\/\/www.visit-ulcinj.com\/blog\/2012\/03\/23\/nazif-cungu-kerkon-partner-per-investime-ne-hotel-lido-ulqin\/\"]}]},{\"@type\":\"BreadcrumbList\",\"@id\":\"https:\/\/www.visit-ulcinj.com\/blog\/2012\/03\/23\/nazif-cungu-kerkon-partner-per-investime-ne-hotel-lido-ulqin\/#breadcrumb\",\"itemListElement\":[{\"@type\":\"ListItem\",\"position\":1,\"name\":\"Nazif Cungu k\u00ebrkon partner p\u00ebr investime n\u00eb Hotel Lido Ulqin\"}]},{\"@type\":\"Person\",\"@id\":\"https:\/\/www.visit-ulcinj.com\/blog\/#\/schema\/person\/dcab619c614d3038751c63bc2aadc06d\",\"name\":\"ulqini\",\"sameAs\":[\"http:\/\/www.visit-ulcinj.com\"],\"url\":\"https:\/\/www.visit-ulcinj.com\/blog\/author\/admin\/\"}]}<\/script>\n<!-- \/ Yoast SEO plugin. -->","yoast_head_json":{"title":"Nazif Cungu k\u00ebrkon partner p\u00ebr investime n\u00eb Hotel Lido Ulqin - Lajme nga Ulqini","description":"T\u00eb nderuar qytetar\u00eb, Duke vazhduar tentativat p\u00ebr realizimin e p\u00ebrcaktimit ton\u00eb strategjik p\u00ebr krijimin e kushteve p\u00ebr investime dhe t\u00ebrheqjen e","robots":{"index":"index","follow":"follow","max-snippet":"max-snippet:-1","max-image-preview":"max-image-preview:large","max-video-preview":"max-video-preview:-1"},"canonical":"https:\/\/www.visit-ulcinj.com\/blog\/2012\/03\/23\/nazif-cungu-kerkon-partner-per-investime-ne-hotel-lido-ulqin\/","og_locale":"en_US","og_type":"article","og_title":"Nazif Cungu k\u00ebrkon partner p\u00ebr investime n\u00eb Hotel Lido Ulqin - Lajme nga Ulqini","og_description":"T\u00eb nderuar qytetar\u00eb, Duke vazhduar tentativat p\u00ebr realizimin e p\u00ebrcaktimit ton\u00eb strategjik p\u00ebr krijimin e kushteve p\u00ebr investime dhe t\u00ebrheqjen e","og_url":"https:\/\/www.visit-ulcinj.com\/blog\/2012\/03\/23\/nazif-cungu-kerkon-partner-per-investime-ne-hotel-lido-ulqin\/","og_site_name":"Lajme nga Ulqini","article_published_time":"2012-03-23T18:45:17+00:00","article_modified_time":"2012-03-26T05:21:03+00:00","og_image":[{"url":"https:\/\/www.visit-ulcinj.com\/blog\/wp-content\/uploads\/2012\/03\/Nazif-Cungu-k\u00ebrkon-partner-p\u00ebr-investime-n\u00eb-Hotel-Lido-Ulqin-150x150.jpg"}],"twitter_misc":{"Written by":"ulqini","Est. reading time":"3 minutes"},"schema":{"@context":"https:\/\/schema.org","@graph":[{"@type":"WebSite","@id":"https:\/\/www.visit-ulcinj.com\/blog\/#website","url":"https:\/\/www.visit-ulcinj.com\/blog\/","name":"Lajme nga Ulqini","description":"Lajme,Vijesti,Ulqini,Ulqin,Crna Gora,Mali i Zi","potentialAction":[{"@type":"SearchAction","target":{"@type":"EntryPoint","urlTemplate":"https:\/\/www.visit-ulcinj.com\/blog\/?s={search_term_string}"},"query-input":"required name=search_term_string"}],"inLanguage":"en-US"},{"@type":"ImageObject","inLanguage":"en-US","@id":"https:\/\/www.visit-ulcinj.com\/blog\/2012\/03\/23\/nazif-cungu-kerkon-partner-per-investime-ne-hotel-lido-ulqin\/#primaryimage","url":"https:\/\/www.visit-ulcinj.com\/blog\/wp-content\/uploads\/2012\/03\/Hotel-Lido-Ulqin.jpg","contentUrl":"https:\/\/www.visit-ulcinj.com\/blog\/wp-content\/uploads\/2012\/03\/Hotel-Lido-Ulqin.jpg","width":"1024","height":"678"},{"@type":"WebPage","@id":"https:\/\/www.visit-ulcinj.com\/blog\/2012\/03\/23\/nazif-cungu-kerkon-partner-per-investime-ne-hotel-lido-ulqin\/#webpage","url":"https:\/\/www.visit-ulcinj.com\/blog\/2012\/03\/23\/nazif-cungu-kerkon-partner-per-investime-ne-hotel-lido-ulqin\/","name":"Nazif Cungu k\u00ebrkon partner p\u00ebr investime n\u00eb Hotel Lido Ulqin - Lajme nga Ulqini","isPartOf":{"@id":"https:\/\/www.visit-ulcinj.com\/blog\/#website"},"primaryImageOfPage":{"@id":"https:\/\/www.visit-ulcinj.com\/blog\/2012\/03\/23\/nazif-cungu-kerkon-partner-per-investime-ne-hotel-lido-ulqin\/#primaryimage"},"datePublished":"2012-03-23T18:45:17+00:00","dateModified":"2012-03-26T05:21:03+00:00","author":{"@id":"https:\/\/www.visit-ulcinj.com\/blog\/#\/schema\/person\/dcab619c614d3038751c63bc2aadc06d"},"description":"T\u00eb nderuar qytetar\u00eb, Duke vazhduar tentativat p\u00ebr realizimin e p\u00ebrcaktimit ton\u00eb strategjik p\u00ebr krijimin e kushteve p\u00ebr investime dhe t\u00ebrheqjen e","breadcrumb":{"@id":"https:\/\/www.visit-ulcinj.com\/blog\/2012\/03\/23\/nazif-cungu-kerkon-partner-per-investime-ne-hotel-lido-ulqin\/#breadcrumb"},"inLanguage":"en-US","potentialAction":[{"@type":"ReadAction","target":["https:\/\/www.visit-ulcinj.com\/blog\/2012\/03\/23\/nazif-cungu-kerkon-partner-per-investime-ne-hotel-lido-ulqin\/"]}]},{"@type":"BreadcrumbList","@id":"https:\/\/www.visit-ulcinj.com\/blog\/2012\/03\/23\/nazif-cungu-kerkon-partner-per-investime-ne-hotel-lido-ulqin\/#breadcrumb","itemListElement":[{"@type":"ListItem","position":1,"name":"Nazif Cungu k\u00ebrkon partner p\u00ebr investime n\u00eb Hotel Lido Ulqin"}]},{"@type":"Person","@id":"https:\/\/www.visit-ulcinj.com\/blog\/#\/schema\/person\/dcab619c614d3038751c63bc2aadc06d","name":"ulqini","sameAs":["http:\/\/www.visit-ulcinj.com"],"url":"https:\/\/www.visit-ulcinj.com\/blog\/author\/admin\/"}]}},"jetpack_featured_media_url":"","jetpack_sharing_enabled":true,"jetpack_shortlink":"https:\/\/wp.me\/pe6lTn-fex","_links":{"self":[{"href":"https:\/\/www.visit-ulcinj.com\/blog\/wp-json\/wp\/v2\/posts\/58561"}],"collection":[{"href":"https:\/\/www.visit-ulcinj.com\/blog\/wp-json\/wp\/v2\/posts"}],"about":[{"href":"https:\/\/www.visit-ulcinj.com\/blog\/wp-json\/wp\/v2\/types\/post"}],"author":[{"embeddable":true,"href":"https:\/\/www.visit-ulcinj.com\/blog\/wp-json\/wp\/v2\/users\/1"}],"replies":[{"embeddable":true,"href":"https:\/\/www.visit-ulcinj.com\/blog\/wp-json\/wp\/v2\/comments?post=58561"}],"version-history":[{"count":5,"href":"https:\/\/www.visit-ulcinj.com\/blog\/wp-json\/wp\/v2\/posts\/58561\/revisions"}],"predecessor-version":[{"id":58569,"href":"https:\/\/www.visit-ulcinj.com\/blog\/wp-json\/wp\/v2\/posts\/58561\/revisions\/58569"}],"wp:attachment":[{"href":"https:\/\/www.visit-ulcinj.com\/blog\/wp-json\/wp\/v2\/media?parent=58561"}],"wp:term":[{"taxonomy":"category","embeddable":true,"href":"https:\/\/www.visit-ulcinj.com\/blog\/wp-json\/wp\/v2\/categories?post=58561"},{"taxonomy":"post_tag","embeddable":true,"href":"https:\/\/www.visit-ulcinj.com\/blog\/wp-json\/wp\/v2\/tags?post=58561"}],"curies":[{"name":"wp","href":"https:\/\/api.w.org\/{rel}","templated":true}]}}