{"id":58583,"date":"2012-03-24T08:43:02","date_gmt":"2012-03-24T07:43:02","guid":{"rendered":"http:\/\/www.visit-ulcinj.com\/blog\/?p=58583"},"modified":"2012-03-24T08:43:02","modified_gmt":"2012-03-24T07:43:02","slug":"nazif-cungu-vlada-da-raskine-ugovor-sa-vlanikom-hotela-lido","status":"publish","type":"post","link":"https:\/\/www.visit-ulcinj.com\/blog\/2012\/03\/24\/nazif-cungu-vlada-da-raskine-ugovor-sa-vlanikom-hotela-lido\/","title":{"rendered":"Nazif Cungu: Vlada da raskine ugovor sa vlanikom hotela Lido"},"content":{"rendered":"<p><a href=\"http:\/\/www.visit-ulcinj.com\/blog\/wp-content\/uploads\/2012\/03\/Nazif-Cungu_Vlada-da-raskine-ugovor-sa-vlasnikom-hotela-Lido.jpg\"><img loading=\"lazy\" class=\"alignleft  wp-image-58584\" title=\"Nazif Cungu_Vlada da raskine ugovor sa vlasnikom hotela Lido\" src=\"http:\/\/www.visit-ulcinj.com\/blog\/wp-content\/uploads\/2012\/03\/Nazif-Cungu_Vlada-da-raskine-ugovor-sa-vlasnikom-hotela-Lido.jpg\" alt=\"\" width=\"508\" height=\"380\" \/><\/a>Postovani gradjani,<\/p>\n<p>Nastavljaju\u0107i poku\u0161aje realizacije na\u0161eg strate\u0161kog opredjeljenje za stvaranje uslova za investiranje I privla\u010denje investitora iz zemlje i iz inostranstva, ju\u010de sam odr\u017eao sastanak sa sa izvr\u0161nim direktorom komapanije Capital Estate \u2013 Budva, koja je vlasnik hotela Lido na Velikoj Pla\u017ei.<\/p>\n<p>Raniji pregovori sa Vladom i\u0161li su u pravcu stvaranja povoljnog ambijenta da ovaj investitor ula\u017ee u izgradnju Hotela Lido u Ulcinju, pa sam ocekivao da ce me direktor obavjestiti o pripremama za pocetak gradnje hotela &#8220;Lido&#8221;. Medjutim, direktor je do\u0161ao da me obavjesti da pomjeraju datum po\u010detka gradnje i to za \u010detri godine, navode\u0107i kao osnovni razlog ekolo\u0161ke probleme, odnosno uticaj Port Milene na ekolo\u0161ko stanje u tom dijelu Velike Pla\u017ee.<\/p>\n<p>Moja ubjedjivanja i garancije da \u0107emo za vrijeme kra\u0107e od potrebnog vremena za gradjenje hotela rije\u0161iti pitanje zaga\u0111enosti Port Milene i insistiranje na izvr\u0161avanju njihovih obaveza koje su u vezi sa izgradnjom preuzeli ugovorom o kupovini hotela, odnosno da odmah trebaju po\u010deti sa pripremama za gradnju hotela, nijesu bila dovoljna da investitor promjeni svoje mi\u0161ljenje.<\/p>\n<p>Izrazio sam spremnost da potpi\u0161em ugovor kojim \u0107emo garantovati da \u0107e uredjenje Port Milene biti zavr\u0161eno prije zavr\u0161etka gradnje hotela, obzirom da je sam predstavnik investitora izjavio da bi gradnja hotela trajala najmanje \u010detri godine.<br \/>\n<a href=\"http:\/\/www.visit-ulcinj.com\/blog\/wp-content\/uploads\/2012\/03\/Hotel-Lido-Ulqin.32.jpg\"><img loading=\"lazy\" class=\"alignleft  wp-image-58586\" title=\"Hotel-Lido-Ulqin.3\" src=\"http:\/\/www.visit-ulcinj.com\/blog\/wp-content\/uploads\/2012\/03\/Hotel-Lido-Ulqin.32.jpg\" alt=\"\" width=\"508\" height=\"300\" \/><\/a><\/p>\n<p>Takodje sam naglasio da smo kao op\u0161tina spremni da Skup\u0161tini op\u0161tine Ulcinj predlo\u017eimo da za komunalije za Capital Estate \u2013 Budva I druge ozbiljne investiture koji odlu\u010de da ulaganja po\u010dnu u ovoj godini, donese odluku po cijenin koja bi bila ni\u017ea od cijene koja je va\u017eila na dan potpisivanja ugovora o privatizaciji, dakle ni\u017ea od 65 EUR-a, a ne 250 EUR-a kako je to propisano va\u017ee\u0107om op\u0161tinskom Odlukom o naknadi za ure\u0111ivanje gra\u0111evinskog zemlji\u0161ta. Predstavnika investitora sam, tako\u0111e, obavijestio i o spremnosti Vlade Crne Gore da potpi\u0161e aneks ugovora kojim bi se garantovalo uredjenje Port Milene.<\/p>\n<p>Obzirom da je planska dokumentacija za lokaciju hotela \u201eLido&#8221; usvojena jo\u0161 2010 god. i da nema nikakvih smetnji da otpo\u010dnu sa pripremame za gradnju hotela, ocjenjujem da investitor u ovom trenutku nije zainteresovan za realizacijiu ove investicije.<\/p>\n<p>Zbog prednjeg sam Vladi Crne Gore uputio dopis kojim ih pozivam da raskinu ugovor sa kompanijom Capital Estate \u2013 Budva i da po\u010dnu postupak nala\u017eenja novog partnera za ovu lokaciju, koja je jedna od najatraktivnijih na Primorju.<\/p>\n<p>Po\u0161tujemo odluku Kompanije Capital Estate da, kako su nas obavijestili, umjesto u Ulcinju, otpo\u010dnu gradnju hotela u Be\u010di\u0107ima kod Budve i \u017eelimo im puno uspjeha u njihovom poslovanju.<\/p>\n<p>Istovremeno zahtjevamo da hitno preduzmu mjere da vizuelno za\u0161tite lokaciju hotela \u201eLido&#8221; , \u010dime bi se postiglo da ruine Hotela i Renta vila ne naru\u0161avaju ambijent na tom dijelu Velike Pla\u017ee i time odvra\u0107aju turiste koji dolaze u Ulcinj.<\/p>\n<p><strong>Op\u0161tina Ulcinj<\/strong><\/p>\n","protected":false},"excerpt":{"rendered":"<p>Postovani gradjani, Nastavljaju\u0107i poku\u0161aje realizacije na\u0161eg strate\u0161kog opredjeljenje za stvaranje uslova za investiranje I privla\u010denje investitora iz zemlje i iz inostranstva, ju\u010de sam odr\u017eao sastanak sa sa izvr\u0161nim direktorom komapanije Capital Estate \u2013 Budva, koja je vlasnik hotela Lido na Velikoj Pla\u017ei. Raniji pregovori sa Vladom i\u0161li su u pravcu stvaranja povoljnog ambijenta da ovaj [&hellip;]<\/p>\n","protected":false},"author":1,"featured_media":0,"comment_status":"open","ping_status":"closed","sticky":false,"template":"","format":"standard","meta":{"spay_email":"","jetpack_publicize_message":"","jetpack_is_tweetstorm":false,"jetpack_publicize_feature_enabled":true},"categories":[8337],"tags":[17094,118,264],"jetpack_publicize_connections":[],"yoast_head":"<!-- This site is optimized with the Yoast SEO plugin v19.1 - https:\/\/yoast.com\/wordpress\/plugins\/seo\/ -->\n<title>Nazif Cungu: Vlada da raskine ugovor sa vlanikom hotela Lido - Lajme nga Ulqini<\/title>\n<meta name=\"description\" content=\"Postovani gradjani, Nastavljaju\u0107i poku\u0161aje realizacije na\u0161eg strate\u0161kog opredjeljenje za stvaranje uslova za investiranje I privla\u010denje investitora iz\" \/>\n<meta name=\"robots\" content=\"index, follow, max-snippet:-1, max-image-preview:large, max-video-preview:-1\" \/>\n<link rel=\"canonical\" href=\"https:\/\/www.visit-ulcinj.com\/blog\/2012\/03\/24\/nazif-cungu-vlada-da-raskine-ugovor-sa-vlanikom-hotela-lido\/\" \/>\n<meta property=\"og:locale\" content=\"en_US\" \/>\n<meta property=\"og:type\" content=\"article\" \/>\n<meta property=\"og:title\" content=\"Nazif Cungu: Vlada da raskine ugovor sa vlanikom hotela Lido - Lajme nga Ulqini\" \/>\n<meta property=\"og:description\" content=\"Postovani gradjani, Nastavljaju\u0107i poku\u0161aje realizacije na\u0161eg strate\u0161kog opredjeljenje za stvaranje uslova za investiranje I privla\u010denje investitora iz\" \/>\n<meta property=\"og:url\" content=\"https:\/\/www.visit-ulcinj.com\/blog\/2012\/03\/24\/nazif-cungu-vlada-da-raskine-ugovor-sa-vlanikom-hotela-lido\/\" \/>\n<meta property=\"og:site_name\" content=\"Lajme nga Ulqini\" \/>\n<meta property=\"article:published_time\" content=\"2012-03-24T07:43:02+00:00\" \/>\n<meta property=\"og:image\" content=\"http:\/\/www.visit-ulcinj.com\/blog\/wp-content\/uploads\/2012\/03\/Nazif-Cungu_Vlada-da-raskine-ugovor-sa-vlasnikom-hotela-Lido.jpg\" \/>\n<meta name=\"twitter:label1\" content=\"Written by\" \/>\n\t<meta name=\"twitter:data1\" content=\"ulqini\" \/>\n\t<meta name=\"twitter:label2\" content=\"Est. reading time\" \/>\n\t<meta name=\"twitter:data2\" content=\"2 minutes\" \/>\n<script type=\"application\/ld+json\" class=\"yoast-schema-graph\">{\"@context\":\"https:\/\/schema.org\",\"@graph\":[{\"@type\":\"WebSite\",\"@id\":\"https:\/\/www.visit-ulcinj.com\/blog\/#website\",\"url\":\"https:\/\/www.visit-ulcinj.com\/blog\/\",\"name\":\"Lajme nga Ulqini\",\"description\":\"Lajme,Vijesti,Ulqini,Ulqin,Crna Gora,Mali i Zi\",\"potentialAction\":[{\"@type\":\"SearchAction\",\"target\":{\"@type\":\"EntryPoint\",\"urlTemplate\":\"https:\/\/www.visit-ulcinj.com\/blog\/?s={search_term_string}\"},\"query-input\":\"required name=search_term_string\"}],\"inLanguage\":\"en-US\"},{\"@type\":\"ImageObject\",\"inLanguage\":\"en-US\",\"@id\":\"https:\/\/www.visit-ulcinj.com\/blog\/2012\/03\/24\/nazif-cungu-vlada-da-raskine-ugovor-sa-vlanikom-hotela-lido\/#primaryimage\",\"url\":\"https:\/\/www.visit-ulcinj.com\/blog\/wp-content\/uploads\/2012\/03\/Nazif-Cungu_Vlada-da-raskine-ugovor-sa-vlasnikom-hotela-Lido.jpg\",\"contentUrl\":\"https:\/\/www.visit-ulcinj.com\/blog\/wp-content\/uploads\/2012\/03\/Nazif-Cungu_Vlada-da-raskine-ugovor-sa-vlasnikom-hotela-Lido.jpg\",\"width\":\"640\",\"height\":\"424\"},{\"@type\":\"WebPage\",\"@id\":\"https:\/\/www.visit-ulcinj.com\/blog\/2012\/03\/24\/nazif-cungu-vlada-da-raskine-ugovor-sa-vlanikom-hotela-lido\/#webpage\",\"url\":\"https:\/\/www.visit-ulcinj.com\/blog\/2012\/03\/24\/nazif-cungu-vlada-da-raskine-ugovor-sa-vlanikom-hotela-lido\/\",\"name\":\"Nazif Cungu: Vlada da raskine ugovor sa vlanikom hotela Lido - Lajme nga Ulqini\",\"isPartOf\":{\"@id\":\"https:\/\/www.visit-ulcinj.com\/blog\/#website\"},\"primaryImageOfPage\":{\"@id\":\"https:\/\/www.visit-ulcinj.com\/blog\/2012\/03\/24\/nazif-cungu-vlada-da-raskine-ugovor-sa-vlanikom-hotela-lido\/#primaryimage\"},\"datePublished\":\"2012-03-24T07:43:02+00:00\",\"dateModified\":\"2012-03-24T07:43:02+00:00\",\"author\":{\"@id\":\"https:\/\/www.visit-ulcinj.com\/blog\/#\/schema\/person\/dcab619c614d3038751c63bc2aadc06d\"},\"description\":\"Postovani gradjani, Nastavljaju\u0107i poku\u0161aje realizacije na\u0161eg strate\u0161kog opredjeljenje za stvaranje uslova za investiranje I privla\u010denje investitora iz\",\"breadcrumb\":{\"@id\":\"https:\/\/www.visit-ulcinj.com\/blog\/2012\/03\/24\/nazif-cungu-vlada-da-raskine-ugovor-sa-vlanikom-hotela-lido\/#breadcrumb\"},\"inLanguage\":\"en-US\",\"potentialAction\":[{\"@type\":\"ReadAction\",\"target\":[\"https:\/\/www.visit-ulcinj.com\/blog\/2012\/03\/24\/nazif-cungu-vlada-da-raskine-ugovor-sa-vlanikom-hotela-lido\/\"]}]},{\"@type\":\"BreadcrumbList\",\"@id\":\"https:\/\/www.visit-ulcinj.com\/blog\/2012\/03\/24\/nazif-cungu-vlada-da-raskine-ugovor-sa-vlanikom-hotela-lido\/#breadcrumb\",\"itemListElement\":[{\"@type\":\"ListItem\",\"position\":1,\"name\":\"Nazif Cungu: Vlada da raskine ugovor sa vlanikom hotela Lido\"}]},{\"@type\":\"Person\",\"@id\":\"https:\/\/www.visit-ulcinj.com\/blog\/#\/schema\/person\/dcab619c614d3038751c63bc2aadc06d\",\"name\":\"ulqini\",\"sameAs\":[\"http:\/\/www.visit-ulcinj.com\"],\"url\":\"https:\/\/www.visit-ulcinj.com\/blog\/author\/admin\/\"}]}<\/script>\n<!-- \/ Yoast SEO plugin. -->","yoast_head_json":{"title":"Nazif Cungu: Vlada da raskine ugovor sa vlanikom hotela Lido - Lajme nga Ulqini","description":"Postovani gradjani, Nastavljaju\u0107i poku\u0161aje realizacije na\u0161eg strate\u0161kog opredjeljenje za stvaranje uslova za investiranje I privla\u010denje investitora iz","robots":{"index":"index","follow":"follow","max-snippet":"max-snippet:-1","max-image-preview":"max-image-preview:large","max-video-preview":"max-video-preview:-1"},"canonical":"https:\/\/www.visit-ulcinj.com\/blog\/2012\/03\/24\/nazif-cungu-vlada-da-raskine-ugovor-sa-vlanikom-hotela-lido\/","og_locale":"en_US","og_type":"article","og_title":"Nazif Cungu: Vlada da raskine ugovor sa vlanikom hotela Lido - Lajme nga Ulqini","og_description":"Postovani gradjani, Nastavljaju\u0107i poku\u0161aje realizacije na\u0161eg strate\u0161kog opredjeljenje za stvaranje uslova za investiranje I privla\u010denje investitora iz","og_url":"https:\/\/www.visit-ulcinj.com\/blog\/2012\/03\/24\/nazif-cungu-vlada-da-raskine-ugovor-sa-vlanikom-hotela-lido\/","og_site_name":"Lajme nga Ulqini","article_published_time":"2012-03-24T07:43:02+00:00","og_image":[{"url":"http:\/\/www.visit-ulcinj.com\/blog\/wp-content\/uploads\/2012\/03\/Nazif-Cungu_Vlada-da-raskine-ugovor-sa-vlasnikom-hotela-Lido.jpg"}],"twitter_misc":{"Written by":"ulqini","Est. reading time":"2 minutes"},"schema":{"@context":"https:\/\/schema.org","@graph":[{"@type":"WebSite","@id":"https:\/\/www.visit-ulcinj.com\/blog\/#website","url":"https:\/\/www.visit-ulcinj.com\/blog\/","name":"Lajme nga Ulqini","description":"Lajme,Vijesti,Ulqini,Ulqin,Crna Gora,Mali i Zi","potentialAction":[{"@type":"SearchAction","target":{"@type":"EntryPoint","urlTemplate":"https:\/\/www.visit-ulcinj.com\/blog\/?s={search_term_string}"},"query-input":"required name=search_term_string"}],"inLanguage":"en-US"},{"@type":"ImageObject","inLanguage":"en-US","@id":"https:\/\/www.visit-ulcinj.com\/blog\/2012\/03\/24\/nazif-cungu-vlada-da-raskine-ugovor-sa-vlanikom-hotela-lido\/#primaryimage","url":"https:\/\/www.visit-ulcinj.com\/blog\/wp-content\/uploads\/2012\/03\/Nazif-Cungu_Vlada-da-raskine-ugovor-sa-vlasnikom-hotela-Lido.jpg","contentUrl":"https:\/\/www.visit-ulcinj.com\/blog\/wp-content\/uploads\/2012\/03\/Nazif-Cungu_Vlada-da-raskine-ugovor-sa-vlasnikom-hotela-Lido.jpg","width":"640","height":"424"},{"@type":"WebPage","@id":"https:\/\/www.visit-ulcinj.com\/blog\/2012\/03\/24\/nazif-cungu-vlada-da-raskine-ugovor-sa-vlanikom-hotela-lido\/#webpage","url":"https:\/\/www.visit-ulcinj.com\/blog\/2012\/03\/24\/nazif-cungu-vlada-da-raskine-ugovor-sa-vlanikom-hotela-lido\/","name":"Nazif Cungu: Vlada da raskine ugovor sa vlanikom hotela Lido - Lajme nga Ulqini","isPartOf":{"@id":"https:\/\/www.visit-ulcinj.com\/blog\/#website"},"primaryImageOfPage":{"@id":"https:\/\/www.visit-ulcinj.com\/blog\/2012\/03\/24\/nazif-cungu-vlada-da-raskine-ugovor-sa-vlanikom-hotela-lido\/#primaryimage"},"datePublished":"2012-03-24T07:43:02+00:00","dateModified":"2012-03-24T07:43:02+00:00","author":{"@id":"https:\/\/www.visit-ulcinj.com\/blog\/#\/schema\/person\/dcab619c614d3038751c63bc2aadc06d"},"description":"Postovani gradjani, Nastavljaju\u0107i poku\u0161aje realizacije na\u0161eg strate\u0161kog opredjeljenje za stvaranje uslova za investiranje I privla\u010denje investitora iz","breadcrumb":{"@id":"https:\/\/www.visit-ulcinj.com\/blog\/2012\/03\/24\/nazif-cungu-vlada-da-raskine-ugovor-sa-vlanikom-hotela-lido\/#breadcrumb"},"inLanguage":"en-US","potentialAction":[{"@type":"ReadAction","target":["https:\/\/www.visit-ulcinj.com\/blog\/2012\/03\/24\/nazif-cungu-vlada-da-raskine-ugovor-sa-vlanikom-hotela-lido\/"]}]},{"@type":"BreadcrumbList","@id":"https:\/\/www.visit-ulcinj.com\/blog\/2012\/03\/24\/nazif-cungu-vlada-da-raskine-ugovor-sa-vlanikom-hotela-lido\/#breadcrumb","itemListElement":[{"@type":"ListItem","position":1,"name":"Nazif Cungu: Vlada da raskine ugovor sa vlanikom hotela Lido"}]},{"@type":"Person","@id":"https:\/\/www.visit-ulcinj.com\/blog\/#\/schema\/person\/dcab619c614d3038751c63bc2aadc06d","name":"ulqini","sameAs":["http:\/\/www.visit-ulcinj.com"],"url":"https:\/\/www.visit-ulcinj.com\/blog\/author\/admin\/"}]}},"jetpack_featured_media_url":"","jetpack_sharing_enabled":true,"jetpack_shortlink":"https:\/\/wp.me\/pe6lTn-feT","_links":{"self":[{"href":"https:\/\/www.visit-ulcinj.com\/blog\/wp-json\/wp\/v2\/posts\/58583"}],"collection":[{"href":"https:\/\/www.visit-ulcinj.com\/blog\/wp-json\/wp\/v2\/posts"}],"about":[{"href":"https:\/\/www.visit-ulcinj.com\/blog\/wp-json\/wp\/v2\/types\/post"}],"author":[{"embeddable":true,"href":"https:\/\/www.visit-ulcinj.com\/blog\/wp-json\/wp\/v2\/users\/1"}],"replies":[{"embeddable":true,"href":"https:\/\/www.visit-ulcinj.com\/blog\/wp-json\/wp\/v2\/comments?post=58583"}],"version-history":[{"count":1,"href":"https:\/\/www.visit-ulcinj.com\/blog\/wp-json\/wp\/v2\/posts\/58583\/revisions"}],"predecessor-version":[{"id":58587,"href":"https:\/\/www.visit-ulcinj.com\/blog\/wp-json\/wp\/v2\/posts\/58583\/revisions\/58587"}],"wp:attachment":[{"href":"https:\/\/www.visit-ulcinj.com\/blog\/wp-json\/wp\/v2\/media?parent=58583"}],"wp:term":[{"taxonomy":"category","embeddable":true,"href":"https:\/\/www.visit-ulcinj.com\/blog\/wp-json\/wp\/v2\/categories?post=58583"},{"taxonomy":"post_tag","embeddable":true,"href":"https:\/\/www.visit-ulcinj.com\/blog\/wp-json\/wp\/v2\/tags?post=58583"}],"curies":[{"name":"wp","href":"https:\/\/api.w.org\/{rel}","templated":true}]}}