{"id":58602,"date":"2012-03-25T18:46:27","date_gmt":"2012-03-25T17:46:27","guid":{"rendered":"http:\/\/www.visit-ulcinj.com\/blog\/?p=58602"},"modified":"2012-03-25T18:46:27","modified_gmt":"2012-03-25T17:46:27","slug":"hana-cakuli-nga-muzika-ne-prezantim","status":"publish","type":"post","link":"https:\/\/www.visit-ulcinj.com\/blog\/2012\/03\/25\/hana-cakuli-nga-muzika-ne-prezantim\/","title":{"rendered":"Hana Cakuli: Nga muzika n\u00eb prezantim"},"content":{"rendered":"<p><a href=\"http:\/\/www.visit-ulcinj.com\/blog\/wp-content\/uploads\/2012\/03\/Hana-Cakuli_-Nga-muzika-n\u00eb-prezantim.jpg\"><img loading=\"lazy\" class=\"alignleft size-full wp-image-58603\" title=\"Hana Cakuli_ Nga muzika n\u00eb prezantim\" src=\"http:\/\/www.visit-ulcinj.com\/blog\/wp-content\/uploads\/2012\/03\/Hana-Cakuli_-Nga-muzika-n\u00eb-prezantim.jpg\" alt=\"\" width=\"400\" height=\"268\" srcset=\"https:\/\/www.visit-ulcinj.com\/blog\/wp-content\/uploads\/2012\/03\/Hana-Cakuli_-Nga-muzika-n\u00eb-prezantim.jpg 400w, https:\/\/www.visit-ulcinj.com\/blog\/wp-content\/uploads\/2012\/03\/Hana-Cakuli_-Nga-muzika-n\u00eb-prezantim-300x201.jpg 300w\" sizes=\"(max-width: 400px) 100vw, 400px\" \/><\/a>K\u00ebng\u00ebtarja e njohur, Hana Cakuli, ndan dashurin\u00eb me k\u00ebng\u00ebn, por edhe me profesionin tjet\u00ebr, at\u00eb t\u00eb prezantueses p\u00ebrmes emisionit \u2018\u2019Kubi ku zin\u2019\u2019. T\u00eb jesh k\u00ebng\u00ebtare dhe prezantuese p\u00ebr t\u00eb \u00ebsht\u00eb emocion m\u00eb shum\u00eb, pasi jan\u00eb profesione q\u00eb t\u00eb mbajn\u00eb t\u00eb lidhur me publikun. Por mos kujtoni se Hana d\u00ebshiron t\u00eb b\u00ebj\u00eb vet\u00ebm kaq. N\u00eb k\u00ebt\u00eb intervist\u00eb ajo zbulon edhe shum\u00eb gj\u00ebra t\u00eb tjera\u2026<br \/>\n<strong>P\u00ebr \u00e7far\u00eb studion Hana?<\/strong><br \/>\nJam duke p\u00ebrfunduar studimet p\u00ebr Menaxhim dhe Politika publike n\u00eb Universitetin Amerikan n\u00eb Kosov\u00eb.<br \/>\n<strong>Tashm\u00eb po tenton edhe televizionin, t\u00eb shohim si prezantuese e emisionit \u2018\u2019Kubi ku zin\u2019,\u2019 e kishe menduar ndonj\u00ebher\u00eb k\u00ebt\u00eb lloj pune?<\/strong><br \/>\nPo e kisha menduar veten edhe si moderatore n\u00eb televizion, un\u00eb kam eksperienc\u00eb edhe n\u00eb k\u00ebt\u00eb sfer\u00eb nga udh\u00ebheqja n\u00eb radio, moderimi n\u00eb koncerte i eventeve t\u00eb ndryshme n\u00eb Ulqin e Prishtin\u00eb. Kisha edhe oferta t\u00eb tjera gjat\u00eb koh\u00ebs p\u00ebr televizion, por \u2018\u2019Kubi ku zin\u2019\u2019 m\u00eb \u00ebsht\u00eb dukur di\u00e7ka t\u00ebrheq\u00ebse dhe pranova menj\u00ebher\u00eb.<br \/>\n<strong>Tani q\u00eb e provove, ku ndihesh m\u00eb mir\u00eb n\u00eb k\u00ebng\u00eb apo prezantim?<\/strong><br \/>\nT\u00eb dyja m\u00eb p\u00eblqejn\u00eb shum\u00eb dhe m\u00eb b\u00ebjn\u00eb t\u00eb ndihem vetvetja, por k\u00ebndimi \u00ebsht\u00eb ai q\u00eb e dua m\u00eb s\u00eb shumti, \u00ebsht\u00eb gj\u00ebja q\u00eb e b\u00ebj me m\u00eb dashuri dhe m\u00eb me qejf se asnj\u00eb pun\u00eb tjet\u00ebr n\u00eb k\u00ebt\u00eb bot\u00eb.<br \/>\n<strong>\u00c7far\u00eb mendimi ke p\u00ebr prezantuesit shqiptar\u00eb, i ndjek ata p\u00ebr t\u00eb b\u00ebr\u00eb krahasimin?<\/strong><br \/>\nMendoj se kemi prezentues shqiptar\u00eb shum\u00eb t\u00eb aft\u00eb dhe un\u00eb ata t\u00eb gjith\u00eb i marr si model. Adi Krasta, Ledion Li\u00e7o, Arbana Osmani etj. Nuk b\u00ebj fort krahasime, sepse mendoj se secili moderator duhet t\u00eb ket\u00eb m\u00ebnyr\u00ebn dhe stilin e vet t\u00eb moderimit. \u00c7far\u00eb marr p\u00ebr model nga ata, \u00ebsht\u00eb origjinaliteti q\u00eb kan\u00eb n\u00eb prezantim dhe prap\u00eb kjo m\u00eb b\u00ebn t\u00eb jem origjinale n\u00eb m\u00ebnyr\u00ebn time.<br \/>\n<strong>Nga reagimet e para, publiku t\u00eb p\u00eblqen m\u00eb shum\u00eb si k\u00ebng\u00ebtare apo si prezantuese?<\/strong><br \/>\nQ\u00eb t\u00eb dyja jan\u00eb ndjenja shum\u00eb t\u00eb mira, nj\u00eb gj\u00eb q\u00eb m\u00eb p\u00eblqen \u00ebsht\u00eb se t\u00eb dyja m\u00eb japin mund\u00ebsin\u00eb t\u00eb udh\u00ebheq dhe t\u00eb reflektoj nj\u00eb ndjenj\u00eb apo mendim. Dhe sa her\u00eb q\u00eb publiku at\u00eb e kap dhe e pranon, p\u00ebr mua \u00ebsht\u00eb fantastike. Por prap\u00eb k\u00ebndimi m\u00eb ka sjell\u00eb gjithnj\u00eb m\u00eb af\u00ebr me publikun.<br \/>\n<strong>A ka ndonj\u00eb gj\u00eb tjet\u00ebr t\u00eb cil\u00ebn do t\u00eb doje ta provoje p\u00ebrve\u00e7 k\u00ebng\u00ebs e prezantimit?<\/strong><br \/>\nKa shum\u00eb gj\u00ebra q\u00eb dua, m\u00eb p\u00eblqejn\u00eb dhe q\u00eb i provoj pa droj\u00eb. M\u00eb p\u00eblqen t\u00eb sfidoj veten gjithnj\u00eb dhe nuk kam frik\u00eb t\u00eb provoj sfera t\u00eb reja t\u00eb pun\u00ebs. M\u00eb p\u00eblqen t\u00eb punoj n\u00eb zyr\u00eb, n\u00eb terren, kudo e \u00e7far\u00ebdo. N\u00ebse m\u00eb intereson, e provoj.<\/p>\n<p><strong>Panorama Plus<\/strong><\/p>\n<!--YouTube Error: bad URL entered-->\n","protected":false},"excerpt":{"rendered":"<p>K\u00ebng\u00ebtarja e njohur, Hana Cakuli, ndan dashurin\u00eb me k\u00ebng\u00ebn, por edhe me profesionin tjet\u00ebr, at\u00eb t\u00eb prezantueses p\u00ebrmes emisionit \u2018\u2019Kubi ku zin\u2019\u2019. T\u00eb jesh k\u00ebng\u00ebtare dhe prezantuese p\u00ebr t\u00eb \u00ebsht\u00eb emocion m\u00eb shum\u00eb, pasi jan\u00eb profesione q\u00eb t\u00eb mbajn\u00eb t\u00eb lidhur me publikun. Por mos kujtoni se Hana d\u00ebshiron t\u00eb b\u00ebj\u00eb vet\u00ebm kaq. N\u00eb k\u00ebt\u00eb [&hellip;]<\/p>\n","protected":false},"author":1,"featured_media":0,"comment_status":"open","ping_status":"closed","sticky":false,"template":"","format":"standard","meta":{"spay_email":"","jetpack_publicize_message":"","jetpack_is_tweetstorm":false,"jetpack_publicize_feature_enabled":true},"categories":[1],"tags":[3201],"jetpack_publicize_connections":[],"yoast_head":"<!-- This site is optimized with the Yoast SEO plugin v19.1 - https:\/\/yoast.com\/wordpress\/plugins\/seo\/ -->\n<title>Hana Cakuli: Nga muzika n\u00eb prezantim - Lajme nga Ulqini<\/title>\n<meta name=\"description\" content=\"K\u00ebng\u00ebtarja e njohur, Hana Cakuli, ndan dashurin\u00eb me k\u00ebng\u00ebn, por edhe me profesionin tjet\u00ebr, at\u00eb t\u00eb prezantueses p\u00ebrmes emisionit \u2018\u2019Kubi ku zin\u2019\u2019. T\u00eb jesh\" \/>\n<meta name=\"robots\" content=\"index, follow, max-snippet:-1, max-image-preview:large, max-video-preview:-1\" \/>\n<link rel=\"canonical\" href=\"https:\/\/www.visit-ulcinj.com\/blog\/2012\/03\/25\/hana-cakuli-nga-muzika-ne-prezantim\/\" \/>\n<meta property=\"og:locale\" content=\"en_US\" \/>\n<meta property=\"og:type\" content=\"article\" \/>\n<meta property=\"og:title\" content=\"Hana Cakuli: Nga muzika n\u00eb prezantim - Lajme nga Ulqini\" \/>\n<meta property=\"og:description\" content=\"K\u00ebng\u00ebtarja e njohur, Hana Cakuli, ndan dashurin\u00eb me k\u00ebng\u00ebn, por edhe me profesionin tjet\u00ebr, at\u00eb t\u00eb prezantueses p\u00ebrmes emisionit \u2018\u2019Kubi ku zin\u2019\u2019. T\u00eb jesh\" \/>\n<meta property=\"og:url\" content=\"https:\/\/www.visit-ulcinj.com\/blog\/2012\/03\/25\/hana-cakuli-nga-muzika-ne-prezantim\/\" \/>\n<meta property=\"og:site_name\" content=\"Lajme nga Ulqini\" \/>\n<meta property=\"article:published_time\" content=\"2012-03-25T17:46:27+00:00\" \/>\n<meta name=\"twitter:label1\" content=\"Written by\" \/>\n\t<meta name=\"twitter:data1\" content=\"ulqini\" \/>\n\t<meta name=\"twitter:label2\" content=\"Est. reading time\" \/>\n\t<meta name=\"twitter:data2\" content=\"2 minutes\" \/>\n<script type=\"application\/ld+json\" class=\"yoast-schema-graph\">{\"@context\":\"https:\/\/schema.org\",\"@graph\":[{\"@type\":\"WebSite\",\"@id\":\"https:\/\/www.visit-ulcinj.com\/blog\/#website\",\"url\":\"https:\/\/www.visit-ulcinj.com\/blog\/\",\"name\":\"Lajme nga Ulqini\",\"description\":\"Lajme,Vijesti,Ulqini,Ulqin,Crna Gora,Mali i Zi\",\"potentialAction\":[{\"@type\":\"SearchAction\",\"target\":{\"@type\":\"EntryPoint\",\"urlTemplate\":\"https:\/\/www.visit-ulcinj.com\/blog\/?s={search_term_string}\"},\"query-input\":\"required name=search_term_string\"}],\"inLanguage\":\"en-US\"},{\"@type\":\"WebPage\",\"@id\":\"https:\/\/www.visit-ulcinj.com\/blog\/2012\/03\/25\/hana-cakuli-nga-muzika-ne-prezantim\/#webpage\",\"url\":\"https:\/\/www.visit-ulcinj.com\/blog\/2012\/03\/25\/hana-cakuli-nga-muzika-ne-prezantim\/\",\"name\":\"Hana Cakuli: Nga muzika n\u00eb prezantim - Lajme nga Ulqini\",\"isPartOf\":{\"@id\":\"https:\/\/www.visit-ulcinj.com\/blog\/#website\"},\"datePublished\":\"2012-03-25T17:46:27+00:00\",\"dateModified\":\"2012-03-25T17:46:27+00:00\",\"author\":{\"@id\":\"https:\/\/www.visit-ulcinj.com\/blog\/#\/schema\/person\/dcab619c614d3038751c63bc2aadc06d\"},\"description\":\"K\u00ebng\u00ebtarja e njohur, Hana Cakuli, ndan dashurin\u00eb me k\u00ebng\u00ebn, por edhe me profesionin tjet\u00ebr, at\u00eb t\u00eb prezantueses p\u00ebrmes emisionit \u2018\u2019Kubi ku zin\u2019\u2019. T\u00eb jesh\",\"breadcrumb\":{\"@id\":\"https:\/\/www.visit-ulcinj.com\/blog\/2012\/03\/25\/hana-cakuli-nga-muzika-ne-prezantim\/#breadcrumb\"},\"inLanguage\":\"en-US\",\"potentialAction\":[{\"@type\":\"ReadAction\",\"target\":[\"https:\/\/www.visit-ulcinj.com\/blog\/2012\/03\/25\/hana-cakuli-nga-muzika-ne-prezantim\/\"]}]},{\"@type\":\"BreadcrumbList\",\"@id\":\"https:\/\/www.visit-ulcinj.com\/blog\/2012\/03\/25\/hana-cakuli-nga-muzika-ne-prezantim\/#breadcrumb\",\"itemListElement\":[{\"@type\":\"ListItem\",\"position\":1,\"name\":\"Hana Cakuli: Nga muzika n\u00eb prezantim\"}]},{\"@type\":\"Person\",\"@id\":\"https:\/\/www.visit-ulcinj.com\/blog\/#\/schema\/person\/dcab619c614d3038751c63bc2aadc06d\",\"name\":\"ulqini\",\"sameAs\":[\"http:\/\/www.visit-ulcinj.com\"],\"url\":\"https:\/\/www.visit-ulcinj.com\/blog\/author\/admin\/\"}]}<\/script>\n<!-- \/ Yoast SEO plugin. -->","yoast_head_json":{"title":"Hana Cakuli: Nga muzika n\u00eb prezantim - Lajme nga Ulqini","description":"K\u00ebng\u00ebtarja e njohur, Hana Cakuli, ndan dashurin\u00eb me k\u00ebng\u00ebn, por edhe me profesionin tjet\u00ebr, at\u00eb t\u00eb prezantueses p\u00ebrmes emisionit \u2018\u2019Kubi ku zin\u2019\u2019. T\u00eb jesh","robots":{"index":"index","follow":"follow","max-snippet":"max-snippet:-1","max-image-preview":"max-image-preview:large","max-video-preview":"max-video-preview:-1"},"canonical":"https:\/\/www.visit-ulcinj.com\/blog\/2012\/03\/25\/hana-cakuli-nga-muzika-ne-prezantim\/","og_locale":"en_US","og_type":"article","og_title":"Hana Cakuli: Nga muzika n\u00eb prezantim - Lajme nga Ulqini","og_description":"K\u00ebng\u00ebtarja e njohur, Hana Cakuli, ndan dashurin\u00eb me k\u00ebng\u00ebn, por edhe me profesionin tjet\u00ebr, at\u00eb t\u00eb prezantueses p\u00ebrmes emisionit \u2018\u2019Kubi ku zin\u2019\u2019. T\u00eb jesh","og_url":"https:\/\/www.visit-ulcinj.com\/blog\/2012\/03\/25\/hana-cakuli-nga-muzika-ne-prezantim\/","og_site_name":"Lajme nga Ulqini","article_published_time":"2012-03-25T17:46:27+00:00","twitter_misc":{"Written by":"ulqini","Est. reading time":"2 minutes"},"schema":{"@context":"https:\/\/schema.org","@graph":[{"@type":"WebSite","@id":"https:\/\/www.visit-ulcinj.com\/blog\/#website","url":"https:\/\/www.visit-ulcinj.com\/blog\/","name":"Lajme nga Ulqini","description":"Lajme,Vijesti,Ulqini,Ulqin,Crna Gora,Mali i Zi","potentialAction":[{"@type":"SearchAction","target":{"@type":"EntryPoint","urlTemplate":"https:\/\/www.visit-ulcinj.com\/blog\/?s={search_term_string}"},"query-input":"required name=search_term_string"}],"inLanguage":"en-US"},{"@type":"WebPage","@id":"https:\/\/www.visit-ulcinj.com\/blog\/2012\/03\/25\/hana-cakuli-nga-muzika-ne-prezantim\/#webpage","url":"https:\/\/www.visit-ulcinj.com\/blog\/2012\/03\/25\/hana-cakuli-nga-muzika-ne-prezantim\/","name":"Hana Cakuli: Nga muzika n\u00eb prezantim - Lajme nga Ulqini","isPartOf":{"@id":"https:\/\/www.visit-ulcinj.com\/blog\/#website"},"datePublished":"2012-03-25T17:46:27+00:00","dateModified":"2012-03-25T17:46:27+00:00","author":{"@id":"https:\/\/www.visit-ulcinj.com\/blog\/#\/schema\/person\/dcab619c614d3038751c63bc2aadc06d"},"description":"K\u00ebng\u00ebtarja e njohur, Hana Cakuli, ndan dashurin\u00eb me k\u00ebng\u00ebn, por edhe me profesionin tjet\u00ebr, at\u00eb t\u00eb prezantueses p\u00ebrmes emisionit \u2018\u2019Kubi ku zin\u2019\u2019. T\u00eb jesh","breadcrumb":{"@id":"https:\/\/www.visit-ulcinj.com\/blog\/2012\/03\/25\/hana-cakuli-nga-muzika-ne-prezantim\/#breadcrumb"},"inLanguage":"en-US","potentialAction":[{"@type":"ReadAction","target":["https:\/\/www.visit-ulcinj.com\/blog\/2012\/03\/25\/hana-cakuli-nga-muzika-ne-prezantim\/"]}]},{"@type":"BreadcrumbList","@id":"https:\/\/www.visit-ulcinj.com\/blog\/2012\/03\/25\/hana-cakuli-nga-muzika-ne-prezantim\/#breadcrumb","itemListElement":[{"@type":"ListItem","position":1,"name":"Hana Cakuli: Nga muzika n\u00eb prezantim"}]},{"@type":"Person","@id":"https:\/\/www.visit-ulcinj.com\/blog\/#\/schema\/person\/dcab619c614d3038751c63bc2aadc06d","name":"ulqini","sameAs":["http:\/\/www.visit-ulcinj.com"],"url":"https:\/\/www.visit-ulcinj.com\/blog\/author\/admin\/"}]}},"jetpack_featured_media_url":"","jetpack_sharing_enabled":true,"jetpack_shortlink":"https:\/\/wp.me\/pe6lTn-ffc","_links":{"self":[{"href":"https:\/\/www.visit-ulcinj.com\/blog\/wp-json\/wp\/v2\/posts\/58602"}],"collection":[{"href":"https:\/\/www.visit-ulcinj.com\/blog\/wp-json\/wp\/v2\/posts"}],"about":[{"href":"https:\/\/www.visit-ulcinj.com\/blog\/wp-json\/wp\/v2\/types\/post"}],"author":[{"embeddable":true,"href":"https:\/\/www.visit-ulcinj.com\/blog\/wp-json\/wp\/v2\/users\/1"}],"replies":[{"embeddable":true,"href":"https:\/\/www.visit-ulcinj.com\/blog\/wp-json\/wp\/v2\/comments?post=58602"}],"version-history":[{"count":1,"href":"https:\/\/www.visit-ulcinj.com\/blog\/wp-json\/wp\/v2\/posts\/58602\/revisions"}],"predecessor-version":[{"id":58604,"href":"https:\/\/www.visit-ulcinj.com\/blog\/wp-json\/wp\/v2\/posts\/58602\/revisions\/58604"}],"wp:attachment":[{"href":"https:\/\/www.visit-ulcinj.com\/blog\/wp-json\/wp\/v2\/media?parent=58602"}],"wp:term":[{"taxonomy":"category","embeddable":true,"href":"https:\/\/www.visit-ulcinj.com\/blog\/wp-json\/wp\/v2\/categories?post=58602"},{"taxonomy":"post_tag","embeddable":true,"href":"https:\/\/www.visit-ulcinj.com\/blog\/wp-json\/wp\/v2\/tags?post=58602"}],"curies":[{"name":"wp","href":"https:\/\/api.w.org\/{rel}","templated":true}]}}