{"id":5861,"date":"2008-11-12T02:55:15","date_gmt":"2008-11-12T07:55:15","guid":{"rendered":"http:\/\/www.visit-ulcinj.com\/blog\/?p=5861"},"modified":"2008-11-12T02:59:26","modified_gmt":"2008-11-12T07:59:26","slug":"eli-farafavori-i-te-qenit-me-shtetesi-amerikane","status":"publish","type":"post","link":"https:\/\/www.visit-ulcinj.com\/blog\/2008\/11\/12\/eli-farafavori-i-te-qenit-me-shtetesi-amerikane\/","title":{"rendered":"Eli Fara:Favori i t\u00eb qenit me shtetesi Amerikane"},"content":{"rendered":"<p><a href=\"http:\/\/www.visit-ulcinj.com\/blog\/wp-content\/uploads\/2008\/11\/eli-fara.jpg\"><img loading=\"lazy\" class=\"alignleft size-medium wp-image-5862\" title=\"eli-fara\" src=\"http:\/\/www.visit-ulcinj.com\/blog\/wp-content\/uploads\/2008\/11\/eli-fara-300x173.jpg\" alt=\"\" width=\"300\" height=\"173\" \/><\/a>K\u00ebng\u00ebtarja e mir\u00ebnjohur me nj\u00eb stil t\u00eb ve\u00e7ant\u00eb muzike, Eli Fara, e cila \u00ebsht\u00eb shtetase ameri kane, e konsideron se ky fakt ia ka hequr nj\u00eb barr\u00eb t\u00eb madhe pengesash n\u00ebp\u00ebr pikat e kontrollit, pasi udh\u00ebton shpesh p\u00ebr t\u00eb qen\u00eb n\u00ebp\u00ebr koncerte t\u00eb ndryshme, n\u00eb vende t\u00eb ndryshme, para adhuruesve t\u00eb saj. T\u00eb qenit \u201camerikane\u201d e b\u00ebn at\u00eb qytetare t\u00eb lir\u00eb n\u00eb \u00e7do vend t\u00eb bot\u00ebs dhe kjo \u00ebsht\u00eb nj\u00eb ndjenj\u00eb e rehatshme. Eli Fara \u00ebsht\u00eb nga ato k\u00ebng\u00ebtare t\u00eb rralla n\u00eb Shqip\u00ebri q\u00eb pranojn\u00eb se muzik\u00ebn e kan\u00eb profesion, nd\u00ebrkoh\u00eb q\u00eb pranon se edhe muzika i ka ngritjet dhe r\u00ebniet e saj sikurse \u00e7do profesion tjet\u00ebr. Angazhimet e shumta nganj\u00ebher\u00eb e lodhin, mir\u00ebpo edhe ato e kan\u00eb bukurin\u00eb e tyre.<\/p>\n<!--YouTube Error: bad URL entered-->\n","protected":false},"excerpt":{"rendered":"<p>K\u00ebng\u00ebtarja e mir\u00ebnjohur me nj\u00eb stil t\u00eb ve\u00e7ant\u00eb muzike, Eli Fara, e cila \u00ebsht\u00eb shtetase ameri kane, e konsideron se ky fakt ia ka hequr nj\u00eb barr\u00eb t\u00eb madhe pengesash n\u00ebp\u00ebr pikat e kontrollit, pasi udh\u00ebton shpesh p\u00ebr t\u00eb qen\u00eb n\u00ebp\u00ebr koncerte t\u00eb ndryshme, n\u00eb vende t\u00eb ndryshme, para adhuruesve t\u00eb saj. T\u00eb qenit \u201camerikane\u201d [&hellip;]<\/p>\n","protected":false},"author":1,"featured_media":0,"comment_status":"open","ping_status":"closed","sticky":false,"template":"","format":"standard","meta":{"spay_email":"","jetpack_publicize_message":"","jetpack_is_tweetstorm":false,"jetpack_publicize_feature_enabled":true},"categories":[1],"tags":[5007],"jetpack_publicize_connections":[],"yoast_head":"<!-- This site is optimized with the Yoast SEO plugin v19.1 - https:\/\/yoast.com\/wordpress\/plugins\/seo\/ -->\n<title>Eli Fara:Favori i t\u00eb qenit me shtetesi Amerikane - Lajme nga Ulqini<\/title>\n<meta name=\"description\" content=\"K\u00ebng\u00ebtarja e mir\u00ebnjohur me nj\u00eb stil t\u00eb ve\u00e7ant\u00eb muzike, Eli Fara, e cila \u00ebsht\u00eb shtetase ameri kane, e konsideron se ky fakt ia ka hequr nj\u00eb barr\u00eb t\u00eb madhe\" \/>\n<meta name=\"robots\" content=\"index, follow, max-snippet:-1, max-image-preview:large, max-video-preview:-1\" \/>\n<link rel=\"canonical\" href=\"https:\/\/www.visit-ulcinj.com\/blog\/2008\/11\/12\/eli-farafavori-i-te-qenit-me-shtetesi-amerikane\/\" \/>\n<meta property=\"og:locale\" content=\"en_US\" \/>\n<meta property=\"og:type\" content=\"article\" \/>\n<meta property=\"og:title\" content=\"Eli Fara:Favori i t\u00eb qenit me shtetesi Amerikane - Lajme nga Ulqini\" \/>\n<meta property=\"og:description\" content=\"K\u00ebng\u00ebtarja e mir\u00ebnjohur me nj\u00eb stil t\u00eb ve\u00e7ant\u00eb muzike, Eli Fara, e cila \u00ebsht\u00eb shtetase ameri kane, e konsideron se ky fakt ia ka hequr nj\u00eb barr\u00eb t\u00eb madhe\" \/>\n<meta property=\"og:url\" content=\"https:\/\/www.visit-ulcinj.com\/blog\/2008\/11\/12\/eli-farafavori-i-te-qenit-me-shtetesi-amerikane\/\" \/>\n<meta property=\"og:site_name\" content=\"Lajme nga Ulqini\" \/>\n<meta property=\"article:published_time\" content=\"2008-11-12T07:55:15+00:00\" \/>\n<meta property=\"article:modified_time\" content=\"2008-11-12T07:59:26+00:00\" \/>\n<meta property=\"og:image\" content=\"http:\/\/www.visit-ulcinj.com\/blog\/wp-content\/uploads\/2008\/11\/eli-fara-300x173.jpg\" \/>\n<meta name=\"twitter:label1\" content=\"Written by\" \/>\n\t<meta name=\"twitter:data1\" content=\"ulqini\" \/>\n\t<meta name=\"twitter:label2\" content=\"Est. reading time\" \/>\n\t<meta name=\"twitter:data2\" content=\"1 minute\" \/>\n<script type=\"application\/ld+json\" class=\"yoast-schema-graph\">{\"@context\":\"https:\/\/schema.org\",\"@graph\":[{\"@type\":\"WebSite\",\"@id\":\"https:\/\/www.visit-ulcinj.com\/blog\/#website\",\"url\":\"https:\/\/www.visit-ulcinj.com\/blog\/\",\"name\":\"Lajme nga Ulqini\",\"description\":\"Lajme,Vijesti,Ulqini,Ulqin,Crna Gora,Mali i Zi\",\"potentialAction\":[{\"@type\":\"SearchAction\",\"target\":{\"@type\":\"EntryPoint\",\"urlTemplate\":\"https:\/\/www.visit-ulcinj.com\/blog\/?s={search_term_string}\"},\"query-input\":\"required name=search_term_string\"}],\"inLanguage\":\"en-US\"},{\"@type\":\"ImageObject\",\"inLanguage\":\"en-US\",\"@id\":\"https:\/\/www.visit-ulcinj.com\/blog\/2008\/11\/12\/eli-farafavori-i-te-qenit-me-shtetesi-amerikane\/#primaryimage\",\"url\":\"http:\/\/www.visit-ulcinj.com\/blog\/wp-content\/uploads\/2008\/11\/eli-fara-300x173.jpg\",\"contentUrl\":\"http:\/\/www.visit-ulcinj.com\/blog\/wp-content\/uploads\/2008\/11\/eli-fara-300x173.jpg\"},{\"@type\":\"WebPage\",\"@id\":\"https:\/\/www.visit-ulcinj.com\/blog\/2008\/11\/12\/eli-farafavori-i-te-qenit-me-shtetesi-amerikane\/#webpage\",\"url\":\"https:\/\/www.visit-ulcinj.com\/blog\/2008\/11\/12\/eli-farafavori-i-te-qenit-me-shtetesi-amerikane\/\",\"name\":\"Eli Fara:Favori i t\u00eb qenit me shtetesi Amerikane - Lajme nga Ulqini\",\"isPartOf\":{\"@id\":\"https:\/\/www.visit-ulcinj.com\/blog\/#website\"},\"primaryImageOfPage\":{\"@id\":\"https:\/\/www.visit-ulcinj.com\/blog\/2008\/11\/12\/eli-farafavori-i-te-qenit-me-shtetesi-amerikane\/#primaryimage\"},\"datePublished\":\"2008-11-12T07:55:15+00:00\",\"dateModified\":\"2008-11-12T07:59:26+00:00\",\"author\":{\"@id\":\"https:\/\/www.visit-ulcinj.com\/blog\/#\/schema\/person\/dcab619c614d3038751c63bc2aadc06d\"},\"description\":\"K\u00ebng\u00ebtarja e mir\u00ebnjohur me nj\u00eb stil t\u00eb ve\u00e7ant\u00eb muzike, Eli Fara, e cila \u00ebsht\u00eb shtetase ameri kane, e konsideron se ky fakt ia ka hequr nj\u00eb barr\u00eb t\u00eb madhe\",\"breadcrumb\":{\"@id\":\"https:\/\/www.visit-ulcinj.com\/blog\/2008\/11\/12\/eli-farafavori-i-te-qenit-me-shtetesi-amerikane\/#breadcrumb\"},\"inLanguage\":\"en-US\",\"potentialAction\":[{\"@type\":\"ReadAction\",\"target\":[\"https:\/\/www.visit-ulcinj.com\/blog\/2008\/11\/12\/eli-farafavori-i-te-qenit-me-shtetesi-amerikane\/\"]}]},{\"@type\":\"BreadcrumbList\",\"@id\":\"https:\/\/www.visit-ulcinj.com\/blog\/2008\/11\/12\/eli-farafavori-i-te-qenit-me-shtetesi-amerikane\/#breadcrumb\",\"itemListElement\":[{\"@type\":\"ListItem\",\"position\":1,\"name\":\"Eli Fara:Favori i t\u00eb qenit me shtetesi Amerikane\"}]},{\"@type\":\"Person\",\"@id\":\"https:\/\/www.visit-ulcinj.com\/blog\/#\/schema\/person\/dcab619c614d3038751c63bc2aadc06d\",\"name\":\"ulqini\",\"sameAs\":[\"http:\/\/www.visit-ulcinj.com\"],\"url\":\"https:\/\/www.visit-ulcinj.com\/blog\/author\/admin\/\"}]}<\/script>\n<!-- \/ Yoast SEO plugin. -->","yoast_head_json":{"title":"Eli Fara:Favori i t\u00eb qenit me shtetesi Amerikane - Lajme nga Ulqini","description":"K\u00ebng\u00ebtarja e mir\u00ebnjohur me nj\u00eb stil t\u00eb ve\u00e7ant\u00eb muzike, Eli Fara, e cila \u00ebsht\u00eb shtetase ameri kane, e konsideron se ky fakt ia ka hequr nj\u00eb barr\u00eb t\u00eb madhe","robots":{"index":"index","follow":"follow","max-snippet":"max-snippet:-1","max-image-preview":"max-image-preview:large","max-video-preview":"max-video-preview:-1"},"canonical":"https:\/\/www.visit-ulcinj.com\/blog\/2008\/11\/12\/eli-farafavori-i-te-qenit-me-shtetesi-amerikane\/","og_locale":"en_US","og_type":"article","og_title":"Eli Fara:Favori i t\u00eb qenit me shtetesi Amerikane - Lajme nga Ulqini","og_description":"K\u00ebng\u00ebtarja e mir\u00ebnjohur me nj\u00eb stil t\u00eb ve\u00e7ant\u00eb muzike, Eli Fara, e cila \u00ebsht\u00eb shtetase ameri kane, e konsideron se ky fakt ia ka hequr nj\u00eb barr\u00eb t\u00eb madhe","og_url":"https:\/\/www.visit-ulcinj.com\/blog\/2008\/11\/12\/eli-farafavori-i-te-qenit-me-shtetesi-amerikane\/","og_site_name":"Lajme nga Ulqini","article_published_time":"2008-11-12T07:55:15+00:00","article_modified_time":"2008-11-12T07:59:26+00:00","og_image":[{"url":"http:\/\/www.visit-ulcinj.com\/blog\/wp-content\/uploads\/2008\/11\/eli-fara-300x173.jpg"}],"twitter_misc":{"Written by":"ulqini","Est. reading time":"1 minute"},"schema":{"@context":"https:\/\/schema.org","@graph":[{"@type":"WebSite","@id":"https:\/\/www.visit-ulcinj.com\/blog\/#website","url":"https:\/\/www.visit-ulcinj.com\/blog\/","name":"Lajme nga Ulqini","description":"Lajme,Vijesti,Ulqini,Ulqin,Crna Gora,Mali i Zi","potentialAction":[{"@type":"SearchAction","target":{"@type":"EntryPoint","urlTemplate":"https:\/\/www.visit-ulcinj.com\/blog\/?s={search_term_string}"},"query-input":"required name=search_term_string"}],"inLanguage":"en-US"},{"@type":"ImageObject","inLanguage":"en-US","@id":"https:\/\/www.visit-ulcinj.com\/blog\/2008\/11\/12\/eli-farafavori-i-te-qenit-me-shtetesi-amerikane\/#primaryimage","url":"http:\/\/www.visit-ulcinj.com\/blog\/wp-content\/uploads\/2008\/11\/eli-fara-300x173.jpg","contentUrl":"http:\/\/www.visit-ulcinj.com\/blog\/wp-content\/uploads\/2008\/11\/eli-fara-300x173.jpg"},{"@type":"WebPage","@id":"https:\/\/www.visit-ulcinj.com\/blog\/2008\/11\/12\/eli-farafavori-i-te-qenit-me-shtetesi-amerikane\/#webpage","url":"https:\/\/www.visit-ulcinj.com\/blog\/2008\/11\/12\/eli-farafavori-i-te-qenit-me-shtetesi-amerikane\/","name":"Eli Fara:Favori i t\u00eb qenit me shtetesi Amerikane - Lajme nga Ulqini","isPartOf":{"@id":"https:\/\/www.visit-ulcinj.com\/blog\/#website"},"primaryImageOfPage":{"@id":"https:\/\/www.visit-ulcinj.com\/blog\/2008\/11\/12\/eli-farafavori-i-te-qenit-me-shtetesi-amerikane\/#primaryimage"},"datePublished":"2008-11-12T07:55:15+00:00","dateModified":"2008-11-12T07:59:26+00:00","author":{"@id":"https:\/\/www.visit-ulcinj.com\/blog\/#\/schema\/person\/dcab619c614d3038751c63bc2aadc06d"},"description":"K\u00ebng\u00ebtarja e mir\u00ebnjohur me nj\u00eb stil t\u00eb ve\u00e7ant\u00eb muzike, Eli Fara, e cila \u00ebsht\u00eb shtetase ameri kane, e konsideron se ky fakt ia ka hequr nj\u00eb barr\u00eb t\u00eb madhe","breadcrumb":{"@id":"https:\/\/www.visit-ulcinj.com\/blog\/2008\/11\/12\/eli-farafavori-i-te-qenit-me-shtetesi-amerikane\/#breadcrumb"},"inLanguage":"en-US","potentialAction":[{"@type":"ReadAction","target":["https:\/\/www.visit-ulcinj.com\/blog\/2008\/11\/12\/eli-farafavori-i-te-qenit-me-shtetesi-amerikane\/"]}]},{"@type":"BreadcrumbList","@id":"https:\/\/www.visit-ulcinj.com\/blog\/2008\/11\/12\/eli-farafavori-i-te-qenit-me-shtetesi-amerikane\/#breadcrumb","itemListElement":[{"@type":"ListItem","position":1,"name":"Eli Fara:Favori i t\u00eb qenit me shtetesi Amerikane"}]},{"@type":"Person","@id":"https:\/\/www.visit-ulcinj.com\/blog\/#\/schema\/person\/dcab619c614d3038751c63bc2aadc06d","name":"ulqini","sameAs":["http:\/\/www.visit-ulcinj.com"],"url":"https:\/\/www.visit-ulcinj.com\/blog\/author\/admin\/"}]}},"jetpack_featured_media_url":"","jetpack_sharing_enabled":true,"jetpack_shortlink":"https:\/\/wp.me\/pe6lTn-1wx","_links":{"self":[{"href":"https:\/\/www.visit-ulcinj.com\/blog\/wp-json\/wp\/v2\/posts\/5861"}],"collection":[{"href":"https:\/\/www.visit-ulcinj.com\/blog\/wp-json\/wp\/v2\/posts"}],"about":[{"href":"https:\/\/www.visit-ulcinj.com\/blog\/wp-json\/wp\/v2\/types\/post"}],"author":[{"embeddable":true,"href":"https:\/\/www.visit-ulcinj.com\/blog\/wp-json\/wp\/v2\/users\/1"}],"replies":[{"embeddable":true,"href":"https:\/\/www.visit-ulcinj.com\/blog\/wp-json\/wp\/v2\/comments?post=5861"}],"version-history":[{"count":0,"href":"https:\/\/www.visit-ulcinj.com\/blog\/wp-json\/wp\/v2\/posts\/5861\/revisions"}],"wp:attachment":[{"href":"https:\/\/www.visit-ulcinj.com\/blog\/wp-json\/wp\/v2\/media?parent=5861"}],"wp:term":[{"taxonomy":"category","embeddable":true,"href":"https:\/\/www.visit-ulcinj.com\/blog\/wp-json\/wp\/v2\/categories?post=5861"},{"taxonomy":"post_tag","embeddable":true,"href":"https:\/\/www.visit-ulcinj.com\/blog\/wp-json\/wp\/v2\/tags?post=5861"}],"curies":[{"name":"wp","href":"https:\/\/api.w.org\/{rel}","templated":true}]}}