{"id":58619,"date":"2012-03-26T04:55:32","date_gmt":"2012-03-26T03:55:32","guid":{"rendered":"http:\/\/www.visit-ulcinj.com\/blog\/?p=58619"},"modified":"2012-03-27T05:10:23","modified_gmt":"2012-03-27T04:10:23","slug":"jutros-u-5-casova-jaci-zemljotres-u-ulcinju","status":"publish","type":"post","link":"https:\/\/www.visit-ulcinj.com\/blog\/2012\/03\/26\/jutros-u-5-casova-jaci-zemljotres-u-ulcinju\/","title":{"rendered":"Jutros u 5 \u010dasova  ja\u010di zemljotres u Ulcinju"},"content":{"rendered":"<p><a href=\"http:\/\/www.visit-ulcinj.com\/blog\/wp-content\/uploads\/2012\/03\/Jutros-u-5-casova-zemljotres-u-Ulcinju.gif\"><img loading=\"lazy\" class=\"alignleft  wp-image-58620\" title=\"Jutros u 5 casova  zemljotres u Ulcinju\" src=\"http:\/\/www.visit-ulcinj.com\/blog\/wp-content\/uploads\/2012\/03\/Jutros-u-5-casova-zemljotres-u-Ulcinju.gif\" alt=\"\" width=\"508\" height=\"380\" \/><\/a>Seizmolo\u0161ki zavod Crne Gore je dana 26. marta 2012. godine, u 5 \u010dasova i 0 minuta registrovao zemljotres srednje ja\u010dine sa epicentrom 19 km jugoisto\u010dno od Ulcinja (Crna Gora). Ja\u010dina ovog zemljotresa u hipocentru (\u017eari\u0161tu) iznosila je 4.5 jedinica <a href=\"http:\/\/www.seismo.co.me\/questions\/3.htm\">Rihterove skale<\/a>, \u0161to odgovara epicentralnom intenzitetu od VI stepeni <a href=\"http:\/\/www.seismo.co.me\/questions\/3.htm\">Merkalijeve skale (MCS)<\/a>. \u017dari\u0161te ovog zemljotresa locirano je na dubini od 18 km.<\/p>\n<p>Na osnovu numeri\u010dkog modela promjene intenziteta sa rastojanjem u ovom regionu, magnitude zemljotresa i dubine hipocentra, ovaj zemljotres nije mogao izazvati materijalne \u0161tete u epicentralnom podru\u010dju.<\/p>\n<p>Polo\u017eaj epicentra ovog zemljotresa sa izoseistama (zonama istog intenziteta) za slu\u010daj \u010dvrste stijene u podlozi, prikazan je na karti.<\/p>\n<p>Datum zemljotresa: <strong>26. mart 2012. godine<\/strong><strong><br \/>\n<\/strong>Vrijeme: <strong>5 \u010dasova i 0 minuta <\/strong><strong><br \/>\n<\/strong>Rihterova magnituda ML = <strong>4.5<\/strong><strong><br \/>\n<\/strong>Epicentralni intenzitet: <strong>VI stepeni MCS skale<\/strong><strong><br \/>\n<\/strong>Dubina hipocentra: <strong>18 km<\/strong><strong><br \/>\n<\/strong>Geografske (WGS) koordinate epicentra: <strong>41.771N, 19.315E<\/strong><strong><br \/>\n<\/strong>Polo\u017eaj epicentra: <strong>19 km jugoisto\u010dno od Ulcinja (Crna Gora)<\/strong><\/p>\n<p><strong>Seizmolo\u0161ki zavod Crne Gore<\/strong><\/p>\n<p><strong><a href=\"http:\/\/www.seismo.co.me\/images\/animacija%202005-2010.gif\"><img loading=\"lazy\" class=\"alignleft\" title=\"zemljotres u Ulcinju\" src=\"http:\/\/www.seismo.co.me\/images\/animacija%202005-2010.gif\" alt=\"\" width=\"508\" height=\"300\" \/><\/a><\/strong><a href=\"http:\/\/www.seismo.co.me\/images\/animacija%202005-2010.gif\"><img id=\"wp_delimgbtn\" \n\nGlavatovi\u0107: Ne treba o\u010dekivati jo\u0161 jedan, ja\u010di zemljotres <\/strong><strong><\/strong><\/p>\n<p>Direktor Seizmolo\u0161kog zavoda Crne Gore, Branislav Glavatovi\u0107, kazao je da nakon dana\u0161njeg zemljotresa ne treba o\u010dekivati jo\u0161 jedan ja\u010deg intenziteta, ali da su mogu\u0107i slabiji potresi, prenose crnogorski elektronski mediji.<br \/>\nSeizmolo\u0161ki zavod Crne Gore jutros oko 5 \u010dasova registrovao je zemljotres srednje ja\u010dine sa epicentrom 19 km jugoisto\u010dno od Ulcinja. Ja\u010dina ovog zemljotresa u hipocentru (\u017eari\u0161tu) iznosila je 4.5 jedinica Rihterove skale.<br \/>\n-Ovo je jedan u seriji relativno \u010destih zemljotresa, sre\u0107om ne tako sna\u017enih koji, eto, jo\u0161 opominju da \u017eivimo u trusnom podru\u010dju i da se prema tim normama prirode moramo tako i pona\u0161ati, kazao je Glavatovi\u0107.<br \/>\nPotres je, kako dodaje, izazvao blagu paniku na krajnjem ju\u017enom podru\u010dju, posebno u naseljima oko Bara i Ulcinja ali slabiji intenzitet jutro\u0161njeg zemljotresa kako navodi, nije mogao prouzrokovati materijalnu \u0161tetu.<br \/>\nGlavatovi\u0107 nagla\u0161ava i da treba obratiti pa\u017enju na adekvatno projektovanje i izgradnju kako bi se za\u0161titili od mogu\u0107ih potresa u trusnim podru\u010djima Crne Gore.<br \/>\n<strong><br \/>\nAnalitika &#8211; Informativni Portal<\/strong><\/p>\n","protected":false},"excerpt":{"rendered":"<p>Seizmolo\u0161ki zavod Crne Gore je dana 26. marta 2012. godine, u 5 \u010dasova i 0 minuta registrovao zemljotres srednje ja\u010dine sa epicentrom 19 km jugoisto\u010dno od Ulcinja (Crna Gora). Ja\u010dina ovog zemljotresa u hipocentru (\u017eari\u0161tu) iznosila je 4.5 jedinica Rihterove skale, \u0161to odgovara epicentralnom intenzitetu od VI stepeni Merkalijeve skale (MCS). \u017dari\u0161te ovog zemljotresa locirano [&hellip;]<\/p>\n","protected":false},"author":1,"featured_media":0,"comment_status":"open","ping_status":"closed","sticky":false,"template":"","format":"standard","meta":{"spay_email":"","jetpack_publicize_message":"","jetpack_is_tweetstorm":false,"jetpack_publicize_feature_enabled":true},"categories":[8337],"tags":[20,12977,19,2686],"jetpack_publicize_connections":[],"yoast_head":"<!-- This site is optimized with the Yoast SEO plugin v19.1 - https:\/\/yoast.com\/wordpress\/plugins\/seo\/ -->\n<title>Jutros u 5 \u010dasova ja\u010di zemljotres u Ulcinju - Lajme nga Ulqini<\/title>\n<meta name=\"description\" content=\"Seizmolo\u0161ki zavod Crne Gore je dana 26. marta 2012. godine, u 5 \u010dasova i 0 minuta registrovao zemljotres srednje ja\u010dine sa epicentrom 19 km jugoisto\u010dno od\" \/>\n<meta name=\"robots\" content=\"index, follow, max-snippet:-1, max-image-preview:large, max-video-preview:-1\" \/>\n<link rel=\"canonical\" href=\"https:\/\/www.visit-ulcinj.com\/blog\/2012\/03\/26\/jutros-u-5-casova-jaci-zemljotres-u-ulcinju\/\" \/>\n<meta property=\"og:locale\" content=\"en_US\" \/>\n<meta property=\"og:type\" content=\"article\" \/>\n<meta property=\"og:title\" content=\"Jutros u 5 \u010dasova ja\u010di zemljotres u Ulcinju - Lajme nga Ulqini\" \/>\n<meta property=\"og:description\" content=\"Seizmolo\u0161ki zavod Crne Gore je dana 26. marta 2012. godine, u 5 \u010dasova i 0 minuta registrovao zemljotres srednje ja\u010dine sa epicentrom 19 km jugoisto\u010dno od\" \/>\n<meta property=\"og:url\" content=\"https:\/\/www.visit-ulcinj.com\/blog\/2012\/03\/26\/jutros-u-5-casova-jaci-zemljotres-u-ulcinju\/\" \/>\n<meta property=\"og:site_name\" content=\"Lajme nga Ulqini\" \/>\n<meta property=\"article:published_time\" content=\"2012-03-26T03:55:32+00:00\" \/>\n<meta property=\"article:modified_time\" content=\"2012-03-27T04:10:23+00:00\" \/>\n<meta property=\"og:image\" content=\"http:\/\/www.visit-ulcinj.com\/blog\/wp-content\/uploads\/2012\/03\/Jutros-u-5-casova-zemljotres-u-Ulcinju.gif\" \/>\n<meta name=\"twitter:label1\" content=\"Written by\" \/>\n\t<meta name=\"twitter:data1\" content=\"ulqini\" \/>\n\t<meta name=\"twitter:label2\" content=\"Est. reading time\" \/>\n\t<meta name=\"twitter:data2\" content=\"1 minute\" \/>\n<script type=\"application\/ld+json\" class=\"yoast-schema-graph\">{\"@context\":\"https:\/\/schema.org\",\"@graph\":[{\"@type\":\"WebSite\",\"@id\":\"https:\/\/www.visit-ulcinj.com\/blog\/#website\",\"url\":\"https:\/\/www.visit-ulcinj.com\/blog\/\",\"name\":\"Lajme nga Ulqini\",\"description\":\"Lajme,Vijesti,Ulqini,Ulqin,Crna Gora,Mali i Zi\",\"potentialAction\":[{\"@type\":\"SearchAction\",\"target\":{\"@type\":\"EntryPoint\",\"urlTemplate\":\"https:\/\/www.visit-ulcinj.com\/blog\/?s={search_term_string}\"},\"query-input\":\"required name=search_term_string\"}],\"inLanguage\":\"en-US\"},{\"@type\":\"ImageObject\",\"inLanguage\":\"en-US\",\"@id\":\"https:\/\/www.visit-ulcinj.com\/blog\/2012\/03\/26\/jutros-u-5-casova-jaci-zemljotres-u-ulcinju\/#primaryimage\",\"url\":\"https:\/\/www.visit-ulcinj.com\/blog\/wp-content\/uploads\/2012\/03\/Jutros-u-5-casova-zemljotres-u-Ulcinju.gif\",\"contentUrl\":\"https:\/\/www.visit-ulcinj.com\/blog\/wp-content\/uploads\/2012\/03\/Jutros-u-5-casova-zemljotres-u-Ulcinju.gif\",\"width\":\"952\",\"height\":\"541\"},{\"@type\":\"WebPage\",\"@id\":\"https:\/\/www.visit-ulcinj.com\/blog\/2012\/03\/26\/jutros-u-5-casova-jaci-zemljotres-u-ulcinju\/#webpage\",\"url\":\"https:\/\/www.visit-ulcinj.com\/blog\/2012\/03\/26\/jutros-u-5-casova-jaci-zemljotres-u-ulcinju\/\",\"name\":\"Jutros u 5 \u010dasova ja\u010di zemljotres u Ulcinju - Lajme nga Ulqini\",\"isPartOf\":{\"@id\":\"https:\/\/www.visit-ulcinj.com\/blog\/#website\"},\"primaryImageOfPage\":{\"@id\":\"https:\/\/www.visit-ulcinj.com\/blog\/2012\/03\/26\/jutros-u-5-casova-jaci-zemljotres-u-ulcinju\/#primaryimage\"},\"datePublished\":\"2012-03-26T03:55:32+00:00\",\"dateModified\":\"2012-03-27T04:10:23+00:00\",\"author\":{\"@id\":\"https:\/\/www.visit-ulcinj.com\/blog\/#\/schema\/person\/dcab619c614d3038751c63bc2aadc06d\"},\"description\":\"Seizmolo\u0161ki zavod Crne Gore je dana 26. marta 2012. godine, u 5 \u010dasova i 0 minuta registrovao zemljotres srednje ja\u010dine sa epicentrom 19 km jugoisto\u010dno od\",\"breadcrumb\":{\"@id\":\"https:\/\/www.visit-ulcinj.com\/blog\/2012\/03\/26\/jutros-u-5-casova-jaci-zemljotres-u-ulcinju\/#breadcrumb\"},\"inLanguage\":\"en-US\",\"potentialAction\":[{\"@type\":\"ReadAction\",\"target\":[\"https:\/\/www.visit-ulcinj.com\/blog\/2012\/03\/26\/jutros-u-5-casova-jaci-zemljotres-u-ulcinju\/\"]}]},{\"@type\":\"BreadcrumbList\",\"@id\":\"https:\/\/www.visit-ulcinj.com\/blog\/2012\/03\/26\/jutros-u-5-casova-jaci-zemljotres-u-ulcinju\/#breadcrumb\",\"itemListElement\":[{\"@type\":\"ListItem\",\"position\":1,\"name\":\"Jutros u 5 \u010dasova ja\u010di zemljotres u Ulcinju\"}]},{\"@type\":\"Person\",\"@id\":\"https:\/\/www.visit-ulcinj.com\/blog\/#\/schema\/person\/dcab619c614d3038751c63bc2aadc06d\",\"name\":\"ulqini\",\"sameAs\":[\"http:\/\/www.visit-ulcinj.com\"],\"url\":\"https:\/\/www.visit-ulcinj.com\/blog\/author\/admin\/\"}]}<\/script>\n<!-- \/ Yoast SEO plugin. -->","yoast_head_json":{"title":"Jutros u 5 \u010dasova ja\u010di zemljotres u Ulcinju - Lajme nga Ulqini","description":"Seizmolo\u0161ki zavod Crne Gore je dana 26. marta 2012. godine, u 5 \u010dasova i 0 minuta registrovao zemljotres srednje ja\u010dine sa epicentrom 19 km jugoisto\u010dno od","robots":{"index":"index","follow":"follow","max-snippet":"max-snippet:-1","max-image-preview":"max-image-preview:large","max-video-preview":"max-video-preview:-1"},"canonical":"https:\/\/www.visit-ulcinj.com\/blog\/2012\/03\/26\/jutros-u-5-casova-jaci-zemljotres-u-ulcinju\/","og_locale":"en_US","og_type":"article","og_title":"Jutros u 5 \u010dasova ja\u010di zemljotres u Ulcinju - Lajme nga Ulqini","og_description":"Seizmolo\u0161ki zavod Crne Gore je dana 26. marta 2012. godine, u 5 \u010dasova i 0 minuta registrovao zemljotres srednje ja\u010dine sa epicentrom 19 km jugoisto\u010dno od","og_url":"https:\/\/www.visit-ulcinj.com\/blog\/2012\/03\/26\/jutros-u-5-casova-jaci-zemljotres-u-ulcinju\/","og_site_name":"Lajme nga Ulqini","article_published_time":"2012-03-26T03:55:32+00:00","article_modified_time":"2012-03-27T04:10:23+00:00","og_image":[{"url":"http:\/\/www.visit-ulcinj.com\/blog\/wp-content\/uploads\/2012\/03\/Jutros-u-5-casova-zemljotres-u-Ulcinju.gif"}],"twitter_misc":{"Written by":"ulqini","Est. reading time":"1 minute"},"schema":{"@context":"https:\/\/schema.org","@graph":[{"@type":"WebSite","@id":"https:\/\/www.visit-ulcinj.com\/blog\/#website","url":"https:\/\/www.visit-ulcinj.com\/blog\/","name":"Lajme nga Ulqini","description":"Lajme,Vijesti,Ulqini,Ulqin,Crna Gora,Mali i Zi","potentialAction":[{"@type":"SearchAction","target":{"@type":"EntryPoint","urlTemplate":"https:\/\/www.visit-ulcinj.com\/blog\/?s={search_term_string}"},"query-input":"required name=search_term_string"}],"inLanguage":"en-US"},{"@type":"ImageObject","inLanguage":"en-US","@id":"https:\/\/www.visit-ulcinj.com\/blog\/2012\/03\/26\/jutros-u-5-casova-jaci-zemljotres-u-ulcinju\/#primaryimage","url":"https:\/\/www.visit-ulcinj.com\/blog\/wp-content\/uploads\/2012\/03\/Jutros-u-5-casova-zemljotres-u-Ulcinju.gif","contentUrl":"https:\/\/www.visit-ulcinj.com\/blog\/wp-content\/uploads\/2012\/03\/Jutros-u-5-casova-zemljotres-u-Ulcinju.gif","width":"952","height":"541"},{"@type":"WebPage","@id":"https:\/\/www.visit-ulcinj.com\/blog\/2012\/03\/26\/jutros-u-5-casova-jaci-zemljotres-u-ulcinju\/#webpage","url":"https:\/\/www.visit-ulcinj.com\/blog\/2012\/03\/26\/jutros-u-5-casova-jaci-zemljotres-u-ulcinju\/","name":"Jutros u 5 \u010dasova ja\u010di zemljotres u Ulcinju - Lajme nga Ulqini","isPartOf":{"@id":"https:\/\/www.visit-ulcinj.com\/blog\/#website"},"primaryImageOfPage":{"@id":"https:\/\/www.visit-ulcinj.com\/blog\/2012\/03\/26\/jutros-u-5-casova-jaci-zemljotres-u-ulcinju\/#primaryimage"},"datePublished":"2012-03-26T03:55:32+00:00","dateModified":"2012-03-27T04:10:23+00:00","author":{"@id":"https:\/\/www.visit-ulcinj.com\/blog\/#\/schema\/person\/dcab619c614d3038751c63bc2aadc06d"},"description":"Seizmolo\u0161ki zavod Crne Gore je dana 26. marta 2012. godine, u 5 \u010dasova i 0 minuta registrovao zemljotres srednje ja\u010dine sa epicentrom 19 km jugoisto\u010dno od","breadcrumb":{"@id":"https:\/\/www.visit-ulcinj.com\/blog\/2012\/03\/26\/jutros-u-5-casova-jaci-zemljotres-u-ulcinju\/#breadcrumb"},"inLanguage":"en-US","potentialAction":[{"@type":"ReadAction","target":["https:\/\/www.visit-ulcinj.com\/blog\/2012\/03\/26\/jutros-u-5-casova-jaci-zemljotres-u-ulcinju\/"]}]},{"@type":"BreadcrumbList","@id":"https:\/\/www.visit-ulcinj.com\/blog\/2012\/03\/26\/jutros-u-5-casova-jaci-zemljotres-u-ulcinju\/#breadcrumb","itemListElement":[{"@type":"ListItem","position":1,"name":"Jutros u 5 \u010dasova ja\u010di zemljotres u Ulcinju"}]},{"@type":"Person","@id":"https:\/\/www.visit-ulcinj.com\/blog\/#\/schema\/person\/dcab619c614d3038751c63bc2aadc06d","name":"ulqini","sameAs":["http:\/\/www.visit-ulcinj.com"],"url":"https:\/\/www.visit-ulcinj.com\/blog\/author\/admin\/"}]}},"jetpack_featured_media_url":"","jetpack_sharing_enabled":true,"jetpack_shortlink":"https:\/\/wp.me\/pe6lTn-fft","_links":{"self":[{"href":"https:\/\/www.visit-ulcinj.com\/blog\/wp-json\/wp\/v2\/posts\/58619"}],"collection":[{"href":"https:\/\/www.visit-ulcinj.com\/blog\/wp-json\/wp\/v2\/posts"}],"about":[{"href":"https:\/\/www.visit-ulcinj.com\/blog\/wp-json\/wp\/v2\/types\/post"}],"author":[{"embeddable":true,"href":"https:\/\/www.visit-ulcinj.com\/blog\/wp-json\/wp\/v2\/users\/1"}],"replies":[{"embeddable":true,"href":"https:\/\/www.visit-ulcinj.com\/blog\/wp-json\/wp\/v2\/comments?post=58619"}],"version-history":[{"count":5,"href":"https:\/\/www.visit-ulcinj.com\/blog\/wp-json\/wp\/v2\/posts\/58619\/revisions"}],"predecessor-version":[{"id":58693,"href":"https:\/\/www.visit-ulcinj.com\/blog\/wp-json\/wp\/v2\/posts\/58619\/revisions\/58693"}],"wp:attachment":[{"href":"https:\/\/www.visit-ulcinj.com\/blog\/wp-json\/wp\/v2\/media?parent=58619"}],"wp:term":[{"taxonomy":"category","embeddable":true,"href":"https:\/\/www.visit-ulcinj.com\/blog\/wp-json\/wp\/v2\/categories?post=58619"},{"taxonomy":"post_tag","embeddable":true,"href":"https:\/\/www.visit-ulcinj.com\/blog\/wp-json\/wp\/v2\/tags?post=58619"}],"curies":[{"name":"wp","href":"https:\/\/api.w.org\/{rel}","templated":true}]}}