{"id":58624,"date":"2012-03-26T05:20:55","date_gmt":"2012-03-26T04:20:55","guid":{"rendered":"http:\/\/www.visit-ulcinj.com\/blog\/?p=58624"},"modified":"2012-03-27T12:47:54","modified_gmt":"2012-03-27T11:47:54","slug":"termet-4-5-shkallesh-ne-ulqin","status":"publish","type":"post","link":"https:\/\/www.visit-ulcinj.com\/blog\/2012\/03\/26\/termet-4-5-shkallesh-ne-ulqin\/","title":{"rendered":"T\u00ebrmet 4.5 shkall\u00ebsh n\u00eb Ulqin"},"content":{"rendered":"<p><a href=\"http:\/\/www.visit-ulcinj.com\/blog\/wp-content\/uploads\/2012\/03\/T\u00ebrmet-4.5-shkall\u00ebsh-n\u00eb-Ulqin.gif\"><img loading=\"lazy\" class=\"alignleft  wp-image-58625\" title=\"T\u00ebrmet 4.5 shkall\u00ebsh n\u00eb Ulqin,Recent Earthquakes Near Ulcinj\" src=\"http:\/\/www.visit-ulcinj.com\/blog\/wp-content\/uploads\/2012\/03\/T\u00ebrmet-4.5-shkall\u00ebsh-n\u00eb-Ulqin.gif\" alt=\"\" width=\"508\" height=\"380\" \/><\/a>Nj\u00eb t\u00ebrmet me fuqi mesatare e ka goditur sot n\u00eb ora 05:00 t\u00eb m\u00ebngjesit rajonin e Ulqinit, nd\u00ebrsa nuk ka informata p\u00ebr d\u00ebme eventuale, njoftojn\u00eb nga Instituti sizmologjik i Malit t\u00eb Zi.<\/p>\n<p>Si njofton Instituti sizmologjik i Malit t\u00eb Zi, epiqendra e t\u00ebrmetit t\u00eb sot\u00ebm ishte 19 kilometra n\u00eb jug t\u00eb Ulqinit, n\u00eb thell\u00ebsi prej 18 kilometrash n\u00ebn sip\u00ebrfaqe t\u00eb tok\u00ebs, kurse fuqia e tij ishte 4.5 ball\u00eb t\u00eb shkall\u00ebs Rihter.<br \/>\nTash p\u00ebr tash, ende nuk ka informata p\u00ebr ndonj\u00eb d\u00ebm eventual, njoftoi Enti sizmik i Malit t\u00eb Zi.<\/p>\n<p><strong>Lajme nga Ulqini<\/strong><\/p>\n<p><a href=\"http:\/\/www.seismo.co.me\/images\/animacija%202005-2010.gif\"><img loading=\"lazy\" class=\"alignleft\" title=\"T\u00ebrmet n\u00eb Ulqin\" src=\"http:\/\/www.seismo.co.me\/images\/animacija%202005-2010.gif\" alt=\"\" width=\"508\" height=\"300\" \/><\/a><br \/>\nPor p\u00ebr Ulqinak\u00ebt, \u00e7do l\u00ebkundje e tok\u00ebs kujton m\u00ebngjesin e 1979, kur nj\u00eb termet me intenzitet prej 7 shkall\u00eb t\u00eb Rihterit apo 9 t\u00eb Merkalit ka goditur rreth or\u00ebs 7 t\u00eb m\u00ebngjesit.<br \/>\n1.<a href=\"http:\/\/www.visit-ulcinj.com\/blog\/wp-content\/uploads\/2012\/03\/Earthquake-in-Ulcinj-Montenegro_Old-Town-Ulcinj.jpg\"><img loading=\"lazy\" class=\"alignleft size-full wp-image-58650\" title=\"Earthquake in  Ulcinj Montenegro_Old Town Ulcinj\" src=\"http:\/\/www.visit-ulcinj.com\/blog\/wp-content\/uploads\/2012\/03\/Earthquake-in-Ulcinj-Montenegro_Old-Town-Ulcinj.jpg\" alt=\"\" width=\"508\" height=\"300\" \/><\/a><\/p>\n<p>2.<a href=\"http:\/\/www.visit-ulcinj.com\/blog\/wp-content\/uploads\/2012\/03\/Earthquake-in-Ulcinj-Montenegro_Balsic-Tower-in-Ulcinj.jpg\"><img loading=\"lazy\" class=\"alignleft size-full wp-image-58651\" title=\"Earthquake in  Ulcinj Montenegro_Balsic Tower in Ulcinj\" src=\"http:\/\/www.visit-ulcinj.com\/blog\/wp-content\/uploads\/2012\/03\/Earthquake-in-Ulcinj-Montenegro_Balsic-Tower-in-Ulcinj.jpg\" alt=\"\" width=\"508\" height=\"535\" \/><\/a><br \/>\n<strong>Medium strength earthquake near Ulcinj<\/strong><\/p>\n<p>According to the release, the earthquake hit 19 kilometers southeast of Ulcinj and measured 4.5 degrees on the Richter scale or six degrees on the Mercalli scale.<\/p>\n<p>A medium strength earthquake hit the Ulcinj region early on Monday, and the Seismological Institute of Montenegro has said the quake could not have caused damage to property.<\/p>\n<p>According to the release, the earthquake hit 19 kilometers southeast of Ulcinj and measured 4.5 degrees on the Richter scale or six degrees on the Mercalli scale.<br \/>\nThe quake originated 18 kilometers under the Earth&#8217;s surface.<br \/>\n<strong><br \/>\nSource: Tanjug<br \/>\n<\/strong><strong><br \/>\n<strong><br \/>\nTERREMOTO MONTENEGRO\/ Scossa di magnitudo 4,5 Ulcinj, sulla costa adriatica. 26 marzo 2012<\/strong><\/strong><\/p>\n<p>L&#8217;epicentro e la magnitudo del terremoto &#8211; Nelle prime ora di questa mattina \u00e8 stata registrata una forte scossa di terremoto nel sud del Montenegro. Il sisma ha avuto una magnitudo pari a 4,5 sulla scala Richter e, nonostante la forte intensit\u00e0, per il momento non si registrano danni o feriti, anche se naturalmente si sapr\u00e0 qualcosa di pi\u00f9 solo nelle prossime ore. Come ha fatto recentemente sapere l&#8217;Istituto sismologico nazionale a Podgorica, l&#8217;epicentro del sisma di questa mattina \u00e8 stato localizzato a 19 chilometri a sudest di Ulcinj, localit\u00e0 che si trova sulla costa adriatica del Montenegro, non molto lontano dal confine con l&#8217;Albania. Tra le altre forti scosse che hanno colpito diversi paesi, \u00e8 di poche ore fa la notizia che un terremoto di magnitudo 7,2 ha colpito la zona centrale del Cile, creando panico a Santiago e in altre localit\u00e0 del Paese. Il sisma avvenuto in Cile \u00e8 stato registrato ad una profondit\u00e0 di 10 chilometri, con l&#8217;epicentro individuato al nordest di Talca, capitale della regione Maule, che si trova 240 chilometri a sud di Santiago. Le autorit\u00e0 locali, nonostante l&#8217;intensit\u00e0 del sisma, hanno comunque escluso un allarme tsunami, ma anche in questo caso le verifiche sono ancora in corso. Pochi giorni fa, invece, un&#8217;altra forte scossa \u00e8 stata registrata in Messico, alle 18.02 del 20 marzo, ora italiana. In quel caso il terremoto fu di magnitudo 7.6 sulla scala Richter, registrato a Ometepec, nel sud ovest del Messico, a 186 chilometri di distanza da Acapulco e a 18 chilometri di profondit\u00e0. Anche in quel caso non sono stati registrati fortunatamente danni agli edifici o feriti tra gli abitanti del luogo. Nello stato di Oxaca, a causa della scossa di terremoto di magnitudo comunque elevata, sono saltate le linee telefoniche. Anche in quella circostanza l\u2019allarme tsunami non era stato lanciato, ma diversi istituti, come il Pacific Tsunami Warning Center e il National oceanic and atmospheric administration, il centro oceanografico nazionale, avevano fatto sapere che non ci sarebbe stato il rischio di uno tsunami di grandi dimensioni, ma solo di effetti tsunami di lieve entit\u00e0 con effetti locali.<\/p>\n<p><strong>http:\/\/www.ilsussidiario.net<\/strong><\/p>\n","protected":false},"excerpt":{"rendered":"<p>Nj\u00eb t\u00ebrmet me fuqi mesatare e ka goditur sot n\u00eb ora 05:00 t\u00eb m\u00ebngjesit rajonin e Ulqinit, nd\u00ebrsa nuk ka informata p\u00ebr d\u00ebme eventuale, njoftojn\u00eb nga Instituti sizmologjik i Malit t\u00eb Zi. Si njofton Instituti sizmologjik i Malit t\u00eb Zi, epiqendra e t\u00ebrmetit t\u00eb sot\u00ebm ishte 19 kilometra n\u00eb jug t\u00eb Ulqinit, n\u00eb thell\u00ebsi prej [&hellip;]<\/p>\n","protected":false},"author":1,"featured_media":0,"comment_status":"open","ping_status":"closed","sticky":false,"template":"","format":"standard","meta":{"spay_email":"","jetpack_publicize_message":"","jetpack_is_tweetstorm":false,"jetpack_publicize_feature_enabled":true},"categories":[1],"tags":[20206,20205,20208,20207,20209,16985,200,18],"jetpack_publicize_connections":[],"yoast_head":"<!-- This site is optimized with the Yoast SEO plugin v19.1 - https:\/\/yoast.com\/wordpress\/plugins\/seo\/ -->\n<title>T\u00ebrmet 4.5 shkall\u00ebsh n\u00eb Ulqin - Lajme nga Ulqini<\/title>\n<meta name=\"description\" content=\"Nj\u00eb t\u00ebrmet me fuqi mesatare e ka goditur sot n\u00eb ora 05:00 t\u00eb m\u00ebngjesit rajonin e Ulqinit, nd\u00ebrsa nuk ka informata p\u00ebr d\u00ebme eventuale, njoftojn\u00eb nga\" \/>\n<meta name=\"robots\" content=\"index, follow, max-snippet:-1, max-image-preview:large, max-video-preview:-1\" \/>\n<link rel=\"canonical\" href=\"https:\/\/www.visit-ulcinj.com\/blog\/2012\/03\/26\/termet-4-5-shkallesh-ne-ulqin\/\" \/>\n<meta property=\"og:locale\" content=\"en_US\" \/>\n<meta property=\"og:type\" content=\"article\" \/>\n<meta property=\"og:title\" content=\"T\u00ebrmet 4.5 shkall\u00ebsh n\u00eb Ulqin - Lajme nga Ulqini\" \/>\n<meta property=\"og:description\" content=\"Nj\u00eb t\u00ebrmet me fuqi mesatare e ka goditur sot n\u00eb ora 05:00 t\u00eb m\u00ebngjesit rajonin e Ulqinit, nd\u00ebrsa nuk ka informata p\u00ebr d\u00ebme eventuale, njoftojn\u00eb nga\" \/>\n<meta property=\"og:url\" content=\"https:\/\/www.visit-ulcinj.com\/blog\/2012\/03\/26\/termet-4-5-shkallesh-ne-ulqin\/\" \/>\n<meta property=\"og:site_name\" content=\"Lajme nga Ulqini\" \/>\n<meta property=\"article:published_time\" content=\"2012-03-26T04:20:55+00:00\" \/>\n<meta property=\"article:modified_time\" content=\"2012-03-27T11:47:54+00:00\" \/>\n<meta property=\"og:image\" content=\"http:\/\/www.seismo.co.me\/images\/animacija%202005-2010.gif\" \/>\n<meta name=\"twitter:label1\" content=\"Written by\" \/>\n\t<meta name=\"twitter:data1\" content=\"ulqini\" \/>\n\t<meta name=\"twitter:label2\" content=\"Est. reading time\" \/>\n\t<meta name=\"twitter:data2\" content=\"3 minutes\" \/>\n<script type=\"application\/ld+json\" class=\"yoast-schema-graph\">{\"@context\":\"https:\/\/schema.org\",\"@graph\":[{\"@type\":\"WebSite\",\"@id\":\"https:\/\/www.visit-ulcinj.com\/blog\/#website\",\"url\":\"https:\/\/www.visit-ulcinj.com\/blog\/\",\"name\":\"Lajme nga Ulqini\",\"description\":\"Lajme,Vijesti,Ulqini,Ulqin,Crna Gora,Mali i Zi\",\"potentialAction\":[{\"@type\":\"SearchAction\",\"target\":{\"@type\":\"EntryPoint\",\"urlTemplate\":\"https:\/\/www.visit-ulcinj.com\/blog\/?s={search_term_string}\"},\"query-input\":\"required name=search_term_string\"}],\"inLanguage\":\"en-US\"},{\"@type\":\"ImageObject\",\"inLanguage\":\"en-US\",\"@id\":\"https:\/\/www.visit-ulcinj.com\/blog\/2012\/03\/26\/termet-4-5-shkallesh-ne-ulqin\/#primaryimage\",\"url\":\"http:\/\/www.seismo.co.me\/images\/animacija%202005-2010.gif\",\"contentUrl\":\"http:\/\/www.seismo.co.me\/images\/animacija%202005-2010.gif\"},{\"@type\":\"WebPage\",\"@id\":\"https:\/\/www.visit-ulcinj.com\/blog\/2012\/03\/26\/termet-4-5-shkallesh-ne-ulqin\/#webpage\",\"url\":\"https:\/\/www.visit-ulcinj.com\/blog\/2012\/03\/26\/termet-4-5-shkallesh-ne-ulqin\/\",\"name\":\"T\u00ebrmet 4.5 shkall\u00ebsh n\u00eb Ulqin - Lajme nga Ulqini\",\"isPartOf\":{\"@id\":\"https:\/\/www.visit-ulcinj.com\/blog\/#website\"},\"primaryImageOfPage\":{\"@id\":\"https:\/\/www.visit-ulcinj.com\/blog\/2012\/03\/26\/termet-4-5-shkallesh-ne-ulqin\/#primaryimage\"},\"datePublished\":\"2012-03-26T04:20:55+00:00\",\"dateModified\":\"2012-03-27T11:47:54+00:00\",\"author\":{\"@id\":\"https:\/\/www.visit-ulcinj.com\/blog\/#\/schema\/person\/dcab619c614d3038751c63bc2aadc06d\"},\"description\":\"Nj\u00eb t\u00ebrmet me fuqi mesatare e ka goditur sot n\u00eb ora 05:00 t\u00eb m\u00ebngjesit rajonin e Ulqinit, nd\u00ebrsa nuk ka informata p\u00ebr d\u00ebme eventuale, njoftojn\u00eb nga\",\"breadcrumb\":{\"@id\":\"https:\/\/www.visit-ulcinj.com\/blog\/2012\/03\/26\/termet-4-5-shkallesh-ne-ulqin\/#breadcrumb\"},\"inLanguage\":\"en-US\",\"potentialAction\":[{\"@type\":\"ReadAction\",\"target\":[\"https:\/\/www.visit-ulcinj.com\/blog\/2012\/03\/26\/termet-4-5-shkallesh-ne-ulqin\/\"]}]},{\"@type\":\"BreadcrumbList\",\"@id\":\"https:\/\/www.visit-ulcinj.com\/blog\/2012\/03\/26\/termet-4-5-shkallesh-ne-ulqin\/#breadcrumb\",\"itemListElement\":[{\"@type\":\"ListItem\",\"position\":1,\"name\":\"T\u00ebrmet 4.5 shkall\u00ebsh n\u00eb Ulqin\"}]},{\"@type\":\"Person\",\"@id\":\"https:\/\/www.visit-ulcinj.com\/blog\/#\/schema\/person\/dcab619c614d3038751c63bc2aadc06d\",\"name\":\"ulqini\",\"sameAs\":[\"http:\/\/www.visit-ulcinj.com\"],\"url\":\"https:\/\/www.visit-ulcinj.com\/blog\/author\/admin\/\"}]}<\/script>\n<!-- \/ Yoast SEO plugin. -->","yoast_head_json":{"title":"T\u00ebrmet 4.5 shkall\u00ebsh n\u00eb Ulqin - Lajme nga Ulqini","description":"Nj\u00eb t\u00ebrmet me fuqi mesatare e ka goditur sot n\u00eb ora 05:00 t\u00eb m\u00ebngjesit rajonin e Ulqinit, nd\u00ebrsa nuk ka informata p\u00ebr d\u00ebme eventuale, njoftojn\u00eb nga","robots":{"index":"index","follow":"follow","max-snippet":"max-snippet:-1","max-image-preview":"max-image-preview:large","max-video-preview":"max-video-preview:-1"},"canonical":"https:\/\/www.visit-ulcinj.com\/blog\/2012\/03\/26\/termet-4-5-shkallesh-ne-ulqin\/","og_locale":"en_US","og_type":"article","og_title":"T\u00ebrmet 4.5 shkall\u00ebsh n\u00eb Ulqin - Lajme nga Ulqini","og_description":"Nj\u00eb t\u00ebrmet me fuqi mesatare e ka goditur sot n\u00eb ora 05:00 t\u00eb m\u00ebngjesit rajonin e Ulqinit, nd\u00ebrsa nuk ka informata p\u00ebr d\u00ebme eventuale, njoftojn\u00eb nga","og_url":"https:\/\/www.visit-ulcinj.com\/blog\/2012\/03\/26\/termet-4-5-shkallesh-ne-ulqin\/","og_site_name":"Lajme nga Ulqini","article_published_time":"2012-03-26T04:20:55+00:00","article_modified_time":"2012-03-27T11:47:54+00:00","og_image":[{"url":"http:\/\/www.seismo.co.me\/images\/animacija%202005-2010.gif"}],"twitter_misc":{"Written by":"ulqini","Est. reading time":"3 minutes"},"schema":{"@context":"https:\/\/schema.org","@graph":[{"@type":"WebSite","@id":"https:\/\/www.visit-ulcinj.com\/blog\/#website","url":"https:\/\/www.visit-ulcinj.com\/blog\/","name":"Lajme nga Ulqini","description":"Lajme,Vijesti,Ulqini,Ulqin,Crna Gora,Mali i Zi","potentialAction":[{"@type":"SearchAction","target":{"@type":"EntryPoint","urlTemplate":"https:\/\/www.visit-ulcinj.com\/blog\/?s={search_term_string}"},"query-input":"required name=search_term_string"}],"inLanguage":"en-US"},{"@type":"ImageObject","inLanguage":"en-US","@id":"https:\/\/www.visit-ulcinj.com\/blog\/2012\/03\/26\/termet-4-5-shkallesh-ne-ulqin\/#primaryimage","url":"http:\/\/www.seismo.co.me\/images\/animacija%202005-2010.gif","contentUrl":"http:\/\/www.seismo.co.me\/images\/animacija%202005-2010.gif"},{"@type":"WebPage","@id":"https:\/\/www.visit-ulcinj.com\/blog\/2012\/03\/26\/termet-4-5-shkallesh-ne-ulqin\/#webpage","url":"https:\/\/www.visit-ulcinj.com\/blog\/2012\/03\/26\/termet-4-5-shkallesh-ne-ulqin\/","name":"T\u00ebrmet 4.5 shkall\u00ebsh n\u00eb Ulqin - Lajme nga Ulqini","isPartOf":{"@id":"https:\/\/www.visit-ulcinj.com\/blog\/#website"},"primaryImageOfPage":{"@id":"https:\/\/www.visit-ulcinj.com\/blog\/2012\/03\/26\/termet-4-5-shkallesh-ne-ulqin\/#primaryimage"},"datePublished":"2012-03-26T04:20:55+00:00","dateModified":"2012-03-27T11:47:54+00:00","author":{"@id":"https:\/\/www.visit-ulcinj.com\/blog\/#\/schema\/person\/dcab619c614d3038751c63bc2aadc06d"},"description":"Nj\u00eb t\u00ebrmet me fuqi mesatare e ka goditur sot n\u00eb ora 05:00 t\u00eb m\u00ebngjesit rajonin e Ulqinit, nd\u00ebrsa nuk ka informata p\u00ebr d\u00ebme eventuale, njoftojn\u00eb nga","breadcrumb":{"@id":"https:\/\/www.visit-ulcinj.com\/blog\/2012\/03\/26\/termet-4-5-shkallesh-ne-ulqin\/#breadcrumb"},"inLanguage":"en-US","potentialAction":[{"@type":"ReadAction","target":["https:\/\/www.visit-ulcinj.com\/blog\/2012\/03\/26\/termet-4-5-shkallesh-ne-ulqin\/"]}]},{"@type":"BreadcrumbList","@id":"https:\/\/www.visit-ulcinj.com\/blog\/2012\/03\/26\/termet-4-5-shkallesh-ne-ulqin\/#breadcrumb","itemListElement":[{"@type":"ListItem","position":1,"name":"T\u00ebrmet 4.5 shkall\u00ebsh n\u00eb Ulqin"}]},{"@type":"Person","@id":"https:\/\/www.visit-ulcinj.com\/blog\/#\/schema\/person\/dcab619c614d3038751c63bc2aadc06d","name":"ulqini","sameAs":["http:\/\/www.visit-ulcinj.com"],"url":"https:\/\/www.visit-ulcinj.com\/blog\/author\/admin\/"}]}},"jetpack_featured_media_url":"","jetpack_sharing_enabled":true,"jetpack_shortlink":"https:\/\/wp.me\/pe6lTn-ffy","_links":{"self":[{"href":"https:\/\/www.visit-ulcinj.com\/blog\/wp-json\/wp\/v2\/posts\/58624"}],"collection":[{"href":"https:\/\/www.visit-ulcinj.com\/blog\/wp-json\/wp\/v2\/posts"}],"about":[{"href":"https:\/\/www.visit-ulcinj.com\/blog\/wp-json\/wp\/v2\/types\/post"}],"author":[{"embeddable":true,"href":"https:\/\/www.visit-ulcinj.com\/blog\/wp-json\/wp\/v2\/users\/1"}],"replies":[{"embeddable":true,"href":"https:\/\/www.visit-ulcinj.com\/blog\/wp-json\/wp\/v2\/comments?post=58624"}],"version-history":[{"count":11,"href":"https:\/\/www.visit-ulcinj.com\/blog\/wp-json\/wp\/v2\/posts\/58624\/revisions"}],"predecessor-version":[{"id":58649,"href":"https:\/\/www.visit-ulcinj.com\/blog\/wp-json\/wp\/v2\/posts\/58624\/revisions\/58649"}],"wp:attachment":[{"href":"https:\/\/www.visit-ulcinj.com\/blog\/wp-json\/wp\/v2\/media?parent=58624"}],"wp:term":[{"taxonomy":"category","embeddable":true,"href":"https:\/\/www.visit-ulcinj.com\/blog\/wp-json\/wp\/v2\/categories?post=58624"},{"taxonomy":"post_tag","embeddable":true,"href":"https:\/\/www.visit-ulcinj.com\/blog\/wp-json\/wp\/v2\/tags?post=58624"}],"curies":[{"name":"wp","href":"https:\/\/api.w.org\/{rel}","templated":true}]}}