{"id":58641,"date":"2012-03-26T07:39:24","date_gmt":"2012-03-26T06:39:24","guid":{"rendered":"http:\/\/www.visit-ulcinj.com\/blog\/?p=58641"},"modified":"2012-03-26T07:39:24","modified_gmt":"2012-03-26T06:39:24","slug":"vesa-luma-e-cmendur-pas-shpejtesise-iku-ne-ulqin","status":"publish","type":"post","link":"https:\/\/www.visit-ulcinj.com\/blog\/2012\/03\/26\/vesa-luma-e-cmendur-pas-shpejtesise-iku-ne-ulqin\/","title":{"rendered":"Vesa Luma: E \u00e7mendur pas shpejt\u00ebsis\u00eb iku n\u00eb Ulqin"},"content":{"rendered":"<p>E veshur me xhinse t\u00eb grisura, bluz\u00eb t\u00eb bardh\u00eb dhe atlete, \u00ebsht\u00eb gati p\u00ebr t\u00eb ikur n\u00eb Ulqin. N\u00eb fakt k\u00ebto koh\u00eb, p\u00ebr shkak t\u00eb angazhimit n\u00eb jurin\u00eb e \u201cX Factor\u201d e ka pasur t\u00eb v\u00ebshtir\u00eb t\u00eb jet\u00eb e pranishme n\u00eb \u00e7do koncert, por ia ka dal\u00eb. Dikur ka qen\u00eb vet\u00eb p\u00ebrball\u00eb juris\u00eb, at\u00ebher\u00eb mori pjes\u00eb si konkurrente, p\u00ebr t\u2019i vler\u00ebsuar z\u00ebrin e saj si k\u00ebng\u00ebtare. Nd\u00ebrsa sot \u00ebsht\u00eb n\u00eb karrigen ku i duhet t\u00eb vler\u00ebsoj\u00eb e t\u00eb jap sugjerime.<\/p>\n<p><a href=\"http:\/\/www.visit-ulcinj.com\/blog\/wp-content\/uploads\/2012\/03\/Vesa-Luma_-E-\u00e7mendur-pas-shpejt\u00ebsis\u00eb-iku-n\u00eb-Ulqin.jpg\"><img loading=\"lazy\" class=\"alignleft size-full wp-image-58642\" title=\"Vesa Luma_ E \u00e7mendur pas shpejt\u00ebsis\u00eb iku n\u00eb Ulqin\" src=\"http:\/\/www.visit-ulcinj.com\/blog\/wp-content\/uploads\/2012\/03\/Vesa-Luma_-E-\u00e7mendur-pas-shpejt\u00ebsis\u00eb-iku-n\u00eb-Ulqin.jpg\" alt=\"\" width=\"800\" height=\"600\" \/><\/a><\/p>\n<p>N\u00eb nj\u00eb bised\u00eb m\u00eb t\u00eb, kuptuan se \u00ebsht\u00eb shum\u00eb e ndjeshme dhe syri i saj mbushet me lot\u00eb sa her\u00eb i duhet t\u00eb kujtoj\u00eb e t\u00eb flas\u00eb p\u00ebr veten dhe gj\u00ebrat e bukura q\u00eb e rrethojn\u00eb. Merr gjith\u00e7ka me zem\u00ebr dhe zor se e zhg\u00ebnjen veten n\u00eb k\u00ebt\u00eb pik\u00eb. P\u00ebr shkak t\u00eb pjes\u00ebmarrjes n\u00eb jurin\u00eb e spektaklit, jeton n\u00eb Tiran\u00eb n\u00eb nj\u00eb apartament me qira. D\u00ebshira e saj p\u00ebr t\u00eb bler\u00eb nj\u00eb sht\u00ebpi k\u00ebtu \u00ebsht\u00eb e kahershme, por jo n\u00eb kryeqytet. \u00cbndrra e madhe e Ves\u00ebs \u00ebsht\u00eb Dh\u00ebrmiu. Tregon se nuk ka ver\u00eb q\u00eb t\u00eb mos kaloj\u00eb disa dit\u00eb n\u00eb rrezet e diellit n\u00eb jug t\u00eb Shqip\u00ebris\u00eb. Pik\u00ebrisht nga aty, i ka premtuar vetes nj\u00eb banes\u00eb n\u00eb k\u00ebt\u00eb zon\u00eb, t\u00eb cil\u00ebn e vler\u00ebson si p\u00ebrrallore. Ne kemi biseduar me Ves\u00ebn p\u00ebr eksperienc\u00ebn e saj n\u00eb \u201cX Factor\u201d, p\u00ebr muzik\u00ebn, p\u00ebr veten dhe familjen.<\/p>\n<p><strong>Vesa, sot jeni n\u00eb jurin\u00eb e nj\u00eb spektakli ku vler\u00ebsohen talente t\u00eb reja, dikur keni qen\u00eb vet\u00eb n\u00eb rolin e k\u00ebtyre t\u00eb rinjve, a u rikthehen kujtime?<\/strong><\/p>\n<p>N\u00eb fillim kur m\u00eb b\u00ebn\u00eb ftes\u00ebn e dija q\u00eb do t\u00eb ishte nj\u00eb p\u00ebrgjegj\u00ebsi shum\u00eb e madhe. Ndoshta pak m\u00eb e madhe nga an\u00ebtar\u00ebt e tjer\u00eb t\u00eb juris\u00eb, pasi konkurrent\u00ebt kishin m\u00eb shum\u00eb shpres\u00eb tek un\u00eb, pasi isha nj\u00eb nga personat q\u00eb kisha dal\u00eb nga konkurrime t\u00eb tilla. Konkurrent\u00ebt, t\u00eb cil\u00ebt i vler\u00ebsoj un\u00eb jan\u00eb mbi mosh\u00ebn 23 vje\u00e7 dhe e kam disi t\u00eb v\u00ebshtir\u00eb q\u00eb t\u2019iu k\u00ebrkoj llogari e t\u00eb b\u00ebj tamam rolin e zysh\u00ebs. Nga nj\u00ebra an\u00eb kjo \u00ebsht\u00eb nj\u00eb sfid\u00eb m\u00eb e madhe p\u00ebr ta por edhe jan\u00eb m\u00eb t\u00eb pjekur. Kam menduar q\u00eb do t\u00eb jem un\u00eb ajo q\u00eb do t\u00eb jap e do shpenzoj energji, por nga ana tjet\u00ebr edhe un\u00eb po m\u00ebsoj shum\u00eb. \u00c7do vit tendencat ndryshojn\u00eb dhe t\u00eb rinjt\u00eb vijn\u00eb me nj\u00eb frym\u00eb t\u00eb re. Ajo \u00e7ka po p\u00ebrfitoj\u00eb \u00ebsht\u00eb se jan\u00eb shum\u00eb m\u00eb t\u00eb lir\u00eb n\u00eb paraqitje, n\u00eb komunikim dhe sigurisht edhe n\u00eb interpretim.<\/p>\n<p><strong>N\u00eb Shqip\u00ebri, gjithmon\u00eb e m\u00eb shpesh po b\u00ebhen programe t\u00eb tilla, por a kemi talente, p\u00ebr t\u00eb investuar kaq shum\u00eb n\u00eb k\u00ebto talent-shou?<\/strong><\/p>\n<p>Edhe un\u00eb n\u00eb fakt e kam menduar k\u00ebt\u00eb gj\u00eb, dhe isha n\u00eb dilem\u00eb vazhdimisht e thoja: Po tani \u00e7far\u00eb do t\u00eb nxjerrim! Por si\u00e7 duket, shqiptar\u00ebt, n\u00eb p\u00ebrgjith\u00ebsi jan\u00eb t\u00eb lindur dhe ajo \u00e7far\u00eb k\u00ebrkon n\u00eb fakt \u201cX Factor\u201d \u00ebsht\u00eb di\u00e7ka tjet\u00ebr. P\u00ebrve\u00e7 vokalit q\u00eb duhet ta kesh patjet\u00ebr, ky spektak\u00ebl e k\u00ebrkon k\u00ebng\u00ebtarin n\u00eb paket\u00eb. Jo vet\u00ebm z\u00ebrin por t\u00eb jesh edhe personazh m\u00eb vete, si dhe t\u00eb kesh nj\u00eb karakter t\u00eb spikatur.<\/p>\n<p><strong>\u00cbsht\u00eb kjo nj\u00eb eksperienc\u00eb e mir\u00eb p\u00ebr ty ?<\/strong><\/p>\n<p>\u00cbsht\u00eb shum\u00eb eksperienc\u00eb e mir\u00eb, nuk ka k\u00ebnaq\u00ebsi m\u00eb t\u00eb madhe se t\u00eb shoh\u00ebsh pun\u00ebn t\u00ebnde n\u00eb ngritje.<\/p>\n<p><strong>\u00a0Kishe dh\u00ebn\u00eb ndonj\u00ebher\u00eb m\u00ebsim m\u00eb par\u00eb?<\/strong><\/p>\n<p>Jo, asnj\u00ebher\u00eb, e si\u00e7 duket paskam pas shum\u00eb energji, t\u00eb tilla. Kur kam qen\u00eb un\u00eb n\u00eb faz\u00ebn e k\u00ebtyre t\u00eb rinjve e nuk kemi pasur k\u00ebto kushte, kishim gjithmon\u00eb di\u00e7ka mang\u00ebt, k\u00ebta i kan\u00eb t\u00eb gjitha.<\/p>\n<p><strong>Je xheloze p\u00ebr k\u00ebt\u00eb gj\u00eb?<\/strong><\/p>\n<p>Nuk mund t\u00eb them se jam xheloze, se at\u00eb energji q\u00eb kam e kam dh\u00ebn\u00eb. Po edhe un\u00eb po m\u00ebsoj, aq sa po shpenzoj energji aq edhe po marr. \u00c7do konkurrent m\u00eb frym\u00ebzon p\u00ebr vete.<\/p>\n<p><a href=\"http:\/\/www.visit-ulcinj.com\/blog\/wp-content\/uploads\/2012\/03\/vesaluma-.jpg\"><img loading=\"lazy\" class=\"alignleft  wp-image-58643\" title=\"vesaluma-\" src=\"http:\/\/www.visit-ulcinj.com\/blog\/wp-content\/uploads\/2012\/03\/vesaluma-.jpg\" alt=\"\" width=\"508\" height=\"300\" \/><\/a><\/p>\n<p><strong>S\u00eb fundi keni publikuar nj\u00eb k\u00ebng\u00eb me Big Bast\u00ebn, \u201cBoom\u201d si erdhi ky bashk\u00ebpunim?<\/strong><\/p>\n<p>\u00cbsht\u00eb nj\u00eb k\u00ebng\u00eb q\u00eb e kisha menduar prej koh\u00ebs s\u00eb bashku me Bigun, por tani q\u00eb erdha n\u00eb Tiran\u00eb, mund\u00ebm ta realizonim. M\u00eb vejn\u00eb mir\u00eb q\u00eb \u00ebsht\u00eb p\u00eblqyer dhe k\u00ebt\u00eb e ndjej kudo.<\/p>\n<p><strong>Prej shum\u00eb koh\u00ebsh n\u00eb Kosov\u00eb keni b\u00ebr\u00eb moderatoren televizive. Ke hequr dor\u00eb nga televizioni?<\/strong><\/p>\n<p>Nuk dua t\u00eb them q\u00eb kam hequr dor\u00eb, por po e kompensoj me k\u00ebt\u00eb eksperienc\u00eb q\u00eb po kaloj k\u00ebtu. X facotor ka t\u00eb b\u00ebj\u00eb me muzik\u00ebn dhe k\u00ebng\u00ebt, un\u00eb kam p\u00ebrfunduar shkoll\u00ebn p\u00ebr komunikim masiv dhe kjo \u00ebsht\u00eb nj\u00eb shkoll\u00eb ekstra p\u00ebr mua. Normalisht shkolla m\u00eb ka dh\u00ebn\u00eb shum\u00eb q\u00eb t\u00eb transmetoj t\u00eb gjitha ato truket q\u00eb t\u00eb b\u00ebj\u00eb publikun p\u00ebr vete e t\u00eb kem sukses. Por prezantimin e dua dhe kjo do t\u00eb mbetet nj\u00eb fush\u00eb q\u00eb un\u00eb p\u00ebrs\u00ebri do e b\u00ebj\u00eb por jo n\u00eb k\u00ebt\u00eb koh\u00eb, ndoshta pak m\u00eb von\u00eb.<\/p>\n<p><strong>Jeton n\u00eb Shqip\u00ebri momentalisht?<\/strong><\/p>\n<p>Po jam n\u00eb nj\u00eb sht\u00ebpi me qera.<\/p>\n<p><strong>\u00cbsht\u00eb p\u00ebrfolur sikur ke bler\u00eb nj\u00eb sht\u00ebpi n\u00eb Dh\u00ebrmi?<\/strong><\/p>\n<p>Kam pas tentativa por nuk e kam bler\u00eb ende. Vazhdon t\u00eb jet\u00eb nj\u00eb nga d\u00ebshirat e mia por kam d\u00ebgjuar q\u00eb \u00ebsht\u00eb problem puna e pronave atje dhe ndaj kjo po zgjat pak sa.<\/p>\n<p><strong>T\u00eb p\u00eblqen bregdeti?<\/strong><\/p>\n<p>Nuk e di, un\u00eb kur flas p\u00ebr Dh\u00ebrmiun e kur shkoj n\u00eb at\u00eb vend kam aq shum\u00eb pasion dhe jam aq shum\u00eb e lidhur m\u00eb at\u00eb vend sa nuk mund ta shpjegoj dot. Kur kam shkuar p\u00ebr her\u00eb t\u00eb par\u00eb n\u00eb vitin 2004 dhe kam shkuar me \u00e7adra me shoq\u00ebrin\u00eb pasi i kam qejf k\u00ebto lloj aventurash e prej asaj kohe vit p\u00ebr vit shkoj atje.<\/p>\n<p><strong>Shpenzon shum\u00eb p\u00ebr veshje?<\/strong><\/p>\n<p>Harxhoj shum\u00eb sepse kam d\u00ebshir\u00eb t\u00eb vishem. \u00cbsht\u00eb e pamundur t\u00eb m\u00eb shoh\u00ebsh nj\u00eb dit\u00eb t\u00eb nj\u00ebjt\u00eb me nj\u00eb dit\u00eb tjet\u00ebr. Nuk jam e dh\u00ebn\u00eb mbas firmatove shum\u00eb, por ka veshje nga m\u00eb t\u00eb lirat e deri tek m\u00eb t\u00eb shtrenjtat.<\/p>\n<p><strong>Si ndiheni \u201cbrenda\u201d kopertinave, dhe a \u00ebsht\u00eb jeta ashtu si n\u00eb faqet e para t\u00eb revistave?<\/strong><\/p>\n<p>Njeriu e p\u00ebrcjell veten e vet edhe n\u00eb nj\u00eb kopertin\u00eb reviste apo n\u00eb nj\u00eb fotografi. Nuk them q\u00eb e kam jet\u00ebn fush\u00eb me lule. Kam nj\u00eb pjes\u00eb timen q\u00eb njer\u00ebzit nuk e din\u00eb dhe nuk jam e gatshme ta shpalos, ajo \u00ebsht\u00eb nj\u00eb an\u00eb e vuajtur e imja dhe e err\u00ebt p\u00ebr t\u00eb tjer\u00ebt. Nuk mendoj\u00eb se do shpalos ndonj\u00ebher\u00eb k\u00ebt\u00eb pjes\u00eb. \u00cbsht\u00eb pjes\u00eb imja dhe jam me veten aty. Kur m\u00ebrzitem nuk ka shanse t\u00eb m\u00eb shoh\u00eb njeri.<\/p>\n<p><strong>Kur m\u00ebrzitesh?<\/strong><\/p>\n<p>Nuk ndodh shpesh, por jan\u00eb disa data, raste\u2026 M\u00eb shum\u00eb m\u00eb ndodh q\u00eb kur g\u00ebzohem dhe m\u00ebrzitem, se at\u00eb lumturi q\u00eb kam dua t\u00eb ndaj me njer\u00ebzit q\u00eb ndoshta nuk e kam dhe kjo m\u00eb shkakton trishtim.\u00a0 Po nga nj\u00ebra an\u00eb, m\u00eb mir\u00eb q\u00eb nuk ka shkuar \u00e7do gj\u00eb vaj\u00a0 se kjo gj\u00eb m\u00eb ka b\u00ebr\u00eb t\u00eb jem me k\u00ebmb\u00eb n\u00eb tok\u00eb.<\/p>\n<p><strong>Je tip i ndjesh\u00ebm?<\/strong><\/p>\n<p>M\u00eb shum\u00eb se \u00e7\u2019duhet. E urrej k\u00ebt\u00eb gj\u00eb tek vetja por k\u00ebshtu jam. I marr gj\u00ebrat me zem\u00ebr.<\/p>\n<p><strong>T\u00eb ndodh t\u00eb afeksionohesh shum\u00eb me nj\u00eb gj\u00eb dhe m\u00eb pas t\u00eb zhg\u00ebnjehesh?<\/strong><\/p>\n<p>Me \u00e7do gj\u00eb q\u00eb d\u00ebshiroj\u00eb t\u00eb b\u00ebj mir\u00eb afeksionohem por i b\u00ebj p\u00ebrpjekjet e mia dhe kur nuk ia dal, nuk m\u00ebrzitem se di q\u00eb n\u00eb t\u00eb ardhmen do e b\u00ebj. Kur kam marr\u00eb p\u00ebrsip\u00ebr nj\u00eb pun\u00eb p\u00ebr ta b\u00ebr\u00eb e kam b\u00ebr\u00eb. I kam ambiciet e sh\u00ebndosha.<\/p>\n<p><strong>N\u00eb Prishtin\u00eb, jeton me familjen?<\/strong><\/p>\n<p>Po, jetoj me mamin dhe me motr\u00ebn.\u00a0 Kam pas mund\u00ebsi t\u00eb jetoj dhe vet\u00ebm, por nuk kam dashur se jam shum\u00eb e lidhur me familjen. I mb\u00ebshtes, n\u00eb nj\u00eb far\u00eb m\u00ebnyr\u00eb un\u00eb jam ajo q\u00eb mbaj familjen se motra studion, n\u00ebna \u00ebsht\u00eb drejtoresh\u00eb n\u00eb nj\u00eb \u00e7erdhe f\u00ebmij\u00ebsh.\u00a0 Do vazhdoj\u00eb t\u00eb jetoj\u00eb me to, deri sa t\u00eb krijoj dhe un\u00eb familjen dhe jet\u00ebn time.<\/p>\n<p><strong>\u00a0M\u00eb the pak m\u00eb par\u00eb q\u00eb t\u00eb p\u00eblqejn\u00eb aventurat, cila \u00ebsht\u00eb m\u00eb e bukura q\u00eb ke b\u00ebr\u00eb?<\/strong><\/p>\n<p>Uff, nj\u00eb gj\u00eb t\u00eb keqe q\u00eb kam \u00ebsht\u00eb se i jap makin\u00ebs me shum\u00eb shpejt\u00ebsi dhe kam filluar ta kuptoj\u00eb q\u00eb duhet ta ul shpejt\u00ebsin\u00eb. I jap shpejt\u00eb makin\u00ebs, sepse gjithmon\u00eb kam d\u00ebshir\u00eb t\u00eb jem e p\u00ebrpikt\u00eb dhe e sakt\u00eb n\u00eb koh\u00eb. Kam b\u00ebr\u00eb shum\u00eb gj\u00ebra, p\u00ebr shembull i kam r\u00ebn\u00eb bateris\u00eb 2 vjet e gjysm\u00eb, kam shkuar n\u00eb nj\u00eb vend ku jan\u00eb mbledhur gjith\u00eb rreperet e Kosov\u00ebs ku kan\u00eb sfiduar nj\u00ebri tjetrin me hip hop dhe n\u00eb aty kam marr\u00eb pjes\u00eb edhe un\u00eb. Dhe u prita shum\u00eb mir\u00eb.<\/p>\n<p><strong>Propozimi p\u00ebr t\u00eb q\u00ebn n\u00eb jurin\u00eb e \u201cX Factor\u201d ishte e regjisores Vera Grabocka, si \u00ebsht\u00eb ajo n\u00eb raport me ju?<\/strong><\/p>\n<p>\u00cbsht\u00eb p\u00ebr t\u2019u admiruar nj\u00eb njeri i till\u00eb, e b\u00ebn me aq pasion at\u00eb pun\u00eb sa ma ka transmetuar edhe mua. N\u00eb asnj\u00eb moment ajo nuk ka nd\u00ebrhyr\u00eb n\u00eb pun\u00ebn ton\u00eb, as p\u00ebr konkurrentet e as p\u00ebr sjelljet tona. \u00cbsht\u00eb nj\u00eb grua q\u00eb nuk fle, sa her\u00eb q\u00eb dal nga provat ja shoh drit\u00ebn ndezur. M\u00eb t\u00eb v\u00ebrtet\u00eb \u00ebsht\u00eb p\u00ebr t\u2019u admiruar nj\u00eb grua e till\u00eb, kam marr\u00eb nj\u00eb shkoll\u00eb t\u00eb jasht\u00ebzakonshme tek ajo si person.<\/p>\n<p>Entela Resuli Gazeta Shekulli<\/p>\n<!--YouTube Error: bad URL entered-->\n","protected":false},"excerpt":{"rendered":"<p>E veshur me xhinse t\u00eb grisura, bluz\u00eb t\u00eb bardh\u00eb dhe atlete, \u00ebsht\u00eb gati p\u00ebr t\u00eb ikur n\u00eb Ulqin. N\u00eb fakt k\u00ebto koh\u00eb, p\u00ebr shkak t\u00eb angazhimit n\u00eb jurin\u00eb e \u201cX Factor\u201d e ka pasur t\u00eb v\u00ebshtir\u00eb t\u00eb jet\u00eb e pranishme n\u00eb \u00e7do koncert, por ia ka dal\u00eb. Dikur ka qen\u00eb vet\u00eb p\u00ebrball\u00eb juris\u00eb, at\u00ebher\u00eb mori [&hellip;]<\/p>\n","protected":false},"author":1,"featured_media":0,"comment_status":"open","ping_status":"closed","sticky":false,"template":"","format":"standard","meta":{"spay_email":"","jetpack_publicize_message":"","jetpack_is_tweetstorm":false,"jetpack_publicize_feature_enabled":true},"categories":[1],"tags":[19677,19806,16036,8966,19514,19511,19513,4684,200,5017,19460],"jetpack_publicize_connections":[],"yoast_head":"<!-- This site is optimized with the Yoast SEO plugin v19.1 - https:\/\/yoast.com\/wordpress\/plugins\/seo\/ -->\n<title>Vesa Luma: E \u00e7mendur pas shpejt\u00ebsis\u00eb iku n\u00eb Ulqin - Lajme nga Ulqini<\/title>\n<meta name=\"description\" content=\"E veshur me xhinse t\u00eb grisura, bluz\u00eb t\u00eb bardh\u00eb dhe atlete, \u00ebsht\u00eb gati p\u00ebr t\u00eb ikur n\u00eb Ulqin. N\u00eb fakt k\u00ebto koh\u00eb, p\u00ebr shkak t\u00eb angazhimit n\u00eb jurin\u00eb e \u201cX\" \/>\n<meta name=\"robots\" content=\"index, follow, max-snippet:-1, max-image-preview:large, max-video-preview:-1\" \/>\n<link rel=\"canonical\" href=\"https:\/\/www.visit-ulcinj.com\/blog\/2012\/03\/26\/vesa-luma-e-cmendur-pas-shpejtesise-iku-ne-ulqin\/\" \/>\n<meta property=\"og:locale\" content=\"en_US\" \/>\n<meta property=\"og:type\" content=\"article\" \/>\n<meta property=\"og:title\" content=\"Vesa Luma: E \u00e7mendur pas shpejt\u00ebsis\u00eb iku n\u00eb Ulqin - Lajme nga Ulqini\" \/>\n<meta property=\"og:description\" content=\"E veshur me xhinse t\u00eb grisura, bluz\u00eb t\u00eb bardh\u00eb dhe atlete, \u00ebsht\u00eb gati p\u00ebr t\u00eb ikur n\u00eb Ulqin. N\u00eb fakt k\u00ebto koh\u00eb, p\u00ebr shkak t\u00eb angazhimit n\u00eb jurin\u00eb e \u201cX\" \/>\n<meta property=\"og:url\" content=\"https:\/\/www.visit-ulcinj.com\/blog\/2012\/03\/26\/vesa-luma-e-cmendur-pas-shpejtesise-iku-ne-ulqin\/\" \/>\n<meta property=\"og:site_name\" content=\"Lajme nga Ulqini\" \/>\n<meta property=\"article:published_time\" content=\"2012-03-26T06:39:24+00:00\" \/>\n<meta property=\"og:image\" content=\"http:\/\/www.visit-ulcinj.com\/blog\/wp-content\/uploads\/2012\/03\/vesaluma-.jpg\" \/>\n<meta name=\"twitter:label1\" content=\"Written by\" \/>\n\t<meta name=\"twitter:data1\" content=\"ulqini\" \/>\n\t<meta name=\"twitter:label2\" content=\"Est. reading time\" \/>\n\t<meta name=\"twitter:data2\" content=\"8 minutes\" \/>\n<script type=\"application\/ld+json\" class=\"yoast-schema-graph\">{\"@context\":\"https:\/\/schema.org\",\"@graph\":[{\"@type\":\"WebSite\",\"@id\":\"https:\/\/www.visit-ulcinj.com\/blog\/#website\",\"url\":\"https:\/\/www.visit-ulcinj.com\/blog\/\",\"name\":\"Lajme nga Ulqini\",\"description\":\"Lajme,Vijesti,Ulqini,Ulqin,Crna Gora,Mali i Zi\",\"potentialAction\":[{\"@type\":\"SearchAction\",\"target\":{\"@type\":\"EntryPoint\",\"urlTemplate\":\"https:\/\/www.visit-ulcinj.com\/blog\/?s={search_term_string}\"},\"query-input\":\"required name=search_term_string\"}],\"inLanguage\":\"en-US\"},{\"@type\":\"ImageObject\",\"inLanguage\":\"en-US\",\"@id\":\"https:\/\/www.visit-ulcinj.com\/blog\/2012\/03\/26\/vesa-luma-e-cmendur-pas-shpejtesise-iku-ne-ulqin\/#primaryimage\",\"url\":\"http:\/\/www.visit-ulcinj.com\/blog\/wp-content\/uploads\/2012\/03\/vesaluma-.jpg\",\"contentUrl\":\"http:\/\/www.visit-ulcinj.com\/blog\/wp-content\/uploads\/2012\/03\/vesaluma-.jpg\"},{\"@type\":\"WebPage\",\"@id\":\"https:\/\/www.visit-ulcinj.com\/blog\/2012\/03\/26\/vesa-luma-e-cmendur-pas-shpejtesise-iku-ne-ulqin\/#webpage\",\"url\":\"https:\/\/www.visit-ulcinj.com\/blog\/2012\/03\/26\/vesa-luma-e-cmendur-pas-shpejtesise-iku-ne-ulqin\/\",\"name\":\"Vesa Luma: E \u00e7mendur pas shpejt\u00ebsis\u00eb iku n\u00eb Ulqin - Lajme nga Ulqini\",\"isPartOf\":{\"@id\":\"https:\/\/www.visit-ulcinj.com\/blog\/#website\"},\"primaryImageOfPage\":{\"@id\":\"https:\/\/www.visit-ulcinj.com\/blog\/2012\/03\/26\/vesa-luma-e-cmendur-pas-shpejtesise-iku-ne-ulqin\/#primaryimage\"},\"datePublished\":\"2012-03-26T06:39:24+00:00\",\"dateModified\":\"2012-03-26T06:39:24+00:00\",\"author\":{\"@id\":\"https:\/\/www.visit-ulcinj.com\/blog\/#\/schema\/person\/dcab619c614d3038751c63bc2aadc06d\"},\"description\":\"E veshur me xhinse t\u00eb grisura, bluz\u00eb t\u00eb bardh\u00eb dhe atlete, \u00ebsht\u00eb gati p\u00ebr t\u00eb ikur n\u00eb Ulqin. N\u00eb fakt k\u00ebto koh\u00eb, p\u00ebr shkak t\u00eb angazhimit n\u00eb jurin\u00eb e \u201cX\",\"breadcrumb\":{\"@id\":\"https:\/\/www.visit-ulcinj.com\/blog\/2012\/03\/26\/vesa-luma-e-cmendur-pas-shpejtesise-iku-ne-ulqin\/#breadcrumb\"},\"inLanguage\":\"en-US\",\"potentialAction\":[{\"@type\":\"ReadAction\",\"target\":[\"https:\/\/www.visit-ulcinj.com\/blog\/2012\/03\/26\/vesa-luma-e-cmendur-pas-shpejtesise-iku-ne-ulqin\/\"]}]},{\"@type\":\"BreadcrumbList\",\"@id\":\"https:\/\/www.visit-ulcinj.com\/blog\/2012\/03\/26\/vesa-luma-e-cmendur-pas-shpejtesise-iku-ne-ulqin\/#breadcrumb\",\"itemListElement\":[{\"@type\":\"ListItem\",\"position\":1,\"name\":\"Vesa Luma: E \u00e7mendur pas shpejt\u00ebsis\u00eb iku n\u00eb Ulqin\"}]},{\"@type\":\"Person\",\"@id\":\"https:\/\/www.visit-ulcinj.com\/blog\/#\/schema\/person\/dcab619c614d3038751c63bc2aadc06d\",\"name\":\"ulqini\",\"sameAs\":[\"http:\/\/www.visit-ulcinj.com\"],\"url\":\"https:\/\/www.visit-ulcinj.com\/blog\/author\/admin\/\"}]}<\/script>\n<!-- \/ Yoast SEO plugin. -->","yoast_head_json":{"title":"Vesa Luma: E \u00e7mendur pas shpejt\u00ebsis\u00eb iku n\u00eb Ulqin - Lajme nga Ulqini","description":"E veshur me xhinse t\u00eb grisura, bluz\u00eb t\u00eb bardh\u00eb dhe atlete, \u00ebsht\u00eb gati p\u00ebr t\u00eb ikur n\u00eb Ulqin. N\u00eb fakt k\u00ebto koh\u00eb, p\u00ebr shkak t\u00eb angazhimit n\u00eb jurin\u00eb e \u201cX","robots":{"index":"index","follow":"follow","max-snippet":"max-snippet:-1","max-image-preview":"max-image-preview:large","max-video-preview":"max-video-preview:-1"},"canonical":"https:\/\/www.visit-ulcinj.com\/blog\/2012\/03\/26\/vesa-luma-e-cmendur-pas-shpejtesise-iku-ne-ulqin\/","og_locale":"en_US","og_type":"article","og_title":"Vesa Luma: E \u00e7mendur pas shpejt\u00ebsis\u00eb iku n\u00eb Ulqin - Lajme nga Ulqini","og_description":"E veshur me xhinse t\u00eb grisura, bluz\u00eb t\u00eb bardh\u00eb dhe atlete, \u00ebsht\u00eb gati p\u00ebr t\u00eb ikur n\u00eb Ulqin. N\u00eb fakt k\u00ebto koh\u00eb, p\u00ebr shkak t\u00eb angazhimit n\u00eb jurin\u00eb e \u201cX","og_url":"https:\/\/www.visit-ulcinj.com\/blog\/2012\/03\/26\/vesa-luma-e-cmendur-pas-shpejtesise-iku-ne-ulqin\/","og_site_name":"Lajme nga Ulqini","article_published_time":"2012-03-26T06:39:24+00:00","og_image":[{"url":"http:\/\/www.visit-ulcinj.com\/blog\/wp-content\/uploads\/2012\/03\/vesaluma-.jpg"}],"twitter_misc":{"Written by":"ulqini","Est. reading time":"8 minutes"},"schema":{"@context":"https:\/\/schema.org","@graph":[{"@type":"WebSite","@id":"https:\/\/www.visit-ulcinj.com\/blog\/#website","url":"https:\/\/www.visit-ulcinj.com\/blog\/","name":"Lajme nga Ulqini","description":"Lajme,Vijesti,Ulqini,Ulqin,Crna Gora,Mali i Zi","potentialAction":[{"@type":"SearchAction","target":{"@type":"EntryPoint","urlTemplate":"https:\/\/www.visit-ulcinj.com\/blog\/?s={search_term_string}"},"query-input":"required name=search_term_string"}],"inLanguage":"en-US"},{"@type":"ImageObject","inLanguage":"en-US","@id":"https:\/\/www.visit-ulcinj.com\/blog\/2012\/03\/26\/vesa-luma-e-cmendur-pas-shpejtesise-iku-ne-ulqin\/#primaryimage","url":"http:\/\/www.visit-ulcinj.com\/blog\/wp-content\/uploads\/2012\/03\/vesaluma-.jpg","contentUrl":"http:\/\/www.visit-ulcinj.com\/blog\/wp-content\/uploads\/2012\/03\/vesaluma-.jpg"},{"@type":"WebPage","@id":"https:\/\/www.visit-ulcinj.com\/blog\/2012\/03\/26\/vesa-luma-e-cmendur-pas-shpejtesise-iku-ne-ulqin\/#webpage","url":"https:\/\/www.visit-ulcinj.com\/blog\/2012\/03\/26\/vesa-luma-e-cmendur-pas-shpejtesise-iku-ne-ulqin\/","name":"Vesa Luma: E \u00e7mendur pas shpejt\u00ebsis\u00eb iku n\u00eb Ulqin - Lajme nga Ulqini","isPartOf":{"@id":"https:\/\/www.visit-ulcinj.com\/blog\/#website"},"primaryImageOfPage":{"@id":"https:\/\/www.visit-ulcinj.com\/blog\/2012\/03\/26\/vesa-luma-e-cmendur-pas-shpejtesise-iku-ne-ulqin\/#primaryimage"},"datePublished":"2012-03-26T06:39:24+00:00","dateModified":"2012-03-26T06:39:24+00:00","author":{"@id":"https:\/\/www.visit-ulcinj.com\/blog\/#\/schema\/person\/dcab619c614d3038751c63bc2aadc06d"},"description":"E veshur me xhinse t\u00eb grisura, bluz\u00eb t\u00eb bardh\u00eb dhe atlete, \u00ebsht\u00eb gati p\u00ebr t\u00eb ikur n\u00eb Ulqin. N\u00eb fakt k\u00ebto koh\u00eb, p\u00ebr shkak t\u00eb angazhimit n\u00eb jurin\u00eb e \u201cX","breadcrumb":{"@id":"https:\/\/www.visit-ulcinj.com\/blog\/2012\/03\/26\/vesa-luma-e-cmendur-pas-shpejtesise-iku-ne-ulqin\/#breadcrumb"},"inLanguage":"en-US","potentialAction":[{"@type":"ReadAction","target":["https:\/\/www.visit-ulcinj.com\/blog\/2012\/03\/26\/vesa-luma-e-cmendur-pas-shpejtesise-iku-ne-ulqin\/"]}]},{"@type":"BreadcrumbList","@id":"https:\/\/www.visit-ulcinj.com\/blog\/2012\/03\/26\/vesa-luma-e-cmendur-pas-shpejtesise-iku-ne-ulqin\/#breadcrumb","itemListElement":[{"@type":"ListItem","position":1,"name":"Vesa Luma: E \u00e7mendur pas shpejt\u00ebsis\u00eb iku n\u00eb Ulqin"}]},{"@type":"Person","@id":"https:\/\/www.visit-ulcinj.com\/blog\/#\/schema\/person\/dcab619c614d3038751c63bc2aadc06d","name":"ulqini","sameAs":["http:\/\/www.visit-ulcinj.com"],"url":"https:\/\/www.visit-ulcinj.com\/blog\/author\/admin\/"}]}},"jetpack_featured_media_url":"","jetpack_sharing_enabled":true,"jetpack_shortlink":"https:\/\/wp.me\/pe6lTn-ffP","_links":{"self":[{"href":"https:\/\/www.visit-ulcinj.com\/blog\/wp-json\/wp\/v2\/posts\/58641"}],"collection":[{"href":"https:\/\/www.visit-ulcinj.com\/blog\/wp-json\/wp\/v2\/posts"}],"about":[{"href":"https:\/\/www.visit-ulcinj.com\/blog\/wp-json\/wp\/v2\/types\/post"}],"author":[{"embeddable":true,"href":"https:\/\/www.visit-ulcinj.com\/blog\/wp-json\/wp\/v2\/users\/1"}],"replies":[{"embeddable":true,"href":"https:\/\/www.visit-ulcinj.com\/blog\/wp-json\/wp\/v2\/comments?post=58641"}],"version-history":[{"count":1,"href":"https:\/\/www.visit-ulcinj.com\/blog\/wp-json\/wp\/v2\/posts\/58641\/revisions"}],"predecessor-version":[{"id":58644,"href":"https:\/\/www.visit-ulcinj.com\/blog\/wp-json\/wp\/v2\/posts\/58641\/revisions\/58644"}],"wp:attachment":[{"href":"https:\/\/www.visit-ulcinj.com\/blog\/wp-json\/wp\/v2\/media?parent=58641"}],"wp:term":[{"taxonomy":"category","embeddable":true,"href":"https:\/\/www.visit-ulcinj.com\/blog\/wp-json\/wp\/v2\/categories?post=58641"},{"taxonomy":"post_tag","embeddable":true,"href":"https:\/\/www.visit-ulcinj.com\/blog\/wp-json\/wp\/v2\/tags?post=58641"}],"curies":[{"name":"wp","href":"https:\/\/api.w.org\/{rel}","templated":true}]}}