{"id":58654,"date":"2012-03-26T09:25:57","date_gmt":"2012-03-26T08:25:57","guid":{"rendered":"http:\/\/www.visit-ulcinj.com\/blog\/?p=58654"},"modified":"2012-03-27T07:13:58","modified_gmt":"2012-03-27T06:13:58","slug":"ulcinj-ucestvovao-na-medunarodnom-sajmu-turizma-u-moskvi","status":"publish","type":"post","link":"https:\/\/www.visit-ulcinj.com\/blog\/2012\/03\/26\/ulcinj-ucestvovao-na-medunarodnom-sajmu-turizma-u-moskvi\/","title":{"rendered":"Ulcinj u\u010destvovao na me\u0111unarodnom sajmu turizma u Moskvi"},"content":{"rendered":"<p><a href=\"http:\/\/www.visit-ulcinj.com\/blog\/wp-content\/uploads\/2012\/03\/Ulcinj-ucestvovao-na-medjunarodnom-sajmu-turizma-u-Moskvi.jpg\"><img loading=\"lazy\" class=\"alignleft\" src=\"http:\/\/www.visit-ulcinj.com\/blog\/wp-content\/uploads\/2012\/03\/Ulcinj-ucestvovao-na-medjunarodnom-sajmu-turizma-u-Moskvi.jpg\" alt=\"\" width=\"508\" height=\"315\" \/><\/a>Crnu Goru \u0107e u narednom periodu posjetiti oko 300 000 ruskih turista, 20% vi\u0161e u odnosu na prethodnu godinu, najavljeno je tokom ovogodi\u0161njeg sajma \u201eMITT 2012\u201c u Moskvi. Ministar Sekuli\u0107 je tokom tre\u0107eg dana sajma odr\u017eao brojne sastanke na kojima je iskazana izuzetno velika zainteresovanost ruskih turoperatera za na\u0161e tr\u017ei\u0161te.<br \/>\nTuroperatorima i partnerima je istakao razvojne strate\u0161ke ciljeve Crnoj Gori, posebno izdvajaju\u0107i visokokvalitetni turizam tokom \u010ditave godine, pove\u0107anje prihoda od turizma, perspektive za otvaranje atraktivnih novih radnih mjesta, odr\u017eivost i podizanje op\u0161teg nivoa kvaliteta \u017eivota. Fokus je na stvaranju kvalitetnog hotelskog sektora i njegovu specijalizaciju na raznoliku, atraktivnu turisti\u010dku infrastrukturu, uz valorizaciju znamenitih i atraktivnih predjela crnogorske kulturne ba\u0161tine.<br \/>\nTako\u0111e, ministar Sekuli\u0107 je istakao da je za ostvarenje vizije definisane Strategijom razvoja turizma do 2020. godine &#8211; da Crna Gora postane lider na Mediteranu u odre\u0111enim segmentima ponude &#8211; potrebno nastaviti strate\u0161ka partnerstva sa stranim investitorima.<br \/>\nSekuli\u0107 se osvrnuo na realizovane, zapo\u010dete i planirane investicije u izgradnji i rekonstrukciji hotelsko-turisti\u010dke infrastrukture kao \u0161to su Porto Montenegro, Aman Resorts-Sveti Stefan, Orascom-Lu\u0161tica, zatim valorizaciju lokaliteta Rose u Herceg Novom, kao i mogucnosti u sjevernom dijelu Crne Gore. Tako\u0111e, pored pomenutih, ministar je naveo jo\u0161 nekoliko atraktivnih lokacija za ovaj vid inostranih ulaganja: Ada Bojana, Velika pla\u017ea i Valdanos u Ulcinju, Ostrvo cvije\u0107a u Tivtu, Kumbor u Herceg Novom, Bigovo, \u017dabljak i Kola\u0161in.<br \/>\nMinistar je stavio akcenat i na budu\u0107e investicione aktivnosti: izgradnja hotelskih kapaciteta i sli\u010dnih objekata za odmor koji zadovoljavaju kriterijume vi\u0161ih kategorija. Tako\u0111e, ukazana je potreba za agresivnijom promotivnom kampanjom, posebno na ruskim elektronskim medijima.<br \/>\n&#8220;MITT&#8221; se odr\u017eava tradicionalno u Expocentru Krasnaya Presnaya, na povr\u0161ini ve\u0107oj od 50.000m2. Crna Gora je predstavila turisti\u010dku ponudu na \u0161tandu koji je vizuelno prilago\u0111en ruskom tr\u017ei\u0161tu veli\u010dine 110m2 u okru\u017eenju mediteranskih zemalja. Na \u0161tandu CG svoju ponudu predstavljaju i: strate\u0161ki partneri Hotels Group Montenegro Stars, , The Queen of Montenegro, HG Budvanska Rivijera, lokalne turisti\u010dke organizacije Budve i Cetinja, turisti\u010dka agencija BokaBay, turoperatori R-Tours, Talas M, Crna Gora Tours, Brezna Tours, Travel Centar, Neva Montenegro kao i hoteli: Maestral, Hunguest Hotels Sun Resort, Grand, HTP Korali, HTP Onogo\u0161t.<\/p>\n<p><strong>Vlada.me<br \/>\n\n\t\t<style type=\"text\/css\">\n\t\t\t#gallery-1 {\n\t\t\t\tmargin: auto;\n\t\t\t}\n\t\t\t#gallery-1 .gallery-item {\n\t\t\t\tfloat: left;\n\t\t\t\tmargin-top: 10px;\n\t\t\t\ttext-align: center;\n\t\t\t\twidth: 33%;\n\t\t\t}\n\t\t\t#gallery-1 img {\n\t\t\t\tborder: 2px solid #cfcfcf;\n\t\t\t}\n\t\t\t#gallery-1 .gallery-caption {\n\t\t\t\tmargin-left: 0;\n\t\t\t}\n\t\t\t\/* see gallery_shortcode() in wp-includes\/media.php *\/\n\t\t<\/style>\n\t\t<div id='gallery-1' class='gallery galleryid-58654 gallery-columns-3 gallery-size-thumbnail'><dl class='gallery-item'>\n\t\t\t<dt class='gallery-icon landscape'>\n\t\t\t\t<a href='https:\/\/www.visit-ulcinj.com\/blog\/wp-content\/uploads\/2012\/03\/Ulcinj-ucestvovao-na-medjunarodnom-sajmu-turizma-u-Moskvi.jpg'><img width=\"150\" height=\"150\" src=\"https:\/\/www.visit-ulcinj.com\/blog\/wp-content\/uploads\/2012\/03\/Ulcinj-ucestvovao-na-medjunarodnom-sajmu-turizma-u-Moskvi-150x150.jpg\" class=\"attachment-thumbnail size-thumbnail\" alt=\"\" loading=\"lazy\" \/><\/a>\n\t\t\t<\/dt><\/dl><dl class='gallery-item'>\n\t\t\t<dt class='gallery-icon portrait'>\n\t\t\t\t<a href='https:\/\/www.visit-ulcinj.com\/blog\/wp-content\/uploads\/2012\/03\/Ulcinj-ucestvovao-na-medjunarodnom-sajmu-turizma-u-Moskvi.1.jpg'><img width=\"150\" height=\"150\" src=\"https:\/\/www.visit-ulcinj.com\/blog\/wp-content\/uploads\/2012\/03\/Ulcinj-ucestvovao-na-medjunarodnom-sajmu-turizma-u-Moskvi.1-150x150.jpg\" class=\"attachment-thumbnail size-thumbnail\" alt=\"\" loading=\"lazy\" \/><\/a>\n\t\t\t<\/dt><\/dl><dl class='gallery-item'>\n\t\t\t<dt class='gallery-icon landscape'>\n\t\t\t\t<a href='https:\/\/www.visit-ulcinj.com\/blog\/wp-content\/uploads\/2012\/03\/Ulcinj-ucestvovao-na-medjunarodnom-sajmu-turizma-u-Moskvi.2.jpg'><img width=\"150\" height=\"150\" src=\"https:\/\/www.visit-ulcinj.com\/blog\/wp-content\/uploads\/2012\/03\/Ulcinj-ucestvovao-na-medjunarodnom-sajmu-turizma-u-Moskvi.2-150x150.jpg\" class=\"attachment-thumbnail size-thumbnail\" alt=\"\" loading=\"lazy\" \/><\/a>\n\t\t\t<\/dt><\/dl><br style=\"clear: both\" \/>\n\t\t<\/div>\n<\/p>\n<p><\/strong><\/p>\n<!--YouTube Error: bad URL entered-->\n","protected":false},"excerpt":{"rendered":"<p>Crnu Goru \u0107e u narednom periodu posjetiti oko 300 000 ruskih turista, 20% vi\u0161e u odnosu na prethodnu godinu, najavljeno je tokom ovogodi\u0161njeg sajma \u201eMITT 2012\u201c u Moskvi. Ministar Sekuli\u0107 je tokom tre\u0107eg dana sajma odr\u017eao brojne sastanke na kojima je iskazana izuzetno velika zainteresovanost ruskih turoperatera za na\u0161e tr\u017ei\u0161te. Turoperatorima i partnerima je istakao [&hellip;]<\/p>\n","protected":false},"author":1,"featured_media":0,"comment_status":"open","ping_status":"closed","sticky":false,"template":"","format":"standard","meta":{"spay_email":"","jetpack_publicize_message":"","jetpack_is_tweetstorm":false,"jetpack_publicize_feature_enabled":true},"categories":[8337],"tags":[250,17587,19],"jetpack_publicize_connections":[],"yoast_head":"<!-- This site is optimized with the Yoast SEO plugin v19.1 - https:\/\/yoast.com\/wordpress\/plugins\/seo\/ -->\n<title>Ulcinj u\u010destvovao na me\u0111unarodnom sajmu turizma u Moskvi - Lajme nga Ulqini<\/title>\n<meta name=\"description\" content=\"Crnu Goru \u0107e u narednom periodu posjetiti oko 300 000 ruskih turista, 20% vi\u0161e u odnosu na prethodnu godinu, najavljeno je tokom ovogodi\u0161njeg sajma \u201eMITT\" \/>\n<meta name=\"robots\" content=\"index, follow, max-snippet:-1, max-image-preview:large, max-video-preview:-1\" \/>\n<link rel=\"canonical\" href=\"https:\/\/www.visit-ulcinj.com\/blog\/2012\/03\/26\/ulcinj-ucestvovao-na-medunarodnom-sajmu-turizma-u-moskvi\/\" \/>\n<meta property=\"og:locale\" content=\"en_US\" \/>\n<meta property=\"og:type\" content=\"article\" \/>\n<meta property=\"og:title\" content=\"Ulcinj u\u010destvovao na me\u0111unarodnom sajmu turizma u Moskvi - Lajme nga Ulqini\" \/>\n<meta property=\"og:description\" content=\"Crnu Goru \u0107e u narednom periodu posjetiti oko 300 000 ruskih turista, 20% vi\u0161e u odnosu na prethodnu godinu, najavljeno je tokom ovogodi\u0161njeg sajma \u201eMITT\" \/>\n<meta property=\"og:url\" content=\"https:\/\/www.visit-ulcinj.com\/blog\/2012\/03\/26\/ulcinj-ucestvovao-na-medunarodnom-sajmu-turizma-u-moskvi\/\" \/>\n<meta property=\"og:site_name\" content=\"Lajme nga Ulqini\" \/>\n<meta property=\"article:published_time\" content=\"2012-03-26T08:25:57+00:00\" \/>\n<meta property=\"article:modified_time\" content=\"2012-03-27T06:13:58+00:00\" \/>\n<meta property=\"og:image\" content=\"https:\/\/www.visit-ulcinj.com\/blog\/wp-content\/uploads\/2012\/03\/Ulcinj-ucestvovao-na-medjunarodnom-sajmu-turizma-u-Moskvi-150x150.jpg\" \/>\n<meta name=\"twitter:label1\" content=\"Written by\" \/>\n\t<meta name=\"twitter:data1\" content=\"ulqini\" \/>\n\t<meta name=\"twitter:label2\" content=\"Est. reading time\" \/>\n\t<meta name=\"twitter:data2\" content=\"2 minutes\" \/>\n<script type=\"application\/ld+json\" class=\"yoast-schema-graph\">{\"@context\":\"https:\/\/schema.org\",\"@graph\":[{\"@type\":\"WebSite\",\"@id\":\"https:\/\/www.visit-ulcinj.com\/blog\/#website\",\"url\":\"https:\/\/www.visit-ulcinj.com\/blog\/\",\"name\":\"Lajme nga Ulqini\",\"description\":\"Lajme,Vijesti,Ulqini,Ulqin,Crna Gora,Mali i Zi\",\"potentialAction\":[{\"@type\":\"SearchAction\",\"target\":{\"@type\":\"EntryPoint\",\"urlTemplate\":\"https:\/\/www.visit-ulcinj.com\/blog\/?s={search_term_string}\"},\"query-input\":\"required name=search_term_string\"}],\"inLanguage\":\"en-US\"},{\"@type\":\"ImageObject\",\"inLanguage\":\"en-US\",\"@id\":\"https:\/\/www.visit-ulcinj.com\/blog\/2012\/03\/26\/ulcinj-ucestvovao-na-medunarodnom-sajmu-turizma-u-moskvi\/#primaryimage\",\"url\":\"https:\/\/www.visit-ulcinj.com\/blog\/wp-content\/uploads\/2012\/03\/Ulcinj-ucestvovao-na-medjunarodnom-sajmu-turizma-u-Moskvi.jpg\",\"contentUrl\":\"https:\/\/www.visit-ulcinj.com\/blog\/wp-content\/uploads\/2012\/03\/Ulcinj-ucestvovao-na-medjunarodnom-sajmu-turizma-u-Moskvi.jpg\",\"width\":\"508\",\"height\":\"315\"},{\"@type\":\"WebPage\",\"@id\":\"https:\/\/www.visit-ulcinj.com\/blog\/2012\/03\/26\/ulcinj-ucestvovao-na-medunarodnom-sajmu-turizma-u-moskvi\/#webpage\",\"url\":\"https:\/\/www.visit-ulcinj.com\/blog\/2012\/03\/26\/ulcinj-ucestvovao-na-medunarodnom-sajmu-turizma-u-moskvi\/\",\"name\":\"Ulcinj u\u010destvovao na me\u0111unarodnom sajmu turizma u Moskvi - Lajme nga Ulqini\",\"isPartOf\":{\"@id\":\"https:\/\/www.visit-ulcinj.com\/blog\/#website\"},\"primaryImageOfPage\":{\"@id\":\"https:\/\/www.visit-ulcinj.com\/blog\/2012\/03\/26\/ulcinj-ucestvovao-na-medunarodnom-sajmu-turizma-u-moskvi\/#primaryimage\"},\"datePublished\":\"2012-03-26T08:25:57+00:00\",\"dateModified\":\"2012-03-27T06:13:58+00:00\",\"author\":{\"@id\":\"https:\/\/www.visit-ulcinj.com\/blog\/#\/schema\/person\/dcab619c614d3038751c63bc2aadc06d\"},\"description\":\"Crnu Goru \u0107e u narednom periodu posjetiti oko 300 000 ruskih turista, 20% vi\u0161e u odnosu na prethodnu godinu, najavljeno je tokom ovogodi\u0161njeg sajma \u201eMITT\",\"breadcrumb\":{\"@id\":\"https:\/\/www.visit-ulcinj.com\/blog\/2012\/03\/26\/ulcinj-ucestvovao-na-medunarodnom-sajmu-turizma-u-moskvi\/#breadcrumb\"},\"inLanguage\":\"en-US\",\"potentialAction\":[{\"@type\":\"ReadAction\",\"target\":[\"https:\/\/www.visit-ulcinj.com\/blog\/2012\/03\/26\/ulcinj-ucestvovao-na-medunarodnom-sajmu-turizma-u-moskvi\/\"]}]},{\"@type\":\"BreadcrumbList\",\"@id\":\"https:\/\/www.visit-ulcinj.com\/blog\/2012\/03\/26\/ulcinj-ucestvovao-na-medunarodnom-sajmu-turizma-u-moskvi\/#breadcrumb\",\"itemListElement\":[{\"@type\":\"ListItem\",\"position\":1,\"name\":\"Ulcinj u\u010destvovao na me\u0111unarodnom sajmu turizma u Moskvi\"}]},{\"@type\":\"Person\",\"@id\":\"https:\/\/www.visit-ulcinj.com\/blog\/#\/schema\/person\/dcab619c614d3038751c63bc2aadc06d\",\"name\":\"ulqini\",\"sameAs\":[\"http:\/\/www.visit-ulcinj.com\"],\"url\":\"https:\/\/www.visit-ulcinj.com\/blog\/author\/admin\/\"}]}<\/script>\n<!-- \/ Yoast SEO plugin. -->","yoast_head_json":{"title":"Ulcinj u\u010destvovao na me\u0111unarodnom sajmu turizma u Moskvi - Lajme nga Ulqini","description":"Crnu Goru \u0107e u narednom periodu posjetiti oko 300 000 ruskih turista, 20% vi\u0161e u odnosu na prethodnu godinu, najavljeno je tokom ovogodi\u0161njeg sajma \u201eMITT","robots":{"index":"index","follow":"follow","max-snippet":"max-snippet:-1","max-image-preview":"max-image-preview:large","max-video-preview":"max-video-preview:-1"},"canonical":"https:\/\/www.visit-ulcinj.com\/blog\/2012\/03\/26\/ulcinj-ucestvovao-na-medunarodnom-sajmu-turizma-u-moskvi\/","og_locale":"en_US","og_type":"article","og_title":"Ulcinj u\u010destvovao na me\u0111unarodnom sajmu turizma u Moskvi - Lajme nga Ulqini","og_description":"Crnu Goru \u0107e u narednom periodu posjetiti oko 300 000 ruskih turista, 20% vi\u0161e u odnosu na prethodnu godinu, najavljeno je tokom ovogodi\u0161njeg sajma \u201eMITT","og_url":"https:\/\/www.visit-ulcinj.com\/blog\/2012\/03\/26\/ulcinj-ucestvovao-na-medunarodnom-sajmu-turizma-u-moskvi\/","og_site_name":"Lajme nga Ulqini","article_published_time":"2012-03-26T08:25:57+00:00","article_modified_time":"2012-03-27T06:13:58+00:00","og_image":[{"url":"https:\/\/www.visit-ulcinj.com\/blog\/wp-content\/uploads\/2012\/03\/Ulcinj-ucestvovao-na-medjunarodnom-sajmu-turizma-u-Moskvi-150x150.jpg"}],"twitter_misc":{"Written by":"ulqini","Est. reading time":"2 minutes"},"schema":{"@context":"https:\/\/schema.org","@graph":[{"@type":"WebSite","@id":"https:\/\/www.visit-ulcinj.com\/blog\/#website","url":"https:\/\/www.visit-ulcinj.com\/blog\/","name":"Lajme nga Ulqini","description":"Lajme,Vijesti,Ulqini,Ulqin,Crna Gora,Mali i Zi","potentialAction":[{"@type":"SearchAction","target":{"@type":"EntryPoint","urlTemplate":"https:\/\/www.visit-ulcinj.com\/blog\/?s={search_term_string}"},"query-input":"required name=search_term_string"}],"inLanguage":"en-US"},{"@type":"ImageObject","inLanguage":"en-US","@id":"https:\/\/www.visit-ulcinj.com\/blog\/2012\/03\/26\/ulcinj-ucestvovao-na-medunarodnom-sajmu-turizma-u-moskvi\/#primaryimage","url":"https:\/\/www.visit-ulcinj.com\/blog\/wp-content\/uploads\/2012\/03\/Ulcinj-ucestvovao-na-medjunarodnom-sajmu-turizma-u-Moskvi.jpg","contentUrl":"https:\/\/www.visit-ulcinj.com\/blog\/wp-content\/uploads\/2012\/03\/Ulcinj-ucestvovao-na-medjunarodnom-sajmu-turizma-u-Moskvi.jpg","width":"508","height":"315"},{"@type":"WebPage","@id":"https:\/\/www.visit-ulcinj.com\/blog\/2012\/03\/26\/ulcinj-ucestvovao-na-medunarodnom-sajmu-turizma-u-moskvi\/#webpage","url":"https:\/\/www.visit-ulcinj.com\/blog\/2012\/03\/26\/ulcinj-ucestvovao-na-medunarodnom-sajmu-turizma-u-moskvi\/","name":"Ulcinj u\u010destvovao na me\u0111unarodnom sajmu turizma u Moskvi - Lajme nga Ulqini","isPartOf":{"@id":"https:\/\/www.visit-ulcinj.com\/blog\/#website"},"primaryImageOfPage":{"@id":"https:\/\/www.visit-ulcinj.com\/blog\/2012\/03\/26\/ulcinj-ucestvovao-na-medunarodnom-sajmu-turizma-u-moskvi\/#primaryimage"},"datePublished":"2012-03-26T08:25:57+00:00","dateModified":"2012-03-27T06:13:58+00:00","author":{"@id":"https:\/\/www.visit-ulcinj.com\/blog\/#\/schema\/person\/dcab619c614d3038751c63bc2aadc06d"},"description":"Crnu Goru \u0107e u narednom periodu posjetiti oko 300 000 ruskih turista, 20% vi\u0161e u odnosu na prethodnu godinu, najavljeno je tokom ovogodi\u0161njeg sajma \u201eMITT","breadcrumb":{"@id":"https:\/\/www.visit-ulcinj.com\/blog\/2012\/03\/26\/ulcinj-ucestvovao-na-medunarodnom-sajmu-turizma-u-moskvi\/#breadcrumb"},"inLanguage":"en-US","potentialAction":[{"@type":"ReadAction","target":["https:\/\/www.visit-ulcinj.com\/blog\/2012\/03\/26\/ulcinj-ucestvovao-na-medunarodnom-sajmu-turizma-u-moskvi\/"]}]},{"@type":"BreadcrumbList","@id":"https:\/\/www.visit-ulcinj.com\/blog\/2012\/03\/26\/ulcinj-ucestvovao-na-medunarodnom-sajmu-turizma-u-moskvi\/#breadcrumb","itemListElement":[{"@type":"ListItem","position":1,"name":"Ulcinj u\u010destvovao na me\u0111unarodnom sajmu turizma u Moskvi"}]},{"@type":"Person","@id":"https:\/\/www.visit-ulcinj.com\/blog\/#\/schema\/person\/dcab619c614d3038751c63bc2aadc06d","name":"ulqini","sameAs":["http:\/\/www.visit-ulcinj.com"],"url":"https:\/\/www.visit-ulcinj.com\/blog\/author\/admin\/"}]}},"jetpack_featured_media_url":"","jetpack_sharing_enabled":true,"jetpack_shortlink":"https:\/\/wp.me\/pe6lTn-fg2","_links":{"self":[{"href":"https:\/\/www.visit-ulcinj.com\/blog\/wp-json\/wp\/v2\/posts\/58654"}],"collection":[{"href":"https:\/\/www.visit-ulcinj.com\/blog\/wp-json\/wp\/v2\/posts"}],"about":[{"href":"https:\/\/www.visit-ulcinj.com\/blog\/wp-json\/wp\/v2\/types\/post"}],"author":[{"embeddable":true,"href":"https:\/\/www.visit-ulcinj.com\/blog\/wp-json\/wp\/v2\/users\/1"}],"replies":[{"embeddable":true,"href":"https:\/\/www.visit-ulcinj.com\/blog\/wp-json\/wp\/v2\/comments?post=58654"}],"version-history":[{"count":4,"href":"https:\/\/www.visit-ulcinj.com\/blog\/wp-json\/wp\/v2\/posts\/58654\/revisions"}],"predecessor-version":[{"id":58721,"href":"https:\/\/www.visit-ulcinj.com\/blog\/wp-json\/wp\/v2\/posts\/58654\/revisions\/58721"}],"wp:attachment":[{"href":"https:\/\/www.visit-ulcinj.com\/blog\/wp-json\/wp\/v2\/media?parent=58654"}],"wp:term":[{"taxonomy":"category","embeddable":true,"href":"https:\/\/www.visit-ulcinj.com\/blog\/wp-json\/wp\/v2\/categories?post=58654"},{"taxonomy":"post_tag","embeddable":true,"href":"https:\/\/www.visit-ulcinj.com\/blog\/wp-json\/wp\/v2\/tags?post=58654"}],"curies":[{"name":"wp","href":"https:\/\/api.w.org\/{rel}","templated":true}]}}