{"id":5866,"date":"2008-11-12T03:07:25","date_gmt":"2008-11-12T08:07:25","guid":{"rendered":"http:\/\/www.visit-ulcinj.com\/blog\/?p=5866"},"modified":"2008-11-12T03:07:25","modified_gmt":"2008-11-12T08:07:25","slug":"dedae-konsideroj-veten-me-fat","status":"publish","type":"post","link":"https:\/\/www.visit-ulcinj.com\/blog\/2008\/11\/12\/dedae-konsideroj-veten-me-fat\/","title":{"rendered":"Deda:E konsideroj veten me fat"},"content":{"rendered":"<p><a href=\"http:\/\/www.visit-ulcinj.com\/blog\/wp-content\/uploads\/2008\/11\/shpat-deda.jpg\"><img loading=\"lazy\" class=\"alignleft size-thumbnail wp-image-5867\" title=\"shpat-deda\" src=\"http:\/\/www.visit-ulcinj.com\/blog\/wp-content\/uploads\/2008\/11\/shpat-deda-150x150.jpg\" alt=\"\" width=\"185\" height=\"170\" \/><\/a>K\u00ebng\u00ebtari Shpat Deda ka th\u00ebn\u00eb se k\u00ebnga &#8220;\u00cbnd\u00ebrroj&#8221;, ishte k\u00ebnga meritore e cila ia hapi dyert drejt karrier\u00ebs muzikore, nd\u00ebrkoh\u00eb q\u00eb e konsideron veten me fat, pasi ka qen\u00eb i rrethuar me njer\u00ebz t\u00eb cil\u00ebt e kan\u00eb mb\u00ebshtetur dhe e kan\u00eb vler\u00ebsuar muzik\u00ebn e tij.<br \/>\n\u201cE konsideroj veten shuam me fat, sepse prej fillimit kam qen\u00eb i rrethuar me njer\u00ebz t\u00eb cil\u00ebt m\u00eb kan\u00eb p\u00ebrkrahur dhe ma kan\u00eb leht\u00ebsuar dep\u00ebrtimin n\u00eb sken\u00eb\u201d.<br \/>\n\u201cK\u00ebnga e cila m\u00eb prezantoi te publiku \u00ebsht\u00eb k\u00ebnga \u2018\u00cbnd\u00ebrroj\u2019, e cila e ka edhe videoklipin dhe me t\u00eb cil\u00ebn fitova \u00e7mimin \u2018Artisti i ri m\u00eb i mir\u00eb\u2019 n\u00eb \u2018Top Fest\u2019\u201d, \u00ebsht\u00eb shprehur Deda p\u00ebr gazet\u00ebn \u201cKosova Sot\u201d.<\/p>\n<!--YouTube Error: bad URL entered-->\n","protected":false},"excerpt":{"rendered":"<p>K\u00ebng\u00ebtari Shpat Deda ka th\u00ebn\u00eb se k\u00ebnga &#8220;\u00cbnd\u00ebrroj&#8221;, ishte k\u00ebnga meritore e cila ia hapi dyert drejt karrier\u00ebs muzikore, nd\u00ebrkoh\u00eb q\u00eb e konsideron veten me fat, pasi ka qen\u00eb i rrethuar me njer\u00ebz t\u00eb cil\u00ebt e kan\u00eb mb\u00ebshtetur dhe e kan\u00eb vler\u00ebsuar muzik\u00ebn e tij. \u201cE konsideroj veten shuam me fat, sepse prej fillimit kam [&hellip;]<\/p>\n","protected":false},"author":1,"featured_media":0,"comment_status":"open","ping_status":"closed","sticky":false,"template":"","format":"standard","meta":{"spay_email":"","jetpack_publicize_message":"","jetpack_is_tweetstorm":false,"jetpack_publicize_feature_enabled":true},"categories":[1],"tags":[5008],"jetpack_publicize_connections":[],"yoast_head":"<!-- This site is optimized with the Yoast SEO plugin v19.1 - https:\/\/yoast.com\/wordpress\/plugins\/seo\/ -->\n<title>Deda:E konsideroj veten me fat - Lajme nga Ulqini<\/title>\n<meta name=\"description\" content=\"K\u00ebng\u00ebtari Shpat Deda ka th\u00ebn\u00eb se k\u00ebnga &quot;\u00cbnd\u00ebrroj&quot;, ishte k\u00ebnga meritore e cila ia hapi dyert drejt karrier\u00ebs muzikore, nd\u00ebrkoh\u00eb q\u00eb e konsideron veten me\" \/>\n<meta name=\"robots\" content=\"index, follow, max-snippet:-1, max-image-preview:large, max-video-preview:-1\" \/>\n<link rel=\"canonical\" href=\"https:\/\/www.visit-ulcinj.com\/blog\/2008\/11\/12\/dedae-konsideroj-veten-me-fat\/\" \/>\n<meta property=\"og:locale\" content=\"en_US\" \/>\n<meta property=\"og:type\" content=\"article\" \/>\n<meta property=\"og:title\" content=\"Deda:E konsideroj veten me fat - Lajme nga Ulqini\" \/>\n<meta property=\"og:description\" content=\"K\u00ebng\u00ebtari Shpat Deda ka th\u00ebn\u00eb se k\u00ebnga &quot;\u00cbnd\u00ebrroj&quot;, ishte k\u00ebnga meritore e cila ia hapi dyert drejt karrier\u00ebs muzikore, nd\u00ebrkoh\u00eb q\u00eb e konsideron veten me\" \/>\n<meta property=\"og:url\" content=\"https:\/\/www.visit-ulcinj.com\/blog\/2008\/11\/12\/dedae-konsideroj-veten-me-fat\/\" \/>\n<meta property=\"og:site_name\" content=\"Lajme nga Ulqini\" \/>\n<meta property=\"article:published_time\" content=\"2008-11-12T08:07:25+00:00\" \/>\n<meta property=\"og:image\" content=\"http:\/\/www.visit-ulcinj.com\/blog\/wp-content\/uploads\/2008\/11\/shpat-deda-150x150.jpg\" \/>\n<meta name=\"twitter:label1\" content=\"Written by\" \/>\n\t<meta name=\"twitter:data1\" content=\"ulqini\" \/>\n\t<meta name=\"twitter:label2\" content=\"Est. reading time\" \/>\n\t<meta name=\"twitter:data2\" content=\"1 minute\" \/>\n<script type=\"application\/ld+json\" class=\"yoast-schema-graph\">{\"@context\":\"https:\/\/schema.org\",\"@graph\":[{\"@type\":\"WebSite\",\"@id\":\"https:\/\/www.visit-ulcinj.com\/blog\/#website\",\"url\":\"https:\/\/www.visit-ulcinj.com\/blog\/\",\"name\":\"Lajme nga Ulqini\",\"description\":\"Lajme,Vijesti,Ulqini,Ulqin,Crna Gora,Mali i Zi\",\"potentialAction\":[{\"@type\":\"SearchAction\",\"target\":{\"@type\":\"EntryPoint\",\"urlTemplate\":\"https:\/\/www.visit-ulcinj.com\/blog\/?s={search_term_string}\"},\"query-input\":\"required name=search_term_string\"}],\"inLanguage\":\"en-US\"},{\"@type\":\"ImageObject\",\"inLanguage\":\"en-US\",\"@id\":\"https:\/\/www.visit-ulcinj.com\/blog\/2008\/11\/12\/dedae-konsideroj-veten-me-fat\/#primaryimage\",\"url\":\"http:\/\/www.visit-ulcinj.com\/blog\/wp-content\/uploads\/2008\/11\/shpat-deda-150x150.jpg\",\"contentUrl\":\"http:\/\/www.visit-ulcinj.com\/blog\/wp-content\/uploads\/2008\/11\/shpat-deda-150x150.jpg\"},{\"@type\":\"WebPage\",\"@id\":\"https:\/\/www.visit-ulcinj.com\/blog\/2008\/11\/12\/dedae-konsideroj-veten-me-fat\/#webpage\",\"url\":\"https:\/\/www.visit-ulcinj.com\/blog\/2008\/11\/12\/dedae-konsideroj-veten-me-fat\/\",\"name\":\"Deda:E konsideroj veten me fat - Lajme nga Ulqini\",\"isPartOf\":{\"@id\":\"https:\/\/www.visit-ulcinj.com\/blog\/#website\"},\"primaryImageOfPage\":{\"@id\":\"https:\/\/www.visit-ulcinj.com\/blog\/2008\/11\/12\/dedae-konsideroj-veten-me-fat\/#primaryimage\"},\"datePublished\":\"2008-11-12T08:07:25+00:00\",\"dateModified\":\"2008-11-12T08:07:25+00:00\",\"author\":{\"@id\":\"https:\/\/www.visit-ulcinj.com\/blog\/#\/schema\/person\/dcab619c614d3038751c63bc2aadc06d\"},\"description\":\"K\u00ebng\u00ebtari Shpat Deda ka th\u00ebn\u00eb se k\u00ebnga \\\"\u00cbnd\u00ebrroj\\\", ishte k\u00ebnga meritore e cila ia hapi dyert drejt karrier\u00ebs muzikore, nd\u00ebrkoh\u00eb q\u00eb e konsideron veten me\",\"breadcrumb\":{\"@id\":\"https:\/\/www.visit-ulcinj.com\/blog\/2008\/11\/12\/dedae-konsideroj-veten-me-fat\/#breadcrumb\"},\"inLanguage\":\"en-US\",\"potentialAction\":[{\"@type\":\"ReadAction\",\"target\":[\"https:\/\/www.visit-ulcinj.com\/blog\/2008\/11\/12\/dedae-konsideroj-veten-me-fat\/\"]}]},{\"@type\":\"BreadcrumbList\",\"@id\":\"https:\/\/www.visit-ulcinj.com\/blog\/2008\/11\/12\/dedae-konsideroj-veten-me-fat\/#breadcrumb\",\"itemListElement\":[{\"@type\":\"ListItem\",\"position\":1,\"name\":\"Deda:E konsideroj veten me fat\"}]},{\"@type\":\"Person\",\"@id\":\"https:\/\/www.visit-ulcinj.com\/blog\/#\/schema\/person\/dcab619c614d3038751c63bc2aadc06d\",\"name\":\"ulqini\",\"sameAs\":[\"http:\/\/www.visit-ulcinj.com\"],\"url\":\"https:\/\/www.visit-ulcinj.com\/blog\/author\/admin\/\"}]}<\/script>\n<!-- \/ Yoast SEO plugin. -->","yoast_head_json":{"title":"Deda:E konsideroj veten me fat - Lajme nga Ulqini","description":"K\u00ebng\u00ebtari Shpat Deda ka th\u00ebn\u00eb se k\u00ebnga \"\u00cbnd\u00ebrroj\", ishte k\u00ebnga meritore e cila ia hapi dyert drejt karrier\u00ebs muzikore, nd\u00ebrkoh\u00eb q\u00eb e konsideron veten me","robots":{"index":"index","follow":"follow","max-snippet":"max-snippet:-1","max-image-preview":"max-image-preview:large","max-video-preview":"max-video-preview:-1"},"canonical":"https:\/\/www.visit-ulcinj.com\/blog\/2008\/11\/12\/dedae-konsideroj-veten-me-fat\/","og_locale":"en_US","og_type":"article","og_title":"Deda:E konsideroj veten me fat - Lajme nga Ulqini","og_description":"K\u00ebng\u00ebtari Shpat Deda ka th\u00ebn\u00eb se k\u00ebnga \"\u00cbnd\u00ebrroj\", ishte k\u00ebnga meritore e cila ia hapi dyert drejt karrier\u00ebs muzikore, nd\u00ebrkoh\u00eb q\u00eb e konsideron veten me","og_url":"https:\/\/www.visit-ulcinj.com\/blog\/2008\/11\/12\/dedae-konsideroj-veten-me-fat\/","og_site_name":"Lajme nga Ulqini","article_published_time":"2008-11-12T08:07:25+00:00","og_image":[{"url":"http:\/\/www.visit-ulcinj.com\/blog\/wp-content\/uploads\/2008\/11\/shpat-deda-150x150.jpg"}],"twitter_misc":{"Written by":"ulqini","Est. reading time":"1 minute"},"schema":{"@context":"https:\/\/schema.org","@graph":[{"@type":"WebSite","@id":"https:\/\/www.visit-ulcinj.com\/blog\/#website","url":"https:\/\/www.visit-ulcinj.com\/blog\/","name":"Lajme nga Ulqini","description":"Lajme,Vijesti,Ulqini,Ulqin,Crna Gora,Mali i Zi","potentialAction":[{"@type":"SearchAction","target":{"@type":"EntryPoint","urlTemplate":"https:\/\/www.visit-ulcinj.com\/blog\/?s={search_term_string}"},"query-input":"required name=search_term_string"}],"inLanguage":"en-US"},{"@type":"ImageObject","inLanguage":"en-US","@id":"https:\/\/www.visit-ulcinj.com\/blog\/2008\/11\/12\/dedae-konsideroj-veten-me-fat\/#primaryimage","url":"http:\/\/www.visit-ulcinj.com\/blog\/wp-content\/uploads\/2008\/11\/shpat-deda-150x150.jpg","contentUrl":"http:\/\/www.visit-ulcinj.com\/blog\/wp-content\/uploads\/2008\/11\/shpat-deda-150x150.jpg"},{"@type":"WebPage","@id":"https:\/\/www.visit-ulcinj.com\/blog\/2008\/11\/12\/dedae-konsideroj-veten-me-fat\/#webpage","url":"https:\/\/www.visit-ulcinj.com\/blog\/2008\/11\/12\/dedae-konsideroj-veten-me-fat\/","name":"Deda:E konsideroj veten me fat - Lajme nga Ulqini","isPartOf":{"@id":"https:\/\/www.visit-ulcinj.com\/blog\/#website"},"primaryImageOfPage":{"@id":"https:\/\/www.visit-ulcinj.com\/blog\/2008\/11\/12\/dedae-konsideroj-veten-me-fat\/#primaryimage"},"datePublished":"2008-11-12T08:07:25+00:00","dateModified":"2008-11-12T08:07:25+00:00","author":{"@id":"https:\/\/www.visit-ulcinj.com\/blog\/#\/schema\/person\/dcab619c614d3038751c63bc2aadc06d"},"description":"K\u00ebng\u00ebtari Shpat Deda ka th\u00ebn\u00eb se k\u00ebnga \"\u00cbnd\u00ebrroj\", ishte k\u00ebnga meritore e cila ia hapi dyert drejt karrier\u00ebs muzikore, nd\u00ebrkoh\u00eb q\u00eb e konsideron veten me","breadcrumb":{"@id":"https:\/\/www.visit-ulcinj.com\/blog\/2008\/11\/12\/dedae-konsideroj-veten-me-fat\/#breadcrumb"},"inLanguage":"en-US","potentialAction":[{"@type":"ReadAction","target":["https:\/\/www.visit-ulcinj.com\/blog\/2008\/11\/12\/dedae-konsideroj-veten-me-fat\/"]}]},{"@type":"BreadcrumbList","@id":"https:\/\/www.visit-ulcinj.com\/blog\/2008\/11\/12\/dedae-konsideroj-veten-me-fat\/#breadcrumb","itemListElement":[{"@type":"ListItem","position":1,"name":"Deda:E konsideroj veten me fat"}]},{"@type":"Person","@id":"https:\/\/www.visit-ulcinj.com\/blog\/#\/schema\/person\/dcab619c614d3038751c63bc2aadc06d","name":"ulqini","sameAs":["http:\/\/www.visit-ulcinj.com"],"url":"https:\/\/www.visit-ulcinj.com\/blog\/author\/admin\/"}]}},"jetpack_featured_media_url":"","jetpack_sharing_enabled":true,"jetpack_shortlink":"https:\/\/wp.me\/pe6lTn-1wC","_links":{"self":[{"href":"https:\/\/www.visit-ulcinj.com\/blog\/wp-json\/wp\/v2\/posts\/5866"}],"collection":[{"href":"https:\/\/www.visit-ulcinj.com\/blog\/wp-json\/wp\/v2\/posts"}],"about":[{"href":"https:\/\/www.visit-ulcinj.com\/blog\/wp-json\/wp\/v2\/types\/post"}],"author":[{"embeddable":true,"href":"https:\/\/www.visit-ulcinj.com\/blog\/wp-json\/wp\/v2\/users\/1"}],"replies":[{"embeddable":true,"href":"https:\/\/www.visit-ulcinj.com\/blog\/wp-json\/wp\/v2\/comments?post=5866"}],"version-history":[{"count":0,"href":"https:\/\/www.visit-ulcinj.com\/blog\/wp-json\/wp\/v2\/posts\/5866\/revisions"}],"wp:attachment":[{"href":"https:\/\/www.visit-ulcinj.com\/blog\/wp-json\/wp\/v2\/media?parent=5866"}],"wp:term":[{"taxonomy":"category","embeddable":true,"href":"https:\/\/www.visit-ulcinj.com\/blog\/wp-json\/wp\/v2\/categories?post=5866"},{"taxonomy":"post_tag","embeddable":true,"href":"https:\/\/www.visit-ulcinj.com\/blog\/wp-json\/wp\/v2\/tags?post=5866"}],"curies":[{"name":"wp","href":"https:\/\/api.w.org\/{rel}","templated":true}]}}