{"id":58664,"date":"2012-03-26T17:09:26","date_gmt":"2012-03-26T16:09:26","guid":{"rendered":"http:\/\/www.visit-ulcinj.com\/blog\/?p=58664"},"modified":"2012-03-26T17:09:26","modified_gmt":"2012-03-26T16:09:26","slug":"leterr-e-hapur-e-shoqates-ana-e-malit-derguar-ekzekutivit-dhe-legjislativit-te-komunes-se-ulqinit","status":"publish","type":"post","link":"https:\/\/www.visit-ulcinj.com\/blog\/2012\/03\/26\/leterr-e-hapur-e-shoqates-ana-e-malit-derguar-ekzekutivit-dhe-legjislativit-te-komunes-se-ulqinit\/","title":{"rendered":"Let\u00ebrr e hapur e shoqat\u00ebs &#8221;Ana e Malit&#8221; d\u00ebrguar Ekzekutivit dhe Legjislativit te Komunes s\u00eb Ulqinit"},"content":{"rendered":"<p><a href=\"http:\/\/www.visit-ulcinj.com\/blog\/wp-content\/uploads\/2012\/03\/SHOQATA-SHQIPTARO-AMERIKANE-ALBANIAN-AMERICAN-ASSOCIATION-ANA-E-MALIT.jpg\"><img loading=\"lazy\" class=\"alignleft  wp-image-58665\" title=\"SHOQATA SHQIPTARO AMERIKANE - ALBANIAN AMERICAN ASSOCIATION - ANA E MALIT\" src=\"http:\/\/www.visit-ulcinj.com\/blog\/wp-content\/uploads\/2012\/03\/SHOQATA-SHQIPTARO-AMERIKANE-ALBANIAN-AMERICAN-ASSOCIATION-ANA-E-MALIT.jpg\" alt=\"\" width=\"508\" height=\"100\" \/><\/a>New York,<\/p>\n<p>25 Mars 2012,<\/p>\n<p>I nderuar Kryetar i Komun\u00ebs z. Cungu,<\/p>\n<p>I nderuar Kryetar i Kuvendit z. Mustafa,<\/p>\n<p>T\u00eb nderuar K\u00ebshilltar t\u00eb Kuvendit t\u00eb Komun\u00ebs s\u00eb Ulqinit,<\/p>\n<p>Sot para jush gjindet nj\u00eb Akt-Vendim p\u00ebr aprovimin e Planit Detal Urbanistik t\u00eb Fush\u00ebs s\u00eb Ulqinit, fati i t\u00eb cilit m\u2019varet nga vota juaj si p\u00ebrfaq\u00ebsues legjitim i popullit t\u00eb Komun\u00ebs s\u00eb Ulqinit.<\/p>\n<p>Mbas nj\u00eb analize detale profesionale t\u00eb projektit urbanistik, p\u00ebrshkrimit teknik dhe arsyetueshm\u00ebris\u00eb, jemi t\u00eb mendimi se plani n\u00eb fjal \u00ebsht\u00eb n\u00eb kund\u00ebrshtim me:<\/p>\n<ul>\n<li>Kushtetut\u00ebn e Malit t\u00eb Zi,<\/li>\n<li>Dokumentin e zhvillimit t\u00eb Malit t\u00eb Zi si shtet Ekologjik<\/li>\n<li>Strategjin\u00eb Nacionale t\u00eb Malit t\u00eb Zi p\u00ebr Zhvillim t\u00eb Q\u00ebndruesh\u00ebm<\/li>\n<li>Strategjin\u00eb e Malit t\u00eb Zi p\u00ebr zhvillimin e kapaciteteve turistike n\u00eb bregdetin e Malit t\u00eb Zi<\/li>\n<li>Konventat nd\u00ebrkomb\u00ebtare p\u00ebr ruajtjen e pakicave<\/li>\n<\/ul>\n<p>&nbsp;<\/p>\n<p>Ky Plan nuk \u00ebsht\u00eb asgj\u00eb tjet\u00ebr, p\u00ebrve\u00e7 degradim i hapsir\u00ebs urbane t\u00eb Komun\u00ebs s\u00eb Ulqinit dhe nj\u00eb \u201cKolonizim Modern\u201d i inicuar nga grupacionet e interesit. Ky kolonizim vet\u00ebm nga m\u00ebnyra ndryshon prej Kolonizimit t\u00eb Ulqinit nga Mbret\u00ebria Malazeze e Nikoll\u00ebs, q\u00eb me shum\u00eb p\u00ebrpikm\u00ebri paraqitet n\u00eb punimin historiko-shkencor t\u00eb Mr. Riza Rexh\u00ebs \u201cUlqini dhe Politika e Malit t\u00eb Zi 1881-1912\u201d, i cili testament duhet t\u00eb merret parasysh \u00e7doher\u00eb kur \u00ebsht\u00eb n\u00eb pytje zhvillimi shoq\u00ebror dhe kulturor i Ulqinit.<\/p>\n<p>Planifikimet Hapsinore Urbane jan\u00eb procese komplekse dhe multidisciplinare, por p\u00ebr hir t\u00eb koh\u00ebs do t\u00eb ndalemi n\u00eb arsyetimet q\u00eb prekin principet fundamentale t\u00eb zhvillimit t\u00eb q\u00ebndruesh\u00ebm urban.<\/p>\n<p>&nbsp;<\/p>\n<p>Arsyet \u201c<strong>Pse JU duhet ti thoni &#8211; JO\u201d <\/strong>Fush\u00ebs s\u00eb Ulqinit jan\u00eb:<\/p>\n<p>Aspekti Urbanistik<\/p>\n<ul>\n<li>P\u00ebr t\u00eb kuptuar r\u00ebnd\u00ebsin e Planifikimit Hapsinor duhet t\u00eb kuptohemi se<\/li>\n<\/ul>\n<p>&nbsp;<\/p>\n<p><strong>\u201cPlanifikimi Hapsinor ka p\u00ebr q\u00ebllim shp\u00ebrndarjen e balancuar ekonomike n\u00eb zhvillimin e nj\u00eb treve, q\u00eb p\u00ebrndryshe do t\u00eb ishte viktim\u00eb e Fuqis\u00eb s\u00eb Tregut.\u201d <\/strong><\/p>\n<ul>\n<li>Fusha e Ulqinit n\u00eb t\u00eb gjitha planifikimet urbane deri n\u00eb vitin 2009 ka qen\u00eb Zon\u00eb e dedikuar p\u00ebr agrokultur\u00eb.<\/li>\n<li>N\u00eb vitin 2009 nga Fakulteti i Nd\u00ebrtimtaris\u00eb s\u00eb Podgoric\u00ebs me p\u00ebgjegj\u00ebs kryesor Nikolla Drakiq, inxh. i arkitektur\u00ebs, b\u00ebhet ndryshimi i Fush\u00ebs s\u00eb Ulqinit n\u00eb zon\u00eb p\u00ebr banim dhe kapacitete turistike, edhe pse i nj\u00ebjti arkitekt n\u00eb Planin Hapsinor t\u00eb Ulqinit n\u00eb vitin 2006 t\u00eb nj\u00ebjt\u00ebn hapsir\u00eb e ka dedikuar p\u00ebr agrokultur\u00eb. Ky veprim qartazi na jep t\u00eb kuptojm se kemi t\u00eb b\u00ebjm\u00eb me korrupcion t\u00eb influencuar nga Grupe t\u00eb Interesit<\/li>\n<\/ul>\n<p>&nbsp;<\/p>\n<p>Aspekti i Zhvillimit t\u00eb Q\u00ebndruesh\u00ebm<\/p>\n<ul>\n<li>Duke marr\u00eb parasysh\u00eb rritjen globale t\u00eb popull\u00ebsis\u00eb dhe nevoj\u00ebs s\u00eb ruatjes s\u00eb ambientit dhe resurseve natyrore, q\u00eb p\u00ebr \u00e7do dit\u00eb e m\u00eb tep\u00ebr \u00ebsht\u00eb aktuale, Mali i Zi ka p\u00ebrpiluar Strategjin\u00eb e Zhvillimit t\u00eb Q\u00ebndruesh\u00ebm. Ky dokument nuk lejon urbanizime t\u00eb hov\u00ebshme, por ato duhet t\u00eb jen\u00eb graduale n\u00eb raport me nevojat e popullat\u00ebs lokale me q\u00ebllim q\u00eb t\u00eb ruhet ballanci natyror dhe shoq\u00ebror.<\/li>\n<li>N\u00eb baz\u00eb t\u00eb statistikave t\u00eb cenzuseve t\u00eb vitit 1991, 2003 dhe 2011 Ulqini ka stagnim n\u00eb rritjen e popull\u00ebsis\u00eb q\u00eb demanton nevoj\u00ebn p\u00ebr nj\u00eb ekspansion urban<\/li>\n<\/ul>\n<p>&nbsp;<\/p>\n<p>Aspekti i zhvillimit Turistik<\/p>\n<ul>\n<li>Mali i Zi ka punuar strategjine p\u00ebr zhvillimin e turizmit n\u00eb zon\u00ebn bregdetare, ku primar \u00ebsht\u00eb zhvillimi i turizmit hotelier.<\/li>\n<li>Sipas k\u00ebsaj strategjie n\u00eb Ulqin deri n\u00eb vitin 2020 duhet te ket\u00eb 36,000 shtret\u00ebr n\u00eb akomodimet hotelerike, nd\u00ebrsa n\u00eb sektorin privat duhet t\u00eb ket\u00eb 15,000 shtret\u00ebr.<\/li>\n<li>Dihet se Ulqini gjat\u00eb sezon\u00ebs s\u00eb ver\u00ebs n\u00eb sektorin privat akomodon mbi 100-130 mij\u00eb turist, num\u00ebr q\u00eb e tejkalon p\u00ebr 700%-900% kapacitetin e p\u00ebrcaktuar nga Qeveria e Malit t\u00eb Zi, kurse Qeveria q\u00ebllimisht e anashkalon k\u00ebt\u00eb realitet n\u00eb m\u00ebnyr\u00eb t\u00eb vazhdueshme p\u00ebr t\u00eb arsyetuar nd\u00ebrtimin e kapaciteteve t\u00eb reja,<\/li>\n<\/ul>\n<p>&nbsp;<\/p>\n<p>Aspekti Financiar<\/p>\n<ul>\n<li>Slogani se \u201cFusha e Ulqinit\u201d do ti zgjedh\u00eb problemet ekonomike t\u00eb Ulqinit nuk \u00ebsht\u00eb real kur dihet se nuk ekziston nj\u00eb aparat administartiv funksional, i cili do t\u00eb kishte mund\u00ebsi t\u00eb ballafaqohet me sfidat e nj\u00eb projekti kapital si\u00e7 \u00ebsht\u00eb Fusha e Ulqinit<\/li>\n<\/ul>\n<ul>\n<li>\u00b7 Pastaj jan\u00eb shum\u00eb t\u00eb paqarta vlera dhe m\u00ebnyra e tjet\u00ebrsimit t\u00eb pronave p\u00ebr nd\u00ebrtimin e infrastruktur\u00ebs<\/li>\n<li>Nuk ka nj\u00eb llogari, e cila do t\u00eb d\u00ebshmonte n\u00eb m\u00ebnyr t\u00eb qart leverdin\u00eb ekonomike<\/li>\n<\/ul>\n<p>&nbsp;<\/p>\n<p>Aspekti Politik Kulturor<\/p>\n<ul>\n<li>Ulqini ka identitet demografik, ai \u00ebshte qend\u00ebr e Shqiptar\u00ebve n\u00eb shtetin e Malit t\u00eb Zi.<\/li>\n<li>Shqiptar\u00ebt duhet t\u00eb ken\u00eb mund\u00ebsin t\u00eb ruajn p\u00ebrqindjen demografike, t\u00eb kultivojn\u00eb gjuh\u00ebn, kultur\u00ebn dhe t\u00eb ruajn identitetin e Qytetit Shqiptar\u00eb, i cili ka p\u00ebrjetu sundues n\u00eb faza t\u00eb ndryshme historike, ka ndryshu gjuh\u00ebt zyrtare nd\u00ebrkoh\u00ebra, por popullata vendase me nd\u00ebrgjegje dhe dashuri e ka ruajt gjuh\u00ebn dhe identitetin shqiptar.<\/li>\n<\/ul>\n<p>&nbsp;<\/p>\n<p>T\u00eb nderuar K\u00ebshilltar, realizimi i Planit Urbanistik \u201cFusha e Ulqinit\u201d ku jan\u00eb parapar\u00eb t\u00eb nd\u00ebrtohen objekte t\u00eb karakterit banues n\u00eb nj\u00eb afat kohor 5 vje\u00e7ar do t\u00eb ndryshoj demografin\u00eb e zon\u00ebs s\u00eb qytetit 100%. Ky plan si i till\u00eb nuk e arsyeton vehten as nga aspekti Urbanistik apo edhe ai i Strategjis\u00eb s\u00eb Zhvillimit t\u00eb Shtetit t\u00eb Malit t\u00eb Zi, i cili ka obligim kushtetues, dhe nd\u00ebrkomb\u00ebtar pasi Mali i Zi \u00ebsht\u00eb n\u00ebnshkrues i Konventave p\u00ebr mbrojtjen e pakicave etnike nga <strong>Asimilimi i Dhunsh\u00ebm. <\/strong>Andaj n\u00ebse <strong>JU<\/strong>, shqiptar\u00ebt e k\u00ebtij Kuvendi e votoni nj\u00eb plan t\u00eb k\u00ebtill at\u00ebher ky veprim do t\u00eb konsiderohet se <strong>Asimilimi \u00ebsht\u00eb i Vullnetsh\u00ebm, <\/strong>q\u00eb pranohet nga e gjith\u00eb bota.<\/p>\n<p>Duke ju uruar pun\u00eb t\u00eb mbar, shpresojm n\u00eb vullnetin tuaj p\u00ebr t\u00eb punuar n\u00eb mbrojtjen e shqiptar\u00ebve n\u00eb Ulqin dhe poashtu qartazi ti tregohet Qeveris\u00eb s\u00eb Malit t\u00eb Zi se jeni p\u00ebr Partneritet n\u00eb Zhvillimin e Q\u00ebndruesh\u00ebm t\u00eb Malit t\u00eb Zi, e jo veg\u00ebl e korrupcionit dhe politik\u00ebs anti-shqiptare.<\/p>\n<p>&nbsp;<\/p>\n<p>Me rrespekt,<\/p>\n<p>Naser \u00c7obaj &#8211; Inxh. i Arkitektur\u00ebs<\/p>\n<p>Kryetar i Shoqat\u00ebs Shqiptaro Amerikane Ana e Malit<\/p>\n<p>&nbsp;<\/p>\n","protected":false},"excerpt":{"rendered":"<p>New York, 25 Mars 2012, I nderuar Kryetar i Komun\u00ebs z. Cungu, I nderuar Kryetar i Kuvendit z. Mustafa, T\u00eb nderuar K\u00ebshilltar t\u00eb Kuvendit t\u00eb Komun\u00ebs s\u00eb Ulqinit, Sot para jush gjindet nj\u00eb Akt-Vendim p\u00ebr aprovimin e Planit Detal Urbanistik t\u00eb Fush\u00ebs s\u00eb Ulqinit, fati i t\u00eb cilit m\u2019varet nga vota juaj si p\u00ebrfaq\u00ebsues legjitim [&hellip;]<\/p>\n","protected":false},"author":1,"featured_media":0,"comment_status":"open","ping_status":"closed","sticky":false,"template":"","format":"standard","meta":{"spay_email":"","jetpack_publicize_message":"","jetpack_is_tweetstorm":false,"jetpack_publicize_feature_enabled":true},"categories":[6],"tags":[16769,200],"jetpack_publicize_connections":[],"yoast_head":"<!-- This site is optimized with the Yoast SEO plugin v19.1 - https:\/\/yoast.com\/wordpress\/plugins\/seo\/ -->\n<title>Let\u00ebrr e hapur e shoqat\u00ebs &#039;&#039;Ana e Malit&#039;&#039; d\u00ebrguar Ekzekutivit dhe Legjislativit te Komunes s\u00eb Ulqinit - Lajme nga Ulqini<\/title>\n<meta name=\"description\" content=\"New York, 25 Mars 2012, I nderuar Kryetar i Komun\u00ebs z. Cungu, I nderuar Kryetar i Kuvendit z. Mustafa, T\u00eb nderuar K\u00ebshilltar t\u00eb Kuvendit t\u00eb Komun\u00ebs s\u00eb\" \/>\n<meta name=\"robots\" content=\"index, follow, max-snippet:-1, max-image-preview:large, max-video-preview:-1\" \/>\n<link rel=\"canonical\" href=\"https:\/\/www.visit-ulcinj.com\/blog\/2012\/03\/26\/leterr-e-hapur-e-shoqates-ana-e-malit-derguar-ekzekutivit-dhe-legjislativit-te-komunes-se-ulqinit\/\" \/>\n<meta property=\"og:locale\" content=\"en_US\" \/>\n<meta property=\"og:type\" content=\"article\" \/>\n<meta property=\"og:title\" content=\"Let\u00ebrr e hapur e shoqat\u00ebs &#039;&#039;Ana e Malit&#039;&#039; d\u00ebrguar Ekzekutivit dhe Legjislativit te Komunes s\u00eb Ulqinit - Lajme nga Ulqini\" \/>\n<meta property=\"og:description\" content=\"New York, 25 Mars 2012, I nderuar Kryetar i Komun\u00ebs z. Cungu, I nderuar Kryetar i Kuvendit z. Mustafa, T\u00eb nderuar K\u00ebshilltar t\u00eb Kuvendit t\u00eb Komun\u00ebs s\u00eb\" \/>\n<meta property=\"og:url\" content=\"https:\/\/www.visit-ulcinj.com\/blog\/2012\/03\/26\/leterr-e-hapur-e-shoqates-ana-e-malit-derguar-ekzekutivit-dhe-legjislativit-te-komunes-se-ulqinit\/\" \/>\n<meta property=\"og:site_name\" content=\"Lajme nga Ulqini\" \/>\n<meta property=\"article:published_time\" content=\"2012-03-26T16:09:26+00:00\" \/>\n<meta property=\"og:image\" content=\"http:\/\/www.visit-ulcinj.com\/blog\/wp-content\/uploads\/2012\/03\/SHOQATA-SHQIPTARO-AMERIKANE-ALBANIAN-AMERICAN-ASSOCIATION-ANA-E-MALIT.jpg\" \/>\n<meta name=\"twitter:label1\" content=\"Written by\" \/>\n\t<meta name=\"twitter:data1\" content=\"ulqini\" \/>\n\t<meta name=\"twitter:label2\" content=\"Est. reading time\" \/>\n\t<meta name=\"twitter:data2\" content=\"5 minutes\" \/>\n<script type=\"application\/ld+json\" class=\"yoast-schema-graph\">{\"@context\":\"https:\/\/schema.org\",\"@graph\":[{\"@type\":\"WebSite\",\"@id\":\"https:\/\/www.visit-ulcinj.com\/blog\/#website\",\"url\":\"https:\/\/www.visit-ulcinj.com\/blog\/\",\"name\":\"Lajme nga Ulqini\",\"description\":\"Lajme,Vijesti,Ulqini,Ulqin,Crna Gora,Mali i Zi\",\"potentialAction\":[{\"@type\":\"SearchAction\",\"target\":{\"@type\":\"EntryPoint\",\"urlTemplate\":\"https:\/\/www.visit-ulcinj.com\/blog\/?s={search_term_string}\"},\"query-input\":\"required name=search_term_string\"}],\"inLanguage\":\"en-US\"},{\"@type\":\"ImageObject\",\"inLanguage\":\"en-US\",\"@id\":\"https:\/\/www.visit-ulcinj.com\/blog\/2012\/03\/26\/leterr-e-hapur-e-shoqates-ana-e-malit-derguar-ekzekutivit-dhe-legjislativit-te-komunes-se-ulqinit\/#primaryimage\",\"url\":\"https:\/\/www.visit-ulcinj.com\/blog\/wp-content\/uploads\/2012\/03\/SHOQATA-SHQIPTARO-AMERIKANE-ALBANIAN-AMERICAN-ASSOCIATION-ANA-E-MALIT.jpg\",\"contentUrl\":\"https:\/\/www.visit-ulcinj.com\/blog\/wp-content\/uploads\/2012\/03\/SHOQATA-SHQIPTARO-AMERIKANE-ALBANIAN-AMERICAN-ASSOCIATION-ANA-E-MALIT.jpg\",\"width\":\"1061\",\"height\":\"232\"},{\"@type\":\"WebPage\",\"@id\":\"https:\/\/www.visit-ulcinj.com\/blog\/2012\/03\/26\/leterr-e-hapur-e-shoqates-ana-e-malit-derguar-ekzekutivit-dhe-legjislativit-te-komunes-se-ulqinit\/#webpage\",\"url\":\"https:\/\/www.visit-ulcinj.com\/blog\/2012\/03\/26\/leterr-e-hapur-e-shoqates-ana-e-malit-derguar-ekzekutivit-dhe-legjislativit-te-komunes-se-ulqinit\/\",\"name\":\"Let\u00ebrr e hapur e shoqat\u00ebs ''Ana e Malit'' d\u00ebrguar Ekzekutivit dhe Legjislativit te Komunes s\u00eb Ulqinit - Lajme nga Ulqini\",\"isPartOf\":{\"@id\":\"https:\/\/www.visit-ulcinj.com\/blog\/#website\"},\"primaryImageOfPage\":{\"@id\":\"https:\/\/www.visit-ulcinj.com\/blog\/2012\/03\/26\/leterr-e-hapur-e-shoqates-ana-e-malit-derguar-ekzekutivit-dhe-legjislativit-te-komunes-se-ulqinit\/#primaryimage\"},\"datePublished\":\"2012-03-26T16:09:26+00:00\",\"dateModified\":\"2012-03-26T16:09:26+00:00\",\"author\":{\"@id\":\"https:\/\/www.visit-ulcinj.com\/blog\/#\/schema\/person\/dcab619c614d3038751c63bc2aadc06d\"},\"description\":\"New York, 25 Mars 2012, I nderuar Kryetar i Komun\u00ebs z. Cungu, I nderuar Kryetar i Kuvendit z. Mustafa, T\u00eb nderuar K\u00ebshilltar t\u00eb Kuvendit t\u00eb Komun\u00ebs s\u00eb\",\"breadcrumb\":{\"@id\":\"https:\/\/www.visit-ulcinj.com\/blog\/2012\/03\/26\/leterr-e-hapur-e-shoqates-ana-e-malit-derguar-ekzekutivit-dhe-legjislativit-te-komunes-se-ulqinit\/#breadcrumb\"},\"inLanguage\":\"en-US\",\"potentialAction\":[{\"@type\":\"ReadAction\",\"target\":[\"https:\/\/www.visit-ulcinj.com\/blog\/2012\/03\/26\/leterr-e-hapur-e-shoqates-ana-e-malit-derguar-ekzekutivit-dhe-legjislativit-te-komunes-se-ulqinit\/\"]}]},{\"@type\":\"BreadcrumbList\",\"@id\":\"https:\/\/www.visit-ulcinj.com\/blog\/2012\/03\/26\/leterr-e-hapur-e-shoqates-ana-e-malit-derguar-ekzekutivit-dhe-legjislativit-te-komunes-se-ulqinit\/#breadcrumb\",\"itemListElement\":[{\"@type\":\"ListItem\",\"position\":1,\"name\":\"Let\u00ebrr e hapur e shoqat\u00ebs &#8221;Ana e Malit&#8221; d\u00ebrguar Ekzekutivit dhe Legjislativit te Komunes s\u00eb Ulqinit\"}]},{\"@type\":\"Person\",\"@id\":\"https:\/\/www.visit-ulcinj.com\/blog\/#\/schema\/person\/dcab619c614d3038751c63bc2aadc06d\",\"name\":\"ulqini\",\"sameAs\":[\"http:\/\/www.visit-ulcinj.com\"],\"url\":\"https:\/\/www.visit-ulcinj.com\/blog\/author\/admin\/\"}]}<\/script>\n<!-- \/ Yoast SEO plugin. -->","yoast_head_json":{"title":"Let\u00ebrr e hapur e shoqat\u00ebs ''Ana e Malit'' d\u00ebrguar Ekzekutivit dhe Legjislativit te Komunes s\u00eb Ulqinit - Lajme nga Ulqini","description":"New York, 25 Mars 2012, I nderuar Kryetar i Komun\u00ebs z. Cungu, I nderuar Kryetar i Kuvendit z. Mustafa, T\u00eb nderuar K\u00ebshilltar t\u00eb Kuvendit t\u00eb Komun\u00ebs s\u00eb","robots":{"index":"index","follow":"follow","max-snippet":"max-snippet:-1","max-image-preview":"max-image-preview:large","max-video-preview":"max-video-preview:-1"},"canonical":"https:\/\/www.visit-ulcinj.com\/blog\/2012\/03\/26\/leterr-e-hapur-e-shoqates-ana-e-malit-derguar-ekzekutivit-dhe-legjislativit-te-komunes-se-ulqinit\/","og_locale":"en_US","og_type":"article","og_title":"Let\u00ebrr e hapur e shoqat\u00ebs ''Ana e Malit'' d\u00ebrguar Ekzekutivit dhe Legjislativit te Komunes s\u00eb Ulqinit - Lajme nga Ulqini","og_description":"New York, 25 Mars 2012, I nderuar Kryetar i Komun\u00ebs z. Cungu, I nderuar Kryetar i Kuvendit z. Mustafa, T\u00eb nderuar K\u00ebshilltar t\u00eb Kuvendit t\u00eb Komun\u00ebs s\u00eb","og_url":"https:\/\/www.visit-ulcinj.com\/blog\/2012\/03\/26\/leterr-e-hapur-e-shoqates-ana-e-malit-derguar-ekzekutivit-dhe-legjislativit-te-komunes-se-ulqinit\/","og_site_name":"Lajme nga Ulqini","article_published_time":"2012-03-26T16:09:26+00:00","og_image":[{"url":"http:\/\/www.visit-ulcinj.com\/blog\/wp-content\/uploads\/2012\/03\/SHOQATA-SHQIPTARO-AMERIKANE-ALBANIAN-AMERICAN-ASSOCIATION-ANA-E-MALIT.jpg"}],"twitter_misc":{"Written by":"ulqini","Est. reading time":"5 minutes"},"schema":{"@context":"https:\/\/schema.org","@graph":[{"@type":"WebSite","@id":"https:\/\/www.visit-ulcinj.com\/blog\/#website","url":"https:\/\/www.visit-ulcinj.com\/blog\/","name":"Lajme nga Ulqini","description":"Lajme,Vijesti,Ulqini,Ulqin,Crna Gora,Mali i Zi","potentialAction":[{"@type":"SearchAction","target":{"@type":"EntryPoint","urlTemplate":"https:\/\/www.visit-ulcinj.com\/blog\/?s={search_term_string}"},"query-input":"required name=search_term_string"}],"inLanguage":"en-US"},{"@type":"ImageObject","inLanguage":"en-US","@id":"https:\/\/www.visit-ulcinj.com\/blog\/2012\/03\/26\/leterr-e-hapur-e-shoqates-ana-e-malit-derguar-ekzekutivit-dhe-legjislativit-te-komunes-se-ulqinit\/#primaryimage","url":"https:\/\/www.visit-ulcinj.com\/blog\/wp-content\/uploads\/2012\/03\/SHOQATA-SHQIPTARO-AMERIKANE-ALBANIAN-AMERICAN-ASSOCIATION-ANA-E-MALIT.jpg","contentUrl":"https:\/\/www.visit-ulcinj.com\/blog\/wp-content\/uploads\/2012\/03\/SHOQATA-SHQIPTARO-AMERIKANE-ALBANIAN-AMERICAN-ASSOCIATION-ANA-E-MALIT.jpg","width":"1061","height":"232"},{"@type":"WebPage","@id":"https:\/\/www.visit-ulcinj.com\/blog\/2012\/03\/26\/leterr-e-hapur-e-shoqates-ana-e-malit-derguar-ekzekutivit-dhe-legjislativit-te-komunes-se-ulqinit\/#webpage","url":"https:\/\/www.visit-ulcinj.com\/blog\/2012\/03\/26\/leterr-e-hapur-e-shoqates-ana-e-malit-derguar-ekzekutivit-dhe-legjislativit-te-komunes-se-ulqinit\/","name":"Let\u00ebrr e hapur e shoqat\u00ebs ''Ana e Malit'' d\u00ebrguar Ekzekutivit dhe Legjislativit te Komunes s\u00eb Ulqinit - Lajme nga Ulqini","isPartOf":{"@id":"https:\/\/www.visit-ulcinj.com\/blog\/#website"},"primaryImageOfPage":{"@id":"https:\/\/www.visit-ulcinj.com\/blog\/2012\/03\/26\/leterr-e-hapur-e-shoqates-ana-e-malit-derguar-ekzekutivit-dhe-legjislativit-te-komunes-se-ulqinit\/#primaryimage"},"datePublished":"2012-03-26T16:09:26+00:00","dateModified":"2012-03-26T16:09:26+00:00","author":{"@id":"https:\/\/www.visit-ulcinj.com\/blog\/#\/schema\/person\/dcab619c614d3038751c63bc2aadc06d"},"description":"New York, 25 Mars 2012, I nderuar Kryetar i Komun\u00ebs z. Cungu, I nderuar Kryetar i Kuvendit z. Mustafa, T\u00eb nderuar K\u00ebshilltar t\u00eb Kuvendit t\u00eb Komun\u00ebs s\u00eb","breadcrumb":{"@id":"https:\/\/www.visit-ulcinj.com\/blog\/2012\/03\/26\/leterr-e-hapur-e-shoqates-ana-e-malit-derguar-ekzekutivit-dhe-legjislativit-te-komunes-se-ulqinit\/#breadcrumb"},"inLanguage":"en-US","potentialAction":[{"@type":"ReadAction","target":["https:\/\/www.visit-ulcinj.com\/blog\/2012\/03\/26\/leterr-e-hapur-e-shoqates-ana-e-malit-derguar-ekzekutivit-dhe-legjislativit-te-komunes-se-ulqinit\/"]}]},{"@type":"BreadcrumbList","@id":"https:\/\/www.visit-ulcinj.com\/blog\/2012\/03\/26\/leterr-e-hapur-e-shoqates-ana-e-malit-derguar-ekzekutivit-dhe-legjislativit-te-komunes-se-ulqinit\/#breadcrumb","itemListElement":[{"@type":"ListItem","position":1,"name":"Let\u00ebrr e hapur e shoqat\u00ebs &#8221;Ana e Malit&#8221; d\u00ebrguar Ekzekutivit dhe Legjislativit te Komunes s\u00eb Ulqinit"}]},{"@type":"Person","@id":"https:\/\/www.visit-ulcinj.com\/blog\/#\/schema\/person\/dcab619c614d3038751c63bc2aadc06d","name":"ulqini","sameAs":["http:\/\/www.visit-ulcinj.com"],"url":"https:\/\/www.visit-ulcinj.com\/blog\/author\/admin\/"}]}},"jetpack_featured_media_url":"","jetpack_sharing_enabled":true,"jetpack_shortlink":"https:\/\/wp.me\/pe6lTn-fgc","_links":{"self":[{"href":"https:\/\/www.visit-ulcinj.com\/blog\/wp-json\/wp\/v2\/posts\/58664"}],"collection":[{"href":"https:\/\/www.visit-ulcinj.com\/blog\/wp-json\/wp\/v2\/posts"}],"about":[{"href":"https:\/\/www.visit-ulcinj.com\/blog\/wp-json\/wp\/v2\/types\/post"}],"author":[{"embeddable":true,"href":"https:\/\/www.visit-ulcinj.com\/blog\/wp-json\/wp\/v2\/users\/1"}],"replies":[{"embeddable":true,"href":"https:\/\/www.visit-ulcinj.com\/blog\/wp-json\/wp\/v2\/comments?post=58664"}],"version-history":[{"count":6,"href":"https:\/\/www.visit-ulcinj.com\/blog\/wp-json\/wp\/v2\/posts\/58664\/revisions"}],"predecessor-version":[{"id":58672,"href":"https:\/\/www.visit-ulcinj.com\/blog\/wp-json\/wp\/v2\/posts\/58664\/revisions\/58672"}],"wp:attachment":[{"href":"https:\/\/www.visit-ulcinj.com\/blog\/wp-json\/wp\/v2\/media?parent=58664"}],"wp:term":[{"taxonomy":"category","embeddable":true,"href":"https:\/\/www.visit-ulcinj.com\/blog\/wp-json\/wp\/v2\/categories?post=58664"},{"taxonomy":"post_tag","embeddable":true,"href":"https:\/\/www.visit-ulcinj.com\/blog\/wp-json\/wp\/v2\/tags?post=58664"}],"curies":[{"name":"wp","href":"https:\/\/api.w.org\/{rel}","templated":true}]}}