{"id":58678,"date":"2012-03-26T19:36:59","date_gmt":"2012-03-26T18:36:59","guid":{"rendered":"http:\/\/www.visit-ulcinj.com\/blog\/?p=58678"},"modified":"2012-03-26T19:36:59","modified_gmt":"2012-03-26T18:36:59","slug":"tre-kongresmene-amerikan-leter-podgorices-per-shqiptaret","status":"publish","type":"post","link":"https:\/\/www.visit-ulcinj.com\/blog\/2012\/03\/26\/tre-kongresmene-amerikan-leter-podgorices-per-shqiptaret\/","title":{"rendered":"Tre kongresmen\u00eb amerikan let\u00ebr Podgoric\u00ebs p\u00ebr shqiptar\u00ebt"},"content":{"rendered":"<p><a href=\"http:\/\/www.visit-ulcinj.com\/blog\/wp-content\/uploads\/2012\/03\/Eliot-Engel_Martin-Shkreli.jpg\"><img loading=\"lazy\" class=\"alignleft size-full wp-image-58679\" title=\"Eliot Engel_Martin Shkreli\" src=\"http:\/\/www.visit-ulcinj.com\/blog\/wp-content\/uploads\/2012\/03\/Eliot-Engel_Martin-Shkreli.jpg\" alt=\"\" width=\"400\" height=\"261\" srcset=\"https:\/\/www.visit-ulcinj.com\/blog\/wp-content\/uploads\/2012\/03\/Eliot-Engel_Martin-Shkreli.jpg 400w, https:\/\/www.visit-ulcinj.com\/blog\/wp-content\/uploads\/2012\/03\/Eliot-Engel_Martin-Shkreli-300x195.jpg 300w\" sizes=\"(max-width: 400px) 100vw, 400px\" \/><\/a>Tre kongresmen\u00eb amerikan p\u00ebrmes nj\u00eb letre drejtuar autoriteteve qeveritare t\u00eb Podgoric\u00ebs k\u00ebrkojn\u00eb q\u00eb shqiptar\u00ebt t\u00eb fitojn\u00eb t\u00eb drejt\u00ebn e themelimit t\u00eb komun\u00ebs s\u00eb Tuzit, si komun\u00eb e plot\u00eb e pavarur.<\/p>\n<p>Letra \u00ebsht\u00eb firmosur nga kongresmen\u00ebt Gary Peters nga radh\u00ebt e demokrat\u00ebve, si nj\u00eb an\u00ebtar aktiv i Komitetit t\u00eb \u00c7\u00ebshtjeve Shqiptare t\u00eb Kongresit, si dhe kongresist\u00ebt Eliot Engel dhe Jean Schmid.<\/p>\n<p>&#8220;Mali i Zi duhet t\u00eb p\u00ebrmbush t\u00eb pakt\u00ebn ashtu si edhe ka premtuar, deri m\u00eb tani, k\u00ebrkesat e qytetar\u00ebve t\u00eb saj, dhe t\u00eb rishqyrtojn\u00eb \u00e7\u00ebshtjen e krijimit t\u00eb nj\u00eb komune me t\u00eb drejta t\u00eb plota t\u00eb Tuzit, me q\u00ebllim q\u00eb edhe zyrtarisht, t\u00eb Tuzi, t\u00eb marr\u00eb statusin e nj\u00eb komune t\u00eb plot\u00eb, dhe k\u00ebt\u00eb para se t\u00eb mbyllet viti 2012&#8221;, thuhet n\u00eb letr\u00ebn e drejtuar.<\/p>\n<p>Kongresmeni Peters ka qen\u00eb mysafir\u00eb i nj\u00eb aktiviteti fondmbledh\u00ebs p\u00ebr fushat\u00ebn e tij t\u00eb organizuar nga Martin Shkreli, Kryetari i Bordit t\u00eb K\u00ebshillit Komb\u00ebtar Shqiptaro- Amerikan.<\/p>\n<p>&#8220;Ne shqiptar\u00ebt besojm\u00eb shum\u00eb tek angazhimi i kongresmenit Gary Peters, q\u00eb ashtu si koleg\u00ebt e tij, t\u00eb tjer\u00eb kongresmenit Sander Levin dhe natyrisht t\u00eb kongresmenit Eliot Engel, dhe an\u00ebtarve t\u00eb tjer\u00eb t\u00eb Kongresit, besojm\u00eb se s\u00eb bashku ata do t\u00eb na ndihmojn\u00eb, ashtu si na kan\u00eb p\u00ebrkrahur dhe ndihmuar n\u00eb Shqip\u00ebtarve, q\u00eb t\u00eb arrihen t\u00eb realizohen lirit\u00eb e t\u00eb drejtat e shqiptar\u00ebve n\u00eb Mal t\u00eb Zi, Maqedoni, dhe Lugin\u00ebn e Preshev\u00ebs, p\u00ebr politik\u00ebn shqiptare n\u00eb Shqip\u00ebri, dhe Kosov\u00eb&#8221;, theksoi Shkreli. Kongresmeni Peters deklaroi se Shqip\u00ebria dhe Kosova e t\u00eb gjith\u00eb shqiptar\u00ebt kan\u00eb nj\u00eb mike t\u00eb fort\u00eb SHBA-t\u00eb.<\/p>\n<p>INA<\/p>\n","protected":false},"excerpt":{"rendered":"<p>Tre kongresmen\u00eb amerikan p\u00ebrmes nj\u00eb letre drejtuar autoriteteve qeveritare t\u00eb Podgoric\u00ebs k\u00ebrkojn\u00eb q\u00eb shqiptar\u00ebt t\u00eb fitojn\u00eb t\u00eb drejt\u00ebn e themelimit t\u00eb komun\u00ebs s\u00eb Tuzit, si komun\u00eb e plot\u00eb e pavarur. Letra \u00ebsht\u00eb firmosur nga kongresmen\u00ebt Gary Peters nga radh\u00ebt e demokrat\u00ebve, si nj\u00eb an\u00ebtar aktiv i Komitetit t\u00eb \u00c7\u00ebshtjeve Shqiptare t\u00eb Kongresit, si dhe kongresist\u00ebt [&hellip;]<\/p>\n","protected":false},"author":1,"featured_media":0,"comment_status":"open","ping_status":"closed","sticky":false,"template":"","format":"standard","meta":{"spay_email":"","jetpack_publicize_message":"","jetpack_is_tweetstorm":false,"jetpack_publicize_feature_enabled":true},"categories":[12],"tags":[3909,19863,20213,753],"jetpack_publicize_connections":[],"yoast_head":"<!-- This site is optimized with the Yoast SEO plugin v19.1 - https:\/\/yoast.com\/wordpress\/plugins\/seo\/ -->\n<title>Tre kongresmen\u00eb amerikan let\u00ebr Podgoric\u00ebs p\u00ebr shqiptar\u00ebt - Lajme nga Ulqini<\/title>\n<meta name=\"description\" content=\"Tre kongresmen\u00eb amerikan p\u00ebrmes nj\u00eb letre drejtuar autoriteteve qeveritare t\u00eb Podgoric\u00ebs k\u00ebrkojn\u00eb q\u00eb shqiptar\u00ebt t\u00eb fitojn\u00eb t\u00eb drejt\u00ebn e themelimit t\u00eb\" \/>\n<meta name=\"robots\" content=\"index, follow, max-snippet:-1, max-image-preview:large, max-video-preview:-1\" \/>\n<link rel=\"canonical\" href=\"https:\/\/www.visit-ulcinj.com\/blog\/2012\/03\/26\/tre-kongresmene-amerikan-leter-podgorices-per-shqiptaret\/\" \/>\n<meta property=\"og:locale\" content=\"en_US\" \/>\n<meta property=\"og:type\" content=\"article\" \/>\n<meta property=\"og:title\" content=\"Tre kongresmen\u00eb amerikan let\u00ebr Podgoric\u00ebs p\u00ebr shqiptar\u00ebt - Lajme nga Ulqini\" \/>\n<meta property=\"og:description\" content=\"Tre kongresmen\u00eb amerikan p\u00ebrmes nj\u00eb letre drejtuar autoriteteve qeveritare t\u00eb Podgoric\u00ebs k\u00ebrkojn\u00eb q\u00eb shqiptar\u00ebt t\u00eb fitojn\u00eb t\u00eb drejt\u00ebn e themelimit t\u00eb\" \/>\n<meta property=\"og:url\" content=\"https:\/\/www.visit-ulcinj.com\/blog\/2012\/03\/26\/tre-kongresmene-amerikan-leter-podgorices-per-shqiptaret\/\" \/>\n<meta property=\"og:site_name\" content=\"Lajme nga Ulqini\" \/>\n<meta property=\"article:published_time\" content=\"2012-03-26T18:36:59+00:00\" \/>\n<meta property=\"og:image\" content=\"http:\/\/www.visit-ulcinj.com\/blog\/wp-content\/uploads\/2012\/03\/Eliot-Engel_Martin-Shkreli.jpg\" \/>\n<meta name=\"twitter:label1\" content=\"Written by\" \/>\n\t<meta name=\"twitter:data1\" content=\"ulqini\" \/>\n\t<meta name=\"twitter:label2\" content=\"Est. reading time\" \/>\n\t<meta name=\"twitter:data2\" content=\"1 minute\" \/>\n<script type=\"application\/ld+json\" class=\"yoast-schema-graph\">{\"@context\":\"https:\/\/schema.org\",\"@graph\":[{\"@type\":\"WebSite\",\"@id\":\"https:\/\/www.visit-ulcinj.com\/blog\/#website\",\"url\":\"https:\/\/www.visit-ulcinj.com\/blog\/\",\"name\":\"Lajme nga Ulqini\",\"description\":\"Lajme,Vijesti,Ulqini,Ulqin,Crna Gora,Mali i Zi\",\"potentialAction\":[{\"@type\":\"SearchAction\",\"target\":{\"@type\":\"EntryPoint\",\"urlTemplate\":\"https:\/\/www.visit-ulcinj.com\/blog\/?s={search_term_string}\"},\"query-input\":\"required name=search_term_string\"}],\"inLanguage\":\"en-US\"},{\"@type\":\"ImageObject\",\"inLanguage\":\"en-US\",\"@id\":\"https:\/\/www.visit-ulcinj.com\/blog\/2012\/03\/26\/tre-kongresmene-amerikan-leter-podgorices-per-shqiptaret\/#primaryimage\",\"url\":\"https:\/\/www.visit-ulcinj.com\/blog\/wp-content\/uploads\/2012\/03\/Eliot-Engel_Martin-Shkreli.jpg\",\"contentUrl\":\"https:\/\/www.visit-ulcinj.com\/blog\/wp-content\/uploads\/2012\/03\/Eliot-Engel_Martin-Shkreli.jpg\",\"width\":\"400\",\"height\":\"261\"},{\"@type\":\"WebPage\",\"@id\":\"https:\/\/www.visit-ulcinj.com\/blog\/2012\/03\/26\/tre-kongresmene-amerikan-leter-podgorices-per-shqiptaret\/#webpage\",\"url\":\"https:\/\/www.visit-ulcinj.com\/blog\/2012\/03\/26\/tre-kongresmene-amerikan-leter-podgorices-per-shqiptaret\/\",\"name\":\"Tre kongresmen\u00eb amerikan let\u00ebr Podgoric\u00ebs p\u00ebr shqiptar\u00ebt - Lajme nga Ulqini\",\"isPartOf\":{\"@id\":\"https:\/\/www.visit-ulcinj.com\/blog\/#website\"},\"primaryImageOfPage\":{\"@id\":\"https:\/\/www.visit-ulcinj.com\/blog\/2012\/03\/26\/tre-kongresmene-amerikan-leter-podgorices-per-shqiptaret\/#primaryimage\"},\"datePublished\":\"2012-03-26T18:36:59+00:00\",\"dateModified\":\"2012-03-26T18:36:59+00:00\",\"author\":{\"@id\":\"https:\/\/www.visit-ulcinj.com\/blog\/#\/schema\/person\/dcab619c614d3038751c63bc2aadc06d\"},\"description\":\"Tre kongresmen\u00eb amerikan p\u00ebrmes nj\u00eb letre drejtuar autoriteteve qeveritare t\u00eb Podgoric\u00ebs k\u00ebrkojn\u00eb q\u00eb shqiptar\u00ebt t\u00eb fitojn\u00eb t\u00eb drejt\u00ebn e themelimit t\u00eb\",\"breadcrumb\":{\"@id\":\"https:\/\/www.visit-ulcinj.com\/blog\/2012\/03\/26\/tre-kongresmene-amerikan-leter-podgorices-per-shqiptaret\/#breadcrumb\"},\"inLanguage\":\"en-US\",\"potentialAction\":[{\"@type\":\"ReadAction\",\"target\":[\"https:\/\/www.visit-ulcinj.com\/blog\/2012\/03\/26\/tre-kongresmene-amerikan-leter-podgorices-per-shqiptaret\/\"]}]},{\"@type\":\"BreadcrumbList\",\"@id\":\"https:\/\/www.visit-ulcinj.com\/blog\/2012\/03\/26\/tre-kongresmene-amerikan-leter-podgorices-per-shqiptaret\/#breadcrumb\",\"itemListElement\":[{\"@type\":\"ListItem\",\"position\":1,\"name\":\"Tre kongresmen\u00eb amerikan let\u00ebr Podgoric\u00ebs p\u00ebr shqiptar\u00ebt\"}]},{\"@type\":\"Person\",\"@id\":\"https:\/\/www.visit-ulcinj.com\/blog\/#\/schema\/person\/dcab619c614d3038751c63bc2aadc06d\",\"name\":\"ulqini\",\"sameAs\":[\"http:\/\/www.visit-ulcinj.com\"],\"url\":\"https:\/\/www.visit-ulcinj.com\/blog\/author\/admin\/\"}]}<\/script>\n<!-- \/ Yoast SEO plugin. -->","yoast_head_json":{"title":"Tre kongresmen\u00eb amerikan let\u00ebr Podgoric\u00ebs p\u00ebr shqiptar\u00ebt - Lajme nga Ulqini","description":"Tre kongresmen\u00eb amerikan p\u00ebrmes nj\u00eb letre drejtuar autoriteteve qeveritare t\u00eb Podgoric\u00ebs k\u00ebrkojn\u00eb q\u00eb shqiptar\u00ebt t\u00eb fitojn\u00eb t\u00eb drejt\u00ebn e themelimit t\u00eb","robots":{"index":"index","follow":"follow","max-snippet":"max-snippet:-1","max-image-preview":"max-image-preview:large","max-video-preview":"max-video-preview:-1"},"canonical":"https:\/\/www.visit-ulcinj.com\/blog\/2012\/03\/26\/tre-kongresmene-amerikan-leter-podgorices-per-shqiptaret\/","og_locale":"en_US","og_type":"article","og_title":"Tre kongresmen\u00eb amerikan let\u00ebr Podgoric\u00ebs p\u00ebr shqiptar\u00ebt - Lajme nga Ulqini","og_description":"Tre kongresmen\u00eb amerikan p\u00ebrmes nj\u00eb letre drejtuar autoriteteve qeveritare t\u00eb Podgoric\u00ebs k\u00ebrkojn\u00eb q\u00eb shqiptar\u00ebt t\u00eb fitojn\u00eb t\u00eb drejt\u00ebn e themelimit t\u00eb","og_url":"https:\/\/www.visit-ulcinj.com\/blog\/2012\/03\/26\/tre-kongresmene-amerikan-leter-podgorices-per-shqiptaret\/","og_site_name":"Lajme nga Ulqini","article_published_time":"2012-03-26T18:36:59+00:00","og_image":[{"url":"http:\/\/www.visit-ulcinj.com\/blog\/wp-content\/uploads\/2012\/03\/Eliot-Engel_Martin-Shkreli.jpg"}],"twitter_misc":{"Written by":"ulqini","Est. reading time":"1 minute"},"schema":{"@context":"https:\/\/schema.org","@graph":[{"@type":"WebSite","@id":"https:\/\/www.visit-ulcinj.com\/blog\/#website","url":"https:\/\/www.visit-ulcinj.com\/blog\/","name":"Lajme nga Ulqini","description":"Lajme,Vijesti,Ulqini,Ulqin,Crna Gora,Mali i Zi","potentialAction":[{"@type":"SearchAction","target":{"@type":"EntryPoint","urlTemplate":"https:\/\/www.visit-ulcinj.com\/blog\/?s={search_term_string}"},"query-input":"required name=search_term_string"}],"inLanguage":"en-US"},{"@type":"ImageObject","inLanguage":"en-US","@id":"https:\/\/www.visit-ulcinj.com\/blog\/2012\/03\/26\/tre-kongresmene-amerikan-leter-podgorices-per-shqiptaret\/#primaryimage","url":"https:\/\/www.visit-ulcinj.com\/blog\/wp-content\/uploads\/2012\/03\/Eliot-Engel_Martin-Shkreli.jpg","contentUrl":"https:\/\/www.visit-ulcinj.com\/blog\/wp-content\/uploads\/2012\/03\/Eliot-Engel_Martin-Shkreli.jpg","width":"400","height":"261"},{"@type":"WebPage","@id":"https:\/\/www.visit-ulcinj.com\/blog\/2012\/03\/26\/tre-kongresmene-amerikan-leter-podgorices-per-shqiptaret\/#webpage","url":"https:\/\/www.visit-ulcinj.com\/blog\/2012\/03\/26\/tre-kongresmene-amerikan-leter-podgorices-per-shqiptaret\/","name":"Tre kongresmen\u00eb amerikan let\u00ebr Podgoric\u00ebs p\u00ebr shqiptar\u00ebt - Lajme nga Ulqini","isPartOf":{"@id":"https:\/\/www.visit-ulcinj.com\/blog\/#website"},"primaryImageOfPage":{"@id":"https:\/\/www.visit-ulcinj.com\/blog\/2012\/03\/26\/tre-kongresmene-amerikan-leter-podgorices-per-shqiptaret\/#primaryimage"},"datePublished":"2012-03-26T18:36:59+00:00","dateModified":"2012-03-26T18:36:59+00:00","author":{"@id":"https:\/\/www.visit-ulcinj.com\/blog\/#\/schema\/person\/dcab619c614d3038751c63bc2aadc06d"},"description":"Tre kongresmen\u00eb amerikan p\u00ebrmes nj\u00eb letre drejtuar autoriteteve qeveritare t\u00eb Podgoric\u00ebs k\u00ebrkojn\u00eb q\u00eb shqiptar\u00ebt t\u00eb fitojn\u00eb t\u00eb drejt\u00ebn e themelimit t\u00eb","breadcrumb":{"@id":"https:\/\/www.visit-ulcinj.com\/blog\/2012\/03\/26\/tre-kongresmene-amerikan-leter-podgorices-per-shqiptaret\/#breadcrumb"},"inLanguage":"en-US","potentialAction":[{"@type":"ReadAction","target":["https:\/\/www.visit-ulcinj.com\/blog\/2012\/03\/26\/tre-kongresmene-amerikan-leter-podgorices-per-shqiptaret\/"]}]},{"@type":"BreadcrumbList","@id":"https:\/\/www.visit-ulcinj.com\/blog\/2012\/03\/26\/tre-kongresmene-amerikan-leter-podgorices-per-shqiptaret\/#breadcrumb","itemListElement":[{"@type":"ListItem","position":1,"name":"Tre kongresmen\u00eb amerikan let\u00ebr Podgoric\u00ebs p\u00ebr shqiptar\u00ebt"}]},{"@type":"Person","@id":"https:\/\/www.visit-ulcinj.com\/blog\/#\/schema\/person\/dcab619c614d3038751c63bc2aadc06d","name":"ulqini","sameAs":["http:\/\/www.visit-ulcinj.com"],"url":"https:\/\/www.visit-ulcinj.com\/blog\/author\/admin\/"}]}},"jetpack_featured_media_url":"","jetpack_sharing_enabled":true,"jetpack_shortlink":"https:\/\/wp.me\/pe6lTn-fgq","_links":{"self":[{"href":"https:\/\/www.visit-ulcinj.com\/blog\/wp-json\/wp\/v2\/posts\/58678"}],"collection":[{"href":"https:\/\/www.visit-ulcinj.com\/blog\/wp-json\/wp\/v2\/posts"}],"about":[{"href":"https:\/\/www.visit-ulcinj.com\/blog\/wp-json\/wp\/v2\/types\/post"}],"author":[{"embeddable":true,"href":"https:\/\/www.visit-ulcinj.com\/blog\/wp-json\/wp\/v2\/users\/1"}],"replies":[{"embeddable":true,"href":"https:\/\/www.visit-ulcinj.com\/blog\/wp-json\/wp\/v2\/comments?post=58678"}],"version-history":[{"count":1,"href":"https:\/\/www.visit-ulcinj.com\/blog\/wp-json\/wp\/v2\/posts\/58678\/revisions"}],"predecessor-version":[{"id":58680,"href":"https:\/\/www.visit-ulcinj.com\/blog\/wp-json\/wp\/v2\/posts\/58678\/revisions\/58680"}],"wp:attachment":[{"href":"https:\/\/www.visit-ulcinj.com\/blog\/wp-json\/wp\/v2\/media?parent=58678"}],"wp:term":[{"taxonomy":"category","embeddable":true,"href":"https:\/\/www.visit-ulcinj.com\/blog\/wp-json\/wp\/v2\/categories?post=58678"},{"taxonomy":"post_tag","embeddable":true,"href":"https:\/\/www.visit-ulcinj.com\/blog\/wp-json\/wp\/v2\/tags?post=58678"}],"curies":[{"name":"wp","href":"https:\/\/api.w.org\/{rel}","templated":true}]}}