{"id":58727,"date":"2012-03-27T13:04:54","date_gmt":"2012-03-27T12:04:54","guid":{"rendered":"http:\/\/www.visit-ulcinj.com\/blog\/?p=58727"},"modified":"2012-03-27T13:12:50","modified_gmt":"2012-03-27T12:12:50","slug":"barovicu-solana-prodata-68-puta-nize-od-procjene","status":"publish","type":"post","link":"https:\/\/www.visit-ulcinj.com\/blog\/2012\/03\/27\/barovicu-solana-prodata-68-puta-nize-od-procjene\/","title":{"rendered":"Barovi\u0107u Solana prodata 68 puta ni\u017ee od procjene"},"content":{"rendered":"<p><a href=\"http:\/\/www.visit-ulcinj.com\/blog\/wp-content\/uploads\/2012\/03\/Ulcinjska-Solanacrna-gora.jpg\"><img loading=\"lazy\" class=\"alignleft  wp-image-58729\" title=\"Ulcinjska Solana,crna gora\" src=\"http:\/\/www.visit-ulcinj.com\/blog\/wp-content\/uploads\/2012\/03\/Ulcinjska-Solanacrna-gora.jpg\" alt=\"\" width=\"508\" height=\"360\" \/><\/a><strong>Skup\u0161tinski Odbor razmatra izmjene Prostornog plana za atraktivni dio Ulcinja<\/strong><\/p>\n<p>Postoje\u0107im prostornim planom iz 2008. lokalitet Solane, kojom od 2004. upravlja Veselin Barovi\u0107, je definisan kao gra\u0111evinsko zemlji\u0161te<\/p>\n<p>Skup\u0161tinski Odbor za turizam, poljoprivredu, ekologiju i prostorno planiranje danas \u0107e razmatrati predlog odluke o izmjeni i dopuni Prostornog plana Crne Gore do 2020. koji se odnosi na prostor ulcinjske Solane &#8220;Bajo Sekuli\u0107&#8221;, kojeg je podnijela grupa opozicionih poslanika 27. decembra 2011.<\/p>\n<p>Postoje\u0107im prostornim planom iz 2008. lokalitet Solane, kojom od 2004. upravlja Veselin Barovi\u0107, je definisan kao gra\u0111evinsko zemlji\u0161te. Izmjenama koje su podnijete na inicijativu Mre\u017ee za afirmaciju nevladinog sektora, \u017eeli se izbrisati ta definicija i Solani vratiti za\u0161ti\u0107eni status spomenika prirode kako bi nastavila osnovnu djelatnost proizvodnju soli.<\/p>\n<p>Time bi sprije\u010dili Barovi\u0107a da prodajom 15 miliona kvadrata zemlji\u0161ta Solane, koju je platio 800.000 eura, zaradi i stotine miliona jer je njena imovina nedavno prodavana na prvom tenderu za 250 miliona eura.<br \/>\n<a href=\"http:\/\/www.visit-ulcinj.com\/blog\/wp-content\/uploads\/2012\/03\/Prostornog-plana-Ulcinjska-solane.2020.jpg\"><img loading=\"lazy\" class=\"alignleft  wp-image-58733\" title=\"Prostornog plana Ulcinjska solane.2020\" src=\"http:\/\/www.visit-ulcinj.com\/blog\/wp-content\/uploads\/2012\/03\/Prostornog-plana-Ulcinjska-solane.2020.jpg\" alt=\"\" width=\"508\" height=\"300\" \/><\/a><\/p>\n<p>Direktor programa za urbanizam u MANS-u Dejan Milovac je &#8220;Vijestima&#8221; kazao da se izmjenama \u017eeli za\u0161tititi javni interes koji je bio ozbiljno ugro\u017een tokom privatizacije Solane, ali i prilikom dono\u0161enja samog plana 2008. kada je novom vlasniku omogu\u0107eno da stekne ogroman profit na ra\u010dun promjene namjene zemlji\u0161ta.<\/p>\n<p>&#8220;Ulcinjska solana je privatizovana po modelu berzanske prodaje, a ve\u0107inski paket akcija je 2004. kupio blizak prijatelj tada\u0161njeg premijera Mila \u0110ukanovi\u0107a, Veselin Barovi\u0107 preko svog Eurofonda. Barovi\u0107 je kontrolu nad Solanom i vrijednim zemlji\u0161tem dobio za nevjerovatnih 800.000 eura. Nije poznato kako su Vlada i Savjet za privatizaciju predvo\u0111eni \u0110ukanovi\u0107em odlu\u010dili da Solanu ponude na berzi, umjesto klasi\u010dnog modela privatizacije, ali ono \u0161to je jasno je da je najve\u0107u korist od takvog poteza imao Veselin Barovi\u0107, ne samo zbog cijene koja je smije\u0161na, ve\u0107 i zbog \u010dinjenice da je kupovinom akcija bio potpuno relaksiran obaveza iz uobi\u010dajenih prvatizacionih ugovora, kao \u0161to su investicije, socijalni program, ulaganje u \u017eivotnu sredinu&#8221;, naveo je Milovac.<\/p>\n<p><a href=\"http:\/\/www.vijesti.me\/vijesti\/barovicu-solana-prodata-68-puta-nize-procjene-clanak-66625\" target=\"_blank\"><strong><em>Op\u0161irnije u \u0161tampanom izdanju<\/em><\/strong><\/a><\/p>\n<p><a href=\"http:\/\/www.vijesti.me\/vijesti\/barovicu-solana-prodata-68-puta-nize-procjene-clanak-66625\" target=\"_blank\"><strong>Goran Kapor<br \/>\nVijesti<\/strong><\/a><\/p>\n<p>[flv width=&#8221;508&#8243; height=&#8221;360&#8243;]http:\/\/solana-ulcinj.com\/VTS_01_1.flv[\/flv]<\/p>\n","protected":false},"excerpt":{"rendered":"<p>Skup\u0161tinski Odbor razmatra izmjene Prostornog plana za atraktivni dio Ulcinja Postoje\u0107im prostornim planom iz 2008. lokalitet Solane, kojom od 2004. upravlja Veselin Barovi\u0107, je definisan kao gra\u0111evinsko zemlji\u0161te Skup\u0161tinski Odbor za turizam, poljoprivredu, ekologiju i prostorno planiranje danas \u0107e razmatrati predlog odluke o izmjeni i dopuni Prostornog plana Crne Gore do 2020. koji se odnosi [&hellip;]<\/p>\n","protected":false},"author":1,"featured_media":0,"comment_status":"open","ping_status":"closed","sticky":false,"template":"","format":"standard","meta":{"spay_email":"","jetpack_publicize_message":"","jetpack_is_tweetstorm":false,"jetpack_publicize_feature_enabled":true},"categories":[8337],"tags":[1968],"jetpack_publicize_connections":[],"yoast_head":"<!-- This site is optimized with the Yoast SEO plugin v19.1 - https:\/\/yoast.com\/wordpress\/plugins\/seo\/ -->\n<title>Barovi\u0107u Solana prodata 68 puta ni\u017ee od procjene - Lajme nga Ulqini<\/title>\n<meta name=\"description\" content=\"Skup\u0161tinski Odbor razmatra izmjene Prostornog plana za atraktivni dio Ulcinja Postoje\u0107im prostornim planom iz 2008. lokalitet Solane, kojom od 2004.\" \/>\n<meta name=\"robots\" content=\"index, follow, max-snippet:-1, max-image-preview:large, max-video-preview:-1\" \/>\n<link rel=\"canonical\" href=\"https:\/\/www.visit-ulcinj.com\/blog\/2012\/03\/27\/barovicu-solana-prodata-68-puta-nize-od-procjene\/\" \/>\n<meta property=\"og:locale\" content=\"en_US\" \/>\n<meta property=\"og:type\" content=\"article\" \/>\n<meta property=\"og:title\" content=\"Barovi\u0107u Solana prodata 68 puta ni\u017ee od procjene - Lajme nga Ulqini\" \/>\n<meta property=\"og:description\" content=\"Skup\u0161tinski Odbor razmatra izmjene Prostornog plana za atraktivni dio Ulcinja Postoje\u0107im prostornim planom iz 2008. lokalitet Solane, kojom od 2004.\" \/>\n<meta property=\"og:url\" content=\"https:\/\/www.visit-ulcinj.com\/blog\/2012\/03\/27\/barovicu-solana-prodata-68-puta-nize-od-procjene\/\" \/>\n<meta property=\"og:site_name\" content=\"Lajme nga Ulqini\" \/>\n<meta property=\"article:published_time\" content=\"2012-03-27T12:04:54+00:00\" \/>\n<meta property=\"article:modified_time\" content=\"2012-03-27T12:12:50+00:00\" \/>\n<meta property=\"og:image\" content=\"http:\/\/www.visit-ulcinj.com\/blog\/wp-content\/uploads\/2012\/03\/Ulcinjska-Solanacrna-gora.jpg\" \/>\n<meta name=\"twitter:label1\" content=\"Written by\" \/>\n\t<meta name=\"twitter:data1\" content=\"ulqini\" \/>\n\t<meta name=\"twitter:label2\" content=\"Est. reading time\" \/>\n\t<meta name=\"twitter:data2\" content=\"2 minutes\" \/>\n<script type=\"application\/ld+json\" class=\"yoast-schema-graph\">{\"@context\":\"https:\/\/schema.org\",\"@graph\":[{\"@type\":\"WebSite\",\"@id\":\"https:\/\/www.visit-ulcinj.com\/blog\/#website\",\"url\":\"https:\/\/www.visit-ulcinj.com\/blog\/\",\"name\":\"Lajme nga Ulqini\",\"description\":\"Lajme,Vijesti,Ulqini,Ulqin,Crna Gora,Mali i Zi\",\"potentialAction\":[{\"@type\":\"SearchAction\",\"target\":{\"@type\":\"EntryPoint\",\"urlTemplate\":\"https:\/\/www.visit-ulcinj.com\/blog\/?s={search_term_string}\"},\"query-input\":\"required name=search_term_string\"}],\"inLanguage\":\"en-US\"},{\"@type\":\"ImageObject\",\"inLanguage\":\"en-US\",\"@id\":\"https:\/\/www.visit-ulcinj.com\/blog\/2012\/03\/27\/barovicu-solana-prodata-68-puta-nize-od-procjene\/#primaryimage\",\"url\":\"https:\/\/www.visit-ulcinj.com\/blog\/wp-content\/uploads\/2012\/03\/Ulcinjska-Solanacrna-gora.jpg\",\"contentUrl\":\"https:\/\/www.visit-ulcinj.com\/blog\/wp-content\/uploads\/2012\/03\/Ulcinjska-Solanacrna-gora.jpg\",\"width\":\"1064\",\"height\":\"633\"},{\"@type\":\"WebPage\",\"@id\":\"https:\/\/www.visit-ulcinj.com\/blog\/2012\/03\/27\/barovicu-solana-prodata-68-puta-nize-od-procjene\/#webpage\",\"url\":\"https:\/\/www.visit-ulcinj.com\/blog\/2012\/03\/27\/barovicu-solana-prodata-68-puta-nize-od-procjene\/\",\"name\":\"Barovi\u0107u Solana prodata 68 puta ni\u017ee od procjene - Lajme nga Ulqini\",\"isPartOf\":{\"@id\":\"https:\/\/www.visit-ulcinj.com\/blog\/#website\"},\"primaryImageOfPage\":{\"@id\":\"https:\/\/www.visit-ulcinj.com\/blog\/2012\/03\/27\/barovicu-solana-prodata-68-puta-nize-od-procjene\/#primaryimage\"},\"datePublished\":\"2012-03-27T12:04:54+00:00\",\"dateModified\":\"2012-03-27T12:12:50+00:00\",\"author\":{\"@id\":\"https:\/\/www.visit-ulcinj.com\/blog\/#\/schema\/person\/dcab619c614d3038751c63bc2aadc06d\"},\"description\":\"Skup\u0161tinski Odbor razmatra izmjene Prostornog plana za atraktivni dio Ulcinja Postoje\u0107im prostornim planom iz 2008. lokalitet Solane, kojom od 2004.\",\"breadcrumb\":{\"@id\":\"https:\/\/www.visit-ulcinj.com\/blog\/2012\/03\/27\/barovicu-solana-prodata-68-puta-nize-od-procjene\/#breadcrumb\"},\"inLanguage\":\"en-US\",\"potentialAction\":[{\"@type\":\"ReadAction\",\"target\":[\"https:\/\/www.visit-ulcinj.com\/blog\/2012\/03\/27\/barovicu-solana-prodata-68-puta-nize-od-procjene\/\"]}]},{\"@type\":\"BreadcrumbList\",\"@id\":\"https:\/\/www.visit-ulcinj.com\/blog\/2012\/03\/27\/barovicu-solana-prodata-68-puta-nize-od-procjene\/#breadcrumb\",\"itemListElement\":[{\"@type\":\"ListItem\",\"position\":1,\"name\":\"Barovi\u0107u Solana prodata 68 puta ni\u017ee od procjene\"}]},{\"@type\":\"Person\",\"@id\":\"https:\/\/www.visit-ulcinj.com\/blog\/#\/schema\/person\/dcab619c614d3038751c63bc2aadc06d\",\"name\":\"ulqini\",\"sameAs\":[\"http:\/\/www.visit-ulcinj.com\"],\"url\":\"https:\/\/www.visit-ulcinj.com\/blog\/author\/admin\/\"}]}<\/script>\n<!-- \/ Yoast SEO plugin. -->","yoast_head_json":{"title":"Barovi\u0107u Solana prodata 68 puta ni\u017ee od procjene - Lajme nga Ulqini","description":"Skup\u0161tinski Odbor razmatra izmjene Prostornog plana za atraktivni dio Ulcinja Postoje\u0107im prostornim planom iz 2008. lokalitet Solane, kojom od 2004.","robots":{"index":"index","follow":"follow","max-snippet":"max-snippet:-1","max-image-preview":"max-image-preview:large","max-video-preview":"max-video-preview:-1"},"canonical":"https:\/\/www.visit-ulcinj.com\/blog\/2012\/03\/27\/barovicu-solana-prodata-68-puta-nize-od-procjene\/","og_locale":"en_US","og_type":"article","og_title":"Barovi\u0107u Solana prodata 68 puta ni\u017ee od procjene - Lajme nga Ulqini","og_description":"Skup\u0161tinski Odbor razmatra izmjene Prostornog plana za atraktivni dio Ulcinja Postoje\u0107im prostornim planom iz 2008. lokalitet Solane, kojom od 2004.","og_url":"https:\/\/www.visit-ulcinj.com\/blog\/2012\/03\/27\/barovicu-solana-prodata-68-puta-nize-od-procjene\/","og_site_name":"Lajme nga Ulqini","article_published_time":"2012-03-27T12:04:54+00:00","article_modified_time":"2012-03-27T12:12:50+00:00","og_image":[{"url":"http:\/\/www.visit-ulcinj.com\/blog\/wp-content\/uploads\/2012\/03\/Ulcinjska-Solanacrna-gora.jpg"}],"twitter_misc":{"Written by":"ulqini","Est. reading time":"2 minutes"},"schema":{"@context":"https:\/\/schema.org","@graph":[{"@type":"WebSite","@id":"https:\/\/www.visit-ulcinj.com\/blog\/#website","url":"https:\/\/www.visit-ulcinj.com\/blog\/","name":"Lajme nga Ulqini","description":"Lajme,Vijesti,Ulqini,Ulqin,Crna Gora,Mali i Zi","potentialAction":[{"@type":"SearchAction","target":{"@type":"EntryPoint","urlTemplate":"https:\/\/www.visit-ulcinj.com\/blog\/?s={search_term_string}"},"query-input":"required name=search_term_string"}],"inLanguage":"en-US"},{"@type":"ImageObject","inLanguage":"en-US","@id":"https:\/\/www.visit-ulcinj.com\/blog\/2012\/03\/27\/barovicu-solana-prodata-68-puta-nize-od-procjene\/#primaryimage","url":"https:\/\/www.visit-ulcinj.com\/blog\/wp-content\/uploads\/2012\/03\/Ulcinjska-Solanacrna-gora.jpg","contentUrl":"https:\/\/www.visit-ulcinj.com\/blog\/wp-content\/uploads\/2012\/03\/Ulcinjska-Solanacrna-gora.jpg","width":"1064","height":"633"},{"@type":"WebPage","@id":"https:\/\/www.visit-ulcinj.com\/blog\/2012\/03\/27\/barovicu-solana-prodata-68-puta-nize-od-procjene\/#webpage","url":"https:\/\/www.visit-ulcinj.com\/blog\/2012\/03\/27\/barovicu-solana-prodata-68-puta-nize-od-procjene\/","name":"Barovi\u0107u Solana prodata 68 puta ni\u017ee od procjene - Lajme nga Ulqini","isPartOf":{"@id":"https:\/\/www.visit-ulcinj.com\/blog\/#website"},"primaryImageOfPage":{"@id":"https:\/\/www.visit-ulcinj.com\/blog\/2012\/03\/27\/barovicu-solana-prodata-68-puta-nize-od-procjene\/#primaryimage"},"datePublished":"2012-03-27T12:04:54+00:00","dateModified":"2012-03-27T12:12:50+00:00","author":{"@id":"https:\/\/www.visit-ulcinj.com\/blog\/#\/schema\/person\/dcab619c614d3038751c63bc2aadc06d"},"description":"Skup\u0161tinski Odbor razmatra izmjene Prostornog plana za atraktivni dio Ulcinja Postoje\u0107im prostornim planom iz 2008. lokalitet Solane, kojom od 2004.","breadcrumb":{"@id":"https:\/\/www.visit-ulcinj.com\/blog\/2012\/03\/27\/barovicu-solana-prodata-68-puta-nize-od-procjene\/#breadcrumb"},"inLanguage":"en-US","potentialAction":[{"@type":"ReadAction","target":["https:\/\/www.visit-ulcinj.com\/blog\/2012\/03\/27\/barovicu-solana-prodata-68-puta-nize-od-procjene\/"]}]},{"@type":"BreadcrumbList","@id":"https:\/\/www.visit-ulcinj.com\/blog\/2012\/03\/27\/barovicu-solana-prodata-68-puta-nize-od-procjene\/#breadcrumb","itemListElement":[{"@type":"ListItem","position":1,"name":"Barovi\u0107u Solana prodata 68 puta ni\u017ee od procjene"}]},{"@type":"Person","@id":"https:\/\/www.visit-ulcinj.com\/blog\/#\/schema\/person\/dcab619c614d3038751c63bc2aadc06d","name":"ulqini","sameAs":["http:\/\/www.visit-ulcinj.com"],"url":"https:\/\/www.visit-ulcinj.com\/blog\/author\/admin\/"}]}},"jetpack_featured_media_url":"","jetpack_sharing_enabled":true,"jetpack_shortlink":"https:\/\/wp.me\/pe6lTn-fhd","_links":{"self":[{"href":"https:\/\/www.visit-ulcinj.com\/blog\/wp-json\/wp\/v2\/posts\/58727"}],"collection":[{"href":"https:\/\/www.visit-ulcinj.com\/blog\/wp-json\/wp\/v2\/posts"}],"about":[{"href":"https:\/\/www.visit-ulcinj.com\/blog\/wp-json\/wp\/v2\/types\/post"}],"author":[{"embeddable":true,"href":"https:\/\/www.visit-ulcinj.com\/blog\/wp-json\/wp\/v2\/users\/1"}],"replies":[{"embeddable":true,"href":"https:\/\/www.visit-ulcinj.com\/blog\/wp-json\/wp\/v2\/comments?post=58727"}],"version-history":[{"count":3,"href":"https:\/\/www.visit-ulcinj.com\/blog\/wp-json\/wp\/v2\/posts\/58727\/revisions"}],"predecessor-version":[{"id":58732,"href":"https:\/\/www.visit-ulcinj.com\/blog\/wp-json\/wp\/v2\/posts\/58727\/revisions\/58732"}],"wp:attachment":[{"href":"https:\/\/www.visit-ulcinj.com\/blog\/wp-json\/wp\/v2\/media?parent=58727"}],"wp:term":[{"taxonomy":"category","embeddable":true,"href":"https:\/\/www.visit-ulcinj.com\/blog\/wp-json\/wp\/v2\/categories?post=58727"},{"taxonomy":"post_tag","embeddable":true,"href":"https:\/\/www.visit-ulcinj.com\/blog\/wp-json\/wp\/v2\/tags?post=58727"}],"curies":[{"name":"wp","href":"https:\/\/api.w.org\/{rel}","templated":true}]}}