{"id":58731,"date":"2012-03-27T13:17:00","date_gmt":"2012-03-27T12:17:00","guid":{"rendered":"http:\/\/www.visit-ulcinj.com\/blog\/?p=58731"},"modified":"2012-03-27T20:53:45","modified_gmt":"2012-03-27T19:53:45","slug":"konferenca-e-katert-shkencore-nderkombetare-ne-ulqin-06-04-2012","status":"publish","type":"post","link":"https:\/\/www.visit-ulcinj.com\/blog\/2012\/03\/27\/konferenca-e-katert-shkencore-nderkombetare-ne-ulqin-06-04-2012\/","title":{"rendered":"Konferenca e kat\u00ebrt shkencore nd\u00ebrkomb\u00ebtare n\u00eb Ulqin &#8211; 06.04.2012"},"content":{"rendered":"<p align=\"center\"><strong><a href=\"http:\/\/www.visit-ulcinj.com\/blog\/wp-content\/uploads\/2012\/03\/Komuna-e-Ulqinit_Opstina-Ulcinj.jpg\"><img loading=\"lazy\" class=\"alignleft  wp-image-58735\" title=\"Komuna-e-Ulqinit_Opstina-Ulcinj\" src=\"http:\/\/www.visit-ulcinj.com\/blog\/wp-content\/uploads\/2012\/03\/Komuna-e-Ulqinit_Opstina-Ulcinj.jpg\" alt=\"\" width=\"508\" height=\"360\" \/><\/a>Komuna e Ulqinit<\/strong><\/p>\n<p align=\"center\">dhe<\/p>\n<p align=\"center\"><strong>Qendra p\u00ebr hulumtime ekonomike<\/strong><\/p>\n<p align=\"center\">O r g a n i z o j n \u00eb<\/p>\n<p align=\"center\"><strong>Konferenc\u00ebn e kat\u00ebrt shkencore nd\u00ebrkomb\u00ebtare me tem\u00eb:<\/strong><\/p>\n<p align=\"center\"><strong>&#8220;PERSPEKTIVA E ZHVILLIMIT EKONOMIK RAJONAL N\u00cbN OPTIK\u00cbN E ZHVILLIMEVE EKONOMIKE LOKALE DHE NDIKIMI I SEKTORIT T\u00cb TURIZMIT N\u00cb TO&#8221;<\/strong><\/p>\n<p>Data. 06.04.2012 ne ora 11Salla e Kuvendit Komunal<\/p>\n<p>Programi i Konferenc\u00ebs dhe Objektivat<\/p>\n<p>T\u00eb nxitet interesimi i ekspert\u00ebve vendas dhe nd\u00ebrkomb\u00ebtar\u00eb q\u00eb me punimet e veta k\u00ebrkimore e shkencore t\u00eb kontribuojn\u00eb n\u00eb identifikimin e sfidave dhe t\u00eb japin propozime dhe rekomandime p\u00ebr zgjidhjen e problemeve t\u00eb zhvillimit ekonomik shoq\u00ebror n\u00eb nivel komb\u00ebtar, rajonal dhe global .<\/p>\n<p>Identifikimi dhe vler\u00ebsimi i sfidave t\u00eb zhvillimit ekonomik e shoq\u00ebror t\u00eb Malit t\u00eb Zi dhe vendeve tjera rajonale n\u00eb kushtet e globalizimit ekonomik .<\/p>\n<p>Studimi i modeleve t\u00eb bashk\u00ebpunimit ekonomik nd\u00ebrkomb\u00ebtar t\u00eb Malit t\u00eb Zi dhe vendeve tjera rajonale t\u00eb bazuara n\u00eb zhvillimin e ekonomis\u00eb s\u00eb tregut .<\/p>\n<p>Prezantimi i aktiviteteve t\u00eb institucioneve shtet\u00ebrore dhe organizatave nd\u00ebrkomb\u00ebtare dhe rezultateve te tyre si kontribues se rritjes s\u00eb pun\u00ebsimit dhe zvog\u00eblimit t\u00eb varf\u00ebris\u00eb n\u00eb nivel nacional dhe rajonal<\/p>\n<p>Tematika e konferenc\u00ebs:<\/p>\n<p>1. Zhvillimi dhe p\u00ebrdorimi efektiv i Burimeve Njer\u00ebzore n\u00eb zhvillimin e ekonomis\u00eb ne nivel lokal dhe komb\u00ebtar t\u00eb Malit t\u00eb Zi.<\/p>\n<p>2. Mund\u00ebsit\u00eb e rritjes s\u00eb pun\u00ebsimit t\u00eb bazuara n\u00eb ndryshimet strukturale, ekonomiko shoq\u00ebrore ne Mal t\u00eb Zi dhe ne rajon.<\/p>\n<p>3. Investimet ne sektor\u00ebt strategjike dhe infrastrukture ne Ballkanin Per\u00ebndimor.<\/p>\n<p>4. Menaxhimi efektiv i taks\u00ebs turistike dhe te vendbanimit si komponent\u00eb esenciale te te ardhurave dhe investimeve infrastrukturore ne sektorin e turizmit<\/p>\n<p>5. Menaxhimi i krizave ekonomike financiare, krijimi dhe p\u00ebrdorimi i suksessh\u00ebm i mekanizmave lokale e rajonale ne p\u00ebrpalljen me to.<\/p>\n<p>6. Roli i administrat\u00ebs qendrore dhe lokale n\u00eb zhvillimin e ekonomis\u00eb komb\u00ebtare dhe rajonale ne optiken e p\u00ebrdorimit me eficent dhe efektiv te burimeve dhe qeverisjes se p\u00ebrgjegjshme.<\/p>\n<p>7. Ndryshimet dhe efektet ne proceset e zhvillimit ekonomik e shoq\u00ebror te teknologjive te komunikimit dhe efektet ne proceset globalizuese dhe ne flukset e nd\u00ebrveprimeve ekonomike ne rajon.<\/p>\n<p>8.Ndikimi i zhvillimeve teknologjike ne zhvillimin ekonomik<\/p>\n<p>K\u00ebshilli shkencor i Konferenc\u00ebs do te seleksionoje 10 punimet me te mira t\u00eb cil\u00ebve do t\u00eb b\u00ebhet prezantimi n\u00eb Konferenc\u00eb.<\/p>\n<p>P\u00ebrpar\u00ebsi do te ken\u00eb punimet n\u00eb fush\u00ebn e menaxhimit t\u00eb taksave turistike dhe t\u00eb vendbanimit.<\/p>\n<p>Punimet te shoq\u00ebruara me abstrakt nuk duhet te kalojn\u00eb 10 pg , Times New Roman 12, Singel Interlines.Punimet pranohen deri me dt.30 mars 2012.<\/p>\n<p>Punimet qe do te pranohen ne konference do te botohen ne Buletinin Shkencor te Konferenc\u00ebs nr 4.<\/p>\n<p>K\u00ebshilli shkencor i Konferenc\u00ebs stimulon punimet shkencore nga fusha e taks\u00ebs lokale &#8211; taksa e vendbanimit dhe turistike dhe tre punimet me te mira ne k\u00ebt\u00eb fushe ve\u00e7 pranimit ne konference do marrin edhe \u00e7mimet e m\u00ebposhtme:<\/p>\n<p>1. \u00c7mimi i pare 100 Euro<\/p>\n<p>2. \u00c7mimi i dyte 50 euro<\/p>\n<p>Punimet mund t\u00eb dor\u00ebzohen n\u00eb adres\u00ebn : <a href=\"mailto:centarulcinj@hotmail.com\">centarulcinj@hotmail.com<\/a> cel. 0038269265707<\/p>\n<p>Kryetari i Komun\u00ebs s\u00eb Ulqinit<\/p>\n<p>Nazif Cungu<\/p>\n<p>Kryetari i Qendr\u00ebs p\u00ebr hulumtime ekonomike<\/p>\n<p>Elez Osmani<\/p>\n<!--YouTube Error: bad URL entered-->\n","protected":false},"excerpt":{"rendered":"<p>Komuna e Ulqinit dhe Qendra p\u00ebr hulumtime ekonomike O r g a n i z o j n \u00eb Konferenc\u00ebn e kat\u00ebrt shkencore nd\u00ebrkomb\u00ebtare me tem\u00eb: &#8220;PERSPEKTIVA E ZHVILLIMIT EKONOMIK RAJONAL N\u00cbN OPTIK\u00cbN E ZHVILLIMEVE EKONOMIKE LOKALE DHE NDIKIMI I SEKTORIT T\u00cb TURIZMIT N\u00cb TO&#8221; Data. 06.04.2012 ne ora 11Salla e Kuvendit Komunal Programi i [&hellip;]<\/p>\n","protected":false},"author":1,"featured_media":0,"comment_status":"open","ping_status":"closed","sticky":false,"template":"","format":"standard","meta":{"spay_email":"","jetpack_publicize_message":"","jetpack_is_tweetstorm":false,"jetpack_publicize_feature_enabled":true},"categories":[1,6950],"tags":[4929,200,18],"jetpack_publicize_connections":[],"yoast_head":"<!-- This site is optimized with the Yoast SEO plugin v19.1 - https:\/\/yoast.com\/wordpress\/plugins\/seo\/ -->\n<title>Konferenca e kat\u00ebrt shkencore nd\u00ebrkomb\u00ebtare n\u00eb Ulqin - 06.04.2012 - Lajme nga Ulqini<\/title>\n<meta name=\"description\" content=\"Komuna e Ulqinit dhe Qendra p\u00ebr hulumtime ekonomike O r g a n i z o j n \u00eb Konferenc\u00ebn e kat\u00ebrt shkencore nd\u00ebrkomb\u00ebtare me tem\u00eb: &quot;PERSPEKTIVA E ZHVILLIMIT\" \/>\n<meta name=\"robots\" content=\"index, follow, max-snippet:-1, max-image-preview:large, max-video-preview:-1\" \/>\n<link rel=\"canonical\" href=\"https:\/\/www.visit-ulcinj.com\/blog\/2012\/03\/27\/konferenca-e-katert-shkencore-nderkombetare-ne-ulqin-06-04-2012\/\" \/>\n<meta property=\"og:locale\" content=\"en_US\" \/>\n<meta property=\"og:type\" content=\"article\" \/>\n<meta property=\"og:title\" content=\"Konferenca e kat\u00ebrt shkencore nd\u00ebrkomb\u00ebtare n\u00eb Ulqin - 06.04.2012 - Lajme nga Ulqini\" \/>\n<meta property=\"og:description\" content=\"Komuna e Ulqinit dhe Qendra p\u00ebr hulumtime ekonomike O r g a n i z o j n \u00eb Konferenc\u00ebn e kat\u00ebrt shkencore nd\u00ebrkomb\u00ebtare me tem\u00eb: &quot;PERSPEKTIVA E ZHVILLIMIT\" \/>\n<meta property=\"og:url\" content=\"https:\/\/www.visit-ulcinj.com\/blog\/2012\/03\/27\/konferenca-e-katert-shkencore-nderkombetare-ne-ulqin-06-04-2012\/\" \/>\n<meta property=\"og:site_name\" content=\"Lajme nga Ulqini\" \/>\n<meta property=\"article:published_time\" content=\"2012-03-27T12:17:00+00:00\" \/>\n<meta property=\"article:modified_time\" content=\"2012-03-27T19:53:45+00:00\" \/>\n<meta property=\"og:image\" content=\"http:\/\/www.visit-ulcinj.com\/blog\/wp-content\/uploads\/2012\/03\/Komuna-e-Ulqinit_Opstina-Ulcinj.jpg\" \/>\n<meta name=\"twitter:label1\" content=\"Written by\" \/>\n\t<meta name=\"twitter:data1\" content=\"ulqini\" \/>\n\t<meta name=\"twitter:label2\" content=\"Est. reading time\" \/>\n\t<meta name=\"twitter:data2\" content=\"3 minutes\" \/>\n<script type=\"application\/ld+json\" class=\"yoast-schema-graph\">{\"@context\":\"https:\/\/schema.org\",\"@graph\":[{\"@type\":\"WebSite\",\"@id\":\"https:\/\/www.visit-ulcinj.com\/blog\/#website\",\"url\":\"https:\/\/www.visit-ulcinj.com\/blog\/\",\"name\":\"Lajme nga Ulqini\",\"description\":\"Lajme,Vijesti,Ulqini,Ulqin,Crna Gora,Mali i Zi\",\"potentialAction\":[{\"@type\":\"SearchAction\",\"target\":{\"@type\":\"EntryPoint\",\"urlTemplate\":\"https:\/\/www.visit-ulcinj.com\/blog\/?s={search_term_string}\"},\"query-input\":\"required name=search_term_string\"}],\"inLanguage\":\"en-US\"},{\"@type\":\"ImageObject\",\"inLanguage\":\"en-US\",\"@id\":\"https:\/\/www.visit-ulcinj.com\/blog\/2012\/03\/27\/konferenca-e-katert-shkencore-nderkombetare-ne-ulqin-06-04-2012\/#primaryimage\",\"url\":\"https:\/\/www.visit-ulcinj.com\/blog\/wp-content\/uploads\/2012\/03\/Komuna-e-Ulqinit_Opstina-Ulcinj.jpg\",\"contentUrl\":\"https:\/\/www.visit-ulcinj.com\/blog\/wp-content\/uploads\/2012\/03\/Komuna-e-Ulqinit_Opstina-Ulcinj.jpg\",\"width\":\"600\",\"height\":\"500\"},{\"@type\":\"WebPage\",\"@id\":\"https:\/\/www.visit-ulcinj.com\/blog\/2012\/03\/27\/konferenca-e-katert-shkencore-nderkombetare-ne-ulqin-06-04-2012\/#webpage\",\"url\":\"https:\/\/www.visit-ulcinj.com\/blog\/2012\/03\/27\/konferenca-e-katert-shkencore-nderkombetare-ne-ulqin-06-04-2012\/\",\"name\":\"Konferenca e kat\u00ebrt shkencore nd\u00ebrkomb\u00ebtare n\u00eb Ulqin - 06.04.2012 - Lajme nga Ulqini\",\"isPartOf\":{\"@id\":\"https:\/\/www.visit-ulcinj.com\/blog\/#website\"},\"primaryImageOfPage\":{\"@id\":\"https:\/\/www.visit-ulcinj.com\/blog\/2012\/03\/27\/konferenca-e-katert-shkencore-nderkombetare-ne-ulqin-06-04-2012\/#primaryimage\"},\"datePublished\":\"2012-03-27T12:17:00+00:00\",\"dateModified\":\"2012-03-27T19:53:45+00:00\",\"author\":{\"@id\":\"https:\/\/www.visit-ulcinj.com\/blog\/#\/schema\/person\/dcab619c614d3038751c63bc2aadc06d\"},\"description\":\"Komuna e Ulqinit dhe Qendra p\u00ebr hulumtime ekonomike O r g a n i z o j n \u00eb Konferenc\u00ebn e kat\u00ebrt shkencore nd\u00ebrkomb\u00ebtare me tem\u00eb: \\\"PERSPEKTIVA E ZHVILLIMIT\",\"breadcrumb\":{\"@id\":\"https:\/\/www.visit-ulcinj.com\/blog\/2012\/03\/27\/konferenca-e-katert-shkencore-nderkombetare-ne-ulqin-06-04-2012\/#breadcrumb\"},\"inLanguage\":\"en-US\",\"potentialAction\":[{\"@type\":\"ReadAction\",\"target\":[\"https:\/\/www.visit-ulcinj.com\/blog\/2012\/03\/27\/konferenca-e-katert-shkencore-nderkombetare-ne-ulqin-06-04-2012\/\"]}]},{\"@type\":\"BreadcrumbList\",\"@id\":\"https:\/\/www.visit-ulcinj.com\/blog\/2012\/03\/27\/konferenca-e-katert-shkencore-nderkombetare-ne-ulqin-06-04-2012\/#breadcrumb\",\"itemListElement\":[{\"@type\":\"ListItem\",\"position\":1,\"name\":\"Konferenca e kat\u00ebrt shkencore nd\u00ebrkomb\u00ebtare n\u00eb Ulqin &#8211; 06.04.2012\"}]},{\"@type\":\"Person\",\"@id\":\"https:\/\/www.visit-ulcinj.com\/blog\/#\/schema\/person\/dcab619c614d3038751c63bc2aadc06d\",\"name\":\"ulqini\",\"sameAs\":[\"http:\/\/www.visit-ulcinj.com\"],\"url\":\"https:\/\/www.visit-ulcinj.com\/blog\/author\/admin\/\"}]}<\/script>\n<!-- \/ Yoast SEO plugin. -->","yoast_head_json":{"title":"Konferenca e kat\u00ebrt shkencore nd\u00ebrkomb\u00ebtare n\u00eb Ulqin - 06.04.2012 - Lajme nga Ulqini","description":"Komuna e Ulqinit dhe Qendra p\u00ebr hulumtime ekonomike O r g a n i z o j n \u00eb Konferenc\u00ebn e kat\u00ebrt shkencore nd\u00ebrkomb\u00ebtare me tem\u00eb: \"PERSPEKTIVA E ZHVILLIMIT","robots":{"index":"index","follow":"follow","max-snippet":"max-snippet:-1","max-image-preview":"max-image-preview:large","max-video-preview":"max-video-preview:-1"},"canonical":"https:\/\/www.visit-ulcinj.com\/blog\/2012\/03\/27\/konferenca-e-katert-shkencore-nderkombetare-ne-ulqin-06-04-2012\/","og_locale":"en_US","og_type":"article","og_title":"Konferenca e kat\u00ebrt shkencore nd\u00ebrkomb\u00ebtare n\u00eb Ulqin - 06.04.2012 - Lajme nga Ulqini","og_description":"Komuna e Ulqinit dhe Qendra p\u00ebr hulumtime ekonomike O r g a n i z o j n \u00eb Konferenc\u00ebn e kat\u00ebrt shkencore nd\u00ebrkomb\u00ebtare me tem\u00eb: \"PERSPEKTIVA E ZHVILLIMIT","og_url":"https:\/\/www.visit-ulcinj.com\/blog\/2012\/03\/27\/konferenca-e-katert-shkencore-nderkombetare-ne-ulqin-06-04-2012\/","og_site_name":"Lajme nga Ulqini","article_published_time":"2012-03-27T12:17:00+00:00","article_modified_time":"2012-03-27T19:53:45+00:00","og_image":[{"url":"http:\/\/www.visit-ulcinj.com\/blog\/wp-content\/uploads\/2012\/03\/Komuna-e-Ulqinit_Opstina-Ulcinj.jpg"}],"twitter_misc":{"Written by":"ulqini","Est. reading time":"3 minutes"},"schema":{"@context":"https:\/\/schema.org","@graph":[{"@type":"WebSite","@id":"https:\/\/www.visit-ulcinj.com\/blog\/#website","url":"https:\/\/www.visit-ulcinj.com\/blog\/","name":"Lajme nga Ulqini","description":"Lajme,Vijesti,Ulqini,Ulqin,Crna Gora,Mali i Zi","potentialAction":[{"@type":"SearchAction","target":{"@type":"EntryPoint","urlTemplate":"https:\/\/www.visit-ulcinj.com\/blog\/?s={search_term_string}"},"query-input":"required name=search_term_string"}],"inLanguage":"en-US"},{"@type":"ImageObject","inLanguage":"en-US","@id":"https:\/\/www.visit-ulcinj.com\/blog\/2012\/03\/27\/konferenca-e-katert-shkencore-nderkombetare-ne-ulqin-06-04-2012\/#primaryimage","url":"https:\/\/www.visit-ulcinj.com\/blog\/wp-content\/uploads\/2012\/03\/Komuna-e-Ulqinit_Opstina-Ulcinj.jpg","contentUrl":"https:\/\/www.visit-ulcinj.com\/blog\/wp-content\/uploads\/2012\/03\/Komuna-e-Ulqinit_Opstina-Ulcinj.jpg","width":"600","height":"500"},{"@type":"WebPage","@id":"https:\/\/www.visit-ulcinj.com\/blog\/2012\/03\/27\/konferenca-e-katert-shkencore-nderkombetare-ne-ulqin-06-04-2012\/#webpage","url":"https:\/\/www.visit-ulcinj.com\/blog\/2012\/03\/27\/konferenca-e-katert-shkencore-nderkombetare-ne-ulqin-06-04-2012\/","name":"Konferenca e kat\u00ebrt shkencore nd\u00ebrkomb\u00ebtare n\u00eb Ulqin - 06.04.2012 - Lajme nga Ulqini","isPartOf":{"@id":"https:\/\/www.visit-ulcinj.com\/blog\/#website"},"primaryImageOfPage":{"@id":"https:\/\/www.visit-ulcinj.com\/blog\/2012\/03\/27\/konferenca-e-katert-shkencore-nderkombetare-ne-ulqin-06-04-2012\/#primaryimage"},"datePublished":"2012-03-27T12:17:00+00:00","dateModified":"2012-03-27T19:53:45+00:00","author":{"@id":"https:\/\/www.visit-ulcinj.com\/blog\/#\/schema\/person\/dcab619c614d3038751c63bc2aadc06d"},"description":"Komuna e Ulqinit dhe Qendra p\u00ebr hulumtime ekonomike O r g a n i z o j n \u00eb Konferenc\u00ebn e kat\u00ebrt shkencore nd\u00ebrkomb\u00ebtare me tem\u00eb: \"PERSPEKTIVA E ZHVILLIMIT","breadcrumb":{"@id":"https:\/\/www.visit-ulcinj.com\/blog\/2012\/03\/27\/konferenca-e-katert-shkencore-nderkombetare-ne-ulqin-06-04-2012\/#breadcrumb"},"inLanguage":"en-US","potentialAction":[{"@type":"ReadAction","target":["https:\/\/www.visit-ulcinj.com\/blog\/2012\/03\/27\/konferenca-e-katert-shkencore-nderkombetare-ne-ulqin-06-04-2012\/"]}]},{"@type":"BreadcrumbList","@id":"https:\/\/www.visit-ulcinj.com\/blog\/2012\/03\/27\/konferenca-e-katert-shkencore-nderkombetare-ne-ulqin-06-04-2012\/#breadcrumb","itemListElement":[{"@type":"ListItem","position":1,"name":"Konferenca e kat\u00ebrt shkencore nd\u00ebrkomb\u00ebtare n\u00eb Ulqin &#8211; 06.04.2012"}]},{"@type":"Person","@id":"https:\/\/www.visit-ulcinj.com\/blog\/#\/schema\/person\/dcab619c614d3038751c63bc2aadc06d","name":"ulqini","sameAs":["http:\/\/www.visit-ulcinj.com"],"url":"https:\/\/www.visit-ulcinj.com\/blog\/author\/admin\/"}]}},"jetpack_featured_media_url":"","jetpack_sharing_enabled":true,"jetpack_shortlink":"https:\/\/wp.me\/pe6lTn-fhh","_links":{"self":[{"href":"https:\/\/www.visit-ulcinj.com\/blog\/wp-json\/wp\/v2\/posts\/58731"}],"collection":[{"href":"https:\/\/www.visit-ulcinj.com\/blog\/wp-json\/wp\/v2\/posts"}],"about":[{"href":"https:\/\/www.visit-ulcinj.com\/blog\/wp-json\/wp\/v2\/types\/post"}],"author":[{"embeddable":true,"href":"https:\/\/www.visit-ulcinj.com\/blog\/wp-json\/wp\/v2\/users\/1"}],"replies":[{"embeddable":true,"href":"https:\/\/www.visit-ulcinj.com\/blog\/wp-json\/wp\/v2\/comments?post=58731"}],"version-history":[{"count":3,"href":"https:\/\/www.visit-ulcinj.com\/blog\/wp-json\/wp\/v2\/posts\/58731\/revisions"}],"predecessor-version":[{"id":58766,"href":"https:\/\/www.visit-ulcinj.com\/blog\/wp-json\/wp\/v2\/posts\/58731\/revisions\/58766"}],"wp:attachment":[{"href":"https:\/\/www.visit-ulcinj.com\/blog\/wp-json\/wp\/v2\/media?parent=58731"}],"wp:term":[{"taxonomy":"category","embeddable":true,"href":"https:\/\/www.visit-ulcinj.com\/blog\/wp-json\/wp\/v2\/categories?post=58731"},{"taxonomy":"post_tag","embeddable":true,"href":"https:\/\/www.visit-ulcinj.com\/blog\/wp-json\/wp\/v2\/tags?post=58731"}],"curies":[{"name":"wp","href":"https:\/\/api.w.org\/{rel}","templated":true}]}}