{"id":58737,"date":"2012-03-27T18:18:08","date_gmt":"2012-03-27T17:18:08","guid":{"rendered":"http:\/\/www.visit-ulcinj.com\/blog\/?p=58737"},"modified":"2012-03-27T18:18:08","modified_gmt":"2012-03-27T17:18:08","slug":"morsko-dobro-izdalo-opstinsku-zemlju-u-ulcinj","status":"publish","type":"post","link":"https:\/\/www.visit-ulcinj.com\/blog\/2012\/03\/27\/morsko-dobro-izdalo-opstinsku-zemlju-u-ulcinj\/","title":{"rendered":"Morsko dobro izdalo op\u0161tinsku zemlju u Ulcinj"},"content":{"rendered":"<p><strong><a href=\"http:\/\/www.visit-ulcinj.com\/blog\/wp-content\/uploads\/2012\/03\/Hotel-jadran-ulcinj.jpg\"><img loading=\"lazy\" class=\"alignleft  wp-image-58738\" title=\"Hotel jadran ulcinj\" src=\"http:\/\/www.visit-ulcinj.com\/blog\/wp-content\/uploads\/2012\/03\/Hotel-jadran-ulcinj.jpg\" alt=\"\" width=\"508\" height=\"360\" \/><\/a>Odbornici so ulcinj raspravljali o projektu gradnje novog hotela \u201eJadran\u201c tra\u017ee\u0107i odgovore od kompanije iz Budve<\/strong><\/p>\n<ul>\n<li>Op\u0161tina Ulcinj nije od Morskog dobra obavije\u0161tena na koji na\u010din je prije desetak godina bila uklju\u010dena u proces ugovaranja ustupanja parcela za izgradnju kompaniji Star of Monetenegro, s obzirom na \u010dinjenicu da je vlasnik 51 odsto zemlji\u0161ta<\/li>\n<\/ul>\n<p>ULCINj \u2013 Skup\u0161tina op\u0161tine Ulcinj po\u010dela je ju\u010de prvo prolje\u0107no zasjedanje, a prvu skup\u0161tinsku sesiju obilje\u017eila je rasprava o Informaciji o zemlji\u0161tu za izgradnju hotela \u201eJadran\u201c i aktivnostima koje je lokalna uprava preduzela za realizaciju tog projekta. Prema informacijama koje je o toj ta\u010dki dnevnog reda saop\u0161tio predstavnik Sekretarijata za za\u0161titu imovine, na Rtu Suka, na lokaciji nekada\u0161njeg hotela \u201eJadran\u201c, u toku su preliminarne aktivnosti oko izgradnje novog hotela, \u010dija bi izgradnja trebalo da bude zavr\u0161ena 2014. godine. Me\u0111utim, kako je saop\u0161teno iz Sekretarijata za za\u0161titu imovine, postoje odre\u0111ene nejasno\u0107e u vezi pomenutog projekta, prije svih informacija da op\u0161tina Ulcinj nije od Javnog preduze\u0107a Morsko dobro obavije\u0161tena na koji na\u010din je bila uklju\u010dena u proces ugovaranja ustupanja parcela za izgradnju s obzirom na \u010dinjenicu da je vlasnik 51 odsto zemlji\u0161ta na pomenutoj lokaciji, u povr\u0161ini od 12.904 metra kvadratna.<br \/>\n\u2013 Postupak realizacije projekta pokrenut je jo\u0161 decembra 1999. godine, kada je izme\u0111u Morskog dobra i kompanije \u201eMontenegro Consulting and development company\u201c, kao jedinog ponu\u0111a\u010da zaklju\u010den predugovor kojim su se ugovara\u010di obavezali da kasnije zaklju\u010de ugovor u vezi ustupanja na kori\u0161\u0107enje dijela morskog dobra u op\u0161tini za lokaciju biv\u0161eg hotela. SO Ulcinj je 11 godina kasnije usvojila zaklju\u010dak kojim je osporila pravo raspolaganja imovinom koja je predmet predugovora, jer shodno va\u017ee\u0107im propisima imovinska prava i ovla\u0161\u0107enja u pogledu te imovine vr\u0161i op\u0161tina Ulcinj u kojoj ne postoji evidencija o tom dokumentu \u2013 saop\u0161tili su iz Sekretarijata za za\u0161titu imovine.<br \/>\nNa osnovu navedenih podataka dio opozicije ali i pozicije reagovao je tra\u017ee\u0107i za\u0161titu imovine i pravo op\u0161tine, pri tom ne osporavaju\u0107i projekat izgradnje hotela. Odbornik DUA Mehmet Zenka kazao je da ga zbrinjava \u010dinjenica da Morsko dobro u dva navrata nije odgovorilo na zahtjeve predsjednika op\u0161tine Nazifa Cungua, koji je tra\u017eio obja\u0161njenja.<br \/>\n\u2013 Mnogo je nejasno\u0107a u vezi ovog projekta. Mi jesmo za investicije i neosporno je da se radi o velikom projektu za turizam, projektu koji \u0107e, kako se navodi u dokumentu, uposliti 200 radnika. Mislim da ignorisanje predsjednikovih zahtjeva predstavlja nepo\u0161tovanje institucija najju\u017enije op\u0161tine i upu\u0107uje na sumnju da tu nisu \u010dista posla. Kako neko mo\u017ee da gradi na op\u0161tinskom zemlji\u0161tu a da se ne znaju neke osnovne informacije. Mi treba da zbrinemo i 13 porodica koje sada \u017eive na tom lokalitetu i da se prihvatimo obaveza a da nemamo pojma ko je odlu\u010dio da tom preduze\u0107u da toliko kvadrata koji nisu u zoni morskog dobra. Mislim da ne treba da \u017eurimo ve\u0107 da dobro sagledamo sve okolnosti kako bi ta\u010dno znali na\u0161u poziciju \u2013kazao je Zenka.<br \/>\n<a href=\"http:\/\/www.visit-ulcinj.com\/blog\/wp-content\/uploads\/2012\/03\/Okrugli-sto-opstine-Ulcinj-Arhiva.jpg\"><img loading=\"lazy\" class=\"alignleft  wp-image-58739\" title=\"Okrugli sto opstine Ulcinj - Arhiva\" src=\"http:\/\/www.visit-ulcinj.com\/blog\/wp-content\/uploads\/2012\/03\/Okrugli-sto-opstine-Ulcinj-Arhiva.jpg\" alt=\"\" width=\"508\" height=\"300\" \/><\/a><br \/>\nOdbornik SDP-a Skender Elezagi\u0107 zalo\u017eio se da op\u0161tina brani vlasni\u0161tvo nad zemlji\u0161tem ali da ne dovodi u pitanje investiciju.<br \/>\n\u2013 Zemlji\u0161te nije prodato ve\u0107 se daje pod zakup. Cilj ove informacije je da se mi upoznamo i odredimo o svemu. Nismo mi u poziciji da sada ustupamo ili ne pomenuto zemlji\u0161te. Ne treba previ\u0161e politizovati stvari i stvarati probleme da ne bi udaljili investitore. Treba da se baziramo na detalje kada \u0107e po\u010deti i kada \u0107e se zavr\u0161iti gradnja hotela. Kada to budemo znali mo\u017eemo se baviti benefitima op\u0161tine od tog posla \u2013 rekao je Elezagi\u0107.<br \/>\nOdbornik DPS-a Lui\u0111 \u0160krelja kritikovao je sadr\u017eaj teksta informacije isti\u010du\u0107i da se ona najvi\u0161e bavi relacijama Vlada \u2013 predsjednik op\u0161tine. I mene \u010dudi \u0107itanje Morskog dobra, posebno \u010dinjenica da jedan od \u010dlanova vladaju\u0107e koalicije iz SDP-a sjedi u UO tog preduze\u0107a. Mnogo je nejasno\u0107a pa bi bilo za o\u010dekivati da odbornici dobiju sve potrebne podatke kako bi mogli da o svemu daju svoje mi\u0161ljenje \u2013 poru\u010dio je \u0160krelja.<br \/>\nPredsjednik op\u0161tine Nazif Cungu predlo\u017eio je odbornicima da se formira posebna komisija koja bi ispitala sve \u010dinjenice u vezi sa tim slu\u010dajem i Skup\u0161tini pru\u017eila dodatne informacije, \u0161to je i prihva\u0107eno.<\/p>\n<p><a href=\"http:\/\/www.dan.co.me\/?nivo=3&amp;rubrika=Regioni&amp;clanak=325395&amp;datum=2012-03-27\" target=\"_blank\"><strong>M.Kne\u017eevi\u0107<\/strong><br \/>\n<strong> Izvor: DAN<\/strong><\/a><\/p>\n<!--YouTube Error: bad URL entered-->\n","protected":false},"excerpt":{"rendered":"<p>Odbornici so ulcinj raspravljali o projektu gradnje novog hotela \u201eJadran\u201c tra\u017ee\u0107i odgovore od kompanije iz Budve Op\u0161tina Ulcinj nije od Morskog dobra obavije\u0161tena na koji na\u010din je prije desetak godina bila uklju\u010dena u proces ugovaranja ustupanja parcela za izgradnju kompaniji Star of Monetenegro, s obzirom na \u010dinjenicu da je vlasnik 51 odsto zemlji\u0161ta ULCINj \u2013 [&hellip;]<\/p>\n","protected":false},"author":1,"featured_media":0,"comment_status":"open","ping_status":"closed","sticky":false,"template":"","format":"standard","meta":{"spay_email":"","jetpack_publicize_message":"","jetpack_is_tweetstorm":false,"jetpack_publicize_feature_enabled":true},"categories":[8337],"tags":[20215,20218,20219,20217,264,20216,20220],"jetpack_publicize_connections":[],"yoast_head":"<!-- This site is optimized with the Yoast SEO plugin v19.1 - https:\/\/yoast.com\/wordpress\/plugins\/seo\/ -->\n<title>Morsko dobro izdalo op\u0161tinsku zemlju u Ulcinj - Lajme nga Ulqini<\/title>\n<meta name=\"description\" content=\"Odbornici so ulcinj raspravljali o projektu gradnje novog hotela \u201eJadran\u201c tra\u017ee\u0107i odgovore od kompanije iz Budve Op\u0161tina Ulcinj nije od Morskog dobra\" \/>\n<meta name=\"robots\" content=\"index, follow, max-snippet:-1, max-image-preview:large, max-video-preview:-1\" \/>\n<link rel=\"canonical\" href=\"https:\/\/www.visit-ulcinj.com\/blog\/2012\/03\/27\/morsko-dobro-izdalo-opstinsku-zemlju-u-ulcinj\/\" \/>\n<meta property=\"og:locale\" content=\"en_US\" \/>\n<meta property=\"og:type\" content=\"article\" \/>\n<meta property=\"og:title\" content=\"Morsko dobro izdalo op\u0161tinsku zemlju u Ulcinj - Lajme nga Ulqini\" \/>\n<meta property=\"og:description\" content=\"Odbornici so ulcinj raspravljali o projektu gradnje novog hotela \u201eJadran\u201c tra\u017ee\u0107i odgovore od kompanije iz Budve Op\u0161tina Ulcinj nije od Morskog dobra\" \/>\n<meta property=\"og:url\" content=\"https:\/\/www.visit-ulcinj.com\/blog\/2012\/03\/27\/morsko-dobro-izdalo-opstinsku-zemlju-u-ulcinj\/\" \/>\n<meta property=\"og:site_name\" content=\"Lajme nga Ulqini\" \/>\n<meta property=\"article:published_time\" content=\"2012-03-27T17:18:08+00:00\" \/>\n<meta property=\"og:image\" content=\"http:\/\/www.visit-ulcinj.com\/blog\/wp-content\/uploads\/2012\/03\/Hotel-jadran-ulcinj.jpg\" \/>\n<meta name=\"twitter:label1\" content=\"Written by\" \/>\n\t<meta name=\"twitter:data1\" content=\"ulqini\" \/>\n\t<meta name=\"twitter:label2\" content=\"Est. reading time\" \/>\n\t<meta name=\"twitter:data2\" content=\"4 minutes\" \/>\n<script type=\"application\/ld+json\" class=\"yoast-schema-graph\">{\"@context\":\"https:\/\/schema.org\",\"@graph\":[{\"@type\":\"WebSite\",\"@id\":\"https:\/\/www.visit-ulcinj.com\/blog\/#website\",\"url\":\"https:\/\/www.visit-ulcinj.com\/blog\/\",\"name\":\"Lajme nga Ulqini\",\"description\":\"Lajme,Vijesti,Ulqini,Ulqin,Crna Gora,Mali i Zi\",\"potentialAction\":[{\"@type\":\"SearchAction\",\"target\":{\"@type\":\"EntryPoint\",\"urlTemplate\":\"https:\/\/www.visit-ulcinj.com\/blog\/?s={search_term_string}\"},\"query-input\":\"required name=search_term_string\"}],\"inLanguage\":\"en-US\"},{\"@type\":\"ImageObject\",\"inLanguage\":\"en-US\",\"@id\":\"https:\/\/www.visit-ulcinj.com\/blog\/2012\/03\/27\/morsko-dobro-izdalo-opstinsku-zemlju-u-ulcinj\/#primaryimage\",\"url\":\"https:\/\/www.visit-ulcinj.com\/blog\/wp-content\/uploads\/2012\/03\/Hotel-jadran-ulcinj.jpg\",\"contentUrl\":\"https:\/\/www.visit-ulcinj.com\/blog\/wp-content\/uploads\/2012\/03\/Hotel-jadran-ulcinj.jpg\",\"width\":\"998\",\"height\":\"482\"},{\"@type\":\"WebPage\",\"@id\":\"https:\/\/www.visit-ulcinj.com\/blog\/2012\/03\/27\/morsko-dobro-izdalo-opstinsku-zemlju-u-ulcinj\/#webpage\",\"url\":\"https:\/\/www.visit-ulcinj.com\/blog\/2012\/03\/27\/morsko-dobro-izdalo-opstinsku-zemlju-u-ulcinj\/\",\"name\":\"Morsko dobro izdalo op\u0161tinsku zemlju u Ulcinj - Lajme nga Ulqini\",\"isPartOf\":{\"@id\":\"https:\/\/www.visit-ulcinj.com\/blog\/#website\"},\"primaryImageOfPage\":{\"@id\":\"https:\/\/www.visit-ulcinj.com\/blog\/2012\/03\/27\/morsko-dobro-izdalo-opstinsku-zemlju-u-ulcinj\/#primaryimage\"},\"datePublished\":\"2012-03-27T17:18:08+00:00\",\"dateModified\":\"2012-03-27T17:18:08+00:00\",\"author\":{\"@id\":\"https:\/\/www.visit-ulcinj.com\/blog\/#\/schema\/person\/dcab619c614d3038751c63bc2aadc06d\"},\"description\":\"Odbornici so ulcinj raspravljali o projektu gradnje novog hotela \u201eJadran\u201c tra\u017ee\u0107i odgovore od kompanije iz Budve Op\u0161tina Ulcinj nije od Morskog dobra\",\"breadcrumb\":{\"@id\":\"https:\/\/www.visit-ulcinj.com\/blog\/2012\/03\/27\/morsko-dobro-izdalo-opstinsku-zemlju-u-ulcinj\/#breadcrumb\"},\"inLanguage\":\"en-US\",\"potentialAction\":[{\"@type\":\"ReadAction\",\"target\":[\"https:\/\/www.visit-ulcinj.com\/blog\/2012\/03\/27\/morsko-dobro-izdalo-opstinsku-zemlju-u-ulcinj\/\"]}]},{\"@type\":\"BreadcrumbList\",\"@id\":\"https:\/\/www.visit-ulcinj.com\/blog\/2012\/03\/27\/morsko-dobro-izdalo-opstinsku-zemlju-u-ulcinj\/#breadcrumb\",\"itemListElement\":[{\"@type\":\"ListItem\",\"position\":1,\"name\":\"Morsko dobro izdalo op\u0161tinsku zemlju u Ulcinj\"}]},{\"@type\":\"Person\",\"@id\":\"https:\/\/www.visit-ulcinj.com\/blog\/#\/schema\/person\/dcab619c614d3038751c63bc2aadc06d\",\"name\":\"ulqini\",\"sameAs\":[\"http:\/\/www.visit-ulcinj.com\"],\"url\":\"https:\/\/www.visit-ulcinj.com\/blog\/author\/admin\/\"}]}<\/script>\n<!-- \/ Yoast SEO plugin. -->","yoast_head_json":{"title":"Morsko dobro izdalo op\u0161tinsku zemlju u Ulcinj - Lajme nga Ulqini","description":"Odbornici so ulcinj raspravljali o projektu gradnje novog hotela \u201eJadran\u201c tra\u017ee\u0107i odgovore od kompanije iz Budve Op\u0161tina Ulcinj nije od Morskog dobra","robots":{"index":"index","follow":"follow","max-snippet":"max-snippet:-1","max-image-preview":"max-image-preview:large","max-video-preview":"max-video-preview:-1"},"canonical":"https:\/\/www.visit-ulcinj.com\/blog\/2012\/03\/27\/morsko-dobro-izdalo-opstinsku-zemlju-u-ulcinj\/","og_locale":"en_US","og_type":"article","og_title":"Morsko dobro izdalo op\u0161tinsku zemlju u Ulcinj - Lajme nga Ulqini","og_description":"Odbornici so ulcinj raspravljali o projektu gradnje novog hotela \u201eJadran\u201c tra\u017ee\u0107i odgovore od kompanije iz Budve Op\u0161tina Ulcinj nije od Morskog dobra","og_url":"https:\/\/www.visit-ulcinj.com\/blog\/2012\/03\/27\/morsko-dobro-izdalo-opstinsku-zemlju-u-ulcinj\/","og_site_name":"Lajme nga Ulqini","article_published_time":"2012-03-27T17:18:08+00:00","og_image":[{"url":"http:\/\/www.visit-ulcinj.com\/blog\/wp-content\/uploads\/2012\/03\/Hotel-jadran-ulcinj.jpg"}],"twitter_misc":{"Written by":"ulqini","Est. reading time":"4 minutes"},"schema":{"@context":"https:\/\/schema.org","@graph":[{"@type":"WebSite","@id":"https:\/\/www.visit-ulcinj.com\/blog\/#website","url":"https:\/\/www.visit-ulcinj.com\/blog\/","name":"Lajme nga Ulqini","description":"Lajme,Vijesti,Ulqini,Ulqin,Crna Gora,Mali i Zi","potentialAction":[{"@type":"SearchAction","target":{"@type":"EntryPoint","urlTemplate":"https:\/\/www.visit-ulcinj.com\/blog\/?s={search_term_string}"},"query-input":"required name=search_term_string"}],"inLanguage":"en-US"},{"@type":"ImageObject","inLanguage":"en-US","@id":"https:\/\/www.visit-ulcinj.com\/blog\/2012\/03\/27\/morsko-dobro-izdalo-opstinsku-zemlju-u-ulcinj\/#primaryimage","url":"https:\/\/www.visit-ulcinj.com\/blog\/wp-content\/uploads\/2012\/03\/Hotel-jadran-ulcinj.jpg","contentUrl":"https:\/\/www.visit-ulcinj.com\/blog\/wp-content\/uploads\/2012\/03\/Hotel-jadran-ulcinj.jpg","width":"998","height":"482"},{"@type":"WebPage","@id":"https:\/\/www.visit-ulcinj.com\/blog\/2012\/03\/27\/morsko-dobro-izdalo-opstinsku-zemlju-u-ulcinj\/#webpage","url":"https:\/\/www.visit-ulcinj.com\/blog\/2012\/03\/27\/morsko-dobro-izdalo-opstinsku-zemlju-u-ulcinj\/","name":"Morsko dobro izdalo op\u0161tinsku zemlju u Ulcinj - Lajme nga Ulqini","isPartOf":{"@id":"https:\/\/www.visit-ulcinj.com\/blog\/#website"},"primaryImageOfPage":{"@id":"https:\/\/www.visit-ulcinj.com\/blog\/2012\/03\/27\/morsko-dobro-izdalo-opstinsku-zemlju-u-ulcinj\/#primaryimage"},"datePublished":"2012-03-27T17:18:08+00:00","dateModified":"2012-03-27T17:18:08+00:00","author":{"@id":"https:\/\/www.visit-ulcinj.com\/blog\/#\/schema\/person\/dcab619c614d3038751c63bc2aadc06d"},"description":"Odbornici so ulcinj raspravljali o projektu gradnje novog hotela \u201eJadran\u201c tra\u017ee\u0107i odgovore od kompanije iz Budve Op\u0161tina Ulcinj nije od Morskog dobra","breadcrumb":{"@id":"https:\/\/www.visit-ulcinj.com\/blog\/2012\/03\/27\/morsko-dobro-izdalo-opstinsku-zemlju-u-ulcinj\/#breadcrumb"},"inLanguage":"en-US","potentialAction":[{"@type":"ReadAction","target":["https:\/\/www.visit-ulcinj.com\/blog\/2012\/03\/27\/morsko-dobro-izdalo-opstinsku-zemlju-u-ulcinj\/"]}]},{"@type":"BreadcrumbList","@id":"https:\/\/www.visit-ulcinj.com\/blog\/2012\/03\/27\/morsko-dobro-izdalo-opstinsku-zemlju-u-ulcinj\/#breadcrumb","itemListElement":[{"@type":"ListItem","position":1,"name":"Morsko dobro izdalo op\u0161tinsku zemlju u Ulcinj"}]},{"@type":"Person","@id":"https:\/\/www.visit-ulcinj.com\/blog\/#\/schema\/person\/dcab619c614d3038751c63bc2aadc06d","name":"ulqini","sameAs":["http:\/\/www.visit-ulcinj.com"],"url":"https:\/\/www.visit-ulcinj.com\/blog\/author\/admin\/"}]}},"jetpack_featured_media_url":"","jetpack_sharing_enabled":true,"jetpack_shortlink":"https:\/\/wp.me\/pe6lTn-fhn","_links":{"self":[{"href":"https:\/\/www.visit-ulcinj.com\/blog\/wp-json\/wp\/v2\/posts\/58737"}],"collection":[{"href":"https:\/\/www.visit-ulcinj.com\/blog\/wp-json\/wp\/v2\/posts"}],"about":[{"href":"https:\/\/www.visit-ulcinj.com\/blog\/wp-json\/wp\/v2\/types\/post"}],"author":[{"embeddable":true,"href":"https:\/\/www.visit-ulcinj.com\/blog\/wp-json\/wp\/v2\/users\/1"}],"replies":[{"embeddable":true,"href":"https:\/\/www.visit-ulcinj.com\/blog\/wp-json\/wp\/v2\/comments?post=58737"}],"version-history":[{"count":1,"href":"https:\/\/www.visit-ulcinj.com\/blog\/wp-json\/wp\/v2\/posts\/58737\/revisions"}],"predecessor-version":[{"id":58740,"href":"https:\/\/www.visit-ulcinj.com\/blog\/wp-json\/wp\/v2\/posts\/58737\/revisions\/58740"}],"wp:attachment":[{"href":"https:\/\/www.visit-ulcinj.com\/blog\/wp-json\/wp\/v2\/media?parent=58737"}],"wp:term":[{"taxonomy":"category","embeddable":true,"href":"https:\/\/www.visit-ulcinj.com\/blog\/wp-json\/wp\/v2\/categories?post=58737"},{"taxonomy":"post_tag","embeddable":true,"href":"https:\/\/www.visit-ulcinj.com\/blog\/wp-json\/wp\/v2\/tags?post=58737"}],"curies":[{"name":"wp","href":"https:\/\/api.w.org\/{rel}","templated":true}]}}