{"id":58741,"date":"2012-03-27T18:30:05","date_gmt":"2012-03-27T17:30:05","guid":{"rendered":"http:\/\/www.visit-ulcinj.com\/blog\/?p=58741"},"modified":"2012-03-27T18:31:05","modified_gmt":"2012-03-27T17:31:05","slug":"shaqir-ismaili-ne-mbasaden-e-republikes-se-shqiperise-ne-sarajeve","status":"publish","type":"post","link":"https:\/\/www.visit-ulcinj.com\/blog\/2012\/03\/27\/shaqir-ismaili-ne-mbasaden-e-republikes-se-shqiperise-ne-sarajeve\/","title":{"rendered":"Shaqir Ismaili n\u00eb mbasad\u00ebn e Republik\u00ebs s\u00eb Shqip\u00ebris\u00eb n\u00eb Sarajev\u00eb"},"content":{"rendered":"<p><a href=\"http:\/\/www.visit-ulcinj.com\/blog\/wp-content\/uploads\/2012\/03\/Shaqir-Ismaili-n\u00eb-mbasad\u00ebn-e-Republik\u00ebs-s\u00eb-Shqip\u00ebris\u00eb-n\u00eb-Sarajev\u00eb.jpg\"><img loading=\"lazy\" class=\"alignleft  wp-image-58742\" title=\"Shaqir Ismaili n\u00eb mbasad\u00ebn e Republik\u00ebs s\u00eb Shqip\u00ebris\u00eb n\u00eb Sarajev\u00eb\" src=\"http:\/\/www.visit-ulcinj.com\/blog\/wp-content\/uploads\/2012\/03\/Shaqir-Ismaili-n\u00eb-mbasad\u00ebn-e-Republik\u00ebs-s\u00eb-Shqip\u00ebris\u00eb-n\u00eb-Sarajev\u00eb.jpg\" alt=\"\" width=\"508\" height=\"360\" \/><\/a>Shkelq\u00ebsia e tij z.Flamur Gashi, ambasador i Republik\u00ebs s\u00eb Shqip\u00ebris\u00eb, n\u00eb zyr\u00ebn e tij n\u00eb Sarajev\u00eb, p\u00ebrzem\u00ebrsisht priti z.Shaqir Ismailin, autor i librit monografik Bojku n\u00eb An\u00eb t\u00eb Malit. Ambasadorit shqiptar, publicisti Shaqir Ismaili i dhuroi librin duke e informuar ate se brenda kopertinave libri ka nj\u00eb histori shekullore te katundit Bojk, mes Ulqinit, Shkodres dhe Tivarit. Kjo histori \u00ebsht\u00eb krijuar, mbrojtur dhe kultivuar me sakrifica t\u00eb m\u00ebdha t\u00eb brezave.<strong><\/strong><\/p>\n<p><strong><a href=\"https:\/\/www.facebook.com\/profile.php?id=842313990\">Sejdo Ismaili Facebook<\/a><\/strong><br \/>\n\n\t\t<style type=\"text\/css\">\n\t\t\t#gallery-1 {\n\t\t\t\tmargin: auto;\n\t\t\t}\n\t\t\t#gallery-1 .gallery-item {\n\t\t\t\tfloat: left;\n\t\t\t\tmargin-top: 10px;\n\t\t\t\ttext-align: center;\n\t\t\t\twidth: 33%;\n\t\t\t}\n\t\t\t#gallery-1 img {\n\t\t\t\tborder: 2px solid #cfcfcf;\n\t\t\t}\n\t\t\t#gallery-1 .gallery-caption {\n\t\t\t\tmargin-left: 0;\n\t\t\t}\n\t\t\t\/* see gallery_shortcode() in wp-includes\/media.php *\/\n\t\t<\/style>\n\t\t<div id='gallery-1' class='gallery galleryid-58741 gallery-columns-3 gallery-size-thumbnail'><dl class='gallery-item'>\n\t\t\t<dt class='gallery-icon landscape'>\n\t\t\t\t<a href='https:\/\/www.visit-ulcinj.com\/blog\/wp-content\/uploads\/2012\/03\/Shaqir-Ismaili-n\u00eb-mbasad\u00ebn-e-Republik\u00ebs-s\u00eb-Shqip\u00ebris\u00eb-n\u00eb-Sarajev\u00eb.jpg'><img width=\"150\" height=\"150\" src=\"https:\/\/www.visit-ulcinj.com\/blog\/wp-content\/uploads\/2012\/03\/Shaqir-Ismaili-n\u00eb-mbasad\u00ebn-e-Republik\u00ebs-s\u00eb-Shqip\u00ebris\u00eb-n\u00eb-Sarajev\u00eb-150x150.jpg\" class=\"attachment-thumbnail size-thumbnail\" alt=\"\" loading=\"lazy\" \/><\/a>\n\t\t\t<\/dt><\/dl><dl class='gallery-item'>\n\t\t\t<dt class='gallery-icon landscape'>\n\t\t\t\t<a href='https:\/\/www.visit-ulcinj.com\/blog\/wp-content\/uploads\/2012\/03\/Shaqir-Ismaili-n\u00eb-mbasad\u00ebn-e-Republik\u00ebs-s\u00eb-Shqip\u00ebris\u00eb-n\u00eb-Sarajev\u00eb.1.jpg'><img width=\"150\" height=\"150\" src=\"https:\/\/www.visit-ulcinj.com\/blog\/wp-content\/uploads\/2012\/03\/Shaqir-Ismaili-n\u00eb-mbasad\u00ebn-e-Republik\u00ebs-s\u00eb-Shqip\u00ebris\u00eb-n\u00eb-Sarajev\u00eb.1-150x150.jpg\" class=\"attachment-thumbnail size-thumbnail\" alt=\"\" loading=\"lazy\" \/><\/a>\n\t\t\t<\/dt><\/dl><dl class='gallery-item'>\n\t\t\t<dt class='gallery-icon landscape'>\n\t\t\t\t<a href='https:\/\/www.visit-ulcinj.com\/blog\/wp-content\/uploads\/2012\/03\/Shaqir-Ismaili-n\u00eb-mbasad\u00ebn-e-Republik\u00ebs-s\u00eb-Shqip\u00ebris\u00eb-n\u00eb-Sarajev\u00eb.2.jpg'><img width=\"150\" height=\"150\" src=\"https:\/\/www.visit-ulcinj.com\/blog\/wp-content\/uploads\/2012\/03\/Shaqir-Ismaili-n\u00eb-mbasad\u00ebn-e-Republik\u00ebs-s\u00eb-Shqip\u00ebris\u00eb-n\u00eb-Sarajev\u00eb.2-150x150.jpg\" class=\"attachment-thumbnail size-thumbnail\" alt=\"\" loading=\"lazy\" \/><\/a>\n\t\t\t<\/dt><\/dl><br style=\"clear: both\" \/>\n\t\t<\/div>\n<br \/>\n<!--YouTube Error: bad URL entered--><\/p>\n","protected":false},"excerpt":{"rendered":"<p>Shkelq\u00ebsia e tij z.Flamur Gashi, ambasador i Republik\u00ebs s\u00eb Shqip\u00ebris\u00eb, n\u00eb zyr\u00ebn e tij n\u00eb Sarajev\u00eb, p\u00ebrzem\u00ebrsisht priti z.Shaqir Ismailin, autor i librit monografik Bojku n\u00eb An\u00eb t\u00eb Malit. Ambasadorit shqiptar, publicisti Shaqir Ismaili i dhuroi librin duke e informuar ate se brenda kopertinave libri ka nj\u00eb histori shekullore te katundit Bojk, mes Ulqinit, Shkodres [&hellip;]<\/p>\n","protected":false},"author":1,"featured_media":0,"comment_status":"open","ping_status":"closed","sticky":false,"template":"","format":"standard","meta":{"spay_email":"","jetpack_publicize_message":"","jetpack_is_tweetstorm":false,"jetpack_publicize_feature_enabled":true},"categories":[4],"tags":[20222,20221,20223,14704],"jetpack_publicize_connections":[],"yoast_head":"<!-- This site is optimized with the Yoast SEO plugin v19.1 - https:\/\/yoast.com\/wordpress\/plugins\/seo\/ -->\n<title>Shaqir Ismaili n\u00eb mbasad\u00ebn e Republik\u00ebs s\u00eb Shqip\u00ebris\u00eb n\u00eb Sarajev\u00eb - Lajme nga Ulqini<\/title>\n<meta name=\"description\" content=\"Shkelq\u00ebsia e tij z.Flamur Gashi, ambasador i Republik\u00ebs s\u00eb Shqip\u00ebris\u00eb, n\u00eb zyr\u00ebn e tij n\u00eb Sarajev\u00eb, p\u00ebrzem\u00ebrsisht priti z.Shaqir Ismailin, autor i librit\" \/>\n<meta name=\"robots\" content=\"index, follow, max-snippet:-1, max-image-preview:large, max-video-preview:-1\" \/>\n<link rel=\"canonical\" href=\"https:\/\/www.visit-ulcinj.com\/blog\/2012\/03\/27\/shaqir-ismaili-ne-mbasaden-e-republikes-se-shqiperise-ne-sarajeve\/\" \/>\n<meta property=\"og:locale\" content=\"en_US\" \/>\n<meta property=\"og:type\" content=\"article\" \/>\n<meta property=\"og:title\" content=\"Shaqir Ismaili n\u00eb mbasad\u00ebn e Republik\u00ebs s\u00eb Shqip\u00ebris\u00eb n\u00eb Sarajev\u00eb - Lajme nga Ulqini\" \/>\n<meta property=\"og:description\" content=\"Shkelq\u00ebsia e tij z.Flamur Gashi, ambasador i Republik\u00ebs s\u00eb Shqip\u00ebris\u00eb, n\u00eb zyr\u00ebn e tij n\u00eb Sarajev\u00eb, p\u00ebrzem\u00ebrsisht priti z.Shaqir Ismailin, autor i librit\" \/>\n<meta property=\"og:url\" content=\"https:\/\/www.visit-ulcinj.com\/blog\/2012\/03\/27\/shaqir-ismaili-ne-mbasaden-e-republikes-se-shqiperise-ne-sarajeve\/\" \/>\n<meta property=\"og:site_name\" content=\"Lajme nga Ulqini\" \/>\n<meta property=\"article:published_time\" content=\"2012-03-27T17:30:05+00:00\" \/>\n<meta property=\"article:modified_time\" content=\"2012-03-27T17:31:05+00:00\" \/>\n<meta property=\"og:image\" content=\"https:\/\/www.visit-ulcinj.com\/blog\/wp-content\/uploads\/2012\/03\/Shaqir-Ismaili-n\u00eb-mbasad\u00ebn-e-Republik\u00ebs-s\u00eb-Shqip\u00ebris\u00eb-n\u00eb-Sarajev\u00eb-150x150.jpg\" \/>\n<meta name=\"twitter:label1\" content=\"Written by\" \/>\n\t<meta name=\"twitter:data1\" content=\"ulqini\" \/>\n<script type=\"application\/ld+json\" class=\"yoast-schema-graph\">{\"@context\":\"https:\/\/schema.org\",\"@graph\":[{\"@type\":\"WebSite\",\"@id\":\"https:\/\/www.visit-ulcinj.com\/blog\/#website\",\"url\":\"https:\/\/www.visit-ulcinj.com\/blog\/\",\"name\":\"Lajme nga Ulqini\",\"description\":\"Lajme,Vijesti,Ulqini,Ulqin,Crna Gora,Mali i Zi\",\"potentialAction\":[{\"@type\":\"SearchAction\",\"target\":{\"@type\":\"EntryPoint\",\"urlTemplate\":\"https:\/\/www.visit-ulcinj.com\/blog\/?s={search_term_string}\"},\"query-input\":\"required name=search_term_string\"}],\"inLanguage\":\"en-US\"},{\"@type\":\"WebPage\",\"@id\":\"https:\/\/www.visit-ulcinj.com\/blog\/2012\/03\/27\/shaqir-ismaili-ne-mbasaden-e-republikes-se-shqiperise-ne-sarajeve\/#webpage\",\"url\":\"https:\/\/www.visit-ulcinj.com\/blog\/2012\/03\/27\/shaqir-ismaili-ne-mbasaden-e-republikes-se-shqiperise-ne-sarajeve\/\",\"name\":\"Shaqir Ismaili n\u00eb mbasad\u00ebn e Republik\u00ebs s\u00eb Shqip\u00ebris\u00eb n\u00eb Sarajev\u00eb - Lajme nga Ulqini\",\"isPartOf\":{\"@id\":\"https:\/\/www.visit-ulcinj.com\/blog\/#website\"},\"datePublished\":\"2012-03-27T17:30:05+00:00\",\"dateModified\":\"2012-03-27T17:31:05+00:00\",\"author\":{\"@id\":\"https:\/\/www.visit-ulcinj.com\/blog\/#\/schema\/person\/dcab619c614d3038751c63bc2aadc06d\"},\"description\":\"Shkelq\u00ebsia e tij z.Flamur Gashi, ambasador i Republik\u00ebs s\u00eb Shqip\u00ebris\u00eb, n\u00eb zyr\u00ebn e tij n\u00eb Sarajev\u00eb, p\u00ebrzem\u00ebrsisht priti z.Shaqir Ismailin, autor i librit\",\"breadcrumb\":{\"@id\":\"https:\/\/www.visit-ulcinj.com\/blog\/2012\/03\/27\/shaqir-ismaili-ne-mbasaden-e-republikes-se-shqiperise-ne-sarajeve\/#breadcrumb\"},\"inLanguage\":\"en-US\",\"potentialAction\":[{\"@type\":\"ReadAction\",\"target\":[\"https:\/\/www.visit-ulcinj.com\/blog\/2012\/03\/27\/shaqir-ismaili-ne-mbasaden-e-republikes-se-shqiperise-ne-sarajeve\/\"]}]},{\"@type\":\"BreadcrumbList\",\"@id\":\"https:\/\/www.visit-ulcinj.com\/blog\/2012\/03\/27\/shaqir-ismaili-ne-mbasaden-e-republikes-se-shqiperise-ne-sarajeve\/#breadcrumb\",\"itemListElement\":[{\"@type\":\"ListItem\",\"position\":1,\"name\":\"Shaqir Ismaili n\u00eb mbasad\u00ebn e Republik\u00ebs s\u00eb Shqip\u00ebris\u00eb n\u00eb Sarajev\u00eb\"}]},{\"@type\":\"Person\",\"@id\":\"https:\/\/www.visit-ulcinj.com\/blog\/#\/schema\/person\/dcab619c614d3038751c63bc2aadc06d\",\"name\":\"ulqini\",\"sameAs\":[\"http:\/\/www.visit-ulcinj.com\"],\"url\":\"https:\/\/www.visit-ulcinj.com\/blog\/author\/admin\/\"}]}<\/script>\n<!-- \/ Yoast SEO plugin. -->","yoast_head_json":{"title":"Shaqir Ismaili n\u00eb mbasad\u00ebn e Republik\u00ebs s\u00eb Shqip\u00ebris\u00eb n\u00eb Sarajev\u00eb - Lajme nga Ulqini","description":"Shkelq\u00ebsia e tij z.Flamur Gashi, ambasador i Republik\u00ebs s\u00eb Shqip\u00ebris\u00eb, n\u00eb zyr\u00ebn e tij n\u00eb Sarajev\u00eb, p\u00ebrzem\u00ebrsisht priti z.Shaqir Ismailin, autor i librit","robots":{"index":"index","follow":"follow","max-snippet":"max-snippet:-1","max-image-preview":"max-image-preview:large","max-video-preview":"max-video-preview:-1"},"canonical":"https:\/\/www.visit-ulcinj.com\/blog\/2012\/03\/27\/shaqir-ismaili-ne-mbasaden-e-republikes-se-shqiperise-ne-sarajeve\/","og_locale":"en_US","og_type":"article","og_title":"Shaqir Ismaili n\u00eb mbasad\u00ebn e Republik\u00ebs s\u00eb Shqip\u00ebris\u00eb n\u00eb Sarajev\u00eb - Lajme nga Ulqini","og_description":"Shkelq\u00ebsia e tij z.Flamur Gashi, ambasador i Republik\u00ebs s\u00eb Shqip\u00ebris\u00eb, n\u00eb zyr\u00ebn e tij n\u00eb Sarajev\u00eb, p\u00ebrzem\u00ebrsisht priti z.Shaqir Ismailin, autor i librit","og_url":"https:\/\/www.visit-ulcinj.com\/blog\/2012\/03\/27\/shaqir-ismaili-ne-mbasaden-e-republikes-se-shqiperise-ne-sarajeve\/","og_site_name":"Lajme nga Ulqini","article_published_time":"2012-03-27T17:30:05+00:00","article_modified_time":"2012-03-27T17:31:05+00:00","og_image":[{"url":"https:\/\/www.visit-ulcinj.com\/blog\/wp-content\/uploads\/2012\/03\/Shaqir-Ismaili-n\u00eb-mbasad\u00ebn-e-Republik\u00ebs-s\u00eb-Shqip\u00ebris\u00eb-n\u00eb-Sarajev\u00eb-150x150.jpg"}],"twitter_misc":{"Written by":"ulqini"},"schema":{"@context":"https:\/\/schema.org","@graph":[{"@type":"WebSite","@id":"https:\/\/www.visit-ulcinj.com\/blog\/#website","url":"https:\/\/www.visit-ulcinj.com\/blog\/","name":"Lajme nga Ulqini","description":"Lajme,Vijesti,Ulqini,Ulqin,Crna Gora,Mali i Zi","potentialAction":[{"@type":"SearchAction","target":{"@type":"EntryPoint","urlTemplate":"https:\/\/www.visit-ulcinj.com\/blog\/?s={search_term_string}"},"query-input":"required name=search_term_string"}],"inLanguage":"en-US"},{"@type":"WebPage","@id":"https:\/\/www.visit-ulcinj.com\/blog\/2012\/03\/27\/shaqir-ismaili-ne-mbasaden-e-republikes-se-shqiperise-ne-sarajeve\/#webpage","url":"https:\/\/www.visit-ulcinj.com\/blog\/2012\/03\/27\/shaqir-ismaili-ne-mbasaden-e-republikes-se-shqiperise-ne-sarajeve\/","name":"Shaqir Ismaili n\u00eb mbasad\u00ebn e Republik\u00ebs s\u00eb Shqip\u00ebris\u00eb n\u00eb Sarajev\u00eb - Lajme nga Ulqini","isPartOf":{"@id":"https:\/\/www.visit-ulcinj.com\/blog\/#website"},"datePublished":"2012-03-27T17:30:05+00:00","dateModified":"2012-03-27T17:31:05+00:00","author":{"@id":"https:\/\/www.visit-ulcinj.com\/blog\/#\/schema\/person\/dcab619c614d3038751c63bc2aadc06d"},"description":"Shkelq\u00ebsia e tij z.Flamur Gashi, ambasador i Republik\u00ebs s\u00eb Shqip\u00ebris\u00eb, n\u00eb zyr\u00ebn e tij n\u00eb Sarajev\u00eb, p\u00ebrzem\u00ebrsisht priti z.Shaqir Ismailin, autor i librit","breadcrumb":{"@id":"https:\/\/www.visit-ulcinj.com\/blog\/2012\/03\/27\/shaqir-ismaili-ne-mbasaden-e-republikes-se-shqiperise-ne-sarajeve\/#breadcrumb"},"inLanguage":"en-US","potentialAction":[{"@type":"ReadAction","target":["https:\/\/www.visit-ulcinj.com\/blog\/2012\/03\/27\/shaqir-ismaili-ne-mbasaden-e-republikes-se-shqiperise-ne-sarajeve\/"]}]},{"@type":"BreadcrumbList","@id":"https:\/\/www.visit-ulcinj.com\/blog\/2012\/03\/27\/shaqir-ismaili-ne-mbasaden-e-republikes-se-shqiperise-ne-sarajeve\/#breadcrumb","itemListElement":[{"@type":"ListItem","position":1,"name":"Shaqir Ismaili n\u00eb mbasad\u00ebn e Republik\u00ebs s\u00eb Shqip\u00ebris\u00eb n\u00eb Sarajev\u00eb"}]},{"@type":"Person","@id":"https:\/\/www.visit-ulcinj.com\/blog\/#\/schema\/person\/dcab619c614d3038751c63bc2aadc06d","name":"ulqini","sameAs":["http:\/\/www.visit-ulcinj.com"],"url":"https:\/\/www.visit-ulcinj.com\/blog\/author\/admin\/"}]}},"jetpack_featured_media_url":"","jetpack_sharing_enabled":true,"jetpack_shortlink":"https:\/\/wp.me\/pe6lTn-fhr","_links":{"self":[{"href":"https:\/\/www.visit-ulcinj.com\/blog\/wp-json\/wp\/v2\/posts\/58741"}],"collection":[{"href":"https:\/\/www.visit-ulcinj.com\/blog\/wp-json\/wp\/v2\/posts"}],"about":[{"href":"https:\/\/www.visit-ulcinj.com\/blog\/wp-json\/wp\/v2\/types\/post"}],"author":[{"embeddable":true,"href":"https:\/\/www.visit-ulcinj.com\/blog\/wp-json\/wp\/v2\/users\/1"}],"replies":[{"embeddable":true,"href":"https:\/\/www.visit-ulcinj.com\/blog\/wp-json\/wp\/v2\/comments?post=58741"}],"version-history":[{"count":2,"href":"https:\/\/www.visit-ulcinj.com\/blog\/wp-json\/wp\/v2\/posts\/58741\/revisions"}],"predecessor-version":[{"id":58746,"href":"https:\/\/www.visit-ulcinj.com\/blog\/wp-json\/wp\/v2\/posts\/58741\/revisions\/58746"}],"wp:attachment":[{"href":"https:\/\/www.visit-ulcinj.com\/blog\/wp-json\/wp\/v2\/media?parent=58741"}],"wp:term":[{"taxonomy":"category","embeddable":true,"href":"https:\/\/www.visit-ulcinj.com\/blog\/wp-json\/wp\/v2\/categories?post=58741"},{"taxonomy":"post_tag","embeddable":true,"href":"https:\/\/www.visit-ulcinj.com\/blog\/wp-json\/wp\/v2\/tags?post=58741"}],"curies":[{"name":"wp","href":"https:\/\/api.w.org\/{rel}","templated":true}]}}