{"id":58747,"date":"2012-03-27T19:39:32","date_gmt":"2012-03-27T18:39:32","guid":{"rendered":"http:\/\/www.visit-ulcinj.com\/blog\/?p=58747"},"modified":"2012-03-27T19:39:32","modified_gmt":"2012-03-27T18:39:32","slug":"mali-i-zi-refuzon-shqiptaret-pa-pasaporte-video","status":"publish","type":"post","link":"https:\/\/www.visit-ulcinj.com\/blog\/2012\/03\/27\/mali-i-zi-refuzon-shqiptaret-pa-pasaporte-video\/","title":{"rendered":"Mali i Zi refuzon shqiptar\u00ebt pa pasaport\u00eb &#8211; Video"},"content":{"rendered":"<p><strong><a href=\"http:\/\/www.visit-ulcinj.com\/blog\/wp-content\/uploads\/2012\/03\/Kufiri-Sukubin_Muriqan.2.jpg\"><img loading=\"lazy\" class=\"alignleft size-full wp-image-58748\" title=\"Kufiri-Sukubin_Muriqan.2\" src=\"http:\/\/www.visit-ulcinj.com\/blog\/wp-content\/uploads\/2012\/03\/Kufiri-Sukubin_Muriqan.2.jpg\" alt=\"\" width=\"500\" height=\"375\" srcset=\"https:\/\/www.visit-ulcinj.com\/blog\/wp-content\/uploads\/2012\/03\/Kufiri-Sukubin_Muriqan.2.jpg 500w, https:\/\/www.visit-ulcinj.com\/blog\/wp-content\/uploads\/2012\/03\/Kufiri-Sukubin_Muriqan.2-300x225.jpg 300w\" sizes=\"(max-width: 500px) 100vw, 500px\" \/><\/a>Prej dat\u00ebs 21 deri n\u00eb mesdit\u00ebn e s\u00eb mart\u00ebs, asnj\u00eb shtetas shqiptar nuk ka mundur t\u00eb kaloj\u00eb n\u00eb shtetin malazez me kart\u00eb identiteti. <\/strong><\/p>\n<p>Ministria e Pun\u00ebve t\u00eb Jashtme shqiptare kishte njoftuar se ka hyr\u00eb n\u00eb fuqi marr\u00ebveshja dypal\u00ebshe p\u00ebr p\u00ebrdorimin e kartave t\u00eb identitetit dhe jo pashaportave n\u00eb kalimin e kufirit. Por nj\u00eb gj\u00eb e till\u00eb \u00ebsht\u00eb respektuar vet\u00ebm nga pala shqiptare.<\/p>\n<p>Gazetari i Top Channel tentoi t\u00eb kaloj\u00eb kufirin me kart\u00ebn e identitetit. Pasi procedura u krye e rregullt n\u00eb pik\u00ebn shqiptare t\u00eb kalimit kufitar, n\u00eb pik\u00ebn malazeze u refuzua. Shpjegimi q\u00eb policia malazeze dha ishte se nuk kishin asnj\u00eb njoftim p\u00ebr zbatimin e nj\u00eb marr\u00ebveshje t\u00eb till\u00eb dypal\u00ebshe.<\/p>\n<p>Kamera e Top Channel ishte d\u00ebshmitare e refuzimit t\u00eb nj\u00eb t\u00eb moshuara, banore e Muriqanit, e cila sapo ishte kthyer mbrapsht dhe nuk u lejua nga policia malazeze t\u00eb kaloj\u00eb kufirin me kart\u00eb identiteti dhe si kjo e moshuar jan\u00eb\u00a0 shum\u00eb shtetas q\u00eb po u refuzohet hyrja\u00a0 me kart\u00eb identiteti.<\/p>\n<p>Shqip\u00ebria dhe Mali i Zi m\u00eb 14 dhjetor t\u00eb vitit 2011 n\u00ebnshkruan nj\u00eb marr\u00ebveshje nga zv\/kryeministri dhe Ministri i Pun\u00ebve t\u00eb Jashtme Shqip\u00ebris\u00eb, Edmond Haxhinasto me homologun tij malazez, Milan Ro\u0107en p\u00ebr leht\u00ebsimin e procedurave n\u00eb l\u00ebvizjet nd\u00ebrkufitare mes dy vendeve.<\/p>\n<p><strong>Top Channel<\/strong><\/p>\n<!--YouTube Error: bad URL entered-->\n","protected":false},"excerpt":{"rendered":"<p>Prej dat\u00ebs 21 deri n\u00eb mesdit\u00ebn e s\u00eb mart\u00ebs, asnj\u00eb shtetas shqiptar nuk ka mundur t\u00eb kaloj\u00eb n\u00eb shtetin malazez me kart\u00eb identiteti. Ministria e Pun\u00ebve t\u00eb Jashtme shqiptare kishte njoftuar se ka hyr\u00eb n\u00eb fuqi marr\u00ebveshja dypal\u00ebshe p\u00ebr p\u00ebrdorimin e kartave t\u00eb identitetit dhe jo pashaportave n\u00eb kalimin e kufirit. Por nj\u00eb gj\u00eb e [&hellip;]<\/p>\n","protected":false},"author":1,"featured_media":0,"comment_status":"open","ping_status":"closed","sticky":false,"template":"","format":"standard","meta":{"spay_email":"","jetpack_publicize_message":"","jetpack_is_tweetstorm":false,"jetpack_publicize_feature_enabled":true},"categories":[14],"tags":[20224],"jetpack_publicize_connections":[],"yoast_head":"<!-- This site is optimized with the Yoast SEO plugin v19.1 - https:\/\/yoast.com\/wordpress\/plugins\/seo\/ -->\n<title>Mali i Zi refuzon shqiptar\u00ebt pa pasaport\u00eb - Video - Lajme nga Ulqini<\/title>\n<meta name=\"description\" content=\"Prej dat\u00ebs 21 deri n\u00eb mesdit\u00ebn e s\u00eb mart\u00ebs, asnj\u00eb shtetas shqiptar nuk ka mundur t\u00eb kaloj\u00eb n\u00eb shtetin malazez me kart\u00eb identiteti. Ministria e Pun\u00ebve t\u00eb\" \/>\n<meta name=\"robots\" content=\"index, follow, max-snippet:-1, max-image-preview:large, max-video-preview:-1\" \/>\n<link rel=\"canonical\" href=\"https:\/\/www.visit-ulcinj.com\/blog\/2012\/03\/27\/mali-i-zi-refuzon-shqiptaret-pa-pasaporte-video\/\" \/>\n<meta property=\"og:locale\" content=\"en_US\" \/>\n<meta property=\"og:type\" content=\"article\" \/>\n<meta property=\"og:title\" content=\"Mali i Zi refuzon shqiptar\u00ebt pa pasaport\u00eb - Video - Lajme nga Ulqini\" \/>\n<meta property=\"og:description\" content=\"Prej dat\u00ebs 21 deri n\u00eb mesdit\u00ebn e s\u00eb mart\u00ebs, asnj\u00eb shtetas shqiptar nuk ka mundur t\u00eb kaloj\u00eb n\u00eb shtetin malazez me kart\u00eb identiteti. Ministria e Pun\u00ebve t\u00eb\" \/>\n<meta property=\"og:url\" content=\"https:\/\/www.visit-ulcinj.com\/blog\/2012\/03\/27\/mali-i-zi-refuzon-shqiptaret-pa-pasaporte-video\/\" \/>\n<meta property=\"og:site_name\" content=\"Lajme nga Ulqini\" \/>\n<meta property=\"article:published_time\" content=\"2012-03-27T18:39:32+00:00\" \/>\n<meta property=\"og:image\" content=\"http:\/\/www.visit-ulcinj.com\/blog\/wp-content\/uploads\/2012\/03\/Kufiri-Sukubin_Muriqan.2.jpg\" \/>\n<meta name=\"twitter:label1\" content=\"Written by\" \/>\n\t<meta name=\"twitter:data1\" content=\"ulqini\" \/>\n\t<meta name=\"twitter:label2\" content=\"Est. reading time\" \/>\n\t<meta name=\"twitter:data2\" content=\"1 minute\" \/>\n<script type=\"application\/ld+json\" class=\"yoast-schema-graph\">{\"@context\":\"https:\/\/schema.org\",\"@graph\":[{\"@type\":\"WebSite\",\"@id\":\"https:\/\/www.visit-ulcinj.com\/blog\/#website\",\"url\":\"https:\/\/www.visit-ulcinj.com\/blog\/\",\"name\":\"Lajme nga Ulqini\",\"description\":\"Lajme,Vijesti,Ulqini,Ulqin,Crna Gora,Mali i Zi\",\"potentialAction\":[{\"@type\":\"SearchAction\",\"target\":{\"@type\":\"EntryPoint\",\"urlTemplate\":\"https:\/\/www.visit-ulcinj.com\/blog\/?s={search_term_string}\"},\"query-input\":\"required name=search_term_string\"}],\"inLanguage\":\"en-US\"},{\"@type\":\"ImageObject\",\"inLanguage\":\"en-US\",\"@id\":\"https:\/\/www.visit-ulcinj.com\/blog\/2012\/03\/27\/mali-i-zi-refuzon-shqiptaret-pa-pasaporte-video\/#primaryimage\",\"url\":\"https:\/\/www.visit-ulcinj.com\/blog\/wp-content\/uploads\/2012\/03\/Kufiri-Sukubin_Muriqan.2.jpg\",\"contentUrl\":\"https:\/\/www.visit-ulcinj.com\/blog\/wp-content\/uploads\/2012\/03\/Kufiri-Sukubin_Muriqan.2.jpg\",\"width\":\"500\",\"height\":\"375\"},{\"@type\":\"WebPage\",\"@id\":\"https:\/\/www.visit-ulcinj.com\/blog\/2012\/03\/27\/mali-i-zi-refuzon-shqiptaret-pa-pasaporte-video\/#webpage\",\"url\":\"https:\/\/www.visit-ulcinj.com\/blog\/2012\/03\/27\/mali-i-zi-refuzon-shqiptaret-pa-pasaporte-video\/\",\"name\":\"Mali i Zi refuzon shqiptar\u00ebt pa pasaport\u00eb - Video - Lajme nga Ulqini\",\"isPartOf\":{\"@id\":\"https:\/\/www.visit-ulcinj.com\/blog\/#website\"},\"primaryImageOfPage\":{\"@id\":\"https:\/\/www.visit-ulcinj.com\/blog\/2012\/03\/27\/mali-i-zi-refuzon-shqiptaret-pa-pasaporte-video\/#primaryimage\"},\"datePublished\":\"2012-03-27T18:39:32+00:00\",\"dateModified\":\"2012-03-27T18:39:32+00:00\",\"author\":{\"@id\":\"https:\/\/www.visit-ulcinj.com\/blog\/#\/schema\/person\/dcab619c614d3038751c63bc2aadc06d\"},\"description\":\"Prej dat\u00ebs 21 deri n\u00eb mesdit\u00ebn e s\u00eb mart\u00ebs, asnj\u00eb shtetas shqiptar nuk ka mundur t\u00eb kaloj\u00eb n\u00eb shtetin malazez me kart\u00eb identiteti. Ministria e Pun\u00ebve t\u00eb\",\"breadcrumb\":{\"@id\":\"https:\/\/www.visit-ulcinj.com\/blog\/2012\/03\/27\/mali-i-zi-refuzon-shqiptaret-pa-pasaporte-video\/#breadcrumb\"},\"inLanguage\":\"en-US\",\"potentialAction\":[{\"@type\":\"ReadAction\",\"target\":[\"https:\/\/www.visit-ulcinj.com\/blog\/2012\/03\/27\/mali-i-zi-refuzon-shqiptaret-pa-pasaporte-video\/\"]}]},{\"@type\":\"BreadcrumbList\",\"@id\":\"https:\/\/www.visit-ulcinj.com\/blog\/2012\/03\/27\/mali-i-zi-refuzon-shqiptaret-pa-pasaporte-video\/#breadcrumb\",\"itemListElement\":[{\"@type\":\"ListItem\",\"position\":1,\"name\":\"Mali i Zi refuzon shqiptar\u00ebt pa pasaport\u00eb &#8211; Video\"}]},{\"@type\":\"Person\",\"@id\":\"https:\/\/www.visit-ulcinj.com\/blog\/#\/schema\/person\/dcab619c614d3038751c63bc2aadc06d\",\"name\":\"ulqini\",\"sameAs\":[\"http:\/\/www.visit-ulcinj.com\"],\"url\":\"https:\/\/www.visit-ulcinj.com\/blog\/author\/admin\/\"}]}<\/script>\n<!-- \/ Yoast SEO plugin. -->","yoast_head_json":{"title":"Mali i Zi refuzon shqiptar\u00ebt pa pasaport\u00eb - Video - Lajme nga Ulqini","description":"Prej dat\u00ebs 21 deri n\u00eb mesdit\u00ebn e s\u00eb mart\u00ebs, asnj\u00eb shtetas shqiptar nuk ka mundur t\u00eb kaloj\u00eb n\u00eb shtetin malazez me kart\u00eb identiteti. Ministria e Pun\u00ebve t\u00eb","robots":{"index":"index","follow":"follow","max-snippet":"max-snippet:-1","max-image-preview":"max-image-preview:large","max-video-preview":"max-video-preview:-1"},"canonical":"https:\/\/www.visit-ulcinj.com\/blog\/2012\/03\/27\/mali-i-zi-refuzon-shqiptaret-pa-pasaporte-video\/","og_locale":"en_US","og_type":"article","og_title":"Mali i Zi refuzon shqiptar\u00ebt pa pasaport\u00eb - Video - Lajme nga Ulqini","og_description":"Prej dat\u00ebs 21 deri n\u00eb mesdit\u00ebn e s\u00eb mart\u00ebs, asnj\u00eb shtetas shqiptar nuk ka mundur t\u00eb kaloj\u00eb n\u00eb shtetin malazez me kart\u00eb identiteti. Ministria e Pun\u00ebve t\u00eb","og_url":"https:\/\/www.visit-ulcinj.com\/blog\/2012\/03\/27\/mali-i-zi-refuzon-shqiptaret-pa-pasaporte-video\/","og_site_name":"Lajme nga Ulqini","article_published_time":"2012-03-27T18:39:32+00:00","og_image":[{"url":"http:\/\/www.visit-ulcinj.com\/blog\/wp-content\/uploads\/2012\/03\/Kufiri-Sukubin_Muriqan.2.jpg"}],"twitter_misc":{"Written by":"ulqini","Est. reading time":"1 minute"},"schema":{"@context":"https:\/\/schema.org","@graph":[{"@type":"WebSite","@id":"https:\/\/www.visit-ulcinj.com\/blog\/#website","url":"https:\/\/www.visit-ulcinj.com\/blog\/","name":"Lajme nga Ulqini","description":"Lajme,Vijesti,Ulqini,Ulqin,Crna Gora,Mali i Zi","potentialAction":[{"@type":"SearchAction","target":{"@type":"EntryPoint","urlTemplate":"https:\/\/www.visit-ulcinj.com\/blog\/?s={search_term_string}"},"query-input":"required name=search_term_string"}],"inLanguage":"en-US"},{"@type":"ImageObject","inLanguage":"en-US","@id":"https:\/\/www.visit-ulcinj.com\/blog\/2012\/03\/27\/mali-i-zi-refuzon-shqiptaret-pa-pasaporte-video\/#primaryimage","url":"https:\/\/www.visit-ulcinj.com\/blog\/wp-content\/uploads\/2012\/03\/Kufiri-Sukubin_Muriqan.2.jpg","contentUrl":"https:\/\/www.visit-ulcinj.com\/blog\/wp-content\/uploads\/2012\/03\/Kufiri-Sukubin_Muriqan.2.jpg","width":"500","height":"375"},{"@type":"WebPage","@id":"https:\/\/www.visit-ulcinj.com\/blog\/2012\/03\/27\/mali-i-zi-refuzon-shqiptaret-pa-pasaporte-video\/#webpage","url":"https:\/\/www.visit-ulcinj.com\/blog\/2012\/03\/27\/mali-i-zi-refuzon-shqiptaret-pa-pasaporte-video\/","name":"Mali i Zi refuzon shqiptar\u00ebt pa pasaport\u00eb - Video - Lajme nga Ulqini","isPartOf":{"@id":"https:\/\/www.visit-ulcinj.com\/blog\/#website"},"primaryImageOfPage":{"@id":"https:\/\/www.visit-ulcinj.com\/blog\/2012\/03\/27\/mali-i-zi-refuzon-shqiptaret-pa-pasaporte-video\/#primaryimage"},"datePublished":"2012-03-27T18:39:32+00:00","dateModified":"2012-03-27T18:39:32+00:00","author":{"@id":"https:\/\/www.visit-ulcinj.com\/blog\/#\/schema\/person\/dcab619c614d3038751c63bc2aadc06d"},"description":"Prej dat\u00ebs 21 deri n\u00eb mesdit\u00ebn e s\u00eb mart\u00ebs, asnj\u00eb shtetas shqiptar nuk ka mundur t\u00eb kaloj\u00eb n\u00eb shtetin malazez me kart\u00eb identiteti. Ministria e Pun\u00ebve t\u00eb","breadcrumb":{"@id":"https:\/\/www.visit-ulcinj.com\/blog\/2012\/03\/27\/mali-i-zi-refuzon-shqiptaret-pa-pasaporte-video\/#breadcrumb"},"inLanguage":"en-US","potentialAction":[{"@type":"ReadAction","target":["https:\/\/www.visit-ulcinj.com\/blog\/2012\/03\/27\/mali-i-zi-refuzon-shqiptaret-pa-pasaporte-video\/"]}]},{"@type":"BreadcrumbList","@id":"https:\/\/www.visit-ulcinj.com\/blog\/2012\/03\/27\/mali-i-zi-refuzon-shqiptaret-pa-pasaporte-video\/#breadcrumb","itemListElement":[{"@type":"ListItem","position":1,"name":"Mali i Zi refuzon shqiptar\u00ebt pa pasaport\u00eb &#8211; Video"}]},{"@type":"Person","@id":"https:\/\/www.visit-ulcinj.com\/blog\/#\/schema\/person\/dcab619c614d3038751c63bc2aadc06d","name":"ulqini","sameAs":["http:\/\/www.visit-ulcinj.com"],"url":"https:\/\/www.visit-ulcinj.com\/blog\/author\/admin\/"}]}},"jetpack_featured_media_url":"","jetpack_sharing_enabled":true,"jetpack_shortlink":"https:\/\/wp.me\/pe6lTn-fhx","_links":{"self":[{"href":"https:\/\/www.visit-ulcinj.com\/blog\/wp-json\/wp\/v2\/posts\/58747"}],"collection":[{"href":"https:\/\/www.visit-ulcinj.com\/blog\/wp-json\/wp\/v2\/posts"}],"about":[{"href":"https:\/\/www.visit-ulcinj.com\/blog\/wp-json\/wp\/v2\/types\/post"}],"author":[{"embeddable":true,"href":"https:\/\/www.visit-ulcinj.com\/blog\/wp-json\/wp\/v2\/users\/1"}],"replies":[{"embeddable":true,"href":"https:\/\/www.visit-ulcinj.com\/blog\/wp-json\/wp\/v2\/comments?post=58747"}],"version-history":[{"count":1,"href":"https:\/\/www.visit-ulcinj.com\/blog\/wp-json\/wp\/v2\/posts\/58747\/revisions"}],"predecessor-version":[{"id":58749,"href":"https:\/\/www.visit-ulcinj.com\/blog\/wp-json\/wp\/v2\/posts\/58747\/revisions\/58749"}],"wp:attachment":[{"href":"https:\/\/www.visit-ulcinj.com\/blog\/wp-json\/wp\/v2\/media?parent=58747"}],"wp:term":[{"taxonomy":"category","embeddable":true,"href":"https:\/\/www.visit-ulcinj.com\/blog\/wp-json\/wp\/v2\/categories?post=58747"},{"taxonomy":"post_tag","embeddable":true,"href":"https:\/\/www.visit-ulcinj.com\/blog\/wp-json\/wp\/v2\/tags?post=58747"}],"curies":[{"name":"wp","href":"https:\/\/api.w.org\/{rel}","templated":true}]}}