{"id":58751,"date":"2012-03-27T20:45:56","date_gmt":"2012-03-27T19:45:56","guid":{"rendered":"http:\/\/www.visit-ulcinj.com\/blog\/?p=58751"},"modified":"2012-03-28T10:57:42","modified_gmt":"2012-03-28T09:57:42","slug":"triumf-dhe-perfaqesim-dinjitoz-i-klubit-te-karatese-ulqini","status":"publish","type":"post","link":"https:\/\/www.visit-ulcinj.com\/blog\/2012\/03\/27\/triumf-dhe-perfaqesim-dinjitoz-i-klubit-te-karatese-ulqini\/","title":{"rendered":"Triumf dhe Perfaqesim dinjitoz i Klubit te Karatese Ulqini"},"content":{"rendered":"<p><a href=\"http:\/\/www.visit-ulcinj.com\/blog\/wp-content\/uploads\/2012\/03\/Triumf-dhe-Perfaqesim-dinjitoz-i-Klubit-te-Karatese-Ulqini.jpg\"><img loading=\"lazy\" class=\"alignleft  wp-image-58752\" title=\"Triumf dhe Perfaqesim dinjitoz i Klubit te Karatese Ulqini\" src=\"http:\/\/www.visit-ulcinj.com\/blog\/wp-content\/uploads\/2012\/03\/Triumf-dhe-Perfaqesim-dinjitoz-i-Klubit-te-Karatese-Ulqini.jpg\" alt=\"\" width=\"508\" height=\"360\" \/><\/a>M\u00eb 24 dhe 25 mars 2012 Klubi i Karates\u00eb \u201cUlqini\u201d mori pjes\u00eb n\u00eb dy turne: n\u00eb Turneun e 7 t\u00eb hapur \u201cIlixha 2012\u201d n\u00eb Sarajev\u00eb dhe n\u00eb Turneun e 2 t\u00eb karates\u00eb \u201cTrofej Kollareviq\u201d n\u00eb Podgoric\u00eb. N\u00eb turneun \u201cIlixha 2012\u201d, i cili u mbajt m\u00eb 25.03.2012 n\u00eb Sarajev\u00eb mor\u00ebn pjes\u00eb 79 klube me mbi 1000 garues nga mbar\u00eb regjioni.<\/p>\n<p><a href=\"http:\/\/www.visit-ulcinj.com\/blog\/wp-content\/uploads\/2012\/03\/Triumf-dhe-Perfaqesim-dinjitoz-i-Klubit-te-Karatese-Ulqini.7.jpg\"><img loading=\"lazy\" class=\"alignleft  wp-image-58755\" title=\"Triumf dhe Perfaqesim dinjitoz i Klubit te Karatese Ulqini.7\" src=\"http:\/\/www.visit-ulcinj.com\/blog\/wp-content\/uploads\/2012\/03\/Triumf-dhe-Perfaqesim-dinjitoz-i-Klubit-te-Karatese-Ulqini.7.jpg\" alt=\"\" width=\"508\" height=\"300\" \/><\/a><br \/>\nGaruesja e Klubit t\u00eb karates\u00eb \u201cUlqini\u201d Radica Dashiq u kuror\u00ebzua me medaljen e art\u00eb n\u00eb luft\u00ebra n\u00eb nj\u00eb konkurenc\u00eb shum\u00eb t\u00eb fort\u00eb p\u00ebr senior\u00eb n\u00eb kategorin\u00eb -61 kg, kurse garuesi Pjet\u00ebr Hota u kuror\u00ebzua me medaljen e bronzt\u00eb po ashtu n\u00eb luft\u00ebra, grupmosha 2001, kategoria -40 kg. Klubi i karates\u00eb \u201cUlqini\u201d n\u00eb k\u00ebt\u00eb turne ishte i p\u00ebrfaq\u00ebsuar me 7 garues, t\u00eb gjith\u00eb n\u00eb disiplin\u00ebn luft\u00ebra individuale. Edhe garuesit e tjer\u00eb b\u00ebn\u00eb nj\u00eb paraqitje mjaft t\u00eb mir\u00eb, por nuk arrit\u00ebn t\u00eb kuror\u00ebzohen me medalje. M\u00eb 24 prill 2012 n\u00eb Podgoric\u00eb n\u00eb Turneun e 2 t\u00eb karates\u00eb \u201cTrofej Kollareviq\u201d mor\u00ebn pjes\u00eb 17 klube t\u00eb karates\u00eb me rreth 450 garues. Klubi i karates\u00eb \u201cUlqini\u201d mori pjes\u00eb me 31 garues t\u00eb gjeneratave t\u00eb ndryshme dhe u rendit n\u00eb vendin e dyt\u00eb n\u00eb renditjen e p\u00ebrgjithshme. Garuesit e KK \u201cUlqini\u201d arrit\u00ebn t\u00eb fitojn\u00eb plot 58 medalje: 33 t\u00eb arta, 12 t\u00eb argjendta dhe 13 t\u00eb bronzta n\u00eb disiplinat individuale dhe ekipore. Fakt me r\u00ebnd\u00ebsi \u00ebsht\u00eb se nga 14 ekipe q\u00eb ishin t\u00eb parapara me Rregulloren e k\u00ebsaj gare, Klubi \u201cUlqini\u201d pati t\u00eb paraqitur 8 ekipe, prej tyre 6 ekipe kampione dhe 2 n\u00ebnkampione t\u00eb gjeneratave t\u00eb ndryshme. -Jemi t\u00eb k\u00ebnaqur me k\u00ebt\u00eb rezultat q\u00eb kemi arritur. Ishim nd\u00ebr m\u00eb t\u00eb mir\u00ebt e turneut n\u00eb medaljet e fituara si n\u00eb Sarajev\u00eb, Podgoric\u00eb dhe ashtu edhe n\u00eb gara t\u00eb tjera q\u00eb kemi marr\u00eb pjes\u00eb. Me k\u00ebto rezultate t\u00eb nj\u00ebpasnj\u00ebshme p\u00ebrs\u00ebri arsyetuam zgjedhjen e klubit ton\u00eb p\u00ebr klubin m\u00eb t\u00eb mir\u00eb n\u00eb qytetin ton\u00eb p\u00ebr vitin 2011.<\/p>\n<p><a href=\"http:\/\/www.visit-ulcinj.com\/blog\/wp-content\/uploads\/2012\/03\/Triumf-dhe-Perfaqesim-dinjitoz-i-Klubit-te-Karatese-Ulqini.8.jpg\"><img loading=\"lazy\" class=\"alignleft  wp-image-58756\" title=\"Triumf dhe Perfaqesim dinjitoz i Klubit te Karatese Ulqini.8\" src=\"http:\/\/www.visit-ulcinj.com\/blog\/wp-content\/uploads\/2012\/03\/Triumf-dhe-Perfaqesim-dinjitoz-i-Klubit-te-Karatese-Ulqini.8.jpg\" alt=\"\" width=\"508\" height=\"300\" \/><\/a><br \/>\nKjo nuk do t\u00eb thot\u00eb q\u00eb do t\u00eb ndalemi k\u00ebtu.Do t\u00eb vazhdojm\u00eb t\u00eb marrim pjes\u00eb edhe n\u00eb disa gara t\u00eb tjera deri n\u00eb fund t\u00eb k\u00ebtij sezoni, &#8211; shprehen trajner\u00ebt e klubit &#8211; kryetrajneri Kujtim Sukaliq, trajner\u00ebt Anell Beganoviq, Naim Duraku, Blerim Sukaliq, Dardan Ceka dhe Semir Niko\u00e7eviq, dhe nj\u00ebheri ata apelojn\u00eb te t\u00eb gjith\u00eb qytetar\u00ebt dhe institucionet shtet\u00ebrore dhe ato private q\u00eb t\u2019u ndihmojn\u00eb k\u00ebtyre t\u00eb rinjve q\u00eb po na prezentojn\u00eb me dinjitet n\u00eb \u00e7do gar\u00eb q\u00eb marrin pjes\u00eb. Nga Klubi i karates\u00eb \u201cUlqini\u201d n\u00eb Turneun n\u00eb Podgoric\u00eb me medalje t\u00eb arta u shp\u00ebrblyen k\u00ebta garues n\u00eb disiplina individuale dhe ekipore: me nga dy medalje t\u00eb arta u kuror\u00ebzuan: Kristian Junkoviq, Gabriell Bytyqi, Eliza Salihu, Diell\u00ebza Rama, Ensar Marshiq, Gabriella Junkoviq, Lulzim Suma, Sretena Gjuriq, Ena Kova\u00e7eviq, Dardan Ceka dhe Allmir Hajdareviq; me nga nj\u00eb medalje t\u00eb art\u00eb u kuror\u00ebzuan Emro Bajrami, Albert Rudoviq, Christopher Rudoviq, Edmond Demiri, Idriz Sadikoviq, Admir Luka, Erion Nika, Jeton Lika, Angjella Marnikoviq, Liridon Elezi dhe Blerdi Kapllani. P\u00ebrve\u00e7 k\u00ebtyre medaljeve k\u00ebta garues u kuror\u00ebzuan edhe me medalje t\u00eb tjera. Me medalje t\u00eb argjendta dhe t\u00eb bronzta u shp\u00ebrblyen k\u00ebta garues: Behlul Peri, Lavdim Tula, Valentin Sadikoviq, Premton Draga, Ethem Kaleziq, Ibrahim Zogaj, Adnan Kuqi, Bledar Seferi dhe Bylbyl Rexhepi. Udh\u00ebheq\u00ebsia e klubit t\u00eb karates\u00eb \u201cUlqini\u201d fal\u00ebnderon sponzor\u00ebt Final trade dhe Osman Suk\u00ebn, si dhe prind\u00ebrit e f\u00ebmij\u00ebve.<\/p>\n<p>SH\u00cbRBIMI INFORMATIV I KLUBIT T\u00cb KARATES\u00cb \u201cULQINI\u201d<\/p>\n<p>\n\t\t<style type=\"text\/css\">\n\t\t\t#gallery-1 {\n\t\t\t\tmargin: auto;\n\t\t\t}\n\t\t\t#gallery-1 .gallery-item {\n\t\t\t\tfloat: left;\n\t\t\t\tmargin-top: 10px;\n\t\t\t\ttext-align: center;\n\t\t\t\twidth: 33%;\n\t\t\t}\n\t\t\t#gallery-1 img {\n\t\t\t\tborder: 2px solid #cfcfcf;\n\t\t\t}\n\t\t\t#gallery-1 .gallery-caption {\n\t\t\t\tmargin-left: 0;\n\t\t\t}\n\t\t\t\/* see gallery_shortcode() in wp-includes\/media.php *\/\n\t\t<\/style>\n\t\t<div id='gallery-1' class='gallery galleryid-58751 gallery-columns-3 gallery-size-thumbnail'><dl class='gallery-item'>\n\t\t\t<dt class='gallery-icon landscape'>\n\t\t\t\t<a href='https:\/\/www.visit-ulcinj.com\/blog\/wp-content\/uploads\/2012\/03\/Triumf-dhe-Perfaqesim-dinjitoz-i-Klubit-te-Karatese-Ulqini.jpg'><img width=\"150\" height=\"150\" src=\"https:\/\/www.visit-ulcinj.com\/blog\/wp-content\/uploads\/2012\/03\/Triumf-dhe-Perfaqesim-dinjitoz-i-Klubit-te-Karatese-Ulqini-150x150.jpg\" class=\"attachment-thumbnail size-thumbnail\" alt=\"\" loading=\"lazy\" \/><\/a>\n\t\t\t<\/dt><\/dl><dl class='gallery-item'>\n\t\t\t<dt class='gallery-icon landscape'>\n\t\t\t\t<a href='https:\/\/www.visit-ulcinj.com\/blog\/wp-content\/uploads\/2012\/03\/Triumf-dhe-Perfaqesim-dinjitoz-i-Klubit-te-Karatese-Ulqini.7.jpg'><img width=\"150\" height=\"150\" src=\"https:\/\/www.visit-ulcinj.com\/blog\/wp-content\/uploads\/2012\/03\/Triumf-dhe-Perfaqesim-dinjitoz-i-Klubit-te-Karatese-Ulqini.7-150x150.jpg\" class=\"attachment-thumbnail size-thumbnail\" alt=\"\" loading=\"lazy\" \/><\/a>\n\t\t\t<\/dt><\/dl><dl class='gallery-item'>\n\t\t\t<dt class='gallery-icon landscape'>\n\t\t\t\t<a href='https:\/\/www.visit-ulcinj.com\/blog\/wp-content\/uploads\/2012\/03\/Triumf-dhe-Perfaqesim-dinjitoz-i-Klubit-te-Karatese-Ulqini.8.jpg'><img width=\"150\" height=\"150\" src=\"https:\/\/www.visit-ulcinj.com\/blog\/wp-content\/uploads\/2012\/03\/Triumf-dhe-Perfaqesim-dinjitoz-i-Klubit-te-Karatese-Ulqini.8-150x150.jpg\" class=\"attachment-thumbnail size-thumbnail\" alt=\"\" loading=\"lazy\" \/><\/a>\n\t\t\t<\/dt><\/dl><br style=\"clear: both\" \/><dl class='gallery-item'>\n\t\t\t<dt class='gallery-icon landscape'>\n\t\t\t\t<a href='https:\/\/www.visit-ulcinj.com\/blog\/wp-content\/uploads\/2012\/03\/Triumf-dhe-Perfaqesim-dinjitoz-i-Klubit-te-Karatese-Ulqini.1.jpg'><img width=\"150\" height=\"150\" src=\"https:\/\/www.visit-ulcinj.com\/blog\/wp-content\/uploads\/2012\/03\/Triumf-dhe-Perfaqesim-dinjitoz-i-Klubit-te-Karatese-Ulqini.1-150x150.jpg\" class=\"attachment-thumbnail size-thumbnail\" alt=\"\" loading=\"lazy\" \/><\/a>\n\t\t\t<\/dt><\/dl><dl class='gallery-item'>\n\t\t\t<dt class='gallery-icon landscape'>\n\t\t\t\t<a href='https:\/\/www.visit-ulcinj.com\/blog\/wp-content\/uploads\/2012\/03\/Triumf-dhe-Perfaqesim-dinjitoz-i-Klubit-te-Karatese-Ulqini.2.jpg'><img width=\"150\" height=\"150\" src=\"https:\/\/www.visit-ulcinj.com\/blog\/wp-content\/uploads\/2012\/03\/Triumf-dhe-Perfaqesim-dinjitoz-i-Klubit-te-Karatese-Ulqini.2-150x150.jpg\" class=\"attachment-thumbnail size-thumbnail\" alt=\"\" loading=\"lazy\" \/><\/a>\n\t\t\t<\/dt><\/dl><dl class='gallery-item'>\n\t\t\t<dt class='gallery-icon portrait'>\n\t\t\t\t<a href='https:\/\/www.visit-ulcinj.com\/blog\/wp-content\/uploads\/2012\/03\/Triumf-dhe-Perfaqesim-dinjitoz-i-Klubit-te-Karatese-Ulqini.4.jpg'><img width=\"150\" height=\"150\" src=\"https:\/\/www.visit-ulcinj.com\/blog\/wp-content\/uploads\/2012\/03\/Triumf-dhe-Perfaqesim-dinjitoz-i-Klubit-te-Karatese-Ulqini.4-150x150.jpg\" class=\"attachment-thumbnail size-thumbnail\" alt=\"\" loading=\"lazy\" \/><\/a>\n\t\t\t<\/dt><\/dl><br style=\"clear: both\" \/><dl class='gallery-item'>\n\t\t\t<dt class='gallery-icon landscape'>\n\t\t\t\t<a href='https:\/\/www.visit-ulcinj.com\/blog\/wp-content\/uploads\/2012\/03\/Triumf-dhe-Perfaqesim-dinjitoz-i-Klubit-te-Karatese-Ulqini.5.jpg'><img width=\"150\" height=\"150\" src=\"https:\/\/www.visit-ulcinj.com\/blog\/wp-content\/uploads\/2012\/03\/Triumf-dhe-Perfaqesim-dinjitoz-i-Klubit-te-Karatese-Ulqini.5-150x150.jpg\" class=\"attachment-thumbnail size-thumbnail\" alt=\"\" loading=\"lazy\" \/><\/a>\n\t\t\t<\/dt><\/dl><dl class='gallery-item'>\n\t\t\t<dt class='gallery-icon landscape'>\n\t\t\t\t<a href='https:\/\/www.visit-ulcinj.com\/blog\/wp-content\/uploads\/2012\/03\/Triumf-dhe-Perfaqesim-dinjitoz-i-Klubit-te-Karatese-Ulqini.6.jpg'><img width=\"150\" height=\"150\" src=\"https:\/\/www.visit-ulcinj.com\/blog\/wp-content\/uploads\/2012\/03\/Triumf-dhe-Perfaqesim-dinjitoz-i-Klubit-te-Karatese-Ulqini.6-150x150.jpg\" class=\"attachment-thumbnail size-thumbnail\" alt=\"\" loading=\"lazy\" \/><\/a>\n\t\t\t<\/dt><\/dl><dl class='gallery-item'>\n\t\t\t<dt class='gallery-icon landscape'>\n\t\t\t\t<a href='https:\/\/www.visit-ulcinj.com\/blog\/wp-content\/uploads\/2012\/03\/Triumf-dhe-Perfaqesim-dinjitoz-i-Klubit-te-Karatese-Ulqini.3.jpg'><img width=\"150\" height=\"150\" src=\"https:\/\/www.visit-ulcinj.com\/blog\/wp-content\/uploads\/2012\/03\/Triumf-dhe-Perfaqesim-dinjitoz-i-Klubit-te-Karatese-Ulqini.3-150x150.jpg\" class=\"attachment-thumbnail size-thumbnail\" alt=\"\" loading=\"lazy\" \/><\/a>\n\t\t\t<\/dt><\/dl><br style=\"clear: both\" \/>\n\t\t<\/div>\n<br \/>\n<strong><\/strong><\/p>\n","protected":false},"excerpt":{"rendered":"<p>M\u00eb 24 dhe 25 mars 2012 Klubi i Karates\u00eb \u201cUlqini\u201d mori pjes\u00eb n\u00eb dy turne: n\u00eb Turneun e 7 t\u00eb hapur \u201cIlixha 2012\u201d n\u00eb Sarajev\u00eb dhe n\u00eb Turneun e 2 t\u00eb karates\u00eb \u201cTrofej Kollareviq\u201d n\u00eb Podgoric\u00eb. N\u00eb turneun \u201cIlixha 2012\u201d, i cili u mbajt m\u00eb 25.03.2012 n\u00eb Sarajev\u00eb mor\u00ebn pjes\u00eb 79 klube me mbi 1000 [&hellip;]<\/p>\n","protected":false},"author":1,"featured_media":0,"comment_status":"open","ping_status":"closed","sticky":false,"template":"","format":"standard","meta":{"spay_email":"","jetpack_publicize_message":"","jetpack_is_tweetstorm":false,"jetpack_publicize_feature_enabled":true},"categories":[1,3],"tags":[5848,5834,19558,5829,19573,5836,16264,19559,19560,20229,5831,19561,10585,5864,2917,19567,20228,19569,8984,5840,19562,20230,2618,4572,20225,12882,10594,20231,2934,20227,9548,20232,200,18,20226,20233],"jetpack_publicize_connections":[],"yoast_head":"<!-- This site is optimized with the Yoast SEO plugin v19.1 - https:\/\/yoast.com\/wordpress\/plugins\/seo\/ -->\n<title>Triumf dhe Perfaqesim dinjitoz i Klubit te Karatese Ulqini - Lajme nga Ulqini<\/title>\n<meta name=\"description\" content=\"M\u00eb 24 dhe 25 mars 2012 Klubi i Karates\u00eb \u201cUlqini\u201d mori pjes\u00eb n\u00eb dy turne: n\u00eb Turneun e 7 t\u00eb hapur \u201cIlixha 2012\u201d n\u00eb Sarajev\u00eb dhe n\u00eb Turneun e 2 t\u00eb karates\u00eb\" \/>\n<meta name=\"robots\" content=\"index, follow, max-snippet:-1, max-image-preview:large, max-video-preview:-1\" \/>\n<link rel=\"canonical\" href=\"https:\/\/www.visit-ulcinj.com\/blog\/2012\/03\/27\/triumf-dhe-perfaqesim-dinjitoz-i-klubit-te-karatese-ulqini\/\" \/>\n<meta property=\"og:locale\" content=\"en_US\" \/>\n<meta property=\"og:type\" content=\"article\" \/>\n<meta property=\"og:title\" content=\"Triumf dhe Perfaqesim dinjitoz i Klubit te Karatese Ulqini - Lajme nga Ulqini\" \/>\n<meta property=\"og:description\" content=\"M\u00eb 24 dhe 25 mars 2012 Klubi i Karates\u00eb \u201cUlqini\u201d mori pjes\u00eb n\u00eb dy turne: n\u00eb Turneun e 7 t\u00eb hapur \u201cIlixha 2012\u201d n\u00eb Sarajev\u00eb dhe n\u00eb Turneun e 2 t\u00eb karates\u00eb\" \/>\n<meta property=\"og:url\" content=\"https:\/\/www.visit-ulcinj.com\/blog\/2012\/03\/27\/triumf-dhe-perfaqesim-dinjitoz-i-klubit-te-karatese-ulqini\/\" \/>\n<meta property=\"og:site_name\" content=\"Lajme nga Ulqini\" \/>\n<meta property=\"article:published_time\" content=\"2012-03-27T19:45:56+00:00\" \/>\n<meta property=\"article:modified_time\" content=\"2012-03-28T09:57:42+00:00\" \/>\n<meta property=\"og:image\" content=\"https:\/\/www.visit-ulcinj.com\/blog\/wp-content\/uploads\/2012\/03\/Triumf-dhe-Perfaqesim-dinjitoz-i-Klubit-te-Karatese-Ulqini-150x150.jpg\" \/>\n<meta name=\"twitter:label1\" content=\"Written by\" \/>\n\t<meta name=\"twitter:data1\" content=\"ulqini\" \/>\n\t<meta name=\"twitter:label2\" content=\"Est. reading time\" \/>\n\t<meta name=\"twitter:data2\" content=\"3 minutes\" \/>\n<script type=\"application\/ld+json\" class=\"yoast-schema-graph\">{\"@context\":\"https:\/\/schema.org\",\"@graph\":[{\"@type\":\"WebSite\",\"@id\":\"https:\/\/www.visit-ulcinj.com\/blog\/#website\",\"url\":\"https:\/\/www.visit-ulcinj.com\/blog\/\",\"name\":\"Lajme nga Ulqini\",\"description\":\"Lajme,Vijesti,Ulqini,Ulqin,Crna Gora,Mali i Zi\",\"potentialAction\":[{\"@type\":\"SearchAction\",\"target\":{\"@type\":\"EntryPoint\",\"urlTemplate\":\"https:\/\/www.visit-ulcinj.com\/blog\/?s={search_term_string}\"},\"query-input\":\"required name=search_term_string\"}],\"inLanguage\":\"en-US\"},{\"@type\":\"ImageObject\",\"inLanguage\":\"en-US\",\"@id\":\"https:\/\/www.visit-ulcinj.com\/blog\/2012\/03\/27\/triumf-dhe-perfaqesim-dinjitoz-i-klubit-te-karatese-ulqini\/#primaryimage\",\"url\":\"https:\/\/www.visit-ulcinj.com\/blog\/wp-content\/uploads\/2012\/03\/Triumf-dhe-Perfaqesim-dinjitoz-i-Klubit-te-Karatese-Ulqini.jpg\",\"contentUrl\":\"https:\/\/www.visit-ulcinj.com\/blog\/wp-content\/uploads\/2012\/03\/Triumf-dhe-Perfaqesim-dinjitoz-i-Klubit-te-Karatese-Ulqini.jpg\",\"width\":\"960\",\"height\":\"720\"},{\"@type\":\"WebPage\",\"@id\":\"https:\/\/www.visit-ulcinj.com\/blog\/2012\/03\/27\/triumf-dhe-perfaqesim-dinjitoz-i-klubit-te-karatese-ulqini\/#webpage\",\"url\":\"https:\/\/www.visit-ulcinj.com\/blog\/2012\/03\/27\/triumf-dhe-perfaqesim-dinjitoz-i-klubit-te-karatese-ulqini\/\",\"name\":\"Triumf dhe Perfaqesim dinjitoz i Klubit te Karatese Ulqini - Lajme nga Ulqini\",\"isPartOf\":{\"@id\":\"https:\/\/www.visit-ulcinj.com\/blog\/#website\"},\"primaryImageOfPage\":{\"@id\":\"https:\/\/www.visit-ulcinj.com\/blog\/2012\/03\/27\/triumf-dhe-perfaqesim-dinjitoz-i-klubit-te-karatese-ulqini\/#primaryimage\"},\"datePublished\":\"2012-03-27T19:45:56+00:00\",\"dateModified\":\"2012-03-28T09:57:42+00:00\",\"author\":{\"@id\":\"https:\/\/www.visit-ulcinj.com\/blog\/#\/schema\/person\/dcab619c614d3038751c63bc2aadc06d\"},\"description\":\"M\u00eb 24 dhe 25 mars 2012 Klubi i Karates\u00eb \u201cUlqini\u201d mori pjes\u00eb n\u00eb dy turne: n\u00eb Turneun e 7 t\u00eb hapur \u201cIlixha 2012\u201d n\u00eb Sarajev\u00eb dhe n\u00eb Turneun e 2 t\u00eb karates\u00eb\",\"breadcrumb\":{\"@id\":\"https:\/\/www.visit-ulcinj.com\/blog\/2012\/03\/27\/triumf-dhe-perfaqesim-dinjitoz-i-klubit-te-karatese-ulqini\/#breadcrumb\"},\"inLanguage\":\"en-US\",\"potentialAction\":[{\"@type\":\"ReadAction\",\"target\":[\"https:\/\/www.visit-ulcinj.com\/blog\/2012\/03\/27\/triumf-dhe-perfaqesim-dinjitoz-i-klubit-te-karatese-ulqini\/\"]}]},{\"@type\":\"BreadcrumbList\",\"@id\":\"https:\/\/www.visit-ulcinj.com\/blog\/2012\/03\/27\/triumf-dhe-perfaqesim-dinjitoz-i-klubit-te-karatese-ulqini\/#breadcrumb\",\"itemListElement\":[{\"@type\":\"ListItem\",\"position\":1,\"name\":\"Triumf dhe Perfaqesim dinjitoz i Klubit te Karatese Ulqini\"}]},{\"@type\":\"Person\",\"@id\":\"https:\/\/www.visit-ulcinj.com\/blog\/#\/schema\/person\/dcab619c614d3038751c63bc2aadc06d\",\"name\":\"ulqini\",\"sameAs\":[\"http:\/\/www.visit-ulcinj.com\"],\"url\":\"https:\/\/www.visit-ulcinj.com\/blog\/author\/admin\/\"}]}<\/script>\n<!-- \/ Yoast SEO plugin. -->","yoast_head_json":{"title":"Triumf dhe Perfaqesim dinjitoz i Klubit te Karatese Ulqini - Lajme nga Ulqini","description":"M\u00eb 24 dhe 25 mars 2012 Klubi i Karates\u00eb \u201cUlqini\u201d mori pjes\u00eb n\u00eb dy turne: n\u00eb Turneun e 7 t\u00eb hapur \u201cIlixha 2012\u201d n\u00eb Sarajev\u00eb dhe n\u00eb Turneun e 2 t\u00eb karates\u00eb","robots":{"index":"index","follow":"follow","max-snippet":"max-snippet:-1","max-image-preview":"max-image-preview:large","max-video-preview":"max-video-preview:-1"},"canonical":"https:\/\/www.visit-ulcinj.com\/blog\/2012\/03\/27\/triumf-dhe-perfaqesim-dinjitoz-i-klubit-te-karatese-ulqini\/","og_locale":"en_US","og_type":"article","og_title":"Triumf dhe Perfaqesim dinjitoz i Klubit te Karatese Ulqini - Lajme nga Ulqini","og_description":"M\u00eb 24 dhe 25 mars 2012 Klubi i Karates\u00eb \u201cUlqini\u201d mori pjes\u00eb n\u00eb dy turne: n\u00eb Turneun e 7 t\u00eb hapur \u201cIlixha 2012\u201d n\u00eb Sarajev\u00eb dhe n\u00eb Turneun e 2 t\u00eb karates\u00eb","og_url":"https:\/\/www.visit-ulcinj.com\/blog\/2012\/03\/27\/triumf-dhe-perfaqesim-dinjitoz-i-klubit-te-karatese-ulqini\/","og_site_name":"Lajme nga Ulqini","article_published_time":"2012-03-27T19:45:56+00:00","article_modified_time":"2012-03-28T09:57:42+00:00","og_image":[{"url":"https:\/\/www.visit-ulcinj.com\/blog\/wp-content\/uploads\/2012\/03\/Triumf-dhe-Perfaqesim-dinjitoz-i-Klubit-te-Karatese-Ulqini-150x150.jpg"}],"twitter_misc":{"Written by":"ulqini","Est. reading time":"3 minutes"},"schema":{"@context":"https:\/\/schema.org","@graph":[{"@type":"WebSite","@id":"https:\/\/www.visit-ulcinj.com\/blog\/#website","url":"https:\/\/www.visit-ulcinj.com\/blog\/","name":"Lajme nga Ulqini","description":"Lajme,Vijesti,Ulqini,Ulqin,Crna Gora,Mali i Zi","potentialAction":[{"@type":"SearchAction","target":{"@type":"EntryPoint","urlTemplate":"https:\/\/www.visit-ulcinj.com\/blog\/?s={search_term_string}"},"query-input":"required name=search_term_string"}],"inLanguage":"en-US"},{"@type":"ImageObject","inLanguage":"en-US","@id":"https:\/\/www.visit-ulcinj.com\/blog\/2012\/03\/27\/triumf-dhe-perfaqesim-dinjitoz-i-klubit-te-karatese-ulqini\/#primaryimage","url":"https:\/\/www.visit-ulcinj.com\/blog\/wp-content\/uploads\/2012\/03\/Triumf-dhe-Perfaqesim-dinjitoz-i-Klubit-te-Karatese-Ulqini.jpg","contentUrl":"https:\/\/www.visit-ulcinj.com\/blog\/wp-content\/uploads\/2012\/03\/Triumf-dhe-Perfaqesim-dinjitoz-i-Klubit-te-Karatese-Ulqini.jpg","width":"960","height":"720"},{"@type":"WebPage","@id":"https:\/\/www.visit-ulcinj.com\/blog\/2012\/03\/27\/triumf-dhe-perfaqesim-dinjitoz-i-klubit-te-karatese-ulqini\/#webpage","url":"https:\/\/www.visit-ulcinj.com\/blog\/2012\/03\/27\/triumf-dhe-perfaqesim-dinjitoz-i-klubit-te-karatese-ulqini\/","name":"Triumf dhe Perfaqesim dinjitoz i Klubit te Karatese Ulqini - Lajme nga Ulqini","isPartOf":{"@id":"https:\/\/www.visit-ulcinj.com\/blog\/#website"},"primaryImageOfPage":{"@id":"https:\/\/www.visit-ulcinj.com\/blog\/2012\/03\/27\/triumf-dhe-perfaqesim-dinjitoz-i-klubit-te-karatese-ulqini\/#primaryimage"},"datePublished":"2012-03-27T19:45:56+00:00","dateModified":"2012-03-28T09:57:42+00:00","author":{"@id":"https:\/\/www.visit-ulcinj.com\/blog\/#\/schema\/person\/dcab619c614d3038751c63bc2aadc06d"},"description":"M\u00eb 24 dhe 25 mars 2012 Klubi i Karates\u00eb \u201cUlqini\u201d mori pjes\u00eb n\u00eb dy turne: n\u00eb Turneun e 7 t\u00eb hapur \u201cIlixha 2012\u201d n\u00eb Sarajev\u00eb dhe n\u00eb Turneun e 2 t\u00eb karates\u00eb","breadcrumb":{"@id":"https:\/\/www.visit-ulcinj.com\/blog\/2012\/03\/27\/triumf-dhe-perfaqesim-dinjitoz-i-klubit-te-karatese-ulqini\/#breadcrumb"},"inLanguage":"en-US","potentialAction":[{"@type":"ReadAction","target":["https:\/\/www.visit-ulcinj.com\/blog\/2012\/03\/27\/triumf-dhe-perfaqesim-dinjitoz-i-klubit-te-karatese-ulqini\/"]}]},{"@type":"BreadcrumbList","@id":"https:\/\/www.visit-ulcinj.com\/blog\/2012\/03\/27\/triumf-dhe-perfaqesim-dinjitoz-i-klubit-te-karatese-ulqini\/#breadcrumb","itemListElement":[{"@type":"ListItem","position":1,"name":"Triumf dhe Perfaqesim dinjitoz i Klubit te Karatese Ulqini"}]},{"@type":"Person","@id":"https:\/\/www.visit-ulcinj.com\/blog\/#\/schema\/person\/dcab619c614d3038751c63bc2aadc06d","name":"ulqini","sameAs":["http:\/\/www.visit-ulcinj.com"],"url":"https:\/\/www.visit-ulcinj.com\/blog\/author\/admin\/"}]}},"jetpack_featured_media_url":"","jetpack_sharing_enabled":true,"jetpack_shortlink":"https:\/\/wp.me\/pe6lTn-fhB","_links":{"self":[{"href":"https:\/\/www.visit-ulcinj.com\/blog\/wp-json\/wp\/v2\/posts\/58751"}],"collection":[{"href":"https:\/\/www.visit-ulcinj.com\/blog\/wp-json\/wp\/v2\/posts"}],"about":[{"href":"https:\/\/www.visit-ulcinj.com\/blog\/wp-json\/wp\/v2\/types\/post"}],"author":[{"embeddable":true,"href":"https:\/\/www.visit-ulcinj.com\/blog\/wp-json\/wp\/v2\/users\/1"}],"replies":[{"embeddable":true,"href":"https:\/\/www.visit-ulcinj.com\/blog\/wp-json\/wp\/v2\/comments?post=58751"}],"version-history":[{"count":4,"href":"https:\/\/www.visit-ulcinj.com\/blog\/wp-json\/wp\/v2\/posts\/58751\/revisions"}],"predecessor-version":[{"id":58782,"href":"https:\/\/www.visit-ulcinj.com\/blog\/wp-json\/wp\/v2\/posts\/58751\/revisions\/58782"}],"wp:attachment":[{"href":"https:\/\/www.visit-ulcinj.com\/blog\/wp-json\/wp\/v2\/media?parent=58751"}],"wp:term":[{"taxonomy":"category","embeddable":true,"href":"https:\/\/www.visit-ulcinj.com\/blog\/wp-json\/wp\/v2\/categories?post=58751"},{"taxonomy":"post_tag","embeddable":true,"href":"https:\/\/www.visit-ulcinj.com\/blog\/wp-json\/wp\/v2\/tags?post=58751"}],"curies":[{"name":"wp","href":"https:\/\/api.w.org\/{rel}","templated":true}]}}