{"id":58768,"date":"2012-03-27T21:45:08","date_gmt":"2012-03-27T20:45:08","guid":{"rendered":"http:\/\/www.visit-ulcinj.com\/blog\/?p=58768"},"modified":"2012-04-05T17:09:29","modified_gmt":"2012-04-05T16:09:29","slug":"odbijen-prijedlog-za-izmjenu-prostornog-plana-na-lokalitetu-solane","status":"publish","type":"post","link":"https:\/\/www.visit-ulcinj.com\/blog\/2012\/03\/27\/odbijen-prijedlog-za-izmjenu-prostornog-plana-na-lokalitetu-solane\/","title":{"rendered":"Odbijen Prijedlog za izmjenu prostornog plana na lokalitetu Solane"},"content":{"rendered":"<p><strong><a href=\"http:\/\/www.visit-ulcinj.com\/blog\/wp-content\/uploads\/2012\/03\/Ulcinjska-Solanacrna-gora_Odbijen-Prijedlog-za-izmjenu-prostornog-plana-na-lokalitetu-Solane.jpg\"><img loading=\"lazy\" class=\"alignleft  wp-image-58769\" title=\"Ulcinjska Solana,crna gora_Odbijen Prijedlog za izmjenu prostornog plana na lokalitetu Solane\" src=\"http:\/\/www.visit-ulcinj.com\/blog\/wp-content\/uploads\/2012\/03\/Ulcinjska-Solanacrna-gora_Odbijen-Prijedlog-za-izmjenu-prostornog-plana-na-lokalitetu-Solane.jpg\" alt=\"\" width=\"508\" height=\"360\" \/><\/a><a href=\"http:\/\/www.bcberane.net63.net\/Dokumenti\/Nacrt%20PPRCG%20-%20V5%20decembar%20%2706.pdf\" target=\"_blank\">PROSTORNI PLAN REPUBLIKE CRNE GORE &#8211; PDF<\/a><\/strong><\/p>\n<p>Skup\u0161tinski Odbor za turizam, poljoprivredu, ekologiju i prostorno planiranje nije podr\u017eao Prijedlog odluke o izmjeni i dopuni prostornog plana Crne Gore do 2020. godine koji je podnijela grupa poslanika.<\/p>\n<p>Dokument, kojim se predvi\u0111aju izmjene Plana u dijelu koji se odnosi na lokalitet ulcinjske Solane, pripremila je Mre\u017ea za afirmaciju nevladinog sektora MANS, a potpisali su ga poslanici Skup\u0161tinski Odbor za turizam, poljoprivredu, ekologiju.<\/p>\n<p>Prijedlog su podr\u017eali \u010detiri predstavnika opozicije i poslanik Socijaldemokratske partije SDP Mi\u0107o Orlandi\u0107, dok su protiv njega glasali poslanici Demokratske partije socijalista DPS.<\/p>\n<p>Orlandi\u0107 smatra da je potrebno otvoriti raspravu o realizaciji Prostornog plana.<\/p>\n<p>On je naveo da je namjena lokaliteta odre\u0111ena prije 100 godina i da se protivi njenoj promjeni.<\/p>\n<p>Orlandi\u0107 je kazao da parlament treba da zatra\u017ei od Vlade Izvje\u0161taj o realizaciji plana kako bi o njemu raspravljali na plenumu.<\/p>\n<p>Dejan Milovac iz MANS-a ocijenio je da Solana lo\u0161e privatizovana te da je 15 miliona kvadrata prodato za 800 hiljada eura.<\/p>\n<p>\u201cPo privatizacionom ugovoru vlasnik Solane Veselin Barovi\u0107 nije bio obavezan na socijalni program i za\u0161titu \u017eivotne sredine\u201d,rekao je on.<\/p>\n<p>Milovac smatra da Parlament treba da iskoristi svoju kontrolnu ulogu.<\/p>\n<p>On je podsjetio da je Direktorat za za\u0161titu \u017eivotne sredine Evropske komisije ocijenio da je Solana posebno eko-stani\u0161te i da Crna Gora mora voditi ra\u010duna o za\u0161titi takvih podru\u010dja.<\/p>\n<p>Poslanik Nove srpske demokratije Slaven Radunovi\u0107 smatra da je su\u0161tina problema \u0161to proces privatizacije ulcinjske firme nanosi gra\u0111anima \u0161tetu od nekoliko desetina miliona eura.<\/p>\n<p>On je pozvao Vladu da odgovori da li je spremna da za\u0161titi interes gra\u0111ana ili joj je, kako je dodao, cilj da omogu\u0107i ljudima koji su bliski biv\u0161em premijeru Milu \u0110ukanovi\u0107u da se obogate.<\/p>\n<p>\u201cNevjerovatno je da se 15 miliona kvadrata zemlji\u0161ta proda za tako nisku cijenu. Taj novac za \u010detiri godine mo\u017ee zaraditi samo narko diler\u201d, kazao je Radunovi\u0107.<\/p>\n<p>Milan Kne\u017eevi\u0107 iz Socijalisti\u010dke narodne partije ocijenio je da je Prijedlog poku\u0161aj zaustavljanja Barovi\u0107a da lokalitet Solane pretvori u gra\u0111evinsko zemlji\u0161te.<\/p>\n<p>On je rekao da je Barovi\u0107 kupio Solanu za 800 hiljada eura, a da je prodaje za 250 miliona eura.<\/p>\n<p>Kne\u017eevi\u0107 smatra da premijer Igor Luk\u0161i\u0107 stoji iza svih sumnjivih privatizacija, navode\u0107i da je lo\u0161e procijenio vrijednost firme.<\/p>\n<p>\u201cSolana je 1994. godine u vrijeme rata i sankcija bila procijenjena na 110 miliona maraka, a deset godina kasnije se prodaje za 800 hiljada eura\u201d, naveo je on.<\/p>\n<p>Predsjednik Odbora Branko \u010cavor naveo je da je Vlada zadu\u017eena za realizaciju plana i da je inicijativu trebalo uputiti njoj a ne parlamentu.<\/p>\n<p>On je naveo da je tema za\u0161tita \u017eivotne sredine bitna ali da se rasprava poku\u0161ava ispolitizovati.<\/p>\n<p>Kne\u017eevi\u0107 je rekao da je govorio o privatizaciji a ne politizaciji.<\/p>\n<p>Milovac je rekao da je Vlada prodala 15 miliona kvadrata za 800 hiljada eura.<\/p>\n<p>\u201cSkup\u0161tina propu\u0161ta priliku da Vladu obave\u017ee da radi posao koji je u javnom interesu\u201d, dodao je on.<\/p>\n<p>Halil Dukovi\u0107 iz DPS-a ocijenio je da se vi\u0161e govorilo o privatizaciji a manje o za\u0161titi prostora.<\/p>\n<p>\u201cVi\u0161e je pri\u010de bilo koliko \u0107e Barovi\u0107 zaraditi nego kako \u0107e se o\u010duvati eko-stani\u0161te\u201d, rekao je Dukovi\u0107.<\/p>\n<p>Nimanbegu je rekao da ima dovoljno prostora za gradnju na primorju i da Solanu ne treba koristiti za tu svrhu.<\/p>\n<p><a href=\"http:\/\/www.cafemontenegro.com\/index.php?group=22&amp;news=238928\" target=\"_blank\"><strong>Izvor: CdM\/MINA<\/strong><\/a><\/p>\n<p>[flv width=&#8221;508&#8243; height=&#8221;380&#8243;]http:\/\/video.zoover.nl\/media\/play\/2010\/01\/20100125130811_025.flv[\/flv]<\/p>\n","protected":false},"excerpt":{"rendered":"<p>PROSTORNI PLAN REPUBLIKE CRNE GORE &#8211; PDF Skup\u0161tinski Odbor za turizam, poljoprivredu, ekologiju i prostorno planiranje nije podr\u017eao Prijedlog odluke o izmjeni i dopuni prostornog plana Crne Gore do 2020. godine koji je podnijela grupa poslanika. Dokument, kojim se predvi\u0111aju izmjene Plana u dijelu koji se odnosi na lokalitet ulcinjske Solane, pripremila je Mre\u017ea za [&hellip;]<\/p>\n","protected":false},"author":1,"featured_media":0,"comment_status":"open","ping_status":"closed","sticky":false,"template":"","format":"standard","meta":{"spay_email":"","jetpack_publicize_message":"","jetpack_is_tweetstorm":false,"jetpack_publicize_feature_enabled":true},"categories":[8337],"tags":[20236,3898,264,20235,20234,20238,20237,698,1968],"jetpack_publicize_connections":[],"yoast_head":"<!-- This site is optimized with the Yoast SEO plugin v19.1 - https:\/\/yoast.com\/wordpress\/plugins\/seo\/ -->\n<title>Odbijen Prijedlog za izmjenu prostornog plana na lokalitetu Solane - Lajme nga Ulqini<\/title>\n<meta name=\"description\" content=\"PROSTORNI PLAN REPUBLIKE CRNE GORE - PDF Skup\u0161tinski Odbor za turizam, poljoprivredu, ekologiju i prostorno planiranje nije podr\u017eao Prijedlog odluke o\" \/>\n<meta name=\"robots\" content=\"index, follow, max-snippet:-1, max-image-preview:large, max-video-preview:-1\" \/>\n<link rel=\"canonical\" href=\"https:\/\/www.visit-ulcinj.com\/blog\/2012\/03\/27\/odbijen-prijedlog-za-izmjenu-prostornog-plana-na-lokalitetu-solane\/\" \/>\n<meta property=\"og:locale\" content=\"en_US\" \/>\n<meta property=\"og:type\" content=\"article\" \/>\n<meta property=\"og:title\" content=\"Odbijen Prijedlog za izmjenu prostornog plana na lokalitetu Solane - Lajme nga Ulqini\" \/>\n<meta property=\"og:description\" content=\"PROSTORNI PLAN REPUBLIKE CRNE GORE - PDF Skup\u0161tinski Odbor za turizam, poljoprivredu, ekologiju i prostorno planiranje nije podr\u017eao Prijedlog odluke o\" \/>\n<meta property=\"og:url\" content=\"https:\/\/www.visit-ulcinj.com\/blog\/2012\/03\/27\/odbijen-prijedlog-za-izmjenu-prostornog-plana-na-lokalitetu-solane\/\" \/>\n<meta property=\"og:site_name\" content=\"Lajme nga Ulqini\" \/>\n<meta property=\"article:published_time\" content=\"2012-03-27T20:45:08+00:00\" \/>\n<meta property=\"article:modified_time\" content=\"2012-04-05T16:09:29+00:00\" \/>\n<meta property=\"og:image\" content=\"http:\/\/www.visit-ulcinj.com\/blog\/wp-content\/uploads\/2012\/03\/Ulcinjska-Solanacrna-gora_Odbijen-Prijedlog-za-izmjenu-prostornog-plana-na-lokalitetu-Solane.jpg\" \/>\n<meta name=\"twitter:label1\" content=\"Written by\" \/>\n\t<meta name=\"twitter:data1\" content=\"ulqini\" \/>\n\t<meta name=\"twitter:label2\" content=\"Est. reading time\" \/>\n\t<meta name=\"twitter:data2\" content=\"3 minutes\" \/>\n<script type=\"application\/ld+json\" class=\"yoast-schema-graph\">{\"@context\":\"https:\/\/schema.org\",\"@graph\":[{\"@type\":\"WebSite\",\"@id\":\"https:\/\/www.visit-ulcinj.com\/blog\/#website\",\"url\":\"https:\/\/www.visit-ulcinj.com\/blog\/\",\"name\":\"Lajme nga Ulqini\",\"description\":\"Lajme,Vijesti,Ulqini,Ulqin,Crna Gora,Mali i Zi\",\"potentialAction\":[{\"@type\":\"SearchAction\",\"target\":{\"@type\":\"EntryPoint\",\"urlTemplate\":\"https:\/\/www.visit-ulcinj.com\/blog\/?s={search_term_string}\"},\"query-input\":\"required name=search_term_string\"}],\"inLanguage\":\"en-US\"},{\"@type\":\"ImageObject\",\"inLanguage\":\"en-US\",\"@id\":\"https:\/\/www.visit-ulcinj.com\/blog\/2012\/03\/27\/odbijen-prijedlog-za-izmjenu-prostornog-plana-na-lokalitetu-solane\/#primaryimage\",\"url\":\"https:\/\/www.visit-ulcinj.com\/blog\/wp-content\/uploads\/2012\/03\/Ulcinjska-Solanacrna-gora_Odbijen-Prijedlog-za-izmjenu-prostornog-plana-na-lokalitetu-Solane.jpg\",\"contentUrl\":\"https:\/\/www.visit-ulcinj.com\/blog\/wp-content\/uploads\/2012\/03\/Ulcinjska-Solanacrna-gora_Odbijen-Prijedlog-za-izmjenu-prostornog-plana-na-lokalitetu-Solane.jpg\",\"width\":\"1064\",\"height\":\"633\"},{\"@type\":\"WebPage\",\"@id\":\"https:\/\/www.visit-ulcinj.com\/blog\/2012\/03\/27\/odbijen-prijedlog-za-izmjenu-prostornog-plana-na-lokalitetu-solane\/#webpage\",\"url\":\"https:\/\/www.visit-ulcinj.com\/blog\/2012\/03\/27\/odbijen-prijedlog-za-izmjenu-prostornog-plana-na-lokalitetu-solane\/\",\"name\":\"Odbijen Prijedlog za izmjenu prostornog plana na lokalitetu Solane - Lajme nga Ulqini\",\"isPartOf\":{\"@id\":\"https:\/\/www.visit-ulcinj.com\/blog\/#website\"},\"primaryImageOfPage\":{\"@id\":\"https:\/\/www.visit-ulcinj.com\/blog\/2012\/03\/27\/odbijen-prijedlog-za-izmjenu-prostornog-plana-na-lokalitetu-solane\/#primaryimage\"},\"datePublished\":\"2012-03-27T20:45:08+00:00\",\"dateModified\":\"2012-04-05T16:09:29+00:00\",\"author\":{\"@id\":\"https:\/\/www.visit-ulcinj.com\/blog\/#\/schema\/person\/dcab619c614d3038751c63bc2aadc06d\"},\"description\":\"PROSTORNI PLAN REPUBLIKE CRNE GORE - PDF Skup\u0161tinski Odbor za turizam, poljoprivredu, ekologiju i prostorno planiranje nije podr\u017eao Prijedlog odluke o\",\"breadcrumb\":{\"@id\":\"https:\/\/www.visit-ulcinj.com\/blog\/2012\/03\/27\/odbijen-prijedlog-za-izmjenu-prostornog-plana-na-lokalitetu-solane\/#breadcrumb\"},\"inLanguage\":\"en-US\",\"potentialAction\":[{\"@type\":\"ReadAction\",\"target\":[\"https:\/\/www.visit-ulcinj.com\/blog\/2012\/03\/27\/odbijen-prijedlog-za-izmjenu-prostornog-plana-na-lokalitetu-solane\/\"]}]},{\"@type\":\"BreadcrumbList\",\"@id\":\"https:\/\/www.visit-ulcinj.com\/blog\/2012\/03\/27\/odbijen-prijedlog-za-izmjenu-prostornog-plana-na-lokalitetu-solane\/#breadcrumb\",\"itemListElement\":[{\"@type\":\"ListItem\",\"position\":1,\"name\":\"Odbijen Prijedlog za izmjenu prostornog plana na lokalitetu Solane\"}]},{\"@type\":\"Person\",\"@id\":\"https:\/\/www.visit-ulcinj.com\/blog\/#\/schema\/person\/dcab619c614d3038751c63bc2aadc06d\",\"name\":\"ulqini\",\"sameAs\":[\"http:\/\/www.visit-ulcinj.com\"],\"url\":\"https:\/\/www.visit-ulcinj.com\/blog\/author\/admin\/\"}]}<\/script>\n<!-- \/ Yoast SEO plugin. -->","yoast_head_json":{"title":"Odbijen Prijedlog za izmjenu prostornog plana na lokalitetu Solane - Lajme nga Ulqini","description":"PROSTORNI PLAN REPUBLIKE CRNE GORE - PDF Skup\u0161tinski Odbor za turizam, poljoprivredu, ekologiju i prostorno planiranje nije podr\u017eao Prijedlog odluke o","robots":{"index":"index","follow":"follow","max-snippet":"max-snippet:-1","max-image-preview":"max-image-preview:large","max-video-preview":"max-video-preview:-1"},"canonical":"https:\/\/www.visit-ulcinj.com\/blog\/2012\/03\/27\/odbijen-prijedlog-za-izmjenu-prostornog-plana-na-lokalitetu-solane\/","og_locale":"en_US","og_type":"article","og_title":"Odbijen Prijedlog za izmjenu prostornog plana na lokalitetu Solane - Lajme nga Ulqini","og_description":"PROSTORNI PLAN REPUBLIKE CRNE GORE - PDF Skup\u0161tinski Odbor za turizam, poljoprivredu, ekologiju i prostorno planiranje nije podr\u017eao Prijedlog odluke o","og_url":"https:\/\/www.visit-ulcinj.com\/blog\/2012\/03\/27\/odbijen-prijedlog-za-izmjenu-prostornog-plana-na-lokalitetu-solane\/","og_site_name":"Lajme nga Ulqini","article_published_time":"2012-03-27T20:45:08+00:00","article_modified_time":"2012-04-05T16:09:29+00:00","og_image":[{"url":"http:\/\/www.visit-ulcinj.com\/blog\/wp-content\/uploads\/2012\/03\/Ulcinjska-Solanacrna-gora_Odbijen-Prijedlog-za-izmjenu-prostornog-plana-na-lokalitetu-Solane.jpg"}],"twitter_misc":{"Written by":"ulqini","Est. reading time":"3 minutes"},"schema":{"@context":"https:\/\/schema.org","@graph":[{"@type":"WebSite","@id":"https:\/\/www.visit-ulcinj.com\/blog\/#website","url":"https:\/\/www.visit-ulcinj.com\/blog\/","name":"Lajme nga Ulqini","description":"Lajme,Vijesti,Ulqini,Ulqin,Crna Gora,Mali i Zi","potentialAction":[{"@type":"SearchAction","target":{"@type":"EntryPoint","urlTemplate":"https:\/\/www.visit-ulcinj.com\/blog\/?s={search_term_string}"},"query-input":"required name=search_term_string"}],"inLanguage":"en-US"},{"@type":"ImageObject","inLanguage":"en-US","@id":"https:\/\/www.visit-ulcinj.com\/blog\/2012\/03\/27\/odbijen-prijedlog-za-izmjenu-prostornog-plana-na-lokalitetu-solane\/#primaryimage","url":"https:\/\/www.visit-ulcinj.com\/blog\/wp-content\/uploads\/2012\/03\/Ulcinjska-Solanacrna-gora_Odbijen-Prijedlog-za-izmjenu-prostornog-plana-na-lokalitetu-Solane.jpg","contentUrl":"https:\/\/www.visit-ulcinj.com\/blog\/wp-content\/uploads\/2012\/03\/Ulcinjska-Solanacrna-gora_Odbijen-Prijedlog-za-izmjenu-prostornog-plana-na-lokalitetu-Solane.jpg","width":"1064","height":"633"},{"@type":"WebPage","@id":"https:\/\/www.visit-ulcinj.com\/blog\/2012\/03\/27\/odbijen-prijedlog-za-izmjenu-prostornog-plana-na-lokalitetu-solane\/#webpage","url":"https:\/\/www.visit-ulcinj.com\/blog\/2012\/03\/27\/odbijen-prijedlog-za-izmjenu-prostornog-plana-na-lokalitetu-solane\/","name":"Odbijen Prijedlog za izmjenu prostornog plana na lokalitetu Solane - Lajme nga Ulqini","isPartOf":{"@id":"https:\/\/www.visit-ulcinj.com\/blog\/#website"},"primaryImageOfPage":{"@id":"https:\/\/www.visit-ulcinj.com\/blog\/2012\/03\/27\/odbijen-prijedlog-za-izmjenu-prostornog-plana-na-lokalitetu-solane\/#primaryimage"},"datePublished":"2012-03-27T20:45:08+00:00","dateModified":"2012-04-05T16:09:29+00:00","author":{"@id":"https:\/\/www.visit-ulcinj.com\/blog\/#\/schema\/person\/dcab619c614d3038751c63bc2aadc06d"},"description":"PROSTORNI PLAN REPUBLIKE CRNE GORE - PDF Skup\u0161tinski Odbor za turizam, poljoprivredu, ekologiju i prostorno planiranje nije podr\u017eao Prijedlog odluke o","breadcrumb":{"@id":"https:\/\/www.visit-ulcinj.com\/blog\/2012\/03\/27\/odbijen-prijedlog-za-izmjenu-prostornog-plana-na-lokalitetu-solane\/#breadcrumb"},"inLanguage":"en-US","potentialAction":[{"@type":"ReadAction","target":["https:\/\/www.visit-ulcinj.com\/blog\/2012\/03\/27\/odbijen-prijedlog-za-izmjenu-prostornog-plana-na-lokalitetu-solane\/"]}]},{"@type":"BreadcrumbList","@id":"https:\/\/www.visit-ulcinj.com\/blog\/2012\/03\/27\/odbijen-prijedlog-za-izmjenu-prostornog-plana-na-lokalitetu-solane\/#breadcrumb","itemListElement":[{"@type":"ListItem","position":1,"name":"Odbijen Prijedlog za izmjenu prostornog plana na lokalitetu Solane"}]},{"@type":"Person","@id":"https:\/\/www.visit-ulcinj.com\/blog\/#\/schema\/person\/dcab619c614d3038751c63bc2aadc06d","name":"ulqini","sameAs":["http:\/\/www.visit-ulcinj.com"],"url":"https:\/\/www.visit-ulcinj.com\/blog\/author\/admin\/"}]}},"jetpack_featured_media_url":"","jetpack_sharing_enabled":true,"jetpack_shortlink":"https:\/\/wp.me\/pe6lTn-fhS","_links":{"self":[{"href":"https:\/\/www.visit-ulcinj.com\/blog\/wp-json\/wp\/v2\/posts\/58768"}],"collection":[{"href":"https:\/\/www.visit-ulcinj.com\/blog\/wp-json\/wp\/v2\/posts"}],"about":[{"href":"https:\/\/www.visit-ulcinj.com\/blog\/wp-json\/wp\/v2\/types\/post"}],"author":[{"embeddable":true,"href":"https:\/\/www.visit-ulcinj.com\/blog\/wp-json\/wp\/v2\/users\/1"}],"replies":[{"embeddable":true,"href":"https:\/\/www.visit-ulcinj.com\/blog\/wp-json\/wp\/v2\/comments?post=58768"}],"version-history":[{"count":7,"href":"https:\/\/www.visit-ulcinj.com\/blog\/wp-json\/wp\/v2\/posts\/58768\/revisions"}],"predecessor-version":[{"id":59021,"href":"https:\/\/www.visit-ulcinj.com\/blog\/wp-json\/wp\/v2\/posts\/58768\/revisions\/59021"}],"wp:attachment":[{"href":"https:\/\/www.visit-ulcinj.com\/blog\/wp-json\/wp\/v2\/media?parent=58768"}],"wp:term":[{"taxonomy":"category","embeddable":true,"href":"https:\/\/www.visit-ulcinj.com\/blog\/wp-json\/wp\/v2\/categories?post=58768"},{"taxonomy":"post_tag","embeddable":true,"href":"https:\/\/www.visit-ulcinj.com\/blog\/wp-json\/wp\/v2\/tags?post=58768"}],"curies":[{"name":"wp","href":"https:\/\/api.w.org\/{rel}","templated":true}]}}