{"id":58778,"date":"2012-03-28T10:52:05","date_gmt":"2012-03-28T09:52:05","guid":{"rendered":"http:\/\/www.visit-ulcinj.com\/blog\/?p=58778"},"modified":"2012-03-29T15:00:46","modified_gmt":"2012-03-29T14:00:46","slug":"nimanbegu-pa-shqyrtim-publikska-zone-turistike-ne-kripore","status":"publish","type":"post","link":"https:\/\/www.visit-ulcinj.com\/blog\/2012\/03\/28\/nimanbegu-pa-shqyrtim-publikska-zone-turistike-ne-kripore\/","title":{"rendered":"Nimanbegu: Pa shqyrtim publik,ska zon\u00eb turistike n\u00eb Kripore"},"content":{"rendered":"<p><a href=\"http:\/\/www.visit-ulcinj.com\/blog\/wp-content\/uploads\/2012\/03\/Genci-Nimanbegu-ulqin.jpg\"><img loading=\"lazy\" class=\"alignleft size-full wp-image-58780\" title=\"Genci Nimanbegu ulqin\" src=\"http:\/\/www.visit-ulcinj.com\/blog\/wp-content\/uploads\/2012\/03\/Genci-Nimanbegu-ulqin.jpg\" alt=\"\" width=\"604\" height=\"390\" srcset=\"https:\/\/www.visit-ulcinj.com\/blog\/wp-content\/uploads\/2012\/03\/Genci-Nimanbegu-ulqin.jpg 604w, https:\/\/www.visit-ulcinj.com\/blog\/wp-content\/uploads\/2012\/03\/Genci-Nimanbegu-ulqin-300x193.jpg 300w\" sizes=\"(max-width: 604px) 100vw, 604px\" \/><\/a>Dje n\u00eb propozimin e\u00a0vendimit p\u00ebr ndryshimin dhe plot\u00ebsimin e\u00a0Planit Hap\u00ebsinor t\u00eb Malit t\u00eb Zi deri n\u00eb vitin\u00a02020, me t\u00eb cilin k\u00ebrkohet ndryshimi i k\u00ebtij\u00a0plani n\u00eb pjes\u00ebn ku u b\u00eb fjal\u00eb p\u00ebr zon\u00ebn e\u00a0Kripores s\u00eb Ulqinit.<br \/>\nPropozimi i Vendimit \u00ebsht\u00eb p\u00ebrgatitur nga\u00a0Rrjeti p\u00ebr Afirmimin e Sektorit Joqeveritar\u00a0(MANS), nd\u00ebrsa at\u00eb e kan\u00eb firmosur deputet\u00ebt\u00a0Genci Nimanbegu, Mehmet Bardhi,\u00a0Branko Radulloviq, Kemal Purishiq, Neven\u00a0Goshoviq dhe Radojica Zhivkoviq. Kund\u00ebr\u00a0k\u00ebtij vendimi kan\u00eb votuar vet\u00ebm an\u00ebtar\u00ebt e\u00a0K\u00ebshillit p\u00ebr \u00e7\u00ebshtje kushtetuese dhe legjislacion\u00a0nga radha e PDS-s\u00eb.<\/p>\n<p>Deputeti i Forc\u00ebs s\u00eb Re Demokratike, Genci\u00a0Nimanbegu, ka th\u00ebn\u00eb se q\u00ebllimi i destinimit\u00a0t\u00eb zon\u00ebs s\u00eb Kripores s\u00eb Ulqinit \u00ebsht\u00eb ndryshuar\u00a0n\u00eb m\u00ebnyr\u00eb t\u00eb \u00e7uditshme, pa shqyrtim publik, duke lejuar mund\u00ebsin\u00eb e shnd\u00ebrrimit\u00a0t\u00eb saj n\u00eb zon\u00eb turistike.\u00a0\u201cKy \u00ebsht\u00eb nj\u00eb p\u00ebrcaktim i \u00e7uditsh\u00ebm q\u00eb\u00a0duhet t\u00eb ndryshohet\u201d, ka theksuar ai.<br \/>\nDeputeti i Forc\u00ebs s\u00eb Re Demokratike, Genci\u00a0Nimanbegu,tha se bregdeti ka hap\u00ebsira t\u00eb mjaftueshme p\u00ebr nd\u00ebrtim, dhe se kriporja nuk duhet t\u00eb p\u00ebrdoret p\u00ebr q\u00ebllime t\u00eb k\u00ebtilla.<\/p>\n<p>Genci Nimanbegu beson se kjo \u00ebsht\u00eb n\u00eb kund\u00ebrshtim me planin hap\u00ebsinor t\u00eb komun\u00ebs s\u00eb Ulqinit, por edhe me t\u00eb dh\u00ebnat grafike t\u00eb Planit Hap\u00ebsinor t\u00eb Malit t\u00eb Zi,vler\u00ebson Nimanbegu n\u00eb gazet\u00ebn e p\u00ebrditshme \u201dPobjeda\u201d.<\/p>\n","protected":false},"excerpt":{"rendered":"<p>Dje n\u00eb propozimin e\u00a0vendimit p\u00ebr ndryshimin dhe plot\u00ebsimin e\u00a0Planit Hap\u00ebsinor t\u00eb Malit t\u00eb Zi deri n\u00eb vitin\u00a02020, me t\u00eb cilin k\u00ebrkohet ndryshimi i k\u00ebtij\u00a0plani n\u00eb pjes\u00ebn ku u b\u00eb fjal\u00eb p\u00ebr zon\u00ebn e\u00a0Kripores s\u00eb Ulqinit. Propozimi i Vendimit \u00ebsht\u00eb p\u00ebrgatitur nga\u00a0Rrjeti p\u00ebr Afirmimin e Sektorit Joqeveritar\u00a0(MANS), nd\u00ebrsa at\u00eb e kan\u00eb firmosur deputet\u00ebt\u00a0Genci Nimanbegu, Mehmet Bardhi,\u00a0Branko [&hellip;]<\/p>\n","protected":false},"author":1,"featured_media":0,"comment_status":"open","ping_status":"closed","sticky":false,"template":"","format":"standard","meta":{"spay_email":"","jetpack_publicize_message":"","jetpack_is_tweetstorm":false,"jetpack_publicize_feature_enabled":true},"categories":[10,1],"tags":[2370,200,18],"jetpack_publicize_connections":[],"yoast_head":"<!-- This site is optimized with the Yoast SEO plugin v19.1 - https:\/\/yoast.com\/wordpress\/plugins\/seo\/ -->\n<title>Nimanbegu: Pa shqyrtim publik,ska zon\u00eb turistike n\u00eb Kripore - Lajme nga Ulqini<\/title>\n<meta name=\"description\" content=\"Dje n\u00eb propozimin e\u00a0vendimit p\u00ebr ndryshimin dhe plot\u00ebsimin e\u00a0Planit Hap\u00ebsinor t\u00eb Malit t\u00eb Zi deri n\u00eb vitin\u00a02020, me t\u00eb cilin k\u00ebrkohet ndryshimi i\" \/>\n<meta name=\"robots\" content=\"index, follow, max-snippet:-1, max-image-preview:large, max-video-preview:-1\" \/>\n<link rel=\"canonical\" href=\"https:\/\/www.visit-ulcinj.com\/blog\/2012\/03\/28\/nimanbegu-pa-shqyrtim-publikska-zone-turistike-ne-kripore\/\" \/>\n<meta property=\"og:locale\" content=\"en_US\" \/>\n<meta property=\"og:type\" content=\"article\" \/>\n<meta property=\"og:title\" content=\"Nimanbegu: Pa shqyrtim publik,ska zon\u00eb turistike n\u00eb Kripore - Lajme nga Ulqini\" \/>\n<meta property=\"og:description\" content=\"Dje n\u00eb propozimin e\u00a0vendimit p\u00ebr ndryshimin dhe plot\u00ebsimin e\u00a0Planit Hap\u00ebsinor t\u00eb Malit t\u00eb Zi deri n\u00eb vitin\u00a02020, me t\u00eb cilin k\u00ebrkohet ndryshimi i\" \/>\n<meta property=\"og:url\" content=\"https:\/\/www.visit-ulcinj.com\/blog\/2012\/03\/28\/nimanbegu-pa-shqyrtim-publikska-zone-turistike-ne-kripore\/\" \/>\n<meta property=\"og:site_name\" content=\"Lajme nga Ulqini\" \/>\n<meta property=\"article:published_time\" content=\"2012-03-28T09:52:05+00:00\" \/>\n<meta property=\"article:modified_time\" content=\"2012-03-29T14:00:46+00:00\" \/>\n<meta property=\"og:image\" content=\"http:\/\/www.visit-ulcinj.com\/blog\/wp-content\/uploads\/2012\/03\/Genci-Nimanbegu-ulqin.jpg\" \/>\n<meta name=\"twitter:label1\" content=\"Written by\" \/>\n\t<meta name=\"twitter:data1\" content=\"ulqini\" \/>\n\t<meta name=\"twitter:label2\" content=\"Est. reading time\" \/>\n\t<meta name=\"twitter:data2\" content=\"1 minute\" \/>\n<script type=\"application\/ld+json\" class=\"yoast-schema-graph\">{\"@context\":\"https:\/\/schema.org\",\"@graph\":[{\"@type\":\"WebSite\",\"@id\":\"https:\/\/www.visit-ulcinj.com\/blog\/#website\",\"url\":\"https:\/\/www.visit-ulcinj.com\/blog\/\",\"name\":\"Lajme nga Ulqini\",\"description\":\"Lajme,Vijesti,Ulqini,Ulqin,Crna Gora,Mali i Zi\",\"potentialAction\":[{\"@type\":\"SearchAction\",\"target\":{\"@type\":\"EntryPoint\",\"urlTemplate\":\"https:\/\/www.visit-ulcinj.com\/blog\/?s={search_term_string}\"},\"query-input\":\"required name=search_term_string\"}],\"inLanguage\":\"en-US\"},{\"@type\":\"ImageObject\",\"inLanguage\":\"en-US\",\"@id\":\"https:\/\/www.visit-ulcinj.com\/blog\/2012\/03\/28\/nimanbegu-pa-shqyrtim-publikska-zone-turistike-ne-kripore\/#primaryimage\",\"url\":\"https:\/\/www.visit-ulcinj.com\/blog\/wp-content\/uploads\/2012\/03\/Genci-Nimanbegu-ulqin.jpg\",\"contentUrl\":\"https:\/\/www.visit-ulcinj.com\/blog\/wp-content\/uploads\/2012\/03\/Genci-Nimanbegu-ulqin.jpg\",\"width\":\"604\",\"height\":\"390\"},{\"@type\":\"WebPage\",\"@id\":\"https:\/\/www.visit-ulcinj.com\/blog\/2012\/03\/28\/nimanbegu-pa-shqyrtim-publikska-zone-turistike-ne-kripore\/#webpage\",\"url\":\"https:\/\/www.visit-ulcinj.com\/blog\/2012\/03\/28\/nimanbegu-pa-shqyrtim-publikska-zone-turistike-ne-kripore\/\",\"name\":\"Nimanbegu: Pa shqyrtim publik,ska zon\u00eb turistike n\u00eb Kripore - Lajme nga Ulqini\",\"isPartOf\":{\"@id\":\"https:\/\/www.visit-ulcinj.com\/blog\/#website\"},\"primaryImageOfPage\":{\"@id\":\"https:\/\/www.visit-ulcinj.com\/blog\/2012\/03\/28\/nimanbegu-pa-shqyrtim-publikska-zone-turistike-ne-kripore\/#primaryimage\"},\"datePublished\":\"2012-03-28T09:52:05+00:00\",\"dateModified\":\"2012-03-29T14:00:46+00:00\",\"author\":{\"@id\":\"https:\/\/www.visit-ulcinj.com\/blog\/#\/schema\/person\/dcab619c614d3038751c63bc2aadc06d\"},\"description\":\"Dje n\u00eb propozimin e\u00a0vendimit p\u00ebr ndryshimin dhe plot\u00ebsimin e\u00a0Planit Hap\u00ebsinor t\u00eb Malit t\u00eb Zi deri n\u00eb vitin\u00a02020, me t\u00eb cilin k\u00ebrkohet ndryshimi i\",\"breadcrumb\":{\"@id\":\"https:\/\/www.visit-ulcinj.com\/blog\/2012\/03\/28\/nimanbegu-pa-shqyrtim-publikska-zone-turistike-ne-kripore\/#breadcrumb\"},\"inLanguage\":\"en-US\",\"potentialAction\":[{\"@type\":\"ReadAction\",\"target\":[\"https:\/\/www.visit-ulcinj.com\/blog\/2012\/03\/28\/nimanbegu-pa-shqyrtim-publikska-zone-turistike-ne-kripore\/\"]}]},{\"@type\":\"BreadcrumbList\",\"@id\":\"https:\/\/www.visit-ulcinj.com\/blog\/2012\/03\/28\/nimanbegu-pa-shqyrtim-publikska-zone-turistike-ne-kripore\/#breadcrumb\",\"itemListElement\":[{\"@type\":\"ListItem\",\"position\":1,\"name\":\"Nimanbegu: Pa shqyrtim publik,ska zon\u00eb turistike n\u00eb Kripore\"}]},{\"@type\":\"Person\",\"@id\":\"https:\/\/www.visit-ulcinj.com\/blog\/#\/schema\/person\/dcab619c614d3038751c63bc2aadc06d\",\"name\":\"ulqini\",\"sameAs\":[\"http:\/\/www.visit-ulcinj.com\"],\"url\":\"https:\/\/www.visit-ulcinj.com\/blog\/author\/admin\/\"}]}<\/script>\n<!-- \/ Yoast SEO plugin. -->","yoast_head_json":{"title":"Nimanbegu: Pa shqyrtim publik,ska zon\u00eb turistike n\u00eb Kripore - Lajme nga Ulqini","description":"Dje n\u00eb propozimin e\u00a0vendimit p\u00ebr ndryshimin dhe plot\u00ebsimin e\u00a0Planit Hap\u00ebsinor t\u00eb Malit t\u00eb Zi deri n\u00eb vitin\u00a02020, me t\u00eb cilin k\u00ebrkohet ndryshimi i","robots":{"index":"index","follow":"follow","max-snippet":"max-snippet:-1","max-image-preview":"max-image-preview:large","max-video-preview":"max-video-preview:-1"},"canonical":"https:\/\/www.visit-ulcinj.com\/blog\/2012\/03\/28\/nimanbegu-pa-shqyrtim-publikska-zone-turistike-ne-kripore\/","og_locale":"en_US","og_type":"article","og_title":"Nimanbegu: Pa shqyrtim publik,ska zon\u00eb turistike n\u00eb Kripore - Lajme nga Ulqini","og_description":"Dje n\u00eb propozimin e\u00a0vendimit p\u00ebr ndryshimin dhe plot\u00ebsimin e\u00a0Planit Hap\u00ebsinor t\u00eb Malit t\u00eb Zi deri n\u00eb vitin\u00a02020, me t\u00eb cilin k\u00ebrkohet ndryshimi i","og_url":"https:\/\/www.visit-ulcinj.com\/blog\/2012\/03\/28\/nimanbegu-pa-shqyrtim-publikska-zone-turistike-ne-kripore\/","og_site_name":"Lajme nga Ulqini","article_published_time":"2012-03-28T09:52:05+00:00","article_modified_time":"2012-03-29T14:00:46+00:00","og_image":[{"url":"http:\/\/www.visit-ulcinj.com\/blog\/wp-content\/uploads\/2012\/03\/Genci-Nimanbegu-ulqin.jpg"}],"twitter_misc":{"Written by":"ulqini","Est. reading time":"1 minute"},"schema":{"@context":"https:\/\/schema.org","@graph":[{"@type":"WebSite","@id":"https:\/\/www.visit-ulcinj.com\/blog\/#website","url":"https:\/\/www.visit-ulcinj.com\/blog\/","name":"Lajme nga Ulqini","description":"Lajme,Vijesti,Ulqini,Ulqin,Crna Gora,Mali i Zi","potentialAction":[{"@type":"SearchAction","target":{"@type":"EntryPoint","urlTemplate":"https:\/\/www.visit-ulcinj.com\/blog\/?s={search_term_string}"},"query-input":"required name=search_term_string"}],"inLanguage":"en-US"},{"@type":"ImageObject","inLanguage":"en-US","@id":"https:\/\/www.visit-ulcinj.com\/blog\/2012\/03\/28\/nimanbegu-pa-shqyrtim-publikska-zone-turistike-ne-kripore\/#primaryimage","url":"https:\/\/www.visit-ulcinj.com\/blog\/wp-content\/uploads\/2012\/03\/Genci-Nimanbegu-ulqin.jpg","contentUrl":"https:\/\/www.visit-ulcinj.com\/blog\/wp-content\/uploads\/2012\/03\/Genci-Nimanbegu-ulqin.jpg","width":"604","height":"390"},{"@type":"WebPage","@id":"https:\/\/www.visit-ulcinj.com\/blog\/2012\/03\/28\/nimanbegu-pa-shqyrtim-publikska-zone-turistike-ne-kripore\/#webpage","url":"https:\/\/www.visit-ulcinj.com\/blog\/2012\/03\/28\/nimanbegu-pa-shqyrtim-publikska-zone-turistike-ne-kripore\/","name":"Nimanbegu: Pa shqyrtim publik,ska zon\u00eb turistike n\u00eb Kripore - Lajme nga Ulqini","isPartOf":{"@id":"https:\/\/www.visit-ulcinj.com\/blog\/#website"},"primaryImageOfPage":{"@id":"https:\/\/www.visit-ulcinj.com\/blog\/2012\/03\/28\/nimanbegu-pa-shqyrtim-publikska-zone-turistike-ne-kripore\/#primaryimage"},"datePublished":"2012-03-28T09:52:05+00:00","dateModified":"2012-03-29T14:00:46+00:00","author":{"@id":"https:\/\/www.visit-ulcinj.com\/blog\/#\/schema\/person\/dcab619c614d3038751c63bc2aadc06d"},"description":"Dje n\u00eb propozimin e\u00a0vendimit p\u00ebr ndryshimin dhe plot\u00ebsimin e\u00a0Planit Hap\u00ebsinor t\u00eb Malit t\u00eb Zi deri n\u00eb vitin\u00a02020, me t\u00eb cilin k\u00ebrkohet ndryshimi i","breadcrumb":{"@id":"https:\/\/www.visit-ulcinj.com\/blog\/2012\/03\/28\/nimanbegu-pa-shqyrtim-publikska-zone-turistike-ne-kripore\/#breadcrumb"},"inLanguage":"en-US","potentialAction":[{"@type":"ReadAction","target":["https:\/\/www.visit-ulcinj.com\/blog\/2012\/03\/28\/nimanbegu-pa-shqyrtim-publikska-zone-turistike-ne-kripore\/"]}]},{"@type":"BreadcrumbList","@id":"https:\/\/www.visit-ulcinj.com\/blog\/2012\/03\/28\/nimanbegu-pa-shqyrtim-publikska-zone-turistike-ne-kripore\/#breadcrumb","itemListElement":[{"@type":"ListItem","position":1,"name":"Nimanbegu: Pa shqyrtim publik,ska zon\u00eb turistike n\u00eb Kripore"}]},{"@type":"Person","@id":"https:\/\/www.visit-ulcinj.com\/blog\/#\/schema\/person\/dcab619c614d3038751c63bc2aadc06d","name":"ulqini","sameAs":["http:\/\/www.visit-ulcinj.com"],"url":"https:\/\/www.visit-ulcinj.com\/blog\/author\/admin\/"}]}},"jetpack_featured_media_url":"","jetpack_sharing_enabled":true,"jetpack_shortlink":"https:\/\/wp.me\/pe6lTn-fi2","_links":{"self":[{"href":"https:\/\/www.visit-ulcinj.com\/blog\/wp-json\/wp\/v2\/posts\/58778"}],"collection":[{"href":"https:\/\/www.visit-ulcinj.com\/blog\/wp-json\/wp\/v2\/posts"}],"about":[{"href":"https:\/\/www.visit-ulcinj.com\/blog\/wp-json\/wp\/v2\/types\/post"}],"author":[{"embeddable":true,"href":"https:\/\/www.visit-ulcinj.com\/blog\/wp-json\/wp\/v2\/users\/1"}],"replies":[{"embeddable":true,"href":"https:\/\/www.visit-ulcinj.com\/blog\/wp-json\/wp\/v2\/comments?post=58778"}],"version-history":[{"count":3,"href":"https:\/\/www.visit-ulcinj.com\/blog\/wp-json\/wp\/v2\/posts\/58778\/revisions"}],"predecessor-version":[{"id":58802,"href":"https:\/\/www.visit-ulcinj.com\/blog\/wp-json\/wp\/v2\/posts\/58778\/revisions\/58802"}],"wp:attachment":[{"href":"https:\/\/www.visit-ulcinj.com\/blog\/wp-json\/wp\/v2\/media?parent=58778"}],"wp:term":[{"taxonomy":"category","embeddable":true,"href":"https:\/\/www.visit-ulcinj.com\/blog\/wp-json\/wp\/v2\/categories?post=58778"},{"taxonomy":"post_tag","embeddable":true,"href":"https:\/\/www.visit-ulcinj.com\/blog\/wp-json\/wp\/v2\/tags?post=58778"}],"curies":[{"name":"wp","href":"https:\/\/api.w.org\/{rel}","templated":true}]}}