{"id":58809,"date":"2012-03-29T17:20:25","date_gmt":"2012-03-29T16:20:25","guid":{"rendered":"http:\/\/www.visit-ulcinj.com\/blog\/?p=58809"},"modified":"2012-03-29T17:20:56","modified_gmt":"2012-03-29T16:20:56","slug":"dritan-abazovic-sramna-odluka-za-ulcinj","status":"publish","type":"post","link":"https:\/\/www.visit-ulcinj.com\/blog\/2012\/03\/29\/dritan-abazovic-sramna-odluka-za-ulcinj\/","title":{"rendered":"Dritan Abazovi\u0107: Sramna odluka za Ulcinj"},"content":{"rendered":"<p><a href=\"http:\/\/www.visit-ulcinj.com\/blog\/wp-content\/uploads\/2012\/03\/Dritan-Abazovic_ulcinj.jpg\"><img loading=\"lazy\" class=\"alignleft  wp-image-58811\" title=\"Dritan-Abazovic_ulcinj\" src=\"http:\/\/www.visit-ulcinj.com\/blog\/wp-content\/uploads\/2012\/03\/Dritan-Abazovic_ulcinj.jpg\" alt=\"\" width=\"350\" height=\"294\" \/><\/a>To \u0161to zbog glasova Demokratske partije socijalista DPS skup\u0161tinski Odbor za turizam, poljoprivredu, ekologiju i prostorno planiranje nije podr\u017eao Prijedlog odluke o izmjeni i dopuni prostornog plana Crne Gore do 2020. godine, koji se odnosi na prenamjenu prostora ulcinjske Solane &#8220;Bajo Sekuli\u0107&#8221; u gra\u0111evinsko zemlji\u0161te, ulcinjski nevladin sektor naziva sramnom odlukom.<\/p>\n<p>Ulcinjani o\u010dekuju da \u0107e Skup\u0161tina Crne Gore ipak donijeti pravu odluku i poru\u010duju da \u0107e djelovati u tom pravcu.<\/p>\n<p>&#8220;Mislim da je sramna odluka da se ne promijeni prostorni plan. Vlada Crne Gore dr\u017ei cijelu skup\u0161tinu kao marionetu koja samo potvr\u0111uje njene potpuno besmislene i nezakonite odluke, stvaraju\u0107i ustupak tajkunima koji nijesu zainteresovani ni za proizvodnju soli, ni za o\u010duvanje prirode, ni dru\u0161tvenih resursa, ve\u0107 isklju\u010divo za li\u010dni profit&#8221;, istakao je ispred Mogula Dritan Abazovi\u0107, pi\u0161u Dnevne novine.<\/p>\n<p>On je kazao da se nadaju da \u0107e poslanici glasati onako kao \u0161to su sada opredijeljeni po svojim politi\u010dkim preferencijama.<\/p>\n<p>&#8220;Najgore od svega je \u0161to je kabinet premijera Igora Luk\u0161i\u0107a rekao da je to realna cijena i da oni sada treba da upravljaju cijelim prostorom. To je krajnje nelogi\u010dno i mi \u0107emo se svim snagama boriti da ne do\u0111e do toga i u tom pravcu \u0107emo bazirati svoje naredne aktivnosti&#8221;, poru\u010dio je Abazovi\u0107.<\/p>\n<p>S druge strane, radnici Solane vi\u0161e i ne znaju \u0161ta da o\u010dekuju.<\/p>\n<p>&#8220;Mi mo\u017eemo javnosti da poslu\u017eimo kao neka vrsta pritiska na ljude koji se bave ovim pitanjem, na parlamentarce, na institucije da nastave dalje da se bore, da Solana ostane u onom kapacitetu u kakvom je bila do sada. Vlasnik nam samo na rije\u010dima daje pravo da \u0107emo ostati da radimo, da treba da radimo, da \u0107e nas pustiti da radimo, da nas ne\u0107e poslati ku\u0107ama, na biro. Me\u0111utim, ni\u0161ta nije uradio kako bi pospje\u0161io stanje u Solani. Neophodna je jedna finansijska injekcija&#8221;, kazao je predsjednik Sindikata Solane Maki Miranovi\u0107.<br \/>\n<a href=\"http:\/\/www.cafemontenegro.com\/index.php?group=22&amp;news=239292\" target=\"_blank\"><strong>Izvor: CdM\/Dnevne novine<\/strong><\/a><\/p>\n","protected":false},"excerpt":{"rendered":"<p>To \u0161to zbog glasova Demokratske partije socijalista DPS skup\u0161tinski Odbor za turizam, poljoprivredu, ekologiju i prostorno planiranje nije podr\u017eao Prijedlog odluke o izmjeni i dopuni prostornog plana Crne Gore do 2020. godine, koji se odnosi na prenamjenu prostora ulcinjske Solane &#8220;Bajo Sekuli\u0107&#8221; u gra\u0111evinsko zemlji\u0161te, ulcinjski nevladin sektor naziva sramnom odlukom. Ulcinjani o\u010dekuju da \u0107e [&hellip;]<\/p>\n","protected":false},"author":1,"featured_media":0,"comment_status":"open","ping_status":"closed","sticky":false,"template":"","format":"standard","meta":{"spay_email":"","jetpack_publicize_message":"","jetpack_is_tweetstorm":false,"jetpack_publicize_feature_enabled":true},"categories":[8337],"tags":[13706,19,1968],"jetpack_publicize_connections":[],"yoast_head":"<!-- This site is optimized with the Yoast SEO plugin v19.1 - https:\/\/yoast.com\/wordpress\/plugins\/seo\/ -->\n<title>Dritan Abazovi\u0107: Sramna odluka za Ulcinj - Lajme nga Ulqini<\/title>\n<meta name=\"description\" content=\"To \u0161to zbog glasova Demokratske partije socijalista DPS skup\u0161tinski Odbor za turizam, poljoprivredu, ekologiju i prostorno planiranje nije podr\u017eao\" \/>\n<meta name=\"robots\" content=\"index, follow, max-snippet:-1, max-image-preview:large, max-video-preview:-1\" \/>\n<link rel=\"canonical\" href=\"https:\/\/www.visit-ulcinj.com\/blog\/2012\/03\/29\/dritan-abazovic-sramna-odluka-za-ulcinj\/\" \/>\n<meta property=\"og:locale\" content=\"en_US\" \/>\n<meta property=\"og:type\" content=\"article\" \/>\n<meta property=\"og:title\" content=\"Dritan Abazovi\u0107: Sramna odluka za Ulcinj - Lajme nga Ulqini\" \/>\n<meta property=\"og:description\" content=\"To \u0161to zbog glasova Demokratske partije socijalista DPS skup\u0161tinski Odbor za turizam, poljoprivredu, ekologiju i prostorno planiranje nije podr\u017eao\" \/>\n<meta property=\"og:url\" content=\"https:\/\/www.visit-ulcinj.com\/blog\/2012\/03\/29\/dritan-abazovic-sramna-odluka-za-ulcinj\/\" \/>\n<meta property=\"og:site_name\" content=\"Lajme nga Ulqini\" \/>\n<meta property=\"article:published_time\" content=\"2012-03-29T16:20:25+00:00\" \/>\n<meta property=\"article:modified_time\" content=\"2012-03-29T16:20:56+00:00\" \/>\n<meta property=\"og:image\" content=\"http:\/\/www.visit-ulcinj.com\/blog\/wp-content\/uploads\/2012\/03\/Dritan-Abazovic_ulcinj.jpg\" \/>\n<meta name=\"twitter:label1\" content=\"Written by\" \/>\n\t<meta name=\"twitter:data1\" content=\"ulqini\" \/>\n\t<meta name=\"twitter:label2\" content=\"Est. reading time\" \/>\n\t<meta name=\"twitter:data2\" content=\"2 minutes\" \/>\n<script type=\"application\/ld+json\" class=\"yoast-schema-graph\">{\"@context\":\"https:\/\/schema.org\",\"@graph\":[{\"@type\":\"WebSite\",\"@id\":\"https:\/\/www.visit-ulcinj.com\/blog\/#website\",\"url\":\"https:\/\/www.visit-ulcinj.com\/blog\/\",\"name\":\"Lajme nga Ulqini\",\"description\":\"Lajme,Vijesti,Ulqini,Ulqin,Crna Gora,Mali i Zi\",\"potentialAction\":[{\"@type\":\"SearchAction\",\"target\":{\"@type\":\"EntryPoint\",\"urlTemplate\":\"https:\/\/www.visit-ulcinj.com\/blog\/?s={search_term_string}\"},\"query-input\":\"required name=search_term_string\"}],\"inLanguage\":\"en-US\"},{\"@type\":\"ImageObject\",\"inLanguage\":\"en-US\",\"@id\":\"https:\/\/www.visit-ulcinj.com\/blog\/2012\/03\/29\/dritan-abazovic-sramna-odluka-za-ulcinj\/#primaryimage\",\"url\":\"https:\/\/www.visit-ulcinj.com\/blog\/wp-content\/uploads\/2012\/03\/Dritan-Abazovic_ulcinj.jpg\",\"contentUrl\":\"https:\/\/www.visit-ulcinj.com\/blog\/wp-content\/uploads\/2012\/03\/Dritan-Abazovic_ulcinj.jpg\",\"width\":\"368\",\"height\":\"294\"},{\"@type\":\"WebPage\",\"@id\":\"https:\/\/www.visit-ulcinj.com\/blog\/2012\/03\/29\/dritan-abazovic-sramna-odluka-za-ulcinj\/#webpage\",\"url\":\"https:\/\/www.visit-ulcinj.com\/blog\/2012\/03\/29\/dritan-abazovic-sramna-odluka-za-ulcinj\/\",\"name\":\"Dritan Abazovi\u0107: Sramna odluka za Ulcinj - Lajme nga Ulqini\",\"isPartOf\":{\"@id\":\"https:\/\/www.visit-ulcinj.com\/blog\/#website\"},\"primaryImageOfPage\":{\"@id\":\"https:\/\/www.visit-ulcinj.com\/blog\/2012\/03\/29\/dritan-abazovic-sramna-odluka-za-ulcinj\/#primaryimage\"},\"datePublished\":\"2012-03-29T16:20:25+00:00\",\"dateModified\":\"2012-03-29T16:20:56+00:00\",\"author\":{\"@id\":\"https:\/\/www.visit-ulcinj.com\/blog\/#\/schema\/person\/dcab619c614d3038751c63bc2aadc06d\"},\"description\":\"To \u0161to zbog glasova Demokratske partije socijalista DPS skup\u0161tinski Odbor za turizam, poljoprivredu, ekologiju i prostorno planiranje nije podr\u017eao\",\"breadcrumb\":{\"@id\":\"https:\/\/www.visit-ulcinj.com\/blog\/2012\/03\/29\/dritan-abazovic-sramna-odluka-za-ulcinj\/#breadcrumb\"},\"inLanguage\":\"en-US\",\"potentialAction\":[{\"@type\":\"ReadAction\",\"target\":[\"https:\/\/www.visit-ulcinj.com\/blog\/2012\/03\/29\/dritan-abazovic-sramna-odluka-za-ulcinj\/\"]}]},{\"@type\":\"BreadcrumbList\",\"@id\":\"https:\/\/www.visit-ulcinj.com\/blog\/2012\/03\/29\/dritan-abazovic-sramna-odluka-za-ulcinj\/#breadcrumb\",\"itemListElement\":[{\"@type\":\"ListItem\",\"position\":1,\"name\":\"Dritan Abazovi\u0107: Sramna odluka za Ulcinj\"}]},{\"@type\":\"Person\",\"@id\":\"https:\/\/www.visit-ulcinj.com\/blog\/#\/schema\/person\/dcab619c614d3038751c63bc2aadc06d\",\"name\":\"ulqini\",\"sameAs\":[\"http:\/\/www.visit-ulcinj.com\"],\"url\":\"https:\/\/www.visit-ulcinj.com\/blog\/author\/admin\/\"}]}<\/script>\n<!-- \/ Yoast SEO plugin. -->","yoast_head_json":{"title":"Dritan Abazovi\u0107: Sramna odluka za Ulcinj - Lajme nga Ulqini","description":"To \u0161to zbog glasova Demokratske partije socijalista DPS skup\u0161tinski Odbor za turizam, poljoprivredu, ekologiju i prostorno planiranje nije podr\u017eao","robots":{"index":"index","follow":"follow","max-snippet":"max-snippet:-1","max-image-preview":"max-image-preview:large","max-video-preview":"max-video-preview:-1"},"canonical":"https:\/\/www.visit-ulcinj.com\/blog\/2012\/03\/29\/dritan-abazovic-sramna-odluka-za-ulcinj\/","og_locale":"en_US","og_type":"article","og_title":"Dritan Abazovi\u0107: Sramna odluka za Ulcinj - Lajme nga Ulqini","og_description":"To \u0161to zbog glasova Demokratske partije socijalista DPS skup\u0161tinski Odbor za turizam, poljoprivredu, ekologiju i prostorno planiranje nije podr\u017eao","og_url":"https:\/\/www.visit-ulcinj.com\/blog\/2012\/03\/29\/dritan-abazovic-sramna-odluka-za-ulcinj\/","og_site_name":"Lajme nga Ulqini","article_published_time":"2012-03-29T16:20:25+00:00","article_modified_time":"2012-03-29T16:20:56+00:00","og_image":[{"url":"http:\/\/www.visit-ulcinj.com\/blog\/wp-content\/uploads\/2012\/03\/Dritan-Abazovic_ulcinj.jpg"}],"twitter_misc":{"Written by":"ulqini","Est. reading time":"2 minutes"},"schema":{"@context":"https:\/\/schema.org","@graph":[{"@type":"WebSite","@id":"https:\/\/www.visit-ulcinj.com\/blog\/#website","url":"https:\/\/www.visit-ulcinj.com\/blog\/","name":"Lajme nga Ulqini","description":"Lajme,Vijesti,Ulqini,Ulqin,Crna Gora,Mali i Zi","potentialAction":[{"@type":"SearchAction","target":{"@type":"EntryPoint","urlTemplate":"https:\/\/www.visit-ulcinj.com\/blog\/?s={search_term_string}"},"query-input":"required name=search_term_string"}],"inLanguage":"en-US"},{"@type":"ImageObject","inLanguage":"en-US","@id":"https:\/\/www.visit-ulcinj.com\/blog\/2012\/03\/29\/dritan-abazovic-sramna-odluka-za-ulcinj\/#primaryimage","url":"https:\/\/www.visit-ulcinj.com\/blog\/wp-content\/uploads\/2012\/03\/Dritan-Abazovic_ulcinj.jpg","contentUrl":"https:\/\/www.visit-ulcinj.com\/blog\/wp-content\/uploads\/2012\/03\/Dritan-Abazovic_ulcinj.jpg","width":"368","height":"294"},{"@type":"WebPage","@id":"https:\/\/www.visit-ulcinj.com\/blog\/2012\/03\/29\/dritan-abazovic-sramna-odluka-za-ulcinj\/#webpage","url":"https:\/\/www.visit-ulcinj.com\/blog\/2012\/03\/29\/dritan-abazovic-sramna-odluka-za-ulcinj\/","name":"Dritan Abazovi\u0107: Sramna odluka za Ulcinj - Lajme nga Ulqini","isPartOf":{"@id":"https:\/\/www.visit-ulcinj.com\/blog\/#website"},"primaryImageOfPage":{"@id":"https:\/\/www.visit-ulcinj.com\/blog\/2012\/03\/29\/dritan-abazovic-sramna-odluka-za-ulcinj\/#primaryimage"},"datePublished":"2012-03-29T16:20:25+00:00","dateModified":"2012-03-29T16:20:56+00:00","author":{"@id":"https:\/\/www.visit-ulcinj.com\/blog\/#\/schema\/person\/dcab619c614d3038751c63bc2aadc06d"},"description":"To \u0161to zbog glasova Demokratske partije socijalista DPS skup\u0161tinski Odbor za turizam, poljoprivredu, ekologiju i prostorno planiranje nije podr\u017eao","breadcrumb":{"@id":"https:\/\/www.visit-ulcinj.com\/blog\/2012\/03\/29\/dritan-abazovic-sramna-odluka-za-ulcinj\/#breadcrumb"},"inLanguage":"en-US","potentialAction":[{"@type":"ReadAction","target":["https:\/\/www.visit-ulcinj.com\/blog\/2012\/03\/29\/dritan-abazovic-sramna-odluka-za-ulcinj\/"]}]},{"@type":"BreadcrumbList","@id":"https:\/\/www.visit-ulcinj.com\/blog\/2012\/03\/29\/dritan-abazovic-sramna-odluka-za-ulcinj\/#breadcrumb","itemListElement":[{"@type":"ListItem","position":1,"name":"Dritan Abazovi\u0107: Sramna odluka za Ulcinj"}]},{"@type":"Person","@id":"https:\/\/www.visit-ulcinj.com\/blog\/#\/schema\/person\/dcab619c614d3038751c63bc2aadc06d","name":"ulqini","sameAs":["http:\/\/www.visit-ulcinj.com"],"url":"https:\/\/www.visit-ulcinj.com\/blog\/author\/admin\/"}]}},"jetpack_featured_media_url":"","jetpack_sharing_enabled":true,"jetpack_shortlink":"https:\/\/wp.me\/pe6lTn-fix","_links":{"self":[{"href":"https:\/\/www.visit-ulcinj.com\/blog\/wp-json\/wp\/v2\/posts\/58809"}],"collection":[{"href":"https:\/\/www.visit-ulcinj.com\/blog\/wp-json\/wp\/v2\/posts"}],"about":[{"href":"https:\/\/www.visit-ulcinj.com\/blog\/wp-json\/wp\/v2\/types\/post"}],"author":[{"embeddable":true,"href":"https:\/\/www.visit-ulcinj.com\/blog\/wp-json\/wp\/v2\/users\/1"}],"replies":[{"embeddable":true,"href":"https:\/\/www.visit-ulcinj.com\/blog\/wp-json\/wp\/v2\/comments?post=58809"}],"version-history":[{"count":2,"href":"https:\/\/www.visit-ulcinj.com\/blog\/wp-json\/wp\/v2\/posts\/58809\/revisions"}],"predecessor-version":[{"id":58813,"href":"https:\/\/www.visit-ulcinj.com\/blog\/wp-json\/wp\/v2\/posts\/58809\/revisions\/58813"}],"wp:attachment":[{"href":"https:\/\/www.visit-ulcinj.com\/blog\/wp-json\/wp\/v2\/media?parent=58809"}],"wp:term":[{"taxonomy":"category","embeddable":true,"href":"https:\/\/www.visit-ulcinj.com\/blog\/wp-json\/wp\/v2\/categories?post=58809"},{"taxonomy":"post_tag","embeddable":true,"href":"https:\/\/www.visit-ulcinj.com\/blog\/wp-json\/wp\/v2\/tags?post=58809"}],"curies":[{"name":"wp","href":"https:\/\/api.w.org\/{rel}","templated":true}]}}