{"id":5882,"date":"2008-11-12T13:53:34","date_gmt":"2008-11-12T18:53:34","guid":{"rendered":"http:\/\/www.visit-ulcinj.com\/blog\/?p=5882"},"modified":"2008-11-12T14:05:48","modified_gmt":"2008-11-12T19:05:48","slug":"blineranje-kengetar-si-hekurani-nuk-e-refuzoj","status":"publish","type":"post","link":"https:\/\/www.visit-ulcinj.com\/blog\/2008\/11\/12\/blineranje-kengetar-si-hekurani-nuk-e-refuzoj\/","title":{"rendered":"Blinera:Nj\u00eb k\u00ebng\u00ebtar si Hekurani nuk e refuzoj"},"content":{"rendered":"<p><a href=\"http:\/\/www.visit-ulcinj.com\/blog\/wp-content\/uploads\/2008\/11\/hekuran-krasniqi-_blinera-krasniqi.jpg\"><img loading=\"lazy\" class=\"alignleft size-medium wp-image-5883\" title=\"hekuran-krasniqi-_blinera-krasniqi\" src=\"http:\/\/www.visit-ulcinj.com\/blog\/wp-content\/uploads\/2008\/11\/hekuran-krasniqi-_blinera-krasniqi-248x300.jpg\" alt=\"\" width=\"174\" height=\"210\" \/><\/a>Hekuran Krasniqi ka bashk\u00ebpunuar me k\u00ebng\u00ebtaren Blinera Krasniqi p\u00ebr ta realizuar nj\u00eb duet t\u00eb p\u00ebrbashk\u00ebt q\u00eb mban titullin &#8220;Mos e le p\u00ebr pak&#8221;.<br \/>\nMuzik\u00ebn dhe orkestrimin i ka b\u00ebr\u00eb Hekurani, teksti \u00ebsht\u00eb shkruar nga Granit Gashi, nd\u00ebrsa producent i k\u00ebng\u00ebs \u00ebsht\u00eb DJ Cimi.<br \/>\n\u201cHekurani ma ka b\u00ebr\u00eb ftes\u00ebn dhe natyrisht nj\u00eb k\u00ebng\u00ebtar si ai nuk e refuzoj. K\u00ebnga m\u00eb p\u00eblqeu dhe jam shum\u00eb e lumtur q\u00eb edhe publiku e p\u00eblqen\u201d, \u00ebsht\u00eb shprehur Blinera p\u00ebr t\u00eb p\u00ebrditshmen \u201cZ\u00ebri\u201d.<br \/>\nKlipi i k\u00ebng\u00ebs \u00ebsht\u00eb realizuar nga produksioni \u201cVideo Art\u201d nga Gjilani, nd\u00ebrsa xhirimet jan\u00eb b\u00ebr\u00eb n\u00eb Prizren. P\u00ebr zbukurimin e spotit \u00ebsht\u00eb ftuar edhe grupi i njohur i vall\u00ebzimit \u201cArt Design\u201d.<br \/>\n<strong>Telegrafi<\/strong><\/p>\n<!--YouTube Error: bad URL entered-->\n","protected":false},"excerpt":{"rendered":"<p>Hekuran Krasniqi ka bashk\u00ebpunuar me k\u00ebng\u00ebtaren Blinera Krasniqi p\u00ebr ta realizuar nj\u00eb duet t\u00eb p\u00ebrbashk\u00ebt q\u00eb mban titullin &#8220;Mos e le p\u00ebr pak&#8221;. Muzik\u00ebn dhe orkestrimin i ka b\u00ebr\u00eb Hekurani, teksti \u00ebsht\u00eb shkruar nga Granit Gashi, nd\u00ebrsa producent i k\u00ebng\u00ebs \u00ebsht\u00eb DJ Cimi. \u201cHekurani ma ka b\u00ebr\u00eb ftes\u00ebn dhe natyrisht nj\u00eb k\u00ebng\u00ebtar si ai nuk [&hellip;]<\/p>\n","protected":false},"author":1,"featured_media":0,"comment_status":"open","ping_status":"closed","sticky":false,"template":"","format":"standard","meta":{"spay_email":"","jetpack_publicize_message":"","jetpack_is_tweetstorm":false,"jetpack_publicize_feature_enabled":true},"categories":[1],"tags":[5011,5010],"jetpack_publicize_connections":[],"yoast_head":"<!-- This site is optimized with the Yoast SEO plugin v19.1 - https:\/\/yoast.com\/wordpress\/plugins\/seo\/ -->\n<title>Blinera:Nj\u00eb k\u00ebng\u00ebtar si Hekurani nuk e refuzoj - Lajme nga Ulqini<\/title>\n<meta name=\"description\" content=\"Hekuran Krasniqi ka bashk\u00ebpunuar me k\u00ebng\u00ebtaren Blinera Krasniqi p\u00ebr ta realizuar nj\u00eb duet t\u00eb p\u00ebrbashk\u00ebt q\u00eb mban titullin &quot;Mos e le p\u00ebr pak&quot;. Muzik\u00ebn dhe\" \/>\n<meta name=\"robots\" content=\"index, follow, max-snippet:-1, max-image-preview:large, max-video-preview:-1\" \/>\n<link rel=\"canonical\" href=\"https:\/\/www.visit-ulcinj.com\/blog\/2008\/11\/12\/blineranje-kengetar-si-hekurani-nuk-e-refuzoj\/\" \/>\n<meta property=\"og:locale\" content=\"en_US\" \/>\n<meta property=\"og:type\" content=\"article\" \/>\n<meta property=\"og:title\" content=\"Blinera:Nj\u00eb k\u00ebng\u00ebtar si Hekurani nuk e refuzoj - Lajme nga Ulqini\" \/>\n<meta property=\"og:description\" content=\"Hekuran Krasniqi ka bashk\u00ebpunuar me k\u00ebng\u00ebtaren Blinera Krasniqi p\u00ebr ta realizuar nj\u00eb duet t\u00eb p\u00ebrbashk\u00ebt q\u00eb mban titullin &quot;Mos e le p\u00ebr pak&quot;. Muzik\u00ebn dhe\" \/>\n<meta property=\"og:url\" content=\"https:\/\/www.visit-ulcinj.com\/blog\/2008\/11\/12\/blineranje-kengetar-si-hekurani-nuk-e-refuzoj\/\" \/>\n<meta property=\"og:site_name\" content=\"Lajme nga Ulqini\" \/>\n<meta property=\"article:published_time\" content=\"2008-11-12T18:53:34+00:00\" \/>\n<meta property=\"article:modified_time\" content=\"2008-11-12T19:05:48+00:00\" \/>\n<meta property=\"og:image\" content=\"http:\/\/www.visit-ulcinj.com\/blog\/wp-content\/uploads\/2008\/11\/hekuran-krasniqi-_blinera-krasniqi-248x300.jpg\" \/>\n<meta name=\"twitter:label1\" content=\"Written by\" \/>\n\t<meta name=\"twitter:data1\" content=\"ulqini\" \/>\n\t<meta name=\"twitter:label2\" content=\"Est. reading time\" \/>\n\t<meta name=\"twitter:data2\" content=\"1 minute\" \/>\n<script type=\"application\/ld+json\" class=\"yoast-schema-graph\">{\"@context\":\"https:\/\/schema.org\",\"@graph\":[{\"@type\":\"WebSite\",\"@id\":\"https:\/\/www.visit-ulcinj.com\/blog\/#website\",\"url\":\"https:\/\/www.visit-ulcinj.com\/blog\/\",\"name\":\"Lajme nga Ulqini\",\"description\":\"Lajme,Vijesti,Ulqini,Ulqin,Crna Gora,Mali i Zi\",\"potentialAction\":[{\"@type\":\"SearchAction\",\"target\":{\"@type\":\"EntryPoint\",\"urlTemplate\":\"https:\/\/www.visit-ulcinj.com\/blog\/?s={search_term_string}\"},\"query-input\":\"required name=search_term_string\"}],\"inLanguage\":\"en-US\"},{\"@type\":\"ImageObject\",\"inLanguage\":\"en-US\",\"@id\":\"https:\/\/www.visit-ulcinj.com\/blog\/2008\/11\/12\/blineranje-kengetar-si-hekurani-nuk-e-refuzoj\/#primaryimage\",\"url\":\"http:\/\/www.visit-ulcinj.com\/blog\/wp-content\/uploads\/2008\/11\/hekuran-krasniqi-_blinera-krasniqi-248x300.jpg\",\"contentUrl\":\"http:\/\/www.visit-ulcinj.com\/blog\/wp-content\/uploads\/2008\/11\/hekuran-krasniqi-_blinera-krasniqi-248x300.jpg\"},{\"@type\":\"WebPage\",\"@id\":\"https:\/\/www.visit-ulcinj.com\/blog\/2008\/11\/12\/blineranje-kengetar-si-hekurani-nuk-e-refuzoj\/#webpage\",\"url\":\"https:\/\/www.visit-ulcinj.com\/blog\/2008\/11\/12\/blineranje-kengetar-si-hekurani-nuk-e-refuzoj\/\",\"name\":\"Blinera:Nj\u00eb k\u00ebng\u00ebtar si Hekurani nuk e refuzoj - Lajme nga Ulqini\",\"isPartOf\":{\"@id\":\"https:\/\/www.visit-ulcinj.com\/blog\/#website\"},\"primaryImageOfPage\":{\"@id\":\"https:\/\/www.visit-ulcinj.com\/blog\/2008\/11\/12\/blineranje-kengetar-si-hekurani-nuk-e-refuzoj\/#primaryimage\"},\"datePublished\":\"2008-11-12T18:53:34+00:00\",\"dateModified\":\"2008-11-12T19:05:48+00:00\",\"author\":{\"@id\":\"https:\/\/www.visit-ulcinj.com\/blog\/#\/schema\/person\/dcab619c614d3038751c63bc2aadc06d\"},\"description\":\"Hekuran Krasniqi ka bashk\u00ebpunuar me k\u00ebng\u00ebtaren Blinera Krasniqi p\u00ebr ta realizuar nj\u00eb duet t\u00eb p\u00ebrbashk\u00ebt q\u00eb mban titullin \\\"Mos e le p\u00ebr pak\\\". Muzik\u00ebn dhe\",\"breadcrumb\":{\"@id\":\"https:\/\/www.visit-ulcinj.com\/blog\/2008\/11\/12\/blineranje-kengetar-si-hekurani-nuk-e-refuzoj\/#breadcrumb\"},\"inLanguage\":\"en-US\",\"potentialAction\":[{\"@type\":\"ReadAction\",\"target\":[\"https:\/\/www.visit-ulcinj.com\/blog\/2008\/11\/12\/blineranje-kengetar-si-hekurani-nuk-e-refuzoj\/\"]}]},{\"@type\":\"BreadcrumbList\",\"@id\":\"https:\/\/www.visit-ulcinj.com\/blog\/2008\/11\/12\/blineranje-kengetar-si-hekurani-nuk-e-refuzoj\/#breadcrumb\",\"itemListElement\":[{\"@type\":\"ListItem\",\"position\":1,\"name\":\"Blinera:Nj\u00eb k\u00ebng\u00ebtar si Hekurani nuk e refuzoj\"}]},{\"@type\":\"Person\",\"@id\":\"https:\/\/www.visit-ulcinj.com\/blog\/#\/schema\/person\/dcab619c614d3038751c63bc2aadc06d\",\"name\":\"ulqini\",\"sameAs\":[\"http:\/\/www.visit-ulcinj.com\"],\"url\":\"https:\/\/www.visit-ulcinj.com\/blog\/author\/admin\/\"}]}<\/script>\n<!-- \/ Yoast SEO plugin. -->","yoast_head_json":{"title":"Blinera:Nj\u00eb k\u00ebng\u00ebtar si Hekurani nuk e refuzoj - Lajme nga Ulqini","description":"Hekuran Krasniqi ka bashk\u00ebpunuar me k\u00ebng\u00ebtaren Blinera Krasniqi p\u00ebr ta realizuar nj\u00eb duet t\u00eb p\u00ebrbashk\u00ebt q\u00eb mban titullin \"Mos e le p\u00ebr pak\". Muzik\u00ebn dhe","robots":{"index":"index","follow":"follow","max-snippet":"max-snippet:-1","max-image-preview":"max-image-preview:large","max-video-preview":"max-video-preview:-1"},"canonical":"https:\/\/www.visit-ulcinj.com\/blog\/2008\/11\/12\/blineranje-kengetar-si-hekurani-nuk-e-refuzoj\/","og_locale":"en_US","og_type":"article","og_title":"Blinera:Nj\u00eb k\u00ebng\u00ebtar si Hekurani nuk e refuzoj - Lajme nga Ulqini","og_description":"Hekuran Krasniqi ka bashk\u00ebpunuar me k\u00ebng\u00ebtaren Blinera Krasniqi p\u00ebr ta realizuar nj\u00eb duet t\u00eb p\u00ebrbashk\u00ebt q\u00eb mban titullin \"Mos e le p\u00ebr pak\". Muzik\u00ebn dhe","og_url":"https:\/\/www.visit-ulcinj.com\/blog\/2008\/11\/12\/blineranje-kengetar-si-hekurani-nuk-e-refuzoj\/","og_site_name":"Lajme nga Ulqini","article_published_time":"2008-11-12T18:53:34+00:00","article_modified_time":"2008-11-12T19:05:48+00:00","og_image":[{"url":"http:\/\/www.visit-ulcinj.com\/blog\/wp-content\/uploads\/2008\/11\/hekuran-krasniqi-_blinera-krasniqi-248x300.jpg"}],"twitter_misc":{"Written by":"ulqini","Est. reading time":"1 minute"},"schema":{"@context":"https:\/\/schema.org","@graph":[{"@type":"WebSite","@id":"https:\/\/www.visit-ulcinj.com\/blog\/#website","url":"https:\/\/www.visit-ulcinj.com\/blog\/","name":"Lajme nga Ulqini","description":"Lajme,Vijesti,Ulqini,Ulqin,Crna Gora,Mali i Zi","potentialAction":[{"@type":"SearchAction","target":{"@type":"EntryPoint","urlTemplate":"https:\/\/www.visit-ulcinj.com\/blog\/?s={search_term_string}"},"query-input":"required name=search_term_string"}],"inLanguage":"en-US"},{"@type":"ImageObject","inLanguage":"en-US","@id":"https:\/\/www.visit-ulcinj.com\/blog\/2008\/11\/12\/blineranje-kengetar-si-hekurani-nuk-e-refuzoj\/#primaryimage","url":"http:\/\/www.visit-ulcinj.com\/blog\/wp-content\/uploads\/2008\/11\/hekuran-krasniqi-_blinera-krasniqi-248x300.jpg","contentUrl":"http:\/\/www.visit-ulcinj.com\/blog\/wp-content\/uploads\/2008\/11\/hekuran-krasniqi-_blinera-krasniqi-248x300.jpg"},{"@type":"WebPage","@id":"https:\/\/www.visit-ulcinj.com\/blog\/2008\/11\/12\/blineranje-kengetar-si-hekurani-nuk-e-refuzoj\/#webpage","url":"https:\/\/www.visit-ulcinj.com\/blog\/2008\/11\/12\/blineranje-kengetar-si-hekurani-nuk-e-refuzoj\/","name":"Blinera:Nj\u00eb k\u00ebng\u00ebtar si Hekurani nuk e refuzoj - Lajme nga Ulqini","isPartOf":{"@id":"https:\/\/www.visit-ulcinj.com\/blog\/#website"},"primaryImageOfPage":{"@id":"https:\/\/www.visit-ulcinj.com\/blog\/2008\/11\/12\/blineranje-kengetar-si-hekurani-nuk-e-refuzoj\/#primaryimage"},"datePublished":"2008-11-12T18:53:34+00:00","dateModified":"2008-11-12T19:05:48+00:00","author":{"@id":"https:\/\/www.visit-ulcinj.com\/blog\/#\/schema\/person\/dcab619c614d3038751c63bc2aadc06d"},"description":"Hekuran Krasniqi ka bashk\u00ebpunuar me k\u00ebng\u00ebtaren Blinera Krasniqi p\u00ebr ta realizuar nj\u00eb duet t\u00eb p\u00ebrbashk\u00ebt q\u00eb mban titullin \"Mos e le p\u00ebr pak\". Muzik\u00ebn dhe","breadcrumb":{"@id":"https:\/\/www.visit-ulcinj.com\/blog\/2008\/11\/12\/blineranje-kengetar-si-hekurani-nuk-e-refuzoj\/#breadcrumb"},"inLanguage":"en-US","potentialAction":[{"@type":"ReadAction","target":["https:\/\/www.visit-ulcinj.com\/blog\/2008\/11\/12\/blineranje-kengetar-si-hekurani-nuk-e-refuzoj\/"]}]},{"@type":"BreadcrumbList","@id":"https:\/\/www.visit-ulcinj.com\/blog\/2008\/11\/12\/blineranje-kengetar-si-hekurani-nuk-e-refuzoj\/#breadcrumb","itemListElement":[{"@type":"ListItem","position":1,"name":"Blinera:Nj\u00eb k\u00ebng\u00ebtar si Hekurani nuk e refuzoj"}]},{"@type":"Person","@id":"https:\/\/www.visit-ulcinj.com\/blog\/#\/schema\/person\/dcab619c614d3038751c63bc2aadc06d","name":"ulqini","sameAs":["http:\/\/www.visit-ulcinj.com"],"url":"https:\/\/www.visit-ulcinj.com\/blog\/author\/admin\/"}]}},"jetpack_featured_media_url":"","jetpack_sharing_enabled":true,"jetpack_shortlink":"https:\/\/wp.me\/pe6lTn-1wS","_links":{"self":[{"href":"https:\/\/www.visit-ulcinj.com\/blog\/wp-json\/wp\/v2\/posts\/5882"}],"collection":[{"href":"https:\/\/www.visit-ulcinj.com\/blog\/wp-json\/wp\/v2\/posts"}],"about":[{"href":"https:\/\/www.visit-ulcinj.com\/blog\/wp-json\/wp\/v2\/types\/post"}],"author":[{"embeddable":true,"href":"https:\/\/www.visit-ulcinj.com\/blog\/wp-json\/wp\/v2\/users\/1"}],"replies":[{"embeddable":true,"href":"https:\/\/www.visit-ulcinj.com\/blog\/wp-json\/wp\/v2\/comments?post=5882"}],"version-history":[{"count":0,"href":"https:\/\/www.visit-ulcinj.com\/blog\/wp-json\/wp\/v2\/posts\/5882\/revisions"}],"wp:attachment":[{"href":"https:\/\/www.visit-ulcinj.com\/blog\/wp-json\/wp\/v2\/media?parent=5882"}],"wp:term":[{"taxonomy":"category","embeddable":true,"href":"https:\/\/www.visit-ulcinj.com\/blog\/wp-json\/wp\/v2\/categories?post=5882"},{"taxonomy":"post_tag","embeddable":true,"href":"https:\/\/www.visit-ulcinj.com\/blog\/wp-json\/wp\/v2\/tags?post=5882"}],"curies":[{"name":"wp","href":"https:\/\/api.w.org\/{rel}","templated":true}]}}