{"id":58820,"date":"2012-03-29T18:25:14","date_gmt":"2012-03-29T17:25:14","guid":{"rendered":"http:\/\/www.visit-ulcinj.com\/blog\/?p=58820"},"modified":"2012-03-29T18:27:18","modified_gmt":"2012-03-29T17:27:18","slug":"mali-i-zi-lejon-kalimin-me-leternjoftime","status":"publish","type":"post","link":"https:\/\/www.visit-ulcinj.com\/blog\/2012\/03\/29\/mali-i-zi-lejon-kalimin-me-leternjoftime\/","title":{"rendered":"Mali i Zi lejon kalimin me let\u00ebrnjoftime"},"content":{"rendered":"<p><a href=\"http:\/\/www.visit-ulcinj.com\/blog\/wp-content\/uploads\/2012\/03\/Mali-i-Zi-lejon-kalimin-me-leternjoftime.jpg\"><img loading=\"lazy\" class=\"alignleft size-medium wp-image-58821\" title=\"Mali i Zi lejon kalimin me leternjoftime\" src=\"http:\/\/www.visit-ulcinj.com\/blog\/wp-content\/uploads\/2012\/03\/Mali-i-Zi-lejon-kalimin-me-leternjoftime-300x202.jpg\" alt=\"\" width=\"300\" height=\"202\" srcset=\"https:\/\/www.visit-ulcinj.com\/blog\/wp-content\/uploads\/2012\/03\/Mali-i-Zi-lejon-kalimin-me-leternjoftime-300x202.jpg 300w, https:\/\/www.visit-ulcinj.com\/blog\/wp-content\/uploads\/2012\/03\/Mali-i-Zi-lejon-kalimin-me-leternjoftime.jpg 440w\" sizes=\"(max-width: 300px) 100vw, 300px\" \/><\/a><strong>Vet\u00ebm 24 or\u00eb pasi nga Top Channel e b\u00eb publik fakti se pala malezeze nuk respektonte marr\u00ebveshjen p\u00ebr t\u00eb lejuar kalimin e kufirit t\u00eb shtetasve shqiptar\u00eb p\u00ebr n\u00eb Mal te Zi ka ardhur dhe reagimi i vendit fqinj, ku tashm\u00eb \u00e7do shtetas shqiptar mund t\u00eb hyj\u00eb vet\u00ebm me kart\u00eb identiteti. <\/strong><\/p>\n<p>Burime nga pika kufitare Muriqanit b\u00ebjn\u00eb me dije se vetem disa ore pasi shqetesimi u be publik ne Top Media nga Minstria e Brendshme e Malit te Zi ka mberritur nje urdher, ku nga dita e sotme \u00e7do shtetas shqiptar mund te\u00a0 hyje ne Malin e Zi vetem me karte identiteti.<\/p>\n<p>Gazetari i Top Channel tentoi nj\u00eb dit\u00eb m\u00eb par\u00eb t\u00eb kaloj\u00eb kufirin me kart\u00ebn e identitetit. Pasi procedura u krye e rregullt n\u00eb pik\u00ebn shqiptare t\u00eb kalimit kufitar, n\u00eb pik\u00ebn malazeze u refuzua. Shpjegimi q\u00eb policia malazeze dha ishte se nuk kishin asnj\u00eb njoftim p\u00ebr zbatimin e nj\u00eb marr\u00ebveshje t\u00eb till\u00eb dypal\u00ebshe.<\/p>\n<p>Kamera e Top Channel ishte d\u00ebshmitare e refuzimit t\u00eb nj\u00eb t\u00eb moshuara, banore e Muriqanit, e cila sapo ishte kthyer mbrapsht dhe nuk u lejua nga policia malazeze t\u00eb kaloj\u00eb kufirin me kart\u00eb identiteti dhe si kjo e moshuar jan\u00eb\u00a0 shum\u00eb shtetas q\u00eb po u refuzohet hyrja me kart\u00eb identiteti.<\/p>\n<p>Shqip\u00ebria dhe Mali i Zi m\u00eb 14 dhjetor t\u00eb vitit 2011 n\u00ebnshkruan nj\u00eb marr\u00ebveshje nga zv\/kryeministri dhe Ministri i Pun\u00ebve t\u00eb Jashtme Shqip\u00ebris\u00eb, Edmond Haxhinasto me homologun tij malazez, Milan Ro\u0107en p\u00ebr leht\u00ebsimin e procedurave n\u00eb l\u00ebvizjet nd\u00ebrkufitare mes dy vendeve.<\/p>\n<p>Top Channel<\/p>\n","protected":false},"excerpt":{"rendered":"<p>Vet\u00ebm 24 or\u00eb pasi nga Top Channel e b\u00eb publik fakti se pala malezeze nuk respektonte marr\u00ebveshjen p\u00ebr t\u00eb lejuar kalimin e kufirit t\u00eb shtetasve shqiptar\u00eb p\u00ebr n\u00eb Mal te Zi ka ardhur dhe reagimi i vendit fqinj, ku tashm\u00eb \u00e7do shtetas shqiptar mund t\u00eb hyj\u00eb vet\u00ebm me kart\u00eb identiteti. Burime nga pika kufitare Muriqanit [&hellip;]<\/p>\n","protected":false},"author":1,"featured_media":0,"comment_status":"open","ping_status":"closed","sticky":false,"template":"","format":"standard","meta":{"spay_email":"","jetpack_publicize_message":"","jetpack_is_tweetstorm":false,"jetpack_publicize_feature_enabled":true},"categories":[14],"tags":[20244,95,354,17969],"jetpack_publicize_connections":[],"yoast_head":"<!-- This site is optimized with the Yoast SEO plugin v19.1 - https:\/\/yoast.com\/wordpress\/plugins\/seo\/ -->\n<title>Mali i Zi lejon kalimin me let\u00ebrnjoftime - Lajme nga Ulqini<\/title>\n<meta name=\"description\" content=\"Vet\u00ebm 24 or\u00eb pasi nga Top Channel e b\u00eb publik fakti se pala malezeze nuk respektonte marr\u00ebveshjen p\u00ebr t\u00eb lejuar kalimin e kufirit t\u00eb shtetasve shqiptar\u00eb\" \/>\n<meta name=\"robots\" content=\"index, follow, max-snippet:-1, max-image-preview:large, max-video-preview:-1\" \/>\n<link rel=\"canonical\" href=\"https:\/\/www.visit-ulcinj.com\/blog\/2012\/03\/29\/mali-i-zi-lejon-kalimin-me-leternjoftime\/\" \/>\n<meta property=\"og:locale\" content=\"en_US\" \/>\n<meta property=\"og:type\" content=\"article\" \/>\n<meta property=\"og:title\" content=\"Mali i Zi lejon kalimin me let\u00ebrnjoftime - Lajme nga Ulqini\" \/>\n<meta property=\"og:description\" content=\"Vet\u00ebm 24 or\u00eb pasi nga Top Channel e b\u00eb publik fakti se pala malezeze nuk respektonte marr\u00ebveshjen p\u00ebr t\u00eb lejuar kalimin e kufirit t\u00eb shtetasve shqiptar\u00eb\" \/>\n<meta property=\"og:url\" content=\"https:\/\/www.visit-ulcinj.com\/blog\/2012\/03\/29\/mali-i-zi-lejon-kalimin-me-leternjoftime\/\" \/>\n<meta property=\"og:site_name\" content=\"Lajme nga Ulqini\" \/>\n<meta property=\"article:published_time\" content=\"2012-03-29T17:25:14+00:00\" \/>\n<meta property=\"article:modified_time\" content=\"2012-03-29T17:27:18+00:00\" \/>\n<meta property=\"og:image\" content=\"http:\/\/www.visit-ulcinj.com\/blog\/wp-content\/uploads\/2012\/03\/Mali-i-Zi-lejon-kalimin-me-leternjoftime-300x202.jpg\" \/>\n<meta name=\"twitter:label1\" content=\"Written by\" \/>\n\t<meta name=\"twitter:data1\" content=\"ulqini\" \/>\n\t<meta name=\"twitter:label2\" content=\"Est. reading time\" \/>\n\t<meta name=\"twitter:data2\" content=\"1 minute\" \/>\n<script type=\"application\/ld+json\" class=\"yoast-schema-graph\">{\"@context\":\"https:\/\/schema.org\",\"@graph\":[{\"@type\":\"WebSite\",\"@id\":\"https:\/\/www.visit-ulcinj.com\/blog\/#website\",\"url\":\"https:\/\/www.visit-ulcinj.com\/blog\/\",\"name\":\"Lajme nga Ulqini\",\"description\":\"Lajme,Vijesti,Ulqini,Ulqin,Crna Gora,Mali i Zi\",\"potentialAction\":[{\"@type\":\"SearchAction\",\"target\":{\"@type\":\"EntryPoint\",\"urlTemplate\":\"https:\/\/www.visit-ulcinj.com\/blog\/?s={search_term_string}\"},\"query-input\":\"required name=search_term_string\"}],\"inLanguage\":\"en-US\"},{\"@type\":\"ImageObject\",\"inLanguage\":\"en-US\",\"@id\":\"https:\/\/www.visit-ulcinj.com\/blog\/2012\/03\/29\/mali-i-zi-lejon-kalimin-me-leternjoftime\/#primaryimage\",\"url\":\"https:\/\/www.visit-ulcinj.com\/blog\/wp-content\/uploads\/2012\/03\/Mali-i-Zi-lejon-kalimin-me-leternjoftime.jpg\",\"contentUrl\":\"https:\/\/www.visit-ulcinj.com\/blog\/wp-content\/uploads\/2012\/03\/Mali-i-Zi-lejon-kalimin-me-leternjoftime.jpg\",\"width\":\"440\",\"height\":\"297\"},{\"@type\":\"WebPage\",\"@id\":\"https:\/\/www.visit-ulcinj.com\/blog\/2012\/03\/29\/mali-i-zi-lejon-kalimin-me-leternjoftime\/#webpage\",\"url\":\"https:\/\/www.visit-ulcinj.com\/blog\/2012\/03\/29\/mali-i-zi-lejon-kalimin-me-leternjoftime\/\",\"name\":\"Mali i Zi lejon kalimin me let\u00ebrnjoftime - Lajme nga Ulqini\",\"isPartOf\":{\"@id\":\"https:\/\/www.visit-ulcinj.com\/blog\/#website\"},\"primaryImageOfPage\":{\"@id\":\"https:\/\/www.visit-ulcinj.com\/blog\/2012\/03\/29\/mali-i-zi-lejon-kalimin-me-leternjoftime\/#primaryimage\"},\"datePublished\":\"2012-03-29T17:25:14+00:00\",\"dateModified\":\"2012-03-29T17:27:18+00:00\",\"author\":{\"@id\":\"https:\/\/www.visit-ulcinj.com\/blog\/#\/schema\/person\/dcab619c614d3038751c63bc2aadc06d\"},\"description\":\"Vet\u00ebm 24 or\u00eb pasi nga Top Channel e b\u00eb publik fakti se pala malezeze nuk respektonte marr\u00ebveshjen p\u00ebr t\u00eb lejuar kalimin e kufirit t\u00eb shtetasve shqiptar\u00eb\",\"breadcrumb\":{\"@id\":\"https:\/\/www.visit-ulcinj.com\/blog\/2012\/03\/29\/mali-i-zi-lejon-kalimin-me-leternjoftime\/#breadcrumb\"},\"inLanguage\":\"en-US\",\"potentialAction\":[{\"@type\":\"ReadAction\",\"target\":[\"https:\/\/www.visit-ulcinj.com\/blog\/2012\/03\/29\/mali-i-zi-lejon-kalimin-me-leternjoftime\/\"]}]},{\"@type\":\"BreadcrumbList\",\"@id\":\"https:\/\/www.visit-ulcinj.com\/blog\/2012\/03\/29\/mali-i-zi-lejon-kalimin-me-leternjoftime\/#breadcrumb\",\"itemListElement\":[{\"@type\":\"ListItem\",\"position\":1,\"name\":\"Mali i Zi lejon kalimin me let\u00ebrnjoftime\"}]},{\"@type\":\"Person\",\"@id\":\"https:\/\/www.visit-ulcinj.com\/blog\/#\/schema\/person\/dcab619c614d3038751c63bc2aadc06d\",\"name\":\"ulqini\",\"sameAs\":[\"http:\/\/www.visit-ulcinj.com\"],\"url\":\"https:\/\/www.visit-ulcinj.com\/blog\/author\/admin\/\"}]}<\/script>\n<!-- \/ Yoast SEO plugin. -->","yoast_head_json":{"title":"Mali i Zi lejon kalimin me let\u00ebrnjoftime - Lajme nga Ulqini","description":"Vet\u00ebm 24 or\u00eb pasi nga Top Channel e b\u00eb publik fakti se pala malezeze nuk respektonte marr\u00ebveshjen p\u00ebr t\u00eb lejuar kalimin e kufirit t\u00eb shtetasve shqiptar\u00eb","robots":{"index":"index","follow":"follow","max-snippet":"max-snippet:-1","max-image-preview":"max-image-preview:large","max-video-preview":"max-video-preview:-1"},"canonical":"https:\/\/www.visit-ulcinj.com\/blog\/2012\/03\/29\/mali-i-zi-lejon-kalimin-me-leternjoftime\/","og_locale":"en_US","og_type":"article","og_title":"Mali i Zi lejon kalimin me let\u00ebrnjoftime - Lajme nga Ulqini","og_description":"Vet\u00ebm 24 or\u00eb pasi nga Top Channel e b\u00eb publik fakti se pala malezeze nuk respektonte marr\u00ebveshjen p\u00ebr t\u00eb lejuar kalimin e kufirit t\u00eb shtetasve shqiptar\u00eb","og_url":"https:\/\/www.visit-ulcinj.com\/blog\/2012\/03\/29\/mali-i-zi-lejon-kalimin-me-leternjoftime\/","og_site_name":"Lajme nga Ulqini","article_published_time":"2012-03-29T17:25:14+00:00","article_modified_time":"2012-03-29T17:27:18+00:00","og_image":[{"url":"http:\/\/www.visit-ulcinj.com\/blog\/wp-content\/uploads\/2012\/03\/Mali-i-Zi-lejon-kalimin-me-leternjoftime-300x202.jpg"}],"twitter_misc":{"Written by":"ulqini","Est. reading time":"1 minute"},"schema":{"@context":"https:\/\/schema.org","@graph":[{"@type":"WebSite","@id":"https:\/\/www.visit-ulcinj.com\/blog\/#website","url":"https:\/\/www.visit-ulcinj.com\/blog\/","name":"Lajme nga Ulqini","description":"Lajme,Vijesti,Ulqini,Ulqin,Crna Gora,Mali i Zi","potentialAction":[{"@type":"SearchAction","target":{"@type":"EntryPoint","urlTemplate":"https:\/\/www.visit-ulcinj.com\/blog\/?s={search_term_string}"},"query-input":"required name=search_term_string"}],"inLanguage":"en-US"},{"@type":"ImageObject","inLanguage":"en-US","@id":"https:\/\/www.visit-ulcinj.com\/blog\/2012\/03\/29\/mali-i-zi-lejon-kalimin-me-leternjoftime\/#primaryimage","url":"https:\/\/www.visit-ulcinj.com\/blog\/wp-content\/uploads\/2012\/03\/Mali-i-Zi-lejon-kalimin-me-leternjoftime.jpg","contentUrl":"https:\/\/www.visit-ulcinj.com\/blog\/wp-content\/uploads\/2012\/03\/Mali-i-Zi-lejon-kalimin-me-leternjoftime.jpg","width":"440","height":"297"},{"@type":"WebPage","@id":"https:\/\/www.visit-ulcinj.com\/blog\/2012\/03\/29\/mali-i-zi-lejon-kalimin-me-leternjoftime\/#webpage","url":"https:\/\/www.visit-ulcinj.com\/blog\/2012\/03\/29\/mali-i-zi-lejon-kalimin-me-leternjoftime\/","name":"Mali i Zi lejon kalimin me let\u00ebrnjoftime - Lajme nga Ulqini","isPartOf":{"@id":"https:\/\/www.visit-ulcinj.com\/blog\/#website"},"primaryImageOfPage":{"@id":"https:\/\/www.visit-ulcinj.com\/blog\/2012\/03\/29\/mali-i-zi-lejon-kalimin-me-leternjoftime\/#primaryimage"},"datePublished":"2012-03-29T17:25:14+00:00","dateModified":"2012-03-29T17:27:18+00:00","author":{"@id":"https:\/\/www.visit-ulcinj.com\/blog\/#\/schema\/person\/dcab619c614d3038751c63bc2aadc06d"},"description":"Vet\u00ebm 24 or\u00eb pasi nga Top Channel e b\u00eb publik fakti se pala malezeze nuk respektonte marr\u00ebveshjen p\u00ebr t\u00eb lejuar kalimin e kufirit t\u00eb shtetasve shqiptar\u00eb","breadcrumb":{"@id":"https:\/\/www.visit-ulcinj.com\/blog\/2012\/03\/29\/mali-i-zi-lejon-kalimin-me-leternjoftime\/#breadcrumb"},"inLanguage":"en-US","potentialAction":[{"@type":"ReadAction","target":["https:\/\/www.visit-ulcinj.com\/blog\/2012\/03\/29\/mali-i-zi-lejon-kalimin-me-leternjoftime\/"]}]},{"@type":"BreadcrumbList","@id":"https:\/\/www.visit-ulcinj.com\/blog\/2012\/03\/29\/mali-i-zi-lejon-kalimin-me-leternjoftime\/#breadcrumb","itemListElement":[{"@type":"ListItem","position":1,"name":"Mali i Zi lejon kalimin me let\u00ebrnjoftime"}]},{"@type":"Person","@id":"https:\/\/www.visit-ulcinj.com\/blog\/#\/schema\/person\/dcab619c614d3038751c63bc2aadc06d","name":"ulqini","sameAs":["http:\/\/www.visit-ulcinj.com"],"url":"https:\/\/www.visit-ulcinj.com\/blog\/author\/admin\/"}]}},"jetpack_featured_media_url":"","jetpack_sharing_enabled":true,"jetpack_shortlink":"https:\/\/wp.me\/pe6lTn-fiI","_links":{"self":[{"href":"https:\/\/www.visit-ulcinj.com\/blog\/wp-json\/wp\/v2\/posts\/58820"}],"collection":[{"href":"https:\/\/www.visit-ulcinj.com\/blog\/wp-json\/wp\/v2\/posts"}],"about":[{"href":"https:\/\/www.visit-ulcinj.com\/blog\/wp-json\/wp\/v2\/types\/post"}],"author":[{"embeddable":true,"href":"https:\/\/www.visit-ulcinj.com\/blog\/wp-json\/wp\/v2\/users\/1"}],"replies":[{"embeddable":true,"href":"https:\/\/www.visit-ulcinj.com\/blog\/wp-json\/wp\/v2\/comments?post=58820"}],"version-history":[{"count":2,"href":"https:\/\/www.visit-ulcinj.com\/blog\/wp-json\/wp\/v2\/posts\/58820\/revisions"}],"predecessor-version":[{"id":58823,"href":"https:\/\/www.visit-ulcinj.com\/blog\/wp-json\/wp\/v2\/posts\/58820\/revisions\/58823"}],"wp:attachment":[{"href":"https:\/\/www.visit-ulcinj.com\/blog\/wp-json\/wp\/v2\/media?parent=58820"}],"wp:term":[{"taxonomy":"category","embeddable":true,"href":"https:\/\/www.visit-ulcinj.com\/blog\/wp-json\/wp\/v2\/categories?post=58820"},{"taxonomy":"post_tag","embeddable":true,"href":"https:\/\/www.visit-ulcinj.com\/blog\/wp-json\/wp\/v2\/tags?post=58820"}],"curies":[{"name":"wp","href":"https:\/\/api.w.org\/{rel}","templated":true}]}}