{"id":58824,"date":"2012-03-29T18:38:27","date_gmt":"2012-03-29T17:38:27","guid":{"rendered":"http:\/\/www.visit-ulcinj.com\/blog\/?p=58824"},"modified":"2012-03-29T18:38:27","modified_gmt":"2012-03-29T17:38:27","slug":"shpallet-shitja-e-nje-pjese-te-prones-se-rivieres-se-ulqinit","status":"publish","type":"post","link":"https:\/\/www.visit-ulcinj.com\/blog\/2012\/03\/29\/shpallet-shitja-e-nje-pjese-te-prones-se-rivieres-se-ulqinit\/","title":{"rendered":"Shpallet shitja e nj\u00eb pjese t\u00eb pron\u00ebs s\u00eb Rivier\u00ebs s\u00eb Ulqinit"},"content":{"rendered":"<p><a href=\"http:\/\/www.visit-ulcinj.com\/blog\/wp-content\/uploads\/2012\/03\/Shpallet-shitja-e-nj\u00eb-pjese-t\u00eb-pron\u00ebs-s\u00eb-Rivier\u00ebs-s\u00eb-Ulqinit.jpg\"><img loading=\"lazy\" class=\"alignleft  wp-image-58826\" title=\"Shpallet shitja e nj\u00eb pjese t\u00eb pron\u00ebs s\u00eb Rivier\u00ebs s\u00eb Ulqinit\" src=\"http:\/\/www.visit-ulcinj.com\/blog\/wp-content\/uploads\/2012\/03\/Shpallet-shitja-e-nj\u00eb-pjese-t\u00eb-pron\u00ebs-s\u00eb-Rivier\u00ebs-s\u00eb-Ulqinit.jpg\" alt=\"\" width=\"508\" height=\"360\" \/><\/a>K\u00ebshilli p\u00ebr privatizim ka publikuar shpalljen p\u00ebr shitjen e nj\u00eb pjese t\u00eb pron\u00ebs s\u00eb nd\u00ebrmarrjes Hoteliero-turistike Riviera e Ulqinit, p\u00ebrmes ankandit publik me \u00e7mim fillestar prej 1.2 milion\u00eb euro.<\/p>\n<p>Shitet trualli pran\u00eb nd\u00ebrtes\u00ebs joekonomike me sip\u00ebrfaqe e 3 mij\u00eb e 300 metra katror\u00eb, hap\u00ebsira e magazin\u00ebs 1 mij\u00eb 650 metra katror\u00eb, si dhe nd\u00ebrtesa ndihmese 14 metra katror\u00eb. N\u00eb patundshm\u00ebrit\u00eb e paraqitura nuk ka ngarkesa ose kufizime t\u00eb regjistruara. Paraqitja dhe projektmarr\u00ebveshja e n\u00ebnshkruar dor\u00ebzohen deri m\u00eb 12 prill n\u00eb or\u00ebn 13, kurse ankandi publik do t\u00eb mbahet m\u00eb 20 prill n\u00eb or\u00ebn 12, n\u00eb nd\u00ebrtes\u00ebn e Qeveris\u00eb.<\/p>\n<p>Vitin e kaluar ka d\u00ebshtuar tenderi p\u00ebr shitjen e 63.62 p\u00ebr qind t\u00eb aksioneve t\u00eb nd\u00ebrmarrjes Hoteliero turistike Riviera e Ulqinit, sepse ende nuk ishte paraqitur asnj\u00eb ofert\u00eb.<\/p>\n<p><strong>TVCG<\/strong><\/p>\n","protected":false},"excerpt":{"rendered":"<p>K\u00ebshilli p\u00ebr privatizim ka publikuar shpalljen p\u00ebr shitjen e nj\u00eb pjese t\u00eb pron\u00ebs s\u00eb nd\u00ebrmarrjes Hoteliero-turistike Riviera e Ulqinit, p\u00ebrmes ankandit publik me \u00e7mim fillestar prej 1.2 milion\u00eb euro. Shitet trualli pran\u00eb nd\u00ebrtes\u00ebs joekonomike me sip\u00ebrfaqe e 3 mij\u00eb e 300 metra katror\u00eb, hap\u00ebsira e magazin\u00ebs 1 mij\u00eb 650 metra katror\u00eb, si dhe nd\u00ebrtesa ndihmese [&hellip;]<\/p>\n","protected":false},"author":1,"featured_media":0,"comment_status":"open","ping_status":"closed","sticky":false,"template":"","format":"standard","meta":{"spay_email":"","jetpack_publicize_message":"","jetpack_is_tweetstorm":false,"jetpack_publicize_feature_enabled":true},"categories":[2451],"tags":[9996,19109],"jetpack_publicize_connections":[],"yoast_head":"<!-- This site is optimized with the Yoast SEO plugin v19.1 - https:\/\/yoast.com\/wordpress\/plugins\/seo\/ -->\n<title>Shpallet shitja e nj\u00eb pjese t\u00eb pron\u00ebs s\u00eb Rivier\u00ebs s\u00eb Ulqinit - Lajme nga Ulqini<\/title>\n<meta name=\"description\" content=\"K\u00ebshilli p\u00ebr privatizim ka publikuar shpalljen p\u00ebr shitjen e nj\u00eb pjese t\u00eb pron\u00ebs s\u00eb nd\u00ebrmarrjes Hoteliero-turistike Riviera e Ulqinit, p\u00ebrmes ankandit\" \/>\n<meta name=\"robots\" content=\"index, follow, max-snippet:-1, max-image-preview:large, max-video-preview:-1\" \/>\n<link rel=\"canonical\" href=\"https:\/\/www.visit-ulcinj.com\/blog\/2012\/03\/29\/shpallet-shitja-e-nje-pjese-te-prones-se-rivieres-se-ulqinit\/\" \/>\n<meta property=\"og:locale\" content=\"en_US\" \/>\n<meta property=\"og:type\" content=\"article\" \/>\n<meta property=\"og:title\" content=\"Shpallet shitja e nj\u00eb pjese t\u00eb pron\u00ebs s\u00eb Rivier\u00ebs s\u00eb Ulqinit - Lajme nga Ulqini\" \/>\n<meta property=\"og:description\" content=\"K\u00ebshilli p\u00ebr privatizim ka publikuar shpalljen p\u00ebr shitjen e nj\u00eb pjese t\u00eb pron\u00ebs s\u00eb nd\u00ebrmarrjes Hoteliero-turistike Riviera e Ulqinit, p\u00ebrmes ankandit\" \/>\n<meta property=\"og:url\" content=\"https:\/\/www.visit-ulcinj.com\/blog\/2012\/03\/29\/shpallet-shitja-e-nje-pjese-te-prones-se-rivieres-se-ulqinit\/\" \/>\n<meta property=\"og:site_name\" content=\"Lajme nga Ulqini\" \/>\n<meta property=\"article:published_time\" content=\"2012-03-29T17:38:27+00:00\" \/>\n<meta name=\"twitter:label1\" content=\"Written by\" \/>\n\t<meta name=\"twitter:data1\" content=\"ulqini\" \/>\n\t<meta name=\"twitter:label2\" content=\"Est. reading time\" \/>\n\t<meta name=\"twitter:data2\" content=\"1 minute\" \/>\n<script type=\"application\/ld+json\" class=\"yoast-schema-graph\">{\"@context\":\"https:\/\/schema.org\",\"@graph\":[{\"@type\":\"WebSite\",\"@id\":\"https:\/\/www.visit-ulcinj.com\/blog\/#website\",\"url\":\"https:\/\/www.visit-ulcinj.com\/blog\/\",\"name\":\"Lajme nga Ulqini\",\"description\":\"Lajme,Vijesti,Ulqini,Ulqin,Crna Gora,Mali i Zi\",\"potentialAction\":[{\"@type\":\"SearchAction\",\"target\":{\"@type\":\"EntryPoint\",\"urlTemplate\":\"https:\/\/www.visit-ulcinj.com\/blog\/?s={search_term_string}\"},\"query-input\":\"required name=search_term_string\"}],\"inLanguage\":\"en-US\"},{\"@type\":\"WebPage\",\"@id\":\"https:\/\/www.visit-ulcinj.com\/blog\/2012\/03\/29\/shpallet-shitja-e-nje-pjese-te-prones-se-rivieres-se-ulqinit\/#webpage\",\"url\":\"https:\/\/www.visit-ulcinj.com\/blog\/2012\/03\/29\/shpallet-shitja-e-nje-pjese-te-prones-se-rivieres-se-ulqinit\/\",\"name\":\"Shpallet shitja e nj\u00eb pjese t\u00eb pron\u00ebs s\u00eb Rivier\u00ebs s\u00eb Ulqinit - Lajme nga Ulqini\",\"isPartOf\":{\"@id\":\"https:\/\/www.visit-ulcinj.com\/blog\/#website\"},\"datePublished\":\"2012-03-29T17:38:27+00:00\",\"dateModified\":\"2012-03-29T17:38:27+00:00\",\"author\":{\"@id\":\"https:\/\/www.visit-ulcinj.com\/blog\/#\/schema\/person\/dcab619c614d3038751c63bc2aadc06d\"},\"description\":\"K\u00ebshilli p\u00ebr privatizim ka publikuar shpalljen p\u00ebr shitjen e nj\u00eb pjese t\u00eb pron\u00ebs s\u00eb nd\u00ebrmarrjes Hoteliero-turistike Riviera e Ulqinit, p\u00ebrmes ankandit\",\"breadcrumb\":{\"@id\":\"https:\/\/www.visit-ulcinj.com\/blog\/2012\/03\/29\/shpallet-shitja-e-nje-pjese-te-prones-se-rivieres-se-ulqinit\/#breadcrumb\"},\"inLanguage\":\"en-US\",\"potentialAction\":[{\"@type\":\"ReadAction\",\"target\":[\"https:\/\/www.visit-ulcinj.com\/blog\/2012\/03\/29\/shpallet-shitja-e-nje-pjese-te-prones-se-rivieres-se-ulqinit\/\"]}]},{\"@type\":\"BreadcrumbList\",\"@id\":\"https:\/\/www.visit-ulcinj.com\/blog\/2012\/03\/29\/shpallet-shitja-e-nje-pjese-te-prones-se-rivieres-se-ulqinit\/#breadcrumb\",\"itemListElement\":[{\"@type\":\"ListItem\",\"position\":1,\"name\":\"Shpallet shitja e nj\u00eb pjese t\u00eb pron\u00ebs s\u00eb Rivier\u00ebs s\u00eb Ulqinit\"}]},{\"@type\":\"Person\",\"@id\":\"https:\/\/www.visit-ulcinj.com\/blog\/#\/schema\/person\/dcab619c614d3038751c63bc2aadc06d\",\"name\":\"ulqini\",\"sameAs\":[\"http:\/\/www.visit-ulcinj.com\"],\"url\":\"https:\/\/www.visit-ulcinj.com\/blog\/author\/admin\/\"}]}<\/script>\n<!-- \/ Yoast SEO plugin. -->","yoast_head_json":{"title":"Shpallet shitja e nj\u00eb pjese t\u00eb pron\u00ebs s\u00eb Rivier\u00ebs s\u00eb Ulqinit - Lajme nga Ulqini","description":"K\u00ebshilli p\u00ebr privatizim ka publikuar shpalljen p\u00ebr shitjen e nj\u00eb pjese t\u00eb pron\u00ebs s\u00eb nd\u00ebrmarrjes Hoteliero-turistike Riviera e Ulqinit, p\u00ebrmes ankandit","robots":{"index":"index","follow":"follow","max-snippet":"max-snippet:-1","max-image-preview":"max-image-preview:large","max-video-preview":"max-video-preview:-1"},"canonical":"https:\/\/www.visit-ulcinj.com\/blog\/2012\/03\/29\/shpallet-shitja-e-nje-pjese-te-prones-se-rivieres-se-ulqinit\/","og_locale":"en_US","og_type":"article","og_title":"Shpallet shitja e nj\u00eb pjese t\u00eb pron\u00ebs s\u00eb Rivier\u00ebs s\u00eb Ulqinit - Lajme nga Ulqini","og_description":"K\u00ebshilli p\u00ebr privatizim ka publikuar shpalljen p\u00ebr shitjen e nj\u00eb pjese t\u00eb pron\u00ebs s\u00eb nd\u00ebrmarrjes Hoteliero-turistike Riviera e Ulqinit, p\u00ebrmes ankandit","og_url":"https:\/\/www.visit-ulcinj.com\/blog\/2012\/03\/29\/shpallet-shitja-e-nje-pjese-te-prones-se-rivieres-se-ulqinit\/","og_site_name":"Lajme nga Ulqini","article_published_time":"2012-03-29T17:38:27+00:00","twitter_misc":{"Written by":"ulqini","Est. reading time":"1 minute"},"schema":{"@context":"https:\/\/schema.org","@graph":[{"@type":"WebSite","@id":"https:\/\/www.visit-ulcinj.com\/blog\/#website","url":"https:\/\/www.visit-ulcinj.com\/blog\/","name":"Lajme nga Ulqini","description":"Lajme,Vijesti,Ulqini,Ulqin,Crna Gora,Mali i Zi","potentialAction":[{"@type":"SearchAction","target":{"@type":"EntryPoint","urlTemplate":"https:\/\/www.visit-ulcinj.com\/blog\/?s={search_term_string}"},"query-input":"required name=search_term_string"}],"inLanguage":"en-US"},{"@type":"WebPage","@id":"https:\/\/www.visit-ulcinj.com\/blog\/2012\/03\/29\/shpallet-shitja-e-nje-pjese-te-prones-se-rivieres-se-ulqinit\/#webpage","url":"https:\/\/www.visit-ulcinj.com\/blog\/2012\/03\/29\/shpallet-shitja-e-nje-pjese-te-prones-se-rivieres-se-ulqinit\/","name":"Shpallet shitja e nj\u00eb pjese t\u00eb pron\u00ebs s\u00eb Rivier\u00ebs s\u00eb Ulqinit - Lajme nga Ulqini","isPartOf":{"@id":"https:\/\/www.visit-ulcinj.com\/blog\/#website"},"datePublished":"2012-03-29T17:38:27+00:00","dateModified":"2012-03-29T17:38:27+00:00","author":{"@id":"https:\/\/www.visit-ulcinj.com\/blog\/#\/schema\/person\/dcab619c614d3038751c63bc2aadc06d"},"description":"K\u00ebshilli p\u00ebr privatizim ka publikuar shpalljen p\u00ebr shitjen e nj\u00eb pjese t\u00eb pron\u00ebs s\u00eb nd\u00ebrmarrjes Hoteliero-turistike Riviera e Ulqinit, p\u00ebrmes ankandit","breadcrumb":{"@id":"https:\/\/www.visit-ulcinj.com\/blog\/2012\/03\/29\/shpallet-shitja-e-nje-pjese-te-prones-se-rivieres-se-ulqinit\/#breadcrumb"},"inLanguage":"en-US","potentialAction":[{"@type":"ReadAction","target":["https:\/\/www.visit-ulcinj.com\/blog\/2012\/03\/29\/shpallet-shitja-e-nje-pjese-te-prones-se-rivieres-se-ulqinit\/"]}]},{"@type":"BreadcrumbList","@id":"https:\/\/www.visit-ulcinj.com\/blog\/2012\/03\/29\/shpallet-shitja-e-nje-pjese-te-prones-se-rivieres-se-ulqinit\/#breadcrumb","itemListElement":[{"@type":"ListItem","position":1,"name":"Shpallet shitja e nj\u00eb pjese t\u00eb pron\u00ebs s\u00eb Rivier\u00ebs s\u00eb Ulqinit"}]},{"@type":"Person","@id":"https:\/\/www.visit-ulcinj.com\/blog\/#\/schema\/person\/dcab619c614d3038751c63bc2aadc06d","name":"ulqini","sameAs":["http:\/\/www.visit-ulcinj.com"],"url":"https:\/\/www.visit-ulcinj.com\/blog\/author\/admin\/"}]}},"jetpack_featured_media_url":"","jetpack_sharing_enabled":true,"jetpack_shortlink":"https:\/\/wp.me\/pe6lTn-fiM","_links":{"self":[{"href":"https:\/\/www.visit-ulcinj.com\/blog\/wp-json\/wp\/v2\/posts\/58824"}],"collection":[{"href":"https:\/\/www.visit-ulcinj.com\/blog\/wp-json\/wp\/v2\/posts"}],"about":[{"href":"https:\/\/www.visit-ulcinj.com\/blog\/wp-json\/wp\/v2\/types\/post"}],"author":[{"embeddable":true,"href":"https:\/\/www.visit-ulcinj.com\/blog\/wp-json\/wp\/v2\/users\/1"}],"replies":[{"embeddable":true,"href":"https:\/\/www.visit-ulcinj.com\/blog\/wp-json\/wp\/v2\/comments?post=58824"}],"version-history":[{"count":1,"href":"https:\/\/www.visit-ulcinj.com\/blog\/wp-json\/wp\/v2\/posts\/58824\/revisions"}],"predecessor-version":[{"id":58827,"href":"https:\/\/www.visit-ulcinj.com\/blog\/wp-json\/wp\/v2\/posts\/58824\/revisions\/58827"}],"wp:attachment":[{"href":"https:\/\/www.visit-ulcinj.com\/blog\/wp-json\/wp\/v2\/media?parent=58824"}],"wp:term":[{"taxonomy":"category","embeddable":true,"href":"https:\/\/www.visit-ulcinj.com\/blog\/wp-json\/wp\/v2\/categories?post=58824"},{"taxonomy":"post_tag","embeddable":true,"href":"https:\/\/www.visit-ulcinj.com\/blog\/wp-json\/wp\/v2\/tags?post=58824"}],"curies":[{"name":"wp","href":"https:\/\/api.w.org\/{rel}","templated":true}]}}