{"id":58849,"date":"2012-03-31T14:54:02","date_gmt":"2012-03-31T13:54:02","guid":{"rendered":"http:\/\/www.visit-ulcinj.com\/blog\/?p=58849"},"modified":"2012-03-31T14:54:02","modified_gmt":"2012-03-31T13:54:02","slug":"ryanair-a-montenegro","status":"publish","type":"post","link":"https:\/\/www.visit-ulcinj.com\/blog\/2012\/03\/31\/ryanair-a-montenegro\/","title":{"rendered":"Ryanair \u00e0 Mont\u00e9n\u00e9gro"},"content":{"rendered":"<p><strong><a href=\"http:\/\/www.visit-ulcinj.com\/blog\/wp-content\/uploads\/2012\/03\/Ryanair-\u00e0-Mont\u00e9negro-.11.jpg\"><img loading=\"lazy\" class=\"alignleft size-full wp-image-58851\" title=\"Ryanair \u00e0 Mont\u00e9negro .1\" src=\"http:\/\/www.visit-ulcinj.com\/blog\/wp-content\/uploads\/2012\/03\/Ryanair-\u00e0-Mont\u00e9negro-.11.jpg\" alt=\"\" width=\"350\" height=\"386\" \/><\/a><a title=\"Lien permanent vers Ryanair ira bien au Mont\u00e9n\u00e9gro\" href=\"http:\/\/www.air-journal.fr\/2012-03-26-ryanair-ira-bien-au-montenegro-546699.html\">Ryanair ira bien au Mont\u00e9n\u00e9gro<\/a><\/strong><\/p>\n<p>Apr\u00e8s une entente avec le gouvernement du Mont\u00e9n\u00e9gro, Ryanair a annonc\u00e9 la mise en place prochaine de 4 routes vers le pays.<\/p>\n<p>Les deux a\u00e9roports au Mont\u00e9n\u00e9gro concern\u00e9s par les lignes de la low cost irlandaise sont celui de Podgorica et celui de Tivat, en liaison estivale avec Londres-Stansted, Milan-Bergame et Charleroi. Selon le contrat sign\u00e9 le 22 mars dernier, Ryanair desservira le Mont\u00e9n\u00e9gro pendant 4 ans. Avant la signature du contrat, la low cost aurait demand\u00e9 une baisse d\u2019au moins 10 euros sur les taxes a\u00e9roportuaires et un partage des charges li\u00e9es au marketing, en \u00e9change de quoi elle s\u2019engage \u00e0 commencer la desserte du Mont\u00e9n\u00e9gro d\u00e8s le mois de mars 2013 et \u00e0 programmer des liaisons suppl\u00e9mentaires l\u2019ann\u00e9e d\u2019apr\u00e8s.<\/p>\n<p>Rappelons qu\u2019en octobre, Ryanair avait chang\u00e9 d\u2019avis sur la desserte de Podgorica depuis Londres et Glasgow \u00e0 cause des exigences trop \u00e9lev\u00e9es du gouvernement local (desserte annuelle et un nombre minimum de passagers fix\u00e9 \u00e0 50000 pour ne pas faire de l\u2019ombre \u00e0 Montenegro Airlines).<\/p>\n<p>Jusqu\u2019ici, les autres compagnies pr\u00e9sentes \u00e0 l\u2019a\u00e9roport de Podgorica sont Montenegro Airlines bien s\u00fbr, mais aussi Austrian Airlines, Croatia Airlines, Turkish Airlines et Adria Airways.<\/p>\n<p><strong>Source: Voldiscount<\/strong><\/p>\n<p><strong>Visite du Mont\u00e9n\u00e9gro en vid\u00e9o<\/strong><br \/>\n<!--YouTube Error: bad URL entered--><\/p>\n","protected":false},"excerpt":{"rendered":"<p>Ryanair ira bien au Mont\u00e9n\u00e9gro Apr\u00e8s une entente avec le gouvernement du Mont\u00e9n\u00e9gro, Ryanair a annonc\u00e9 la mise en place prochaine de 4 routes vers le pays. Les deux a\u00e9roports au Mont\u00e9n\u00e9gro concern\u00e9s par les lignes de la low cost irlandaise sont celui de Podgorica et celui de Tivat, en liaison estivale avec Londres-Stansted, Milan-Bergame [&hellip;]<\/p>\n","protected":false},"author":1,"featured_media":0,"comment_status":"open","ping_status":"closed","sticky":false,"template":"","format":"standard","meta":{"spay_email":"","jetpack_publicize_message":"","jetpack_is_tweetstorm":false,"jetpack_publicize_feature_enabled":true},"categories":[7],"tags":[20248,20255,20252,20253,20256,20257,20258,20254,20259,20260,20261,20262,8804,15570,11806,15572,8811,20263,15610,20265,20264,11895,11910,20266,11918,13656,11919,13825,11329,20267,20268,13822,13823,20269,15576,15583,15584,13657,15581,13826,3751,3753,8809,12756,4056,4050,5673,15577,13829,20271,20272,15582,15578,15579,15575,20273,20270,4061,4046,4053,4047,4054,13827,4055,8808,8805,4058,4049,15574,8801,4052,4059,3772,4048,20249,20274,8803,13820,13828,8800,15571,11987,79,1096,20251,1780,4642,15573,92,15580,20275,12033,17366,20277,20276,12064,20250,12082,20278,1334,3427,20279,20280,19,8802,200,18,8812,20281,3754,4060,12757,19962,12758,13821,8807,8806,13824],"jetpack_publicize_connections":[],"yoast_head":"<!-- This site is optimized with the Yoast SEO plugin v19.1 - https:\/\/yoast.com\/wordpress\/plugins\/seo\/ -->\n<title>Ryanair \u00e0 Mont\u00e9n\u00e9gro - Lajme nga Ulqini<\/title>\n<meta name=\"description\" content=\"Ryanair ira bien au Mont\u00e9n\u00e9gro Apr\u00e8s une entente avec le gouvernement du Mont\u00e9n\u00e9gro, Ryanair a annonc\u00e9 la mise en place prochaine de 4 routes vers le\" \/>\n<meta name=\"robots\" content=\"index, follow, max-snippet:-1, max-image-preview:large, max-video-preview:-1\" \/>\n<link rel=\"canonical\" href=\"https:\/\/www.visit-ulcinj.com\/blog\/2012\/03\/31\/ryanair-a-montenegro\/\" \/>\n<meta property=\"og:locale\" content=\"en_US\" \/>\n<meta property=\"og:type\" content=\"article\" \/>\n<meta property=\"og:title\" content=\"Ryanair \u00e0 Mont\u00e9n\u00e9gro - Lajme nga Ulqini\" \/>\n<meta property=\"og:description\" content=\"Ryanair ira bien au Mont\u00e9n\u00e9gro Apr\u00e8s une entente avec le gouvernement du Mont\u00e9n\u00e9gro, Ryanair a annonc\u00e9 la mise en place prochaine de 4 routes vers le\" \/>\n<meta property=\"og:url\" content=\"https:\/\/www.visit-ulcinj.com\/blog\/2012\/03\/31\/ryanair-a-montenegro\/\" \/>\n<meta property=\"og:site_name\" content=\"Lajme nga Ulqini\" \/>\n<meta property=\"article:published_time\" content=\"2012-03-31T13:54:02+00:00\" \/>\n<meta name=\"twitter:label1\" content=\"Written by\" \/>\n\t<meta name=\"twitter:data1\" content=\"ulqini\" \/>\n\t<meta name=\"twitter:label2\" content=\"Est. reading time\" \/>\n\t<meta name=\"twitter:data2\" content=\"1 minute\" \/>\n<script type=\"application\/ld+json\" class=\"yoast-schema-graph\">{\"@context\":\"https:\/\/schema.org\",\"@graph\":[{\"@type\":\"WebSite\",\"@id\":\"https:\/\/www.visit-ulcinj.com\/blog\/#website\",\"url\":\"https:\/\/www.visit-ulcinj.com\/blog\/\",\"name\":\"Lajme nga Ulqini\",\"description\":\"Lajme,Vijesti,Ulqini,Ulqin,Crna Gora,Mali i Zi\",\"potentialAction\":[{\"@type\":\"SearchAction\",\"target\":{\"@type\":\"EntryPoint\",\"urlTemplate\":\"https:\/\/www.visit-ulcinj.com\/blog\/?s={search_term_string}\"},\"query-input\":\"required name=search_term_string\"}],\"inLanguage\":\"en-US\"},{\"@type\":\"WebPage\",\"@id\":\"https:\/\/www.visit-ulcinj.com\/blog\/2012\/03\/31\/ryanair-a-montenegro\/#webpage\",\"url\":\"https:\/\/www.visit-ulcinj.com\/blog\/2012\/03\/31\/ryanair-a-montenegro\/\",\"name\":\"Ryanair \u00e0 Mont\u00e9n\u00e9gro - Lajme nga Ulqini\",\"isPartOf\":{\"@id\":\"https:\/\/www.visit-ulcinj.com\/blog\/#website\"},\"datePublished\":\"2012-03-31T13:54:02+00:00\",\"dateModified\":\"2012-03-31T13:54:02+00:00\",\"author\":{\"@id\":\"https:\/\/www.visit-ulcinj.com\/blog\/#\/schema\/person\/dcab619c614d3038751c63bc2aadc06d\"},\"description\":\"Ryanair ira bien au Mont\u00e9n\u00e9gro Apr\u00e8s une entente avec le gouvernement du Mont\u00e9n\u00e9gro, Ryanair a annonc\u00e9 la mise en place prochaine de 4 routes vers le\",\"breadcrumb\":{\"@id\":\"https:\/\/www.visit-ulcinj.com\/blog\/2012\/03\/31\/ryanair-a-montenegro\/#breadcrumb\"},\"inLanguage\":\"en-US\",\"potentialAction\":[{\"@type\":\"ReadAction\",\"target\":[\"https:\/\/www.visit-ulcinj.com\/blog\/2012\/03\/31\/ryanair-a-montenegro\/\"]}]},{\"@type\":\"BreadcrumbList\",\"@id\":\"https:\/\/www.visit-ulcinj.com\/blog\/2012\/03\/31\/ryanair-a-montenegro\/#breadcrumb\",\"itemListElement\":[{\"@type\":\"ListItem\",\"position\":1,\"name\":\"Ryanair \u00e0 Mont\u00e9n\u00e9gro\"}]},{\"@type\":\"Person\",\"@id\":\"https:\/\/www.visit-ulcinj.com\/blog\/#\/schema\/person\/dcab619c614d3038751c63bc2aadc06d\",\"name\":\"ulqini\",\"sameAs\":[\"http:\/\/www.visit-ulcinj.com\"],\"url\":\"https:\/\/www.visit-ulcinj.com\/blog\/author\/admin\/\"}]}<\/script>\n<!-- \/ Yoast SEO plugin. -->","yoast_head_json":{"title":"Ryanair \u00e0 Mont\u00e9n\u00e9gro - Lajme nga Ulqini","description":"Ryanair ira bien au Mont\u00e9n\u00e9gro Apr\u00e8s une entente avec le gouvernement du Mont\u00e9n\u00e9gro, Ryanair a annonc\u00e9 la mise en place prochaine de 4 routes vers le","robots":{"index":"index","follow":"follow","max-snippet":"max-snippet:-1","max-image-preview":"max-image-preview:large","max-video-preview":"max-video-preview:-1"},"canonical":"https:\/\/www.visit-ulcinj.com\/blog\/2012\/03\/31\/ryanair-a-montenegro\/","og_locale":"en_US","og_type":"article","og_title":"Ryanair \u00e0 Mont\u00e9n\u00e9gro - Lajme nga Ulqini","og_description":"Ryanair ira bien au Mont\u00e9n\u00e9gro Apr\u00e8s une entente avec le gouvernement du Mont\u00e9n\u00e9gro, Ryanair a annonc\u00e9 la mise en place prochaine de 4 routes vers le","og_url":"https:\/\/www.visit-ulcinj.com\/blog\/2012\/03\/31\/ryanair-a-montenegro\/","og_site_name":"Lajme nga Ulqini","article_published_time":"2012-03-31T13:54:02+00:00","twitter_misc":{"Written by":"ulqini","Est. reading time":"1 minute"},"schema":{"@context":"https:\/\/schema.org","@graph":[{"@type":"WebSite","@id":"https:\/\/www.visit-ulcinj.com\/blog\/#website","url":"https:\/\/www.visit-ulcinj.com\/blog\/","name":"Lajme nga Ulqini","description":"Lajme,Vijesti,Ulqini,Ulqin,Crna Gora,Mali i Zi","potentialAction":[{"@type":"SearchAction","target":{"@type":"EntryPoint","urlTemplate":"https:\/\/www.visit-ulcinj.com\/blog\/?s={search_term_string}"},"query-input":"required name=search_term_string"}],"inLanguage":"en-US"},{"@type":"WebPage","@id":"https:\/\/www.visit-ulcinj.com\/blog\/2012\/03\/31\/ryanair-a-montenegro\/#webpage","url":"https:\/\/www.visit-ulcinj.com\/blog\/2012\/03\/31\/ryanair-a-montenegro\/","name":"Ryanair \u00e0 Mont\u00e9n\u00e9gro - Lajme nga Ulqini","isPartOf":{"@id":"https:\/\/www.visit-ulcinj.com\/blog\/#website"},"datePublished":"2012-03-31T13:54:02+00:00","dateModified":"2012-03-31T13:54:02+00:00","author":{"@id":"https:\/\/www.visit-ulcinj.com\/blog\/#\/schema\/person\/dcab619c614d3038751c63bc2aadc06d"},"description":"Ryanair ira bien au Mont\u00e9n\u00e9gro Apr\u00e8s une entente avec le gouvernement du Mont\u00e9n\u00e9gro, Ryanair a annonc\u00e9 la mise en place prochaine de 4 routes vers le","breadcrumb":{"@id":"https:\/\/www.visit-ulcinj.com\/blog\/2012\/03\/31\/ryanair-a-montenegro\/#breadcrumb"},"inLanguage":"en-US","potentialAction":[{"@type":"ReadAction","target":["https:\/\/www.visit-ulcinj.com\/blog\/2012\/03\/31\/ryanair-a-montenegro\/"]}]},{"@type":"BreadcrumbList","@id":"https:\/\/www.visit-ulcinj.com\/blog\/2012\/03\/31\/ryanair-a-montenegro\/#breadcrumb","itemListElement":[{"@type":"ListItem","position":1,"name":"Ryanair \u00e0 Mont\u00e9n\u00e9gro"}]},{"@type":"Person","@id":"https:\/\/www.visit-ulcinj.com\/blog\/#\/schema\/person\/dcab619c614d3038751c63bc2aadc06d","name":"ulqini","sameAs":["http:\/\/www.visit-ulcinj.com"],"url":"https:\/\/www.visit-ulcinj.com\/blog\/author\/admin\/"}]}},"jetpack_featured_media_url":"","jetpack_sharing_enabled":true,"jetpack_shortlink":"https:\/\/wp.me\/pe6lTn-fjb","_links":{"self":[{"href":"https:\/\/www.visit-ulcinj.com\/blog\/wp-json\/wp\/v2\/posts\/58849"}],"collection":[{"href":"https:\/\/www.visit-ulcinj.com\/blog\/wp-json\/wp\/v2\/posts"}],"about":[{"href":"https:\/\/www.visit-ulcinj.com\/blog\/wp-json\/wp\/v2\/types\/post"}],"author":[{"embeddable":true,"href":"https:\/\/www.visit-ulcinj.com\/blog\/wp-json\/wp\/v2\/users\/1"}],"replies":[{"embeddable":true,"href":"https:\/\/www.visit-ulcinj.com\/blog\/wp-json\/wp\/v2\/comments?post=58849"}],"version-history":[{"count":1,"href":"https:\/\/www.visit-ulcinj.com\/blog\/wp-json\/wp\/v2\/posts\/58849\/revisions"}],"predecessor-version":[{"id":58853,"href":"https:\/\/www.visit-ulcinj.com\/blog\/wp-json\/wp\/v2\/posts\/58849\/revisions\/58853"}],"wp:attachment":[{"href":"https:\/\/www.visit-ulcinj.com\/blog\/wp-json\/wp\/v2\/media?parent=58849"}],"wp:term":[{"taxonomy":"category","embeddable":true,"href":"https:\/\/www.visit-ulcinj.com\/blog\/wp-json\/wp\/v2\/categories?post=58849"},{"taxonomy":"post_tag","embeddable":true,"href":"https:\/\/www.visit-ulcinj.com\/blog\/wp-json\/wp\/v2\/tags?post=58849"}],"curies":[{"name":"wp","href":"https:\/\/api.w.org\/{rel}","templated":true}]}}