{"id":5888,"date":"2008-11-12T14:31:27","date_gmt":"2008-11-12T19:31:27","guid":{"rendered":"http:\/\/www.visit-ulcinj.com\/blog\/?p=5888"},"modified":"2008-11-13T13:07:00","modified_gmt":"2008-11-13T18:07:00","slug":"xhejms-belushi-rikthim-ne-qyteze","status":"publish","type":"post","link":"https:\/\/www.visit-ulcinj.com\/blog\/2008\/11\/12\/xhejms-belushi-rikthim-ne-qyteze\/","title":{"rendered":"Xhejms Belushi, rikthim n\u00eb Qytez\u00eb"},"content":{"rendered":"<p><a href=\"http:\/\/www.visit-ulcinj.com\/blog\/wp-content\/uploads\/2008\/11\/james-belushi.jpg\"><img loading=\"lazy\" class=\"alignleft size-medium wp-image-5889\" title=\"james-belushi\" src=\"http:\/\/www.visit-ulcinj.com\/blog\/wp-content\/uploads\/2008\/11\/james-belushi-217x300.jpg\" alt=\"\" width=\"217\" height=\"300\" \/><\/a>Nuk e ka l\u00ebn\u00eb pas dore premtimin e tij p\u00ebr t\u2019u rikthyer n\u00eb fshatin e origjin\u00ebs. Fjal\u00ebt k\u00ebtu \u00ebsht\u00eb sht\u00ebpia ime, kur mbi disa gur\u00eb rr\u00ebnojash t\u00eb sht\u00ebpis\u00eb s\u00eb tij t\u00eb vjet\u00ebr ai derdhi lot 13 vjet m\u00eb par\u00eb, duket se do ta p\u00ebrmallin s\u00ebrish aktorin hollivudian me fam\u00eb bot\u00ebrore, Xhejms Belushi.<br \/>\nAi vjen s\u00ebrish p\u00ebr t\u00eb dyt\u00ebn her\u00eb si shqiptar dhe qytezar, por edhe si biznesmen p\u00ebr t\u00eb investuar n\u00eb fshatin q\u00eb ia ka l\u00ebn\u00eb amanet babai i tij, i larguar nga qyteza q\u00eb n\u00eb vitet e para t\u00eb shekullit t\u00eb kaluar.<\/p>\n<p>Nj\u00eb ekip pune ka prezantuar axhend\u00ebn e aktiviteteve t\u00eb tij gjat\u00eb rikthimit n\u00eb vendin e origjin\u00ebs, ku n\u00eb plan t\u00eb par\u00eb aktori i shquar me origjin\u00eb shqiptare, ka vendosur pik\u00ebrisht fshatin q\u00eb do ta vizitoj\u00eb s\u00ebrish, jo vet\u00ebm p\u00ebr t\u00eb mbajtur premtimin para banor\u00ebve, por edhe p\u00ebr t\u00eb investuar nga fondet e kompanis\u00eb s\u00eb tij t\u00eb mineraleve n\u00eb Qytez\u00eb. Sipas menaxherit t\u00eb kompanis\u00eb, Daug Burg, me iniciativ\u00ebn e Belushit dhe t\u00eb kompanis\u00eb s\u00eb tij jan\u00eb parashikuar investime n\u00eb shkoll\u00ebn shekullore t\u00eb fshatit p\u00ebr ta rim\u00ebk\u00ebmbur, ngritja e nj\u00eb muzeu, nd\u00ebrkoh\u00eb q\u00eb ka p\u00ebrfunduar ura e fshatit, e cila p\u00ebrb\u00ebnte nj\u00eb rrezik t\u00eb madh gjat\u00eb kalimit t\u00eb saj, p\u00ebr shkak t\u00eb amortizimit.<\/p>\n<p>I ardhur si qytezar, Belushi ka planifikuar n\u00eb jav\u00ebn e q\u00ebndrimit t\u00eb tij m\u00eb shum\u00eb se gjith\u00e7ka t\u00eb jet\u00eb pran\u00eb banor\u00ebve t\u00eb pakt\u00eb q\u00eb i kan\u00eb mbetur k\u00ebtij fshati, nga ku emigracioni dhe largimi i vijuesh\u00ebm i komunitetit ka b\u00ebr\u00eb q\u00eb tashm\u00eb t\u00eb num\u00ebrohen shum\u00eb pak sht\u00ebpi dhe vet\u00ebm 20 banor\u00eb. Si president nderi, n\u00eb krye t\u00eb nj\u00eb kompanie kanadeze p\u00ebr k\u00ebrkim mineralesh, Belushi ka zbritur s\u00ebrish n\u00eb tok\u00ebn shqiptare me iden\u00eb se \u00ebndrrat mund t\u00eb b\u00ebhen leht\u00eb realitet p\u00ebr Qytez\u00ebn. Ekipi i qytetar\u00ebve q\u00eb kan\u00eb p\u00ebrgatitur gjith\u00e7ka p\u00ebr nj\u00eb axhend\u00eb t\u00eb ngjeshur takimesh dhe aktivitetesh t\u00eb aktorit shqiptar kan\u00eb vler\u00ebsuar paralelisht edhe ndikimin e madh q\u00eb vet\u00eb Belushi ka pasur te banor\u00ebt q\u00eb nga ardhja e tij e par\u00eb, gj\u00eb e cila ka b\u00ebr\u00eb q\u00eb me kontributin e komunitetit t\u00eb zon\u00ebs t\u00eb mir\u00ebmbahen t\u00eb gjitha sht\u00ebpit\u00eb, pavar\u00ebsisht nga braktisja e fshatit.<\/p>\n<p>Ky ishte edhe amaneti q\u00eb aktori la pas largimit t\u00eb tij nga vendi 13 vjet m\u00eb par\u00eb, nd\u00ebrkoh\u00eb q\u00eb banor\u00ebt jan\u00eb kujdesur q\u00eb ai ta gjej\u00eb fshatin ndryshe, duke rim\u00ebk\u00ebmbur kish\u00ebn e vjet\u00ebr dhe duke sistemuar shum\u00eb nga sht\u00ebpit\u00eb karakteristike prej guri, nd\u00ebrkoh\u00eb q\u00eb nj\u00eb od\u00eb miqsh me objekte tradicionale t\u00eb artizanatit \u00ebsht\u00eb hapur nga vet\u00eb qytezar\u00ebt p\u00ebr t\u00eb t\u00ebrhequr sa m\u00eb shum\u00eb vizitor\u00eb e turist\u00eb. Qyteza me sht\u00ebpit\u00eb karakteristike prej guri, t\u00eb futura mes gjelb\u00ebrimit, me oborret me pllo\u00e7a dhe \u00e7ezmat e gurit, me kish\u00ebn mbi kod\u00ebr dhe rrugicat karakteristike me kalldr\u00ebm, nuk \u00ebsht\u00eb fshati i vet\u00ebm ku Belushi ka planifikuar t\u00eb investoj\u00eb.<\/p>\n<p>Menaxheri i tij, i cili ka rezervuar t\u00eb shpreh\u00eb shum\u00eb nga surprizat e ardhjes s\u00eb Belushit, thot\u00eb se investimet do t\u00eb gjejn\u00eb shtrirje n\u00eb shum\u00eb fshatra dhe qytete, nd\u00ebrsa deri m\u00eb tani punimet kryesore kan\u00eb qen\u00eb n\u00eb zon\u00ebn e Devollit, t\u00eb Librazhdit dhe Mirdit\u00ebs. Surprizat e tjera jan\u00eb ekskluzivitet i vet\u00eb aktorit me fam\u00eb bot\u00ebrore, i cili q\u00eb n\u00eb m\u00ebngjes do t\u00eb rikthehet n\u00eb Qytez\u00ebn e babait t\u00eb tij dhe t\u00eb gjakut prej shqiptari.<\/p>\n<p><strong>Gazeta: Shqip<\/strong><\/p>\n\n<p><object classid=\"clsid:6bf52a52-394a-11d3-b153-00c04f79faa6\" width=\"430\" height=\"340\" codebase=\"http:\/\/activex.microsoft.com\/activex\/controls\/mplayer\/en\/nsmp2inf.cab#Version=5,1,52,701\"><param name=\"url\" value=\"http:\/\/www.balkanweb.com\/sitev4\/upload\/multimedia\/1226520120.wmv\" \/><\/object><\/p>\n","protected":false},"excerpt":{"rendered":"<p>Nuk e ka l\u00ebn\u00eb pas dore premtimin e tij p\u00ebr t\u2019u rikthyer n\u00eb fshatin e origjin\u00ebs. Fjal\u00ebt k\u00ebtu \u00ebsht\u00eb sht\u00ebpia ime, kur mbi disa gur\u00eb rr\u00ebnojash t\u00eb sht\u00ebpis\u00eb s\u00eb tij t\u00eb vjet\u00ebr ai derdhi lot 13 vjet m\u00eb par\u00eb, duket se do ta p\u00ebrmallin s\u00ebrish aktorin hollivudian me fam\u00eb bot\u00ebrore, Xhejms Belushi. Ai vjen s\u00ebrish [&hellip;]<\/p>\n","protected":false},"author":1,"featured_media":0,"comment_status":"open","ping_status":"closed","sticky":false,"template":"","format":"standard","meta":{"spay_email":"","jetpack_publicize_message":"","jetpack_is_tweetstorm":false,"jetpack_publicize_feature_enabled":true},"categories":[1],"tags":[5012,50,4243,5013],"jetpack_publicize_connections":[],"yoast_head":"<!-- This site is optimized with the Yoast SEO plugin v19.1 - https:\/\/yoast.com\/wordpress\/plugins\/seo\/ -->\n<title>Xhejms Belushi, rikthim n\u00eb Qytez\u00eb - Lajme nga Ulqini<\/title>\n<meta name=\"description\" content=\"Nuk e ka l\u00ebn\u00eb pas dore premtimin e tij p\u00ebr t\u2019u rikthyer n\u00eb fshatin e origjin\u00ebs. Fjal\u00ebt k\u00ebtu \u00ebsht\u00eb sht\u00ebpia ime, kur mbi disa gur\u00eb rr\u00ebnojash t\u00eb sht\u00ebpis\u00eb s\u00eb\" \/>\n<meta name=\"robots\" content=\"index, follow, max-snippet:-1, max-image-preview:large, max-video-preview:-1\" \/>\n<link rel=\"canonical\" href=\"https:\/\/www.visit-ulcinj.com\/blog\/2008\/11\/12\/xhejms-belushi-rikthim-ne-qyteze\/\" \/>\n<meta property=\"og:locale\" content=\"en_US\" \/>\n<meta property=\"og:type\" content=\"article\" \/>\n<meta property=\"og:title\" content=\"Xhejms Belushi, rikthim n\u00eb Qytez\u00eb - Lajme nga Ulqini\" \/>\n<meta property=\"og:description\" content=\"Nuk e ka l\u00ebn\u00eb pas dore premtimin e tij p\u00ebr t\u2019u rikthyer n\u00eb fshatin e origjin\u00ebs. Fjal\u00ebt k\u00ebtu \u00ebsht\u00eb sht\u00ebpia ime, kur mbi disa gur\u00eb rr\u00ebnojash t\u00eb sht\u00ebpis\u00eb s\u00eb\" \/>\n<meta property=\"og:url\" content=\"https:\/\/www.visit-ulcinj.com\/blog\/2008\/11\/12\/xhejms-belushi-rikthim-ne-qyteze\/\" \/>\n<meta property=\"og:site_name\" content=\"Lajme nga Ulqini\" \/>\n<meta property=\"article:published_time\" content=\"2008-11-12T19:31:27+00:00\" \/>\n<meta property=\"article:modified_time\" content=\"2008-11-13T18:07:00+00:00\" \/>\n<meta property=\"og:image\" content=\"https:\/\/www.visit-ulcinj.com\/blog\/wp-content\/uploads\/2008\/11\/james-belushi-150x150.jpg\" \/>\n<meta name=\"twitter:label1\" content=\"Written by\" \/>\n\t<meta name=\"twitter:data1\" content=\"ulqini\" \/>\n\t<meta name=\"twitter:label2\" content=\"Est. reading time\" \/>\n\t<meta name=\"twitter:data2\" content=\"3 minutes\" \/>\n<script type=\"application\/ld+json\" class=\"yoast-schema-graph\">{\"@context\":\"https:\/\/schema.org\",\"@graph\":[{\"@type\":\"WebSite\",\"@id\":\"https:\/\/www.visit-ulcinj.com\/blog\/#website\",\"url\":\"https:\/\/www.visit-ulcinj.com\/blog\/\",\"name\":\"Lajme nga Ulqini\",\"description\":\"Lajme,Vijesti,Ulqini,Ulqin,Crna Gora,Mali i Zi\",\"potentialAction\":[{\"@type\":\"SearchAction\",\"target\":{\"@type\":\"EntryPoint\",\"urlTemplate\":\"https:\/\/www.visit-ulcinj.com\/blog\/?s={search_term_string}\"},\"query-input\":\"required name=search_term_string\"}],\"inLanguage\":\"en-US\"},{\"@type\":\"ImageObject\",\"inLanguage\":\"en-US\",\"@id\":\"https:\/\/www.visit-ulcinj.com\/blog\/2008\/11\/12\/xhejms-belushi-rikthim-ne-qyteze\/#primaryimage\",\"url\":\"http:\/\/www.visit-ulcinj.com\/blog\/wp-content\/uploads\/2008\/11\/james-belushi-217x300.jpg\",\"contentUrl\":\"http:\/\/www.visit-ulcinj.com\/blog\/wp-content\/uploads\/2008\/11\/james-belushi-217x300.jpg\"},{\"@type\":\"WebPage\",\"@id\":\"https:\/\/www.visit-ulcinj.com\/blog\/2008\/11\/12\/xhejms-belushi-rikthim-ne-qyteze\/#webpage\",\"url\":\"https:\/\/www.visit-ulcinj.com\/blog\/2008\/11\/12\/xhejms-belushi-rikthim-ne-qyteze\/\",\"name\":\"Xhejms Belushi, rikthim n\u00eb Qytez\u00eb - Lajme nga Ulqini\",\"isPartOf\":{\"@id\":\"https:\/\/www.visit-ulcinj.com\/blog\/#website\"},\"primaryImageOfPage\":{\"@id\":\"https:\/\/www.visit-ulcinj.com\/blog\/2008\/11\/12\/xhejms-belushi-rikthim-ne-qyteze\/#primaryimage\"},\"datePublished\":\"2008-11-12T19:31:27+00:00\",\"dateModified\":\"2008-11-13T18:07:00+00:00\",\"author\":{\"@id\":\"https:\/\/www.visit-ulcinj.com\/blog\/#\/schema\/person\/dcab619c614d3038751c63bc2aadc06d\"},\"description\":\"Nuk e ka l\u00ebn\u00eb pas dore premtimin e tij p\u00ebr t\u2019u rikthyer n\u00eb fshatin e origjin\u00ebs. Fjal\u00ebt k\u00ebtu \u00ebsht\u00eb sht\u00ebpia ime, kur mbi disa gur\u00eb rr\u00ebnojash t\u00eb sht\u00ebpis\u00eb s\u00eb\",\"breadcrumb\":{\"@id\":\"https:\/\/www.visit-ulcinj.com\/blog\/2008\/11\/12\/xhejms-belushi-rikthim-ne-qyteze\/#breadcrumb\"},\"inLanguage\":\"en-US\",\"potentialAction\":[{\"@type\":\"ReadAction\",\"target\":[\"https:\/\/www.visit-ulcinj.com\/blog\/2008\/11\/12\/xhejms-belushi-rikthim-ne-qyteze\/\"]}]},{\"@type\":\"BreadcrumbList\",\"@id\":\"https:\/\/www.visit-ulcinj.com\/blog\/2008\/11\/12\/xhejms-belushi-rikthim-ne-qyteze\/#breadcrumb\",\"itemListElement\":[{\"@type\":\"ListItem\",\"position\":1,\"name\":\"Xhejms Belushi, rikthim n\u00eb Qytez\u00eb\"}]},{\"@type\":\"Person\",\"@id\":\"https:\/\/www.visit-ulcinj.com\/blog\/#\/schema\/person\/dcab619c614d3038751c63bc2aadc06d\",\"name\":\"ulqini\",\"sameAs\":[\"http:\/\/www.visit-ulcinj.com\"],\"url\":\"https:\/\/www.visit-ulcinj.com\/blog\/author\/admin\/\"}]}<\/script>\n<!-- \/ Yoast SEO plugin. -->","yoast_head_json":{"title":"Xhejms Belushi, rikthim n\u00eb Qytez\u00eb - Lajme nga Ulqini","description":"Nuk e ka l\u00ebn\u00eb pas dore premtimin e tij p\u00ebr t\u2019u rikthyer n\u00eb fshatin e origjin\u00ebs. Fjal\u00ebt k\u00ebtu \u00ebsht\u00eb sht\u00ebpia ime, kur mbi disa gur\u00eb rr\u00ebnojash t\u00eb sht\u00ebpis\u00eb s\u00eb","robots":{"index":"index","follow":"follow","max-snippet":"max-snippet:-1","max-image-preview":"max-image-preview:large","max-video-preview":"max-video-preview:-1"},"canonical":"https:\/\/www.visit-ulcinj.com\/blog\/2008\/11\/12\/xhejms-belushi-rikthim-ne-qyteze\/","og_locale":"en_US","og_type":"article","og_title":"Xhejms Belushi, rikthim n\u00eb Qytez\u00eb - Lajme nga Ulqini","og_description":"Nuk e ka l\u00ebn\u00eb pas dore premtimin e tij p\u00ebr t\u2019u rikthyer n\u00eb fshatin e origjin\u00ebs. Fjal\u00ebt k\u00ebtu \u00ebsht\u00eb sht\u00ebpia ime, kur mbi disa gur\u00eb rr\u00ebnojash t\u00eb sht\u00ebpis\u00eb s\u00eb","og_url":"https:\/\/www.visit-ulcinj.com\/blog\/2008\/11\/12\/xhejms-belushi-rikthim-ne-qyteze\/","og_site_name":"Lajme nga Ulqini","article_published_time":"2008-11-12T19:31:27+00:00","article_modified_time":"2008-11-13T18:07:00+00:00","og_image":[{"url":"https:\/\/www.visit-ulcinj.com\/blog\/wp-content\/uploads\/2008\/11\/james-belushi-150x150.jpg"}],"twitter_misc":{"Written by":"ulqini","Est. reading time":"3 minutes"},"schema":{"@context":"https:\/\/schema.org","@graph":[{"@type":"WebSite","@id":"https:\/\/www.visit-ulcinj.com\/blog\/#website","url":"https:\/\/www.visit-ulcinj.com\/blog\/","name":"Lajme nga Ulqini","description":"Lajme,Vijesti,Ulqini,Ulqin,Crna Gora,Mali i Zi","potentialAction":[{"@type":"SearchAction","target":{"@type":"EntryPoint","urlTemplate":"https:\/\/www.visit-ulcinj.com\/blog\/?s={search_term_string}"},"query-input":"required name=search_term_string"}],"inLanguage":"en-US"},{"@type":"ImageObject","inLanguage":"en-US","@id":"https:\/\/www.visit-ulcinj.com\/blog\/2008\/11\/12\/xhejms-belushi-rikthim-ne-qyteze\/#primaryimage","url":"http:\/\/www.visit-ulcinj.com\/blog\/wp-content\/uploads\/2008\/11\/james-belushi-217x300.jpg","contentUrl":"http:\/\/www.visit-ulcinj.com\/blog\/wp-content\/uploads\/2008\/11\/james-belushi-217x300.jpg"},{"@type":"WebPage","@id":"https:\/\/www.visit-ulcinj.com\/blog\/2008\/11\/12\/xhejms-belushi-rikthim-ne-qyteze\/#webpage","url":"https:\/\/www.visit-ulcinj.com\/blog\/2008\/11\/12\/xhejms-belushi-rikthim-ne-qyteze\/","name":"Xhejms Belushi, rikthim n\u00eb Qytez\u00eb - Lajme nga Ulqini","isPartOf":{"@id":"https:\/\/www.visit-ulcinj.com\/blog\/#website"},"primaryImageOfPage":{"@id":"https:\/\/www.visit-ulcinj.com\/blog\/2008\/11\/12\/xhejms-belushi-rikthim-ne-qyteze\/#primaryimage"},"datePublished":"2008-11-12T19:31:27+00:00","dateModified":"2008-11-13T18:07:00+00:00","author":{"@id":"https:\/\/www.visit-ulcinj.com\/blog\/#\/schema\/person\/dcab619c614d3038751c63bc2aadc06d"},"description":"Nuk e ka l\u00ebn\u00eb pas dore premtimin e tij p\u00ebr t\u2019u rikthyer n\u00eb fshatin e origjin\u00ebs. Fjal\u00ebt k\u00ebtu \u00ebsht\u00eb sht\u00ebpia ime, kur mbi disa gur\u00eb rr\u00ebnojash t\u00eb sht\u00ebpis\u00eb s\u00eb","breadcrumb":{"@id":"https:\/\/www.visit-ulcinj.com\/blog\/2008\/11\/12\/xhejms-belushi-rikthim-ne-qyteze\/#breadcrumb"},"inLanguage":"en-US","potentialAction":[{"@type":"ReadAction","target":["https:\/\/www.visit-ulcinj.com\/blog\/2008\/11\/12\/xhejms-belushi-rikthim-ne-qyteze\/"]}]},{"@type":"BreadcrumbList","@id":"https:\/\/www.visit-ulcinj.com\/blog\/2008\/11\/12\/xhejms-belushi-rikthim-ne-qyteze\/#breadcrumb","itemListElement":[{"@type":"ListItem","position":1,"name":"Xhejms Belushi, rikthim n\u00eb Qytez\u00eb"}]},{"@type":"Person","@id":"https:\/\/www.visit-ulcinj.com\/blog\/#\/schema\/person\/dcab619c614d3038751c63bc2aadc06d","name":"ulqini","sameAs":["http:\/\/www.visit-ulcinj.com"],"url":"https:\/\/www.visit-ulcinj.com\/blog\/author\/admin\/"}]}},"jetpack_featured_media_url":"","jetpack_sharing_enabled":true,"jetpack_shortlink":"https:\/\/wp.me\/pe6lTn-1wY","_links":{"self":[{"href":"https:\/\/www.visit-ulcinj.com\/blog\/wp-json\/wp\/v2\/posts\/5888"}],"collection":[{"href":"https:\/\/www.visit-ulcinj.com\/blog\/wp-json\/wp\/v2\/posts"}],"about":[{"href":"https:\/\/www.visit-ulcinj.com\/blog\/wp-json\/wp\/v2\/types\/post"}],"author":[{"embeddable":true,"href":"https:\/\/www.visit-ulcinj.com\/blog\/wp-json\/wp\/v2\/users\/1"}],"replies":[{"embeddable":true,"href":"https:\/\/www.visit-ulcinj.com\/blog\/wp-json\/wp\/v2\/comments?post=5888"}],"version-history":[{"count":0,"href":"https:\/\/www.visit-ulcinj.com\/blog\/wp-json\/wp\/v2\/posts\/5888\/revisions"}],"wp:attachment":[{"href":"https:\/\/www.visit-ulcinj.com\/blog\/wp-json\/wp\/v2\/media?parent=5888"}],"wp:term":[{"taxonomy":"category","embeddable":true,"href":"https:\/\/www.visit-ulcinj.com\/blog\/wp-json\/wp\/v2\/categories?post=5888"},{"taxonomy":"post_tag","embeddable":true,"href":"https:\/\/www.visit-ulcinj.com\/blog\/wp-json\/wp\/v2\/tags?post=5888"}],"curies":[{"name":"wp","href":"https:\/\/api.w.org\/{rel}","templated":true}]}}