{"id":589,"date":"2008-02-20T16:20:46","date_gmt":"2008-02-20T21:20:46","guid":{"rendered":"http:\/\/www.visit-ulcinj.com\/blog\/2008\/02\/20\/izgorjela-suma\/"},"modified":"2008-02-26T12:50:32","modified_gmt":"2008-02-26T17:50:32","slug":"izgorjela-suma","status":"publish","type":"post","link":"https:\/\/www.visit-ulcinj.com\/blog\/2008\/02\/20\/izgorjela-suma\/","title":{"rendered":"Izgorjela \u0161uma"},"content":{"rendered":"<p><a href=\"http:\/\/www.visit-ulcinj.com\/gallery\/main.php\" title=\"ulcinj,ulqini,ulqin,montenegro\" target=\"_blank\"><img loading=\"lazy\" src=\"http:\/\/www.nacional.hr\/repository\/images\/_variations\/6\/6\/6632cb231093161925a8207adf9a7dbe_large.jpg\" align=\"left\" height=\"170\" width=\"200\" \/>Ulcinj <\/a>&#8211; Po\u017ear koji je ju?e u 14.15 ?asova izbio u ulcinjskim Kru?ama izme?u dva tunela, uni\u0161tio je listopadnu \u0161umu na povr\u0161ini od oko 1.500 metara kvadratnih, ali zahvaljuju?i pravovremenoj intervenciji vatrogasaca stihija nije zahvatila i tri vikendice na obodu \u0161umskog pojasa. Na?elnik ulcinjske vatrogasne slu\u017ebe Fljamur Selovi? kazao je sino? &#8220;Vijestima&#8221; da je uzrok po\u017eara ljudski faktor.<br \/>\n&#8211; ?iste?i obli\u017enji park radnici su izazvali po\u017ear koji je mogao imati dalekose\u017enije posledice &#8211; kazao je Selovi?.<br \/>\nOn je istakao da je na podru?je ulcinjske op\u0161tine u poslednje vrijeme izbilo nekoliko po\u017eara izazvanih nehatom onih koji ?iste placeve pale?i korov i apelovao na vlasnike i najamne radnike da prekinu sa tom praksom.<\/p>\n<p>S.A.<br \/>\nwww.vijesti.cg.yu<\/p>\n<p align=\"right\"><font style=\"font-size: 8pt; font-family: Verdana\"><em>.<\/em><\/font><\/p>\n","protected":false},"excerpt":{"rendered":"<p><img loading=\"lazy\" src=\"http:\/\/www.nacional.hr\/repository\/images\/_variations\/6\/6\/6632cb231093161925a8207adf9a7dbe_large.jpg\" align=\"left\" height=\"140\" width=\"140\" \/><\/p>\n","protected":false},"author":1,"featured_media":0,"comment_status":"open","ping_status":"closed","sticky":false,"template":"","format":"standard","meta":{"spay_email":"","jetpack_publicize_message":"","jetpack_is_tweetstorm":false,"jetpack_publicize_feature_enabled":true},"categories":[1],"tags":[1762,19,200,18],"jetpack_publicize_connections":[],"yoast_head":"<!-- This site is optimized with the Yoast SEO plugin v19.1 - https:\/\/yoast.com\/wordpress\/plugins\/seo\/ -->\n<title>Izgorjela \u0161uma - Lajme nga Ulqini<\/title>\n<meta name=\"robots\" content=\"index, follow, max-snippet:-1, max-image-preview:large, max-video-preview:-1\" \/>\n<link rel=\"canonical\" href=\"https:\/\/www.visit-ulcinj.com\/blog\/2008\/02\/20\/izgorjela-suma\/\" \/>\n<meta property=\"og:locale\" content=\"en_US\" \/>\n<meta property=\"og:type\" content=\"article\" \/>\n<meta property=\"og:title\" content=\"Izgorjela \u0161uma - Lajme nga Ulqini\" \/>\n<meta property=\"og:url\" content=\"https:\/\/www.visit-ulcinj.com\/blog\/2008\/02\/20\/izgorjela-suma\/\" \/>\n<meta property=\"og:site_name\" content=\"Lajme nga Ulqini\" \/>\n<meta property=\"article:published_time\" content=\"2008-02-20T21:20:46+00:00\" \/>\n<meta property=\"article:modified_time\" content=\"2008-02-26T17:50:32+00:00\" \/>\n<meta property=\"og:image\" content=\"http:\/\/www.nacional.hr\/repository\/images\/_variations\/6\/6\/6632cb231093161925a8207adf9a7dbe_large.jpg\" \/>\n<meta name=\"twitter:label1\" content=\"Written by\" \/>\n\t<meta name=\"twitter:data1\" content=\"ulqini\" \/>\n\t<meta name=\"twitter:label2\" content=\"Est. reading time\" \/>\n\t<meta name=\"twitter:data2\" content=\"1 minute\" \/>\n<script type=\"application\/ld+json\" class=\"yoast-schema-graph\">{\"@context\":\"https:\/\/schema.org\",\"@graph\":[{\"@type\":\"WebSite\",\"@id\":\"https:\/\/www.visit-ulcinj.com\/blog\/#website\",\"url\":\"https:\/\/www.visit-ulcinj.com\/blog\/\",\"name\":\"Lajme nga Ulqini\",\"description\":\"Lajme,Vijesti,Ulqini,Ulqin,Crna Gora,Mali i Zi\",\"potentialAction\":[{\"@type\":\"SearchAction\",\"target\":{\"@type\":\"EntryPoint\",\"urlTemplate\":\"https:\/\/www.visit-ulcinj.com\/blog\/?s={search_term_string}\"},\"query-input\":\"required name=search_term_string\"}],\"inLanguage\":\"en-US\"},{\"@type\":\"ImageObject\",\"inLanguage\":\"en-US\",\"@id\":\"https:\/\/www.visit-ulcinj.com\/blog\/2008\/02\/20\/izgorjela-suma\/#primaryimage\",\"url\":\"http:\/\/www.nacional.hr\/repository\/images\/_variations\/6\/6\/6632cb231093161925a8207adf9a7dbe_large.jpg\",\"contentUrl\":\"http:\/\/www.nacional.hr\/repository\/images\/_variations\/6\/6\/6632cb231093161925a8207adf9a7dbe_large.jpg\"},{\"@type\":\"WebPage\",\"@id\":\"https:\/\/www.visit-ulcinj.com\/blog\/2008\/02\/20\/izgorjela-suma\/#webpage\",\"url\":\"https:\/\/www.visit-ulcinj.com\/blog\/2008\/02\/20\/izgorjela-suma\/\",\"name\":\"Izgorjela \u0161uma - Lajme nga Ulqini\",\"isPartOf\":{\"@id\":\"https:\/\/www.visit-ulcinj.com\/blog\/#website\"},\"primaryImageOfPage\":{\"@id\":\"https:\/\/www.visit-ulcinj.com\/blog\/2008\/02\/20\/izgorjela-suma\/#primaryimage\"},\"datePublished\":\"2008-02-20T21:20:46+00:00\",\"dateModified\":\"2008-02-26T17:50:32+00:00\",\"author\":{\"@id\":\"https:\/\/www.visit-ulcinj.com\/blog\/#\/schema\/person\/dcab619c614d3038751c63bc2aadc06d\"},\"breadcrumb\":{\"@id\":\"https:\/\/www.visit-ulcinj.com\/blog\/2008\/02\/20\/izgorjela-suma\/#breadcrumb\"},\"inLanguage\":\"en-US\",\"potentialAction\":[{\"@type\":\"ReadAction\",\"target\":[\"https:\/\/www.visit-ulcinj.com\/blog\/2008\/02\/20\/izgorjela-suma\/\"]}]},{\"@type\":\"BreadcrumbList\",\"@id\":\"https:\/\/www.visit-ulcinj.com\/blog\/2008\/02\/20\/izgorjela-suma\/#breadcrumb\",\"itemListElement\":[{\"@type\":\"ListItem\",\"position\":1,\"name\":\"Izgorjela \u0161uma\"}]},{\"@type\":\"Person\",\"@id\":\"https:\/\/www.visit-ulcinj.com\/blog\/#\/schema\/person\/dcab619c614d3038751c63bc2aadc06d\",\"name\":\"ulqini\",\"sameAs\":[\"http:\/\/www.visit-ulcinj.com\"],\"url\":\"https:\/\/www.visit-ulcinj.com\/blog\/author\/admin\/\"}]}<\/script>\n<!-- \/ Yoast SEO plugin. -->","yoast_head_json":{"title":"Izgorjela \u0161uma - Lajme nga Ulqini","robots":{"index":"index","follow":"follow","max-snippet":"max-snippet:-1","max-image-preview":"max-image-preview:large","max-video-preview":"max-video-preview:-1"},"canonical":"https:\/\/www.visit-ulcinj.com\/blog\/2008\/02\/20\/izgorjela-suma\/","og_locale":"en_US","og_type":"article","og_title":"Izgorjela \u0161uma - Lajme nga Ulqini","og_url":"https:\/\/www.visit-ulcinj.com\/blog\/2008\/02\/20\/izgorjela-suma\/","og_site_name":"Lajme nga Ulqini","article_published_time":"2008-02-20T21:20:46+00:00","article_modified_time":"2008-02-26T17:50:32+00:00","og_image":[{"url":"http:\/\/www.nacional.hr\/repository\/images\/_variations\/6\/6\/6632cb231093161925a8207adf9a7dbe_large.jpg"}],"twitter_misc":{"Written by":"ulqini","Est. reading time":"1 minute"},"schema":{"@context":"https:\/\/schema.org","@graph":[{"@type":"WebSite","@id":"https:\/\/www.visit-ulcinj.com\/blog\/#website","url":"https:\/\/www.visit-ulcinj.com\/blog\/","name":"Lajme nga Ulqini","description":"Lajme,Vijesti,Ulqini,Ulqin,Crna Gora,Mali i Zi","potentialAction":[{"@type":"SearchAction","target":{"@type":"EntryPoint","urlTemplate":"https:\/\/www.visit-ulcinj.com\/blog\/?s={search_term_string}"},"query-input":"required name=search_term_string"}],"inLanguage":"en-US"},{"@type":"ImageObject","inLanguage":"en-US","@id":"https:\/\/www.visit-ulcinj.com\/blog\/2008\/02\/20\/izgorjela-suma\/#primaryimage","url":"http:\/\/www.nacional.hr\/repository\/images\/_variations\/6\/6\/6632cb231093161925a8207adf9a7dbe_large.jpg","contentUrl":"http:\/\/www.nacional.hr\/repository\/images\/_variations\/6\/6\/6632cb231093161925a8207adf9a7dbe_large.jpg"},{"@type":"WebPage","@id":"https:\/\/www.visit-ulcinj.com\/blog\/2008\/02\/20\/izgorjela-suma\/#webpage","url":"https:\/\/www.visit-ulcinj.com\/blog\/2008\/02\/20\/izgorjela-suma\/","name":"Izgorjela \u0161uma - Lajme nga Ulqini","isPartOf":{"@id":"https:\/\/www.visit-ulcinj.com\/blog\/#website"},"primaryImageOfPage":{"@id":"https:\/\/www.visit-ulcinj.com\/blog\/2008\/02\/20\/izgorjela-suma\/#primaryimage"},"datePublished":"2008-02-20T21:20:46+00:00","dateModified":"2008-02-26T17:50:32+00:00","author":{"@id":"https:\/\/www.visit-ulcinj.com\/blog\/#\/schema\/person\/dcab619c614d3038751c63bc2aadc06d"},"breadcrumb":{"@id":"https:\/\/www.visit-ulcinj.com\/blog\/2008\/02\/20\/izgorjela-suma\/#breadcrumb"},"inLanguage":"en-US","potentialAction":[{"@type":"ReadAction","target":["https:\/\/www.visit-ulcinj.com\/blog\/2008\/02\/20\/izgorjela-suma\/"]}]},{"@type":"BreadcrumbList","@id":"https:\/\/www.visit-ulcinj.com\/blog\/2008\/02\/20\/izgorjela-suma\/#breadcrumb","itemListElement":[{"@type":"ListItem","position":1,"name":"Izgorjela \u0161uma"}]},{"@type":"Person","@id":"https:\/\/www.visit-ulcinj.com\/blog\/#\/schema\/person\/dcab619c614d3038751c63bc2aadc06d","name":"ulqini","sameAs":["http:\/\/www.visit-ulcinj.com"],"url":"https:\/\/www.visit-ulcinj.com\/blog\/author\/admin\/"}]}},"jetpack_featured_media_url":"","jetpack_sharing_enabled":true,"jetpack_shortlink":"https:\/\/wp.me\/pe6lTn-9v","_links":{"self":[{"href":"https:\/\/www.visit-ulcinj.com\/blog\/wp-json\/wp\/v2\/posts\/589"}],"collection":[{"href":"https:\/\/www.visit-ulcinj.com\/blog\/wp-json\/wp\/v2\/posts"}],"about":[{"href":"https:\/\/www.visit-ulcinj.com\/blog\/wp-json\/wp\/v2\/types\/post"}],"author":[{"embeddable":true,"href":"https:\/\/www.visit-ulcinj.com\/blog\/wp-json\/wp\/v2\/users\/1"}],"replies":[{"embeddable":true,"href":"https:\/\/www.visit-ulcinj.com\/blog\/wp-json\/wp\/v2\/comments?post=589"}],"version-history":[{"count":0,"href":"https:\/\/www.visit-ulcinj.com\/blog\/wp-json\/wp\/v2\/posts\/589\/revisions"}],"wp:attachment":[{"href":"https:\/\/www.visit-ulcinj.com\/blog\/wp-json\/wp\/v2\/media?parent=589"}],"wp:term":[{"taxonomy":"category","embeddable":true,"href":"https:\/\/www.visit-ulcinj.com\/blog\/wp-json\/wp\/v2\/categories?post=589"},{"taxonomy":"post_tag","embeddable":true,"href":"https:\/\/www.visit-ulcinj.com\/blog\/wp-json\/wp\/v2\/tags?post=589"}],"curies":[{"name":"wp","href":"https:\/\/api.w.org\/{rel}","templated":true}]}}