{"id":58936,"date":"2012-04-02T19:03:06","date_gmt":"2012-04-02T18:03:06","guid":{"rendered":"http:\/\/www.visit-ulcinj.com\/blog\/?p=58936"},"modified":"2016-04-03T10:28:58","modified_gmt":"2016-04-03T09:28:58","slug":"ndermarrja-ndertimore-eko-fer-ulqin","status":"publish","type":"post","link":"https:\/\/www.visit-ulcinj.com\/blog\/2012\/04\/02\/ndermarrja-ndertimore-eko-fer-ulqin\/","title":{"rendered":"Nd\u00ebrmarrja Nd\u00ebrtimore Eko Fer Ulqin"},"content":{"rendered":"<p><strong>Grupi EKO FER esht\u00eb nd\u00ebrmarje p\u00ebr nd\u00ebrtimtari n\u00eb komun\u00ebn e Ulqinit.<\/strong><\/p>\n<p>EKO FER &#8211; Nd\u00ebrtimtari \u2013 Ulqin \u00ebsht\u00eb themeluar m\u00eb 2009, n\u00eb Ulqin si nd\u00ebrmarrje q\u00eb merrej me pun\u00eb nd\u00ebrtimore dhe zejtare, dhe me nj\u00eb madh\u00ebsi t\u00eb nj\u00eb biznesi familjar. Puna dhe sh\u00ebrbimet kualitative, korrekt\u00ebsia ndaj klientit dhe modernizimi i teknologjis\u00eb, ndihmuan q\u00eb nd\u00ebrmarrja jon\u00eb t\u00eb rritet me kalimin e koh\u00ebs.<br \/>\nMe veprimtarin\u00eb nd\u00ebrtimore kompania jon\u00eb b\u00ebn nj\u00eb t\u00ebr\u00ebsi s\u00eb bashku me tre grupet pararend\u00ebse. SI???&#8230; ME PUN\u00cb EKIPORE!!!<br \/>\nEKO PALMA Group siguron lokacionin p\u00ebr nd\u00ebrtimin e objektit me kushtet m\u00eb t\u00eb volitshme ose kontakton investuesin potencial.<br \/>\nEKO FER Group pun\u00ebson ekipin e inxhinier\u00ebve dhe teknik\u00ebve me p\u00ebrvoj\u00eb, si dhe t\u00eb murator\u00ebve, gdhend\u00ebsve, armiruesve, instaluesve t\u00eb ujit, mjesht\u00ebrve t\u00eb qeramik\u00ebs, moler\u00ebve si dhe ekspert\u00ebve t\u00eb tjer\u00eb t\u00eb nevojsh\u00ebm me p\u00ebrvoj\u00eb, t\u00eb cil\u00ebt kryejn\u00eb cilat do pun\u00eb t\u00eb vrazhda ose t\u00eb pun\u00ebve sipas sistemit me \u00e7el\u00ebs n\u00eb dor\u00eb.<br \/>\nEKO AL dhe PVC Group t\u00eb dyerve dhe dritareve prodhon dyer dhe dritare p\u00ebr objektet e nd\u00ebrtuara nga nd\u00ebrtuesit tan\u00eb.<\/p>\n<p>EKO FER Group eshte nje kompani qe operon ne sektorin e ndertimit prej afro nje dekade. Kjo kompani i ofron tregut shqiptar nje koncept te ri evropian, duke realizuar ambjente banimi dhe qendra biznesi sipas rregullave dhe standarteve perendimore. Inovacionet e fundit ne projektim dhe teknologjia e larte ne zbatim garantojne rezultate te cilesise se larte per te sotmen dhe te ardhmen.<\/p>\n<p><a href=\"http:\/\/www.msncompany.me\/index.php\/sq\/ndetimtari\" target=\"_blank\">Perqafimi i standarteve evropiane deshmon bindjen se kompania jone ka zgjedhur rrugen me te mire per ti ofruar klientit ambjente bashkekohore dhe krejtesisht cilesore.<br \/>\nPerzgjedhja e imtesishme dhe studimi i detajuar i terreneve te ndertimit perben per ne kushtin numer nje per ndermarrjen dhe realizimin e nje projekti.<\/a><\/p>\n<h3><\/h3>\n","protected":false},"excerpt":{"rendered":"<p>Grupi EKO FER esht\u00eb nd\u00ebrmarje p\u00ebr nd\u00ebrtimtari n\u00eb komun\u00ebn e Ulqinit. EKO FER &#8211; Nd\u00ebrtimtari \u2013 Ulqin \u00ebsht\u00eb themeluar m\u00eb 2009, n\u00eb Ulqin si nd\u00ebrmarrje q\u00eb merrej me pun\u00eb nd\u00ebrtimore dhe zejtare, dhe me nj\u00eb madh\u00ebsi t\u00eb nj\u00eb biznesi familjar. Puna dhe sh\u00ebrbimet kualitative, korrekt\u00ebsia ndaj klientit dhe modernizimi i teknologjis\u00eb, ndihmuan q\u00eb nd\u00ebrmarrja jon\u00eb [&hellip;]<\/p>\n","protected":false},"author":1,"featured_media":0,"comment_status":"open","ping_status":"closed","sticky":false,"template":"","format":"standard","meta":{"spay_email":"","jetpack_publicize_message":"","jetpack_is_tweetstorm":false,"jetpack_publicize_feature_enabled":true},"categories":[2451],"tags":[138,3403,4630,20,3408,20301,17568,20299,20294,3409,20297,4633,3398,4635,20293,4625,4637,4626,4631,3386,3390,3389,3388,3387,4442,3401,95,4627,79,20302,20304,20295,20298,13709,1842,4628,4634,3396,4441,4438,4632,3399,3385,22015,3405,4629,3397,20300,3404,4439,20303,3799,12567,3400,3402,12566,19,3407,3406,200,3394,18,136,20296,4636,1437,4624,1843,4440],"jetpack_publicize_connections":[],"yoast_head":"<!-- This site is optimized with the Yoast SEO plugin v19.1 - https:\/\/yoast.com\/wordpress\/plugins\/seo\/ -->\n<title>Nd\u00ebrmarrja Nd\u00ebrtimore Eko Fer Ulqin - Lajme nga Ulqini<\/title>\n<meta name=\"description\" content=\"Grupi EKO FER esht\u00eb nd\u00ebrmarje p\u00ebr nd\u00ebrtimtari n\u00eb komun\u00ebn e Ulqinit. EKO FER - Nd\u00ebrtimtari \u2013 Ulqin \u00ebsht\u00eb themeluar m\u00eb 2009, n\u00eb Ulqin si nd\u00ebrmarrje q\u00eb\" \/>\n<meta name=\"robots\" content=\"index, follow, max-snippet:-1, max-image-preview:large, max-video-preview:-1\" \/>\n<link rel=\"canonical\" href=\"https:\/\/www.visit-ulcinj.com\/blog\/2012\/04\/02\/ndermarrja-ndertimore-eko-fer-ulqin\/\" \/>\n<meta property=\"og:locale\" content=\"en_US\" \/>\n<meta property=\"og:type\" content=\"article\" \/>\n<meta property=\"og:title\" content=\"Nd\u00ebrmarrja Nd\u00ebrtimore Eko Fer Ulqin - Lajme nga Ulqini\" \/>\n<meta property=\"og:description\" content=\"Grupi EKO FER esht\u00eb nd\u00ebrmarje p\u00ebr nd\u00ebrtimtari n\u00eb komun\u00ebn e Ulqinit. EKO FER - Nd\u00ebrtimtari \u2013 Ulqin \u00ebsht\u00eb themeluar m\u00eb 2009, n\u00eb Ulqin si nd\u00ebrmarrje q\u00eb\" \/>\n<meta property=\"og:url\" content=\"https:\/\/www.visit-ulcinj.com\/blog\/2012\/04\/02\/ndermarrja-ndertimore-eko-fer-ulqin\/\" \/>\n<meta property=\"og:site_name\" content=\"Lajme nga Ulqini\" \/>\n<meta property=\"article:published_time\" content=\"2012-04-02T18:03:06+00:00\" \/>\n<meta property=\"article:modified_time\" content=\"2016-04-03T09:28:58+00:00\" \/>\n<meta name=\"twitter:label1\" content=\"Written by\" \/>\n\t<meta name=\"twitter:data1\" content=\"ulqini\" \/>\n\t<meta name=\"twitter:label2\" content=\"Est. reading time\" \/>\n\t<meta name=\"twitter:data2\" content=\"2 minutes\" \/>\n<script type=\"application\/ld+json\" class=\"yoast-schema-graph\">{\"@context\":\"https:\/\/schema.org\",\"@graph\":[{\"@type\":\"WebSite\",\"@id\":\"https:\/\/www.visit-ulcinj.com\/blog\/#website\",\"url\":\"https:\/\/www.visit-ulcinj.com\/blog\/\",\"name\":\"Lajme nga Ulqini\",\"description\":\"Lajme,Vijesti,Ulqini,Ulqin,Crna Gora,Mali i Zi\",\"potentialAction\":[{\"@type\":\"SearchAction\",\"target\":{\"@type\":\"EntryPoint\",\"urlTemplate\":\"https:\/\/www.visit-ulcinj.com\/blog\/?s={search_term_string}\"},\"query-input\":\"required name=search_term_string\"}],\"inLanguage\":\"en-US\"},{\"@type\":\"WebPage\",\"@id\":\"https:\/\/www.visit-ulcinj.com\/blog\/2012\/04\/02\/ndermarrja-ndertimore-eko-fer-ulqin\/#webpage\",\"url\":\"https:\/\/www.visit-ulcinj.com\/blog\/2012\/04\/02\/ndermarrja-ndertimore-eko-fer-ulqin\/\",\"name\":\"Nd\u00ebrmarrja Nd\u00ebrtimore Eko Fer Ulqin - Lajme nga Ulqini\",\"isPartOf\":{\"@id\":\"https:\/\/www.visit-ulcinj.com\/blog\/#website\"},\"datePublished\":\"2012-04-02T18:03:06+00:00\",\"dateModified\":\"2016-04-03T09:28:58+00:00\",\"author\":{\"@id\":\"https:\/\/www.visit-ulcinj.com\/blog\/#\/schema\/person\/dcab619c614d3038751c63bc2aadc06d\"},\"description\":\"Grupi EKO FER esht\u00eb nd\u00ebrmarje p\u00ebr nd\u00ebrtimtari n\u00eb komun\u00ebn e Ulqinit. EKO FER - Nd\u00ebrtimtari \u2013 Ulqin \u00ebsht\u00eb themeluar m\u00eb 2009, n\u00eb Ulqin si nd\u00ebrmarrje q\u00eb\",\"breadcrumb\":{\"@id\":\"https:\/\/www.visit-ulcinj.com\/blog\/2012\/04\/02\/ndermarrja-ndertimore-eko-fer-ulqin\/#breadcrumb\"},\"inLanguage\":\"en-US\",\"potentialAction\":[{\"@type\":\"ReadAction\",\"target\":[\"https:\/\/www.visit-ulcinj.com\/blog\/2012\/04\/02\/ndermarrja-ndertimore-eko-fer-ulqin\/\"]}]},{\"@type\":\"BreadcrumbList\",\"@id\":\"https:\/\/www.visit-ulcinj.com\/blog\/2012\/04\/02\/ndermarrja-ndertimore-eko-fer-ulqin\/#breadcrumb\",\"itemListElement\":[{\"@type\":\"ListItem\",\"position\":1,\"name\":\"Nd\u00ebrmarrja Nd\u00ebrtimore Eko Fer Ulqin\"}]},{\"@type\":\"Person\",\"@id\":\"https:\/\/www.visit-ulcinj.com\/blog\/#\/schema\/person\/dcab619c614d3038751c63bc2aadc06d\",\"name\":\"ulqini\",\"sameAs\":[\"http:\/\/www.visit-ulcinj.com\"],\"url\":\"https:\/\/www.visit-ulcinj.com\/blog\/author\/admin\/\"}]}<\/script>\n<!-- \/ Yoast SEO plugin. -->","yoast_head_json":{"title":"Nd\u00ebrmarrja Nd\u00ebrtimore Eko Fer Ulqin - Lajme nga Ulqini","description":"Grupi EKO FER esht\u00eb nd\u00ebrmarje p\u00ebr nd\u00ebrtimtari n\u00eb komun\u00ebn e Ulqinit. EKO FER - Nd\u00ebrtimtari \u2013 Ulqin \u00ebsht\u00eb themeluar m\u00eb 2009, n\u00eb Ulqin si nd\u00ebrmarrje q\u00eb","robots":{"index":"index","follow":"follow","max-snippet":"max-snippet:-1","max-image-preview":"max-image-preview:large","max-video-preview":"max-video-preview:-1"},"canonical":"https:\/\/www.visit-ulcinj.com\/blog\/2012\/04\/02\/ndermarrja-ndertimore-eko-fer-ulqin\/","og_locale":"en_US","og_type":"article","og_title":"Nd\u00ebrmarrja Nd\u00ebrtimore Eko Fer Ulqin - Lajme nga Ulqini","og_description":"Grupi EKO FER esht\u00eb nd\u00ebrmarje p\u00ebr nd\u00ebrtimtari n\u00eb komun\u00ebn e Ulqinit. EKO FER - Nd\u00ebrtimtari \u2013 Ulqin \u00ebsht\u00eb themeluar m\u00eb 2009, n\u00eb Ulqin si nd\u00ebrmarrje q\u00eb","og_url":"https:\/\/www.visit-ulcinj.com\/blog\/2012\/04\/02\/ndermarrja-ndertimore-eko-fer-ulqin\/","og_site_name":"Lajme nga Ulqini","article_published_time":"2012-04-02T18:03:06+00:00","article_modified_time":"2016-04-03T09:28:58+00:00","twitter_misc":{"Written by":"ulqini","Est. reading time":"2 minutes"},"schema":{"@context":"https:\/\/schema.org","@graph":[{"@type":"WebSite","@id":"https:\/\/www.visit-ulcinj.com\/blog\/#website","url":"https:\/\/www.visit-ulcinj.com\/blog\/","name":"Lajme nga Ulqini","description":"Lajme,Vijesti,Ulqini,Ulqin,Crna Gora,Mali i Zi","potentialAction":[{"@type":"SearchAction","target":{"@type":"EntryPoint","urlTemplate":"https:\/\/www.visit-ulcinj.com\/blog\/?s={search_term_string}"},"query-input":"required name=search_term_string"}],"inLanguage":"en-US"},{"@type":"WebPage","@id":"https:\/\/www.visit-ulcinj.com\/blog\/2012\/04\/02\/ndermarrja-ndertimore-eko-fer-ulqin\/#webpage","url":"https:\/\/www.visit-ulcinj.com\/blog\/2012\/04\/02\/ndermarrja-ndertimore-eko-fer-ulqin\/","name":"Nd\u00ebrmarrja Nd\u00ebrtimore Eko Fer Ulqin - Lajme nga Ulqini","isPartOf":{"@id":"https:\/\/www.visit-ulcinj.com\/blog\/#website"},"datePublished":"2012-04-02T18:03:06+00:00","dateModified":"2016-04-03T09:28:58+00:00","author":{"@id":"https:\/\/www.visit-ulcinj.com\/blog\/#\/schema\/person\/dcab619c614d3038751c63bc2aadc06d"},"description":"Grupi EKO FER esht\u00eb nd\u00ebrmarje p\u00ebr nd\u00ebrtimtari n\u00eb komun\u00ebn e Ulqinit. EKO FER - Nd\u00ebrtimtari \u2013 Ulqin \u00ebsht\u00eb themeluar m\u00eb 2009, n\u00eb Ulqin si nd\u00ebrmarrje q\u00eb","breadcrumb":{"@id":"https:\/\/www.visit-ulcinj.com\/blog\/2012\/04\/02\/ndermarrja-ndertimore-eko-fer-ulqin\/#breadcrumb"},"inLanguage":"en-US","potentialAction":[{"@type":"ReadAction","target":["https:\/\/www.visit-ulcinj.com\/blog\/2012\/04\/02\/ndermarrja-ndertimore-eko-fer-ulqin\/"]}]},{"@type":"BreadcrumbList","@id":"https:\/\/www.visit-ulcinj.com\/blog\/2012\/04\/02\/ndermarrja-ndertimore-eko-fer-ulqin\/#breadcrumb","itemListElement":[{"@type":"ListItem","position":1,"name":"Nd\u00ebrmarrja Nd\u00ebrtimore Eko Fer Ulqin"}]},{"@type":"Person","@id":"https:\/\/www.visit-ulcinj.com\/blog\/#\/schema\/person\/dcab619c614d3038751c63bc2aadc06d","name":"ulqini","sameAs":["http:\/\/www.visit-ulcinj.com"],"url":"https:\/\/www.visit-ulcinj.com\/blog\/author\/admin\/"}]}},"jetpack_featured_media_url":"","jetpack_sharing_enabled":true,"jetpack_shortlink":"https:\/\/wp.me\/pe6lTn-fkA","_links":{"self":[{"href":"https:\/\/www.visit-ulcinj.com\/blog\/wp-json\/wp\/v2\/posts\/58936"}],"collection":[{"href":"https:\/\/www.visit-ulcinj.com\/blog\/wp-json\/wp\/v2\/posts"}],"about":[{"href":"https:\/\/www.visit-ulcinj.com\/blog\/wp-json\/wp\/v2\/types\/post"}],"author":[{"embeddable":true,"href":"https:\/\/www.visit-ulcinj.com\/blog\/wp-json\/wp\/v2\/users\/1"}],"replies":[{"embeddable":true,"href":"https:\/\/www.visit-ulcinj.com\/blog\/wp-json\/wp\/v2\/comments?post=58936"}],"version-history":[{"count":8,"href":"https:\/\/www.visit-ulcinj.com\/blog\/wp-json\/wp\/v2\/posts\/58936\/revisions"}],"predecessor-version":[{"id":95855,"href":"https:\/\/www.visit-ulcinj.com\/blog\/wp-json\/wp\/v2\/posts\/58936\/revisions\/95855"}],"wp:attachment":[{"href":"https:\/\/www.visit-ulcinj.com\/blog\/wp-json\/wp\/v2\/media?parent=58936"}],"wp:term":[{"taxonomy":"category","embeddable":true,"href":"https:\/\/www.visit-ulcinj.com\/blog\/wp-json\/wp\/v2\/categories?post=58936"},{"taxonomy":"post_tag","embeddable":true,"href":"https:\/\/www.visit-ulcinj.com\/blog\/wp-json\/wp\/v2\/tags?post=58936"}],"curies":[{"name":"wp","href":"https:\/\/api.w.org\/{rel}","templated":true}]}}