{"id":58949,"date":"2012-04-03T17:59:03","date_gmt":"2012-04-03T16:59:03","guid":{"rendered":"http:\/\/www.visit-ulcinj.com\/blog\/?p=58949"},"modified":"2012-04-03T18:02:59","modified_gmt":"2012-04-03T17:02:59","slug":"qeveria-malazeze-kriporen-e-ulqinit-do-e-ruan-per-vete","status":"publish","type":"post","link":"https:\/\/www.visit-ulcinj.com\/blog\/2012\/04\/03\/qeveria-malazeze-kriporen-e-ulqinit-do-e-ruan-per-vete\/","title":{"rendered":"Qeveria malazeze &#8220;Kriporen e Ulqinit&#8221; do e ruan p\u00ebr vete"},"content":{"rendered":"<p><a href=\"http:\/\/www.visit-ulcinj.com\/blog\/wp-content\/uploads\/2012\/04\/Kriporja-e-Ulqinit.jpg\"><img loading=\"lazy\" class=\"alignleft  wp-image-58950\" title=\"Kriporja e Ulqinit\" src=\"http:\/\/www.visit-ulcinj.com\/blog\/wp-content\/uploads\/2012\/04\/Kriporja-e-Ulqinit.jpg\" alt=\"\" width=\"508\" height=\"360\" \/><\/a>Qeveria e Malit t\u00eb Zi ka vendosur q\u00eb Kriporen e Ulqinit &#8220;ta ruaj\u00eb p\u00ebr vete\u201c edhe t\u00eb mos lejoj\u00eb valorizimin e saj n\u00eb kompleks turistik.,njofton KosovaLive.<br \/>\nSipas Gazet\u00ebs t\u00eb p\u00ebrdit\u00ebshme Dnevne Novine,Kriporja e Ulqinit nuk do mundet t\u00eb valorizohet si kompleks turistik dhe as t\u00eb nd\u00ebrtohen hotele n\u00eb k\u00ebt\u00eb zone t\u00eb rezervatit \u00a0natyror .<\/p>\n<p>Gazeta Dnevne Novine,njofton se borxhi i kompanis,sillet prej tre deri n\u00eb pes\u00eb million euro.<\/p>\n<p><strong>Lajme nga Ulqini<\/strong><\/p>\n","protected":false},"excerpt":{"rendered":"<p>Qeveria e Malit t\u00eb Zi ka vendosur q\u00eb Kriporen e Ulqinit &#8220;ta ruaj\u00eb p\u00ebr vete\u201c edhe t\u00eb mos lejoj\u00eb valorizimin e saj n\u00eb kompleks turistik.,njofton KosovaLive. Sipas Gazet\u00ebs t\u00eb p\u00ebrdit\u00ebshme Dnevne Novine,Kriporja e Ulqinit nuk do mundet t\u00eb valorizohet si kompleks turistik dhe as t\u00eb nd\u00ebrtohen hotele n\u00eb k\u00ebt\u00eb zone t\u00eb rezervatit \u00a0natyror . Gazeta [&hellip;]<\/p>\n","protected":false},"author":1,"featured_media":0,"comment_status":"open","ping_status":"closed","sticky":false,"template":"","format":"standard","meta":{"spay_email":"","jetpack_publicize_message":"","jetpack_is_tweetstorm":false,"jetpack_publicize_feature_enabled":true},"categories":[10],"tags":[2370,20305,11071,200,18],"jetpack_publicize_connections":[],"yoast_head":"<!-- This site is optimized with the Yoast SEO plugin v19.1 - https:\/\/yoast.com\/wordpress\/plugins\/seo\/ -->\n<title>Qeveria malazeze &quot;Kriporen e Ulqinit&quot; do e ruan p\u00ebr vete - Lajme nga Ulqini<\/title>\n<meta name=\"description\" content=\"Qeveria e Malit t\u00eb Zi ka vendosur q\u00eb Kriporen e Ulqinit &quot;ta ruaj\u00eb p\u00ebr vete\u201c edhe t\u00eb mos lejoj\u00eb valorizimin e saj n\u00eb kompleks turistik.,njofton KosovaLive.\" \/>\n<meta name=\"robots\" content=\"index, follow, max-snippet:-1, max-image-preview:large, max-video-preview:-1\" \/>\n<link rel=\"canonical\" href=\"https:\/\/www.visit-ulcinj.com\/blog\/2012\/04\/03\/qeveria-malazeze-kriporen-e-ulqinit-do-e-ruan-per-vete\/\" \/>\n<meta property=\"og:locale\" content=\"en_US\" \/>\n<meta property=\"og:type\" content=\"article\" \/>\n<meta property=\"og:title\" content=\"Qeveria malazeze &quot;Kriporen e Ulqinit&quot; do e ruan p\u00ebr vete - Lajme nga Ulqini\" \/>\n<meta property=\"og:description\" content=\"Qeveria e Malit t\u00eb Zi ka vendosur q\u00eb Kriporen e Ulqinit &quot;ta ruaj\u00eb p\u00ebr vete\u201c edhe t\u00eb mos lejoj\u00eb valorizimin e saj n\u00eb kompleks turistik.,njofton KosovaLive.\" \/>\n<meta property=\"og:url\" content=\"https:\/\/www.visit-ulcinj.com\/blog\/2012\/04\/03\/qeveria-malazeze-kriporen-e-ulqinit-do-e-ruan-per-vete\/\" \/>\n<meta property=\"og:site_name\" content=\"Lajme nga Ulqini\" \/>\n<meta property=\"article:published_time\" content=\"2012-04-03T16:59:03+00:00\" \/>\n<meta property=\"article:modified_time\" content=\"2012-04-03T17:02:59+00:00\" \/>\n<meta property=\"og:image\" content=\"http:\/\/www.visit-ulcinj.com\/blog\/wp-content\/uploads\/2012\/04\/Kriporja-e-Ulqinit.jpg\" \/>\n<meta name=\"twitter:label1\" content=\"Written by\" \/>\n\t<meta name=\"twitter:data1\" content=\"ulqini\" \/>\n<script type=\"application\/ld+json\" class=\"yoast-schema-graph\">{\"@context\":\"https:\/\/schema.org\",\"@graph\":[{\"@type\":\"WebSite\",\"@id\":\"https:\/\/www.visit-ulcinj.com\/blog\/#website\",\"url\":\"https:\/\/www.visit-ulcinj.com\/blog\/\",\"name\":\"Lajme nga Ulqini\",\"description\":\"Lajme,Vijesti,Ulqini,Ulqin,Crna Gora,Mali i Zi\",\"potentialAction\":[{\"@type\":\"SearchAction\",\"target\":{\"@type\":\"EntryPoint\",\"urlTemplate\":\"https:\/\/www.visit-ulcinj.com\/blog\/?s={search_term_string}\"},\"query-input\":\"required name=search_term_string\"}],\"inLanguage\":\"en-US\"},{\"@type\":\"ImageObject\",\"inLanguage\":\"en-US\",\"@id\":\"https:\/\/www.visit-ulcinj.com\/blog\/2012\/04\/03\/qeveria-malazeze-kriporen-e-ulqinit-do-e-ruan-per-vete\/#primaryimage\",\"url\":\"https:\/\/www.visit-ulcinj.com\/blog\/wp-content\/uploads\/2012\/04\/Kriporja-e-Ulqinit.jpg\",\"contentUrl\":\"https:\/\/www.visit-ulcinj.com\/blog\/wp-content\/uploads\/2012\/04\/Kriporja-e-Ulqinit.jpg\",\"width\":\"1000\",\"height\":\"438\"},{\"@type\":\"WebPage\",\"@id\":\"https:\/\/www.visit-ulcinj.com\/blog\/2012\/04\/03\/qeveria-malazeze-kriporen-e-ulqinit-do-e-ruan-per-vete\/#webpage\",\"url\":\"https:\/\/www.visit-ulcinj.com\/blog\/2012\/04\/03\/qeveria-malazeze-kriporen-e-ulqinit-do-e-ruan-per-vete\/\",\"name\":\"Qeveria malazeze \\\"Kriporen e Ulqinit\\\" do e ruan p\u00ebr vete - Lajme nga Ulqini\",\"isPartOf\":{\"@id\":\"https:\/\/www.visit-ulcinj.com\/blog\/#website\"},\"primaryImageOfPage\":{\"@id\":\"https:\/\/www.visit-ulcinj.com\/blog\/2012\/04\/03\/qeveria-malazeze-kriporen-e-ulqinit-do-e-ruan-per-vete\/#primaryimage\"},\"datePublished\":\"2012-04-03T16:59:03+00:00\",\"dateModified\":\"2012-04-03T17:02:59+00:00\",\"author\":{\"@id\":\"https:\/\/www.visit-ulcinj.com\/blog\/#\/schema\/person\/dcab619c614d3038751c63bc2aadc06d\"},\"description\":\"Qeveria e Malit t\u00eb Zi ka vendosur q\u00eb Kriporen e Ulqinit \\\"ta ruaj\u00eb p\u00ebr vete\u201c edhe t\u00eb mos lejoj\u00eb valorizimin e saj n\u00eb kompleks turistik.,njofton KosovaLive.\",\"breadcrumb\":{\"@id\":\"https:\/\/www.visit-ulcinj.com\/blog\/2012\/04\/03\/qeveria-malazeze-kriporen-e-ulqinit-do-e-ruan-per-vete\/#breadcrumb\"},\"inLanguage\":\"en-US\",\"potentialAction\":[{\"@type\":\"ReadAction\",\"target\":[\"https:\/\/www.visit-ulcinj.com\/blog\/2012\/04\/03\/qeveria-malazeze-kriporen-e-ulqinit-do-e-ruan-per-vete\/\"]}]},{\"@type\":\"BreadcrumbList\",\"@id\":\"https:\/\/www.visit-ulcinj.com\/blog\/2012\/04\/03\/qeveria-malazeze-kriporen-e-ulqinit-do-e-ruan-per-vete\/#breadcrumb\",\"itemListElement\":[{\"@type\":\"ListItem\",\"position\":1,\"name\":\"Qeveria malazeze &#8220;Kriporen e Ulqinit&#8221; do e ruan p\u00ebr vete\"}]},{\"@type\":\"Person\",\"@id\":\"https:\/\/www.visit-ulcinj.com\/blog\/#\/schema\/person\/dcab619c614d3038751c63bc2aadc06d\",\"name\":\"ulqini\",\"sameAs\":[\"http:\/\/www.visit-ulcinj.com\"],\"url\":\"https:\/\/www.visit-ulcinj.com\/blog\/author\/admin\/\"}]}<\/script>\n<!-- \/ Yoast SEO plugin. -->","yoast_head_json":{"title":"Qeveria malazeze \"Kriporen e Ulqinit\" do e ruan p\u00ebr vete - Lajme nga Ulqini","description":"Qeveria e Malit t\u00eb Zi ka vendosur q\u00eb Kriporen e Ulqinit \"ta ruaj\u00eb p\u00ebr vete\u201c edhe t\u00eb mos lejoj\u00eb valorizimin e saj n\u00eb kompleks turistik.,njofton KosovaLive.","robots":{"index":"index","follow":"follow","max-snippet":"max-snippet:-1","max-image-preview":"max-image-preview:large","max-video-preview":"max-video-preview:-1"},"canonical":"https:\/\/www.visit-ulcinj.com\/blog\/2012\/04\/03\/qeveria-malazeze-kriporen-e-ulqinit-do-e-ruan-per-vete\/","og_locale":"en_US","og_type":"article","og_title":"Qeveria malazeze \"Kriporen e Ulqinit\" do e ruan p\u00ebr vete - Lajme nga Ulqini","og_description":"Qeveria e Malit t\u00eb Zi ka vendosur q\u00eb Kriporen e Ulqinit \"ta ruaj\u00eb p\u00ebr vete\u201c edhe t\u00eb mos lejoj\u00eb valorizimin e saj n\u00eb kompleks turistik.,njofton KosovaLive.","og_url":"https:\/\/www.visit-ulcinj.com\/blog\/2012\/04\/03\/qeveria-malazeze-kriporen-e-ulqinit-do-e-ruan-per-vete\/","og_site_name":"Lajme nga Ulqini","article_published_time":"2012-04-03T16:59:03+00:00","article_modified_time":"2012-04-03T17:02:59+00:00","og_image":[{"url":"http:\/\/www.visit-ulcinj.com\/blog\/wp-content\/uploads\/2012\/04\/Kriporja-e-Ulqinit.jpg"}],"twitter_misc":{"Written by":"ulqini"},"schema":{"@context":"https:\/\/schema.org","@graph":[{"@type":"WebSite","@id":"https:\/\/www.visit-ulcinj.com\/blog\/#website","url":"https:\/\/www.visit-ulcinj.com\/blog\/","name":"Lajme nga Ulqini","description":"Lajme,Vijesti,Ulqini,Ulqin,Crna Gora,Mali i Zi","potentialAction":[{"@type":"SearchAction","target":{"@type":"EntryPoint","urlTemplate":"https:\/\/www.visit-ulcinj.com\/blog\/?s={search_term_string}"},"query-input":"required name=search_term_string"}],"inLanguage":"en-US"},{"@type":"ImageObject","inLanguage":"en-US","@id":"https:\/\/www.visit-ulcinj.com\/blog\/2012\/04\/03\/qeveria-malazeze-kriporen-e-ulqinit-do-e-ruan-per-vete\/#primaryimage","url":"https:\/\/www.visit-ulcinj.com\/blog\/wp-content\/uploads\/2012\/04\/Kriporja-e-Ulqinit.jpg","contentUrl":"https:\/\/www.visit-ulcinj.com\/blog\/wp-content\/uploads\/2012\/04\/Kriporja-e-Ulqinit.jpg","width":"1000","height":"438"},{"@type":"WebPage","@id":"https:\/\/www.visit-ulcinj.com\/blog\/2012\/04\/03\/qeveria-malazeze-kriporen-e-ulqinit-do-e-ruan-per-vete\/#webpage","url":"https:\/\/www.visit-ulcinj.com\/blog\/2012\/04\/03\/qeveria-malazeze-kriporen-e-ulqinit-do-e-ruan-per-vete\/","name":"Qeveria malazeze \"Kriporen e Ulqinit\" do e ruan p\u00ebr vete - Lajme nga Ulqini","isPartOf":{"@id":"https:\/\/www.visit-ulcinj.com\/blog\/#website"},"primaryImageOfPage":{"@id":"https:\/\/www.visit-ulcinj.com\/blog\/2012\/04\/03\/qeveria-malazeze-kriporen-e-ulqinit-do-e-ruan-per-vete\/#primaryimage"},"datePublished":"2012-04-03T16:59:03+00:00","dateModified":"2012-04-03T17:02:59+00:00","author":{"@id":"https:\/\/www.visit-ulcinj.com\/blog\/#\/schema\/person\/dcab619c614d3038751c63bc2aadc06d"},"description":"Qeveria e Malit t\u00eb Zi ka vendosur q\u00eb Kriporen e Ulqinit \"ta ruaj\u00eb p\u00ebr vete\u201c edhe t\u00eb mos lejoj\u00eb valorizimin e saj n\u00eb kompleks turistik.,njofton KosovaLive.","breadcrumb":{"@id":"https:\/\/www.visit-ulcinj.com\/blog\/2012\/04\/03\/qeveria-malazeze-kriporen-e-ulqinit-do-e-ruan-per-vete\/#breadcrumb"},"inLanguage":"en-US","potentialAction":[{"@type":"ReadAction","target":["https:\/\/www.visit-ulcinj.com\/blog\/2012\/04\/03\/qeveria-malazeze-kriporen-e-ulqinit-do-e-ruan-per-vete\/"]}]},{"@type":"BreadcrumbList","@id":"https:\/\/www.visit-ulcinj.com\/blog\/2012\/04\/03\/qeveria-malazeze-kriporen-e-ulqinit-do-e-ruan-per-vete\/#breadcrumb","itemListElement":[{"@type":"ListItem","position":1,"name":"Qeveria malazeze &#8220;Kriporen e Ulqinit&#8221; do e ruan p\u00ebr vete"}]},{"@type":"Person","@id":"https:\/\/www.visit-ulcinj.com\/blog\/#\/schema\/person\/dcab619c614d3038751c63bc2aadc06d","name":"ulqini","sameAs":["http:\/\/www.visit-ulcinj.com"],"url":"https:\/\/www.visit-ulcinj.com\/blog\/author\/admin\/"}]}},"jetpack_featured_media_url":"","jetpack_sharing_enabled":true,"jetpack_shortlink":"https:\/\/wp.me\/pe6lTn-fkN","_links":{"self":[{"href":"https:\/\/www.visit-ulcinj.com\/blog\/wp-json\/wp\/v2\/posts\/58949"}],"collection":[{"href":"https:\/\/www.visit-ulcinj.com\/blog\/wp-json\/wp\/v2\/posts"}],"about":[{"href":"https:\/\/www.visit-ulcinj.com\/blog\/wp-json\/wp\/v2\/types\/post"}],"author":[{"embeddable":true,"href":"https:\/\/www.visit-ulcinj.com\/blog\/wp-json\/wp\/v2\/users\/1"}],"replies":[{"embeddable":true,"href":"https:\/\/www.visit-ulcinj.com\/blog\/wp-json\/wp\/v2\/comments?post=58949"}],"version-history":[{"count":5,"href":"https:\/\/www.visit-ulcinj.com\/blog\/wp-json\/wp\/v2\/posts\/58949\/revisions"}],"predecessor-version":[{"id":58954,"href":"https:\/\/www.visit-ulcinj.com\/blog\/wp-json\/wp\/v2\/posts\/58949\/revisions\/58954"}],"wp:attachment":[{"href":"https:\/\/www.visit-ulcinj.com\/blog\/wp-json\/wp\/v2\/media?parent=58949"}],"wp:term":[{"taxonomy":"category","embeddable":true,"href":"https:\/\/www.visit-ulcinj.com\/blog\/wp-json\/wp\/v2\/categories?post=58949"},{"taxonomy":"post_tag","embeddable":true,"href":"https:\/\/www.visit-ulcinj.com\/blog\/wp-json\/wp\/v2\/tags?post=58949"}],"curies":[{"name":"wp","href":"https:\/\/api.w.org\/{rel}","templated":true}]}}