{"id":58966,"date":"2012-04-04T16:25:28","date_gmt":"2012-04-04T15:25:28","guid":{"rendered":"http:\/\/www.visit-ulcinj.com\/blog\/?p=58966"},"modified":"2012-04-04T16:25:28","modified_gmt":"2012-04-04T15:25:28","slug":"ulcinj-grad-maslinovog-ulja","status":"publish","type":"post","link":"https:\/\/www.visit-ulcinj.com\/blog\/2012\/04\/04\/ulcinj-grad-maslinovog-ulja\/","title":{"rendered":"Ulcinj grad maslinovog ulja"},"content":{"rendered":"<p><a href=\"http:\/\/www.visit-ulcinj.com\/blog\/wp-content\/uploads\/2012\/04\/Ulcinj-grad-maslinovog-ulja-.jpg\"><img loading=\"lazy\" class=\"alignleft  wp-image-58968\" title=\"Ulcinj grad maslinovog ulja\" src=\"http:\/\/www.visit-ulcinj.com\/blog\/wp-content\/uploads\/2012\/04\/Ulcinj-grad-maslinovog-ulja-.jpg\" alt=\"\" width=\"508\" height=\"310\" \/><\/a>ULCINj \u2013 Jednoglasnom odlukom odbornika lokalnog parlamenta Ulcinj od ju\u010de ima status grada maslinovog ulja, \u010dime se pridru\u017eio op\u0161tinama Bar, Kotor i Tivat, koje su ranije donijele tu odluku kao i odluku da pristupe Mre\u017ei mediteranskih gradova maslinovog ulja. Podsjetimo, ta odluka se na\u0161la na dnevnom redu nakon \u0161to je Udru\u017eenje maslinara Ulcinja podnijelo inicijativu za progla\u0161enje Ulcinja gradom maslinovog ulja. Maslinarstvo predstavlja dio prirodnog i kulturnog nasle\u0111a i tradiciju Ulcinja, a maslinari smatraju da op\u0161tina ima potencijal i ispunjava uslove za razvoj maslinarstva.<br \/>\n\u2013 \u017delimo da o\u010duvamo, promovi\u0161emo i unaprijedimo \u017eivotnu sredinu, odnosno maslinjake, koji predstavljaju prirodno blago i obilje\u017eje ovog podru\u010dja, te predla\u017eemo Skup\u0161tini da usvoji Odluku o progla\u0161enju, \u010dime se stvaraju uslovi za uklju\u010denje na\u0161eg grada u mre\u017eu gradova maslinovog ulja u Crnoj Gori i sa njima zajedno u mre\u017eu mediteranskih gradova maslinovog ulja \u2013 smatraju u Udru\u017eenju maslinara.<br \/>\n<a href=\"http:\/\/www.visit-ulcinj.com\/blog\/wp-content\/uploads\/2012\/04\/Ulcinj-grad-maslinovog-ulja-.1.jpg\"><img loading=\"lazy\" class=\"alignleft  wp-image-58969\" title=\"Ulcinj grad maslinovog ulja .1\" src=\"http:\/\/www.visit-ulcinj.com\/blog\/wp-content\/uploads\/2012\/04\/Ulcinj-grad-maslinovog-ulja-.1.jpg\" alt=\"\" width=\"508\" height=\"300\" \/><\/a><br \/>\nInicijativu maslinara generalno su podr\u017eali svi odborni\u010dki klubovi, mada je bilo rasprave oko nekih tehni\u010dkih pitanja, odnosno forme predlo\u017eene odluke. U fokusu odborni\u010dkih izlaganja na\u0161la se i maslinada u Valdanosu, oko koje su ne\u0161to \u017eustrije polemisali odbornik Force Fuad Had\u017eibeti i odbornik DUA Meto Zenka.<br \/>\nDok je Had\u017eibeti tvrdio da \u0107e se ova odluka pozitivno odraziti na o\u010duvanje maslinade u Valdanosu i \u010ditavog tog lokaliteta, Zenka ga je optu\u017eio da dezavui\u0161e javnost.<br \/>\n\u2013 Name\u0107ete se kao za\u0161titnici Valdanosa i maslina a \u0107utite o deklaraciji koju smo ovdje usvojili i pozvali i ohrabrili investitiore da ula\u017eu na obali. Ka\u017eite javnosti da se to odnosi i na Valdanos, pa \u0107ete \u010duti i \u0161ta mi imamo da ka\u017eemo \u2013 odgovorio je Zenka.<br \/>\nSkup\u0161tina je usvojila Odluku ku\u0107nom redu u stambenim zgradama i nu\u017enim radovima u stambenim zgradama. Izabran je i Savjet lokalnog javnog emitera \u201eRadio Televizija \u2013 Ulcinj\u201d, za koji je dio opozicionih partija imao primjedbi da je jednonacionalan te da ne ispunjava uslove po pitanju struke.<\/p>\n<p><a href=\"http:\/\/www.dan.co.me\/?nivo=3&amp;rubrika=Regioni&amp;datum=2012-04-03&amp;clanak=326299\" target=\"_blank\"><strong>M.K.<\/strong><br \/>\n<strong> Izvor: DAN<\/strong><\/a><\/p>\n","protected":false},"excerpt":{"rendered":"<p>ULCINj \u2013 Jednoglasnom odlukom odbornika lokalnog parlamenta Ulcinj od ju\u010de ima status grada maslinovog ulja, \u010dime se pridru\u017eio op\u0161tinama Bar, Kotor i Tivat, koje su ranije donijele tu odluku kao i odluku da pristupe Mre\u017ei mediteranskih gradova maslinovog ulja. Podsjetimo, ta odluka se na\u0161la na dnevnom redu nakon \u0161to je Udru\u017eenje maslinara Ulcinja podnijelo inicijativu [&hellip;]<\/p>\n","protected":false},"author":1,"featured_media":0,"comment_status":"open","ping_status":"closed","sticky":false,"template":"","format":"standard","meta":{"spay_email":"","jetpack_publicize_message":"","jetpack_is_tweetstorm":false,"jetpack_publicize_feature_enabled":true},"categories":[8337],"tags":[17857,17235,19],"jetpack_publicize_connections":[],"yoast_head":"<!-- This site is optimized with the Yoast SEO plugin v19.1 - https:\/\/yoast.com\/wordpress\/plugins\/seo\/ -->\n<title>Ulcinj grad maslinovog ulja - Lajme nga Ulqini<\/title>\n<meta name=\"description\" content=\"ULCINj \u2013 Jednoglasnom odlukom odbornika lokalnog parlamenta Ulcinj od ju\u010de ima status grada maslinovog ulja, \u010dime se pridru\u017eio op\u0161tinama Bar, Kotor i\" \/>\n<meta name=\"robots\" content=\"index, follow, max-snippet:-1, max-image-preview:large, max-video-preview:-1\" \/>\n<link rel=\"canonical\" href=\"https:\/\/www.visit-ulcinj.com\/blog\/2012\/04\/04\/ulcinj-grad-maslinovog-ulja\/\" \/>\n<meta property=\"og:locale\" content=\"en_US\" \/>\n<meta property=\"og:type\" content=\"article\" \/>\n<meta property=\"og:title\" content=\"Ulcinj grad maslinovog ulja - Lajme nga Ulqini\" \/>\n<meta property=\"og:description\" content=\"ULCINj \u2013 Jednoglasnom odlukom odbornika lokalnog parlamenta Ulcinj od ju\u010de ima status grada maslinovog ulja, \u010dime se pridru\u017eio op\u0161tinama Bar, Kotor i\" \/>\n<meta property=\"og:url\" content=\"https:\/\/www.visit-ulcinj.com\/blog\/2012\/04\/04\/ulcinj-grad-maslinovog-ulja\/\" \/>\n<meta property=\"og:site_name\" content=\"Lajme nga Ulqini\" \/>\n<meta property=\"article:published_time\" content=\"2012-04-04T15:25:28+00:00\" \/>\n<meta property=\"og:image\" content=\"http:\/\/www.visit-ulcinj.com\/blog\/wp-content\/uploads\/2012\/04\/Ulcinj-grad-maslinovog-ulja-.jpg\" \/>\n<meta name=\"twitter:label1\" content=\"Written by\" \/>\n\t<meta name=\"twitter:data1\" content=\"ulqini\" \/>\n\t<meta name=\"twitter:label2\" content=\"Est. reading time\" \/>\n\t<meta name=\"twitter:data2\" content=\"2 minutes\" \/>\n<script type=\"application\/ld+json\" class=\"yoast-schema-graph\">{\"@context\":\"https:\/\/schema.org\",\"@graph\":[{\"@type\":\"WebSite\",\"@id\":\"https:\/\/www.visit-ulcinj.com\/blog\/#website\",\"url\":\"https:\/\/www.visit-ulcinj.com\/blog\/\",\"name\":\"Lajme nga Ulqini\",\"description\":\"Lajme,Vijesti,Ulqini,Ulqin,Crna Gora,Mali i Zi\",\"potentialAction\":[{\"@type\":\"SearchAction\",\"target\":{\"@type\":\"EntryPoint\",\"urlTemplate\":\"https:\/\/www.visit-ulcinj.com\/blog\/?s={search_term_string}\"},\"query-input\":\"required name=search_term_string\"}],\"inLanguage\":\"en-US\"},{\"@type\":\"ImageObject\",\"inLanguage\":\"en-US\",\"@id\":\"https:\/\/www.visit-ulcinj.com\/blog\/2012\/04\/04\/ulcinj-grad-maslinovog-ulja\/#primaryimage\",\"url\":\"https:\/\/www.visit-ulcinj.com\/blog\/wp-content\/uploads\/2012\/04\/Ulcinj-grad-maslinovog-ulja-.jpg\",\"contentUrl\":\"https:\/\/www.visit-ulcinj.com\/blog\/wp-content\/uploads\/2012\/04\/Ulcinj-grad-maslinovog-ulja-.jpg\",\"width\":\"800\",\"height\":\"310\"},{\"@type\":\"WebPage\",\"@id\":\"https:\/\/www.visit-ulcinj.com\/blog\/2012\/04\/04\/ulcinj-grad-maslinovog-ulja\/#webpage\",\"url\":\"https:\/\/www.visit-ulcinj.com\/blog\/2012\/04\/04\/ulcinj-grad-maslinovog-ulja\/\",\"name\":\"Ulcinj grad maslinovog ulja - Lajme nga Ulqini\",\"isPartOf\":{\"@id\":\"https:\/\/www.visit-ulcinj.com\/blog\/#website\"},\"primaryImageOfPage\":{\"@id\":\"https:\/\/www.visit-ulcinj.com\/blog\/2012\/04\/04\/ulcinj-grad-maslinovog-ulja\/#primaryimage\"},\"datePublished\":\"2012-04-04T15:25:28+00:00\",\"dateModified\":\"2012-04-04T15:25:28+00:00\",\"author\":{\"@id\":\"https:\/\/www.visit-ulcinj.com\/blog\/#\/schema\/person\/dcab619c614d3038751c63bc2aadc06d\"},\"description\":\"ULCINj \u2013 Jednoglasnom odlukom odbornika lokalnog parlamenta Ulcinj od ju\u010de ima status grada maslinovog ulja, \u010dime se pridru\u017eio op\u0161tinama Bar, Kotor i\",\"breadcrumb\":{\"@id\":\"https:\/\/www.visit-ulcinj.com\/blog\/2012\/04\/04\/ulcinj-grad-maslinovog-ulja\/#breadcrumb\"},\"inLanguage\":\"en-US\",\"potentialAction\":[{\"@type\":\"ReadAction\",\"target\":[\"https:\/\/www.visit-ulcinj.com\/blog\/2012\/04\/04\/ulcinj-grad-maslinovog-ulja\/\"]}]},{\"@type\":\"BreadcrumbList\",\"@id\":\"https:\/\/www.visit-ulcinj.com\/blog\/2012\/04\/04\/ulcinj-grad-maslinovog-ulja\/#breadcrumb\",\"itemListElement\":[{\"@type\":\"ListItem\",\"position\":1,\"name\":\"Ulcinj grad maslinovog ulja\"}]},{\"@type\":\"Person\",\"@id\":\"https:\/\/www.visit-ulcinj.com\/blog\/#\/schema\/person\/dcab619c614d3038751c63bc2aadc06d\",\"name\":\"ulqini\",\"sameAs\":[\"http:\/\/www.visit-ulcinj.com\"],\"url\":\"https:\/\/www.visit-ulcinj.com\/blog\/author\/admin\/\"}]}<\/script>\n<!-- \/ Yoast SEO plugin. -->","yoast_head_json":{"title":"Ulcinj grad maslinovog ulja - Lajme nga Ulqini","description":"ULCINj \u2013 Jednoglasnom odlukom odbornika lokalnog parlamenta Ulcinj od ju\u010de ima status grada maslinovog ulja, \u010dime se pridru\u017eio op\u0161tinama Bar, Kotor i","robots":{"index":"index","follow":"follow","max-snippet":"max-snippet:-1","max-image-preview":"max-image-preview:large","max-video-preview":"max-video-preview:-1"},"canonical":"https:\/\/www.visit-ulcinj.com\/blog\/2012\/04\/04\/ulcinj-grad-maslinovog-ulja\/","og_locale":"en_US","og_type":"article","og_title":"Ulcinj grad maslinovog ulja - Lajme nga Ulqini","og_description":"ULCINj \u2013 Jednoglasnom odlukom odbornika lokalnog parlamenta Ulcinj od ju\u010de ima status grada maslinovog ulja, \u010dime se pridru\u017eio op\u0161tinama Bar, Kotor i","og_url":"https:\/\/www.visit-ulcinj.com\/blog\/2012\/04\/04\/ulcinj-grad-maslinovog-ulja\/","og_site_name":"Lajme nga Ulqini","article_published_time":"2012-04-04T15:25:28+00:00","og_image":[{"url":"http:\/\/www.visit-ulcinj.com\/blog\/wp-content\/uploads\/2012\/04\/Ulcinj-grad-maslinovog-ulja-.jpg"}],"twitter_misc":{"Written by":"ulqini","Est. reading time":"2 minutes"},"schema":{"@context":"https:\/\/schema.org","@graph":[{"@type":"WebSite","@id":"https:\/\/www.visit-ulcinj.com\/blog\/#website","url":"https:\/\/www.visit-ulcinj.com\/blog\/","name":"Lajme nga Ulqini","description":"Lajme,Vijesti,Ulqini,Ulqin,Crna Gora,Mali i Zi","potentialAction":[{"@type":"SearchAction","target":{"@type":"EntryPoint","urlTemplate":"https:\/\/www.visit-ulcinj.com\/blog\/?s={search_term_string}"},"query-input":"required name=search_term_string"}],"inLanguage":"en-US"},{"@type":"ImageObject","inLanguage":"en-US","@id":"https:\/\/www.visit-ulcinj.com\/blog\/2012\/04\/04\/ulcinj-grad-maslinovog-ulja\/#primaryimage","url":"https:\/\/www.visit-ulcinj.com\/blog\/wp-content\/uploads\/2012\/04\/Ulcinj-grad-maslinovog-ulja-.jpg","contentUrl":"https:\/\/www.visit-ulcinj.com\/blog\/wp-content\/uploads\/2012\/04\/Ulcinj-grad-maslinovog-ulja-.jpg","width":"800","height":"310"},{"@type":"WebPage","@id":"https:\/\/www.visit-ulcinj.com\/blog\/2012\/04\/04\/ulcinj-grad-maslinovog-ulja\/#webpage","url":"https:\/\/www.visit-ulcinj.com\/blog\/2012\/04\/04\/ulcinj-grad-maslinovog-ulja\/","name":"Ulcinj grad maslinovog ulja - Lajme nga Ulqini","isPartOf":{"@id":"https:\/\/www.visit-ulcinj.com\/blog\/#website"},"primaryImageOfPage":{"@id":"https:\/\/www.visit-ulcinj.com\/blog\/2012\/04\/04\/ulcinj-grad-maslinovog-ulja\/#primaryimage"},"datePublished":"2012-04-04T15:25:28+00:00","dateModified":"2012-04-04T15:25:28+00:00","author":{"@id":"https:\/\/www.visit-ulcinj.com\/blog\/#\/schema\/person\/dcab619c614d3038751c63bc2aadc06d"},"description":"ULCINj \u2013 Jednoglasnom odlukom odbornika lokalnog parlamenta Ulcinj od ju\u010de ima status grada maslinovog ulja, \u010dime se pridru\u017eio op\u0161tinama Bar, Kotor i","breadcrumb":{"@id":"https:\/\/www.visit-ulcinj.com\/blog\/2012\/04\/04\/ulcinj-grad-maslinovog-ulja\/#breadcrumb"},"inLanguage":"en-US","potentialAction":[{"@type":"ReadAction","target":["https:\/\/www.visit-ulcinj.com\/blog\/2012\/04\/04\/ulcinj-grad-maslinovog-ulja\/"]}]},{"@type":"BreadcrumbList","@id":"https:\/\/www.visit-ulcinj.com\/blog\/2012\/04\/04\/ulcinj-grad-maslinovog-ulja\/#breadcrumb","itemListElement":[{"@type":"ListItem","position":1,"name":"Ulcinj grad maslinovog ulja"}]},{"@type":"Person","@id":"https:\/\/www.visit-ulcinj.com\/blog\/#\/schema\/person\/dcab619c614d3038751c63bc2aadc06d","name":"ulqini","sameAs":["http:\/\/www.visit-ulcinj.com"],"url":"https:\/\/www.visit-ulcinj.com\/blog\/author\/admin\/"}]}},"jetpack_featured_media_url":"","jetpack_sharing_enabled":true,"jetpack_shortlink":"https:\/\/wp.me\/pe6lTn-fl4","_links":{"self":[{"href":"https:\/\/www.visit-ulcinj.com\/blog\/wp-json\/wp\/v2\/posts\/58966"}],"collection":[{"href":"https:\/\/www.visit-ulcinj.com\/blog\/wp-json\/wp\/v2\/posts"}],"about":[{"href":"https:\/\/www.visit-ulcinj.com\/blog\/wp-json\/wp\/v2\/types\/post"}],"author":[{"embeddable":true,"href":"https:\/\/www.visit-ulcinj.com\/blog\/wp-json\/wp\/v2\/users\/1"}],"replies":[{"embeddable":true,"href":"https:\/\/www.visit-ulcinj.com\/blog\/wp-json\/wp\/v2\/comments?post=58966"}],"version-history":[{"count":1,"href":"https:\/\/www.visit-ulcinj.com\/blog\/wp-json\/wp\/v2\/posts\/58966\/revisions"}],"predecessor-version":[{"id":58970,"href":"https:\/\/www.visit-ulcinj.com\/blog\/wp-json\/wp\/v2\/posts\/58966\/revisions\/58970"}],"wp:attachment":[{"href":"https:\/\/www.visit-ulcinj.com\/blog\/wp-json\/wp\/v2\/media?parent=58966"}],"wp:term":[{"taxonomy":"category","embeddable":true,"href":"https:\/\/www.visit-ulcinj.com\/blog\/wp-json\/wp\/v2\/categories?post=58966"},{"taxonomy":"post_tag","embeddable":true,"href":"https:\/\/www.visit-ulcinj.com\/blog\/wp-json\/wp\/v2\/tags?post=58966"}],"curies":[{"name":"wp","href":"https:\/\/api.w.org\/{rel}","templated":true}]}}