{"id":58972,"date":"2012-04-04T16:35:08","date_gmt":"2012-04-04T15:35:08","guid":{"rendered":"http:\/\/www.visit-ulcinj.com\/blog\/?p=58972"},"modified":"2012-04-04T17:07:49","modified_gmt":"2012-04-04T16:07:49","slug":"dita-e-komunes-se-ulqinit","status":"publish","type":"post","link":"https:\/\/www.visit-ulcinj.com\/blog\/2012\/04\/04\/dita-e-komunes-se-ulqinit\/","title":{"rendered":"Dita e Komun\u00ebs s\u00eb Ulqinit"},"content":{"rendered":"<p><strong><a href=\"http:\/\/www.visit-ulcinj.com\/blog\/?attachment_id=58973\" rel=\"attachment wp-att-58973\"><img loading=\"lazy\" class=\"alignleft  wp-image-58973\" title=\"dita-e-komunes-se-ulqinit.1\" src=\"http:\/\/www.visit-ulcinj.com\/blog\/wp-content\/uploads\/2012\/04\/dita-e-komunes-se-ulqinit.1.jpg\" alt=\"\" width=\"508\" height=\"300\" \/><\/a>E enjte me 5. prill:<\/strong><\/p>\n<p>&nbsp;<\/p>\n<p><strong>11:00<\/strong> &#8211; Hapja e qendr\u00ebs p\u00ebr orientimin dhe kualifikimin profesional t\u00eb grave.<br \/>\n(Nd\u00ebrtesa e qendr\u00ebs p\u00ebr kultur\u00eb)<\/p>\n<p><strong>18:00<\/strong> \u2013 Turneu nd\u00ebrkombetar\u00eb n\u00eb futboll p\u00ebr fatosa.<br \/>\n(Stadiumi srd \u201cBelvi\u201d)<\/p>\n<p>&nbsp;<\/p>\n<p><strong>E premte me 6 prill:<\/strong><\/p>\n<p><strong>10:00<\/strong> &#8211; Konferenca e kat\u00ebrt shkencore nd\u00ebrkomb\u00ebtare \u00a0 me tem\u00eb:<br \/>\n\u201cPerspektiva e zhvillimit ekonomik rajonal n\u00ebn optik\u00ebn e zhvillimeve ekonomike lokale dhe ndikimi i sektorit t\u00eb turizmit n\u00eb to\u201d<br \/>\n(Salla e madhe e kuvendit)<\/p>\n<p><strong>12:00<\/strong> \u2013 Ndarja e bursave p\u00ebr studentet m\u00eb t\u00eb mir\u00eb<span style=\"text-decoration: underline;\"><br \/>\n<\/span>(Salla e takimeve e kabinetit)<\/p>\n<p><strong>18:00 &#8211;<\/strong> \u00a0 Ekspozita e punimeve artistike t\u00eb f\u00ebmij\u00ebve t\u00eb shkollave fillore.<span style=\"text-decoration: underline;\"><br \/>\n<\/span>(Qendra p\u00ebr kultur\u00eb)<\/p>\n<p>&nbsp;<\/p>\n<p><strong>E shtun\u00eb me 7 prill:<\/strong><\/p>\n<p><strong>\u00a09:30<\/strong> &#8211; Turneu i karates\u00eb Ulqini Open<span style=\"text-decoration: underline;\"><br \/>\n<\/span>(Salla e sportit e shkoll\u00ebs Marshall Tito)<\/p>\n<p><strong>11:00<\/strong> &#8211; Kuvendi Solemn<span style=\"text-decoration: underline;\"><br \/>\n<\/span>(Qendra p\u00ebr kultur\u00eb)<\/p>\n<p><strong>19:00 \u2013<\/strong> Koncert folklorik \u201cDasma e Ulqinit\u201d<br \/>\n(Qendra p\u00ebr kultur\u00eb)<\/p>\n<!--YouTube Error: bad URL entered-->\n<p>&nbsp;<\/p>\n","protected":false},"excerpt":{"rendered":"<p>E enjte me 5. prill: &nbsp; 11:00 &#8211; Hapja e qendr\u00ebs p\u00ebr orientimin dhe kualifikimin profesional t\u00eb grave. (Nd\u00ebrtesa e qendr\u00ebs p\u00ebr kultur\u00eb) 18:00 \u2013 Turneu nd\u00ebrkombetar\u00eb n\u00eb futboll p\u00ebr fatosa. (Stadiumi srd \u201cBelvi\u201d) &nbsp; E premte me 6 prill: 10:00 &#8211; Konferenca e kat\u00ebrt shkencore nd\u00ebrkomb\u00ebtare \u00a0 me tem\u00eb: \u201cPerspektiva e zhvillimit ekonomik rajonal [&hellip;]<\/p>\n","protected":false},"author":1,"featured_media":0,"comment_status":"open","ping_status":"closed","sticky":false,"template":"","format":"standard","meta":{"spay_email":"","jetpack_publicize_message":"","jetpack_is_tweetstorm":false,"jetpack_publicize_feature_enabled":true},"categories":[1],"tags":[8707],"jetpack_publicize_connections":[],"yoast_head":"<!-- This site is optimized with the Yoast SEO plugin v19.1 - https:\/\/yoast.com\/wordpress\/plugins\/seo\/ -->\n<title>Dita e Komun\u00ebs s\u00eb Ulqinit - Lajme nga Ulqini<\/title>\n<meta name=\"description\" content=\"E enjte me 5. prill: &nbsp; 11:00 - Hapja e qendr\u00ebs p\u00ebr orientimin dhe kualifikimin profesional t\u00eb grave. (Nd\u00ebrtesa e qendr\u00ebs p\u00ebr kultur\u00eb) 18:00 \u2013 Turneu\" \/>\n<meta name=\"robots\" content=\"index, follow, max-snippet:-1, max-image-preview:large, max-video-preview:-1\" \/>\n<link rel=\"canonical\" href=\"https:\/\/www.visit-ulcinj.com\/blog\/2012\/04\/04\/dita-e-komunes-se-ulqinit\/\" \/>\n<meta property=\"og:locale\" content=\"en_US\" \/>\n<meta property=\"og:type\" content=\"article\" \/>\n<meta property=\"og:title\" content=\"Dita e Komun\u00ebs s\u00eb Ulqinit - Lajme nga Ulqini\" \/>\n<meta property=\"og:description\" content=\"E enjte me 5. prill: &nbsp; 11:00 - Hapja e qendr\u00ebs p\u00ebr orientimin dhe kualifikimin profesional t\u00eb grave. (Nd\u00ebrtesa e qendr\u00ebs p\u00ebr kultur\u00eb) 18:00 \u2013 Turneu\" \/>\n<meta property=\"og:url\" content=\"https:\/\/www.visit-ulcinj.com\/blog\/2012\/04\/04\/dita-e-komunes-se-ulqinit\/\" \/>\n<meta property=\"og:site_name\" content=\"Lajme nga Ulqini\" \/>\n<meta property=\"article:published_time\" content=\"2012-04-04T15:35:08+00:00\" \/>\n<meta property=\"article:modified_time\" content=\"2012-04-04T16:07:49+00:00\" \/>\n<meta property=\"og:image\" content=\"http:\/\/www.visit-ulcinj.com\/blog\/wp-content\/uploads\/2012\/04\/dita-e-komunes-se-ulqinit.1.jpg\" \/>\n<meta name=\"twitter:label1\" content=\"Written by\" \/>\n\t<meta name=\"twitter:data1\" content=\"ulqini\" \/>\n\t<meta name=\"twitter:label2\" content=\"Est. reading time\" \/>\n\t<meta name=\"twitter:data2\" content=\"1 minute\" \/>\n<script type=\"application\/ld+json\" class=\"yoast-schema-graph\">{\"@context\":\"https:\/\/schema.org\",\"@graph\":[{\"@type\":\"WebSite\",\"@id\":\"https:\/\/www.visit-ulcinj.com\/blog\/#website\",\"url\":\"https:\/\/www.visit-ulcinj.com\/blog\/\",\"name\":\"Lajme nga Ulqini\",\"description\":\"Lajme,Vijesti,Ulqini,Ulqin,Crna Gora,Mali i Zi\",\"potentialAction\":[{\"@type\":\"SearchAction\",\"target\":{\"@type\":\"EntryPoint\",\"urlTemplate\":\"https:\/\/www.visit-ulcinj.com\/blog\/?s={search_term_string}\"},\"query-input\":\"required name=search_term_string\"}],\"inLanguage\":\"en-US\"},{\"@type\":\"ImageObject\",\"inLanguage\":\"en-US\",\"@id\":\"https:\/\/www.visit-ulcinj.com\/blog\/2012\/04\/04\/dita-e-komunes-se-ulqinit\/#primaryimage\",\"url\":\"https:\/\/www.visit-ulcinj.com\/blog\/wp-content\/uploads\/2012\/04\/dita-e-komunes-se-ulqinit.1.jpg\",\"contentUrl\":\"https:\/\/www.visit-ulcinj.com\/blog\/wp-content\/uploads\/2012\/04\/dita-e-komunes-se-ulqinit.1.jpg\",\"width\":\"620\",\"height\":\"300\"},{\"@type\":\"WebPage\",\"@id\":\"https:\/\/www.visit-ulcinj.com\/blog\/2012\/04\/04\/dita-e-komunes-se-ulqinit\/#webpage\",\"url\":\"https:\/\/www.visit-ulcinj.com\/blog\/2012\/04\/04\/dita-e-komunes-se-ulqinit\/\",\"name\":\"Dita e Komun\u00ebs s\u00eb Ulqinit - Lajme nga Ulqini\",\"isPartOf\":{\"@id\":\"https:\/\/www.visit-ulcinj.com\/blog\/#website\"},\"primaryImageOfPage\":{\"@id\":\"https:\/\/www.visit-ulcinj.com\/blog\/2012\/04\/04\/dita-e-komunes-se-ulqinit\/#primaryimage\"},\"datePublished\":\"2012-04-04T15:35:08+00:00\",\"dateModified\":\"2012-04-04T16:07:49+00:00\",\"author\":{\"@id\":\"https:\/\/www.visit-ulcinj.com\/blog\/#\/schema\/person\/dcab619c614d3038751c63bc2aadc06d\"},\"description\":\"E enjte me 5. prill: &nbsp; 11:00 - Hapja e qendr\u00ebs p\u00ebr orientimin dhe kualifikimin profesional t\u00eb grave. (Nd\u00ebrtesa e qendr\u00ebs p\u00ebr kultur\u00eb) 18:00 \u2013 Turneu\",\"breadcrumb\":{\"@id\":\"https:\/\/www.visit-ulcinj.com\/blog\/2012\/04\/04\/dita-e-komunes-se-ulqinit\/#breadcrumb\"},\"inLanguage\":\"en-US\",\"potentialAction\":[{\"@type\":\"ReadAction\",\"target\":[\"https:\/\/www.visit-ulcinj.com\/blog\/2012\/04\/04\/dita-e-komunes-se-ulqinit\/\"]}]},{\"@type\":\"BreadcrumbList\",\"@id\":\"https:\/\/www.visit-ulcinj.com\/blog\/2012\/04\/04\/dita-e-komunes-se-ulqinit\/#breadcrumb\",\"itemListElement\":[{\"@type\":\"ListItem\",\"position\":1,\"name\":\"Dita e Komun\u00ebs s\u00eb Ulqinit\"}]},{\"@type\":\"Person\",\"@id\":\"https:\/\/www.visit-ulcinj.com\/blog\/#\/schema\/person\/dcab619c614d3038751c63bc2aadc06d\",\"name\":\"ulqini\",\"sameAs\":[\"http:\/\/www.visit-ulcinj.com\"],\"url\":\"https:\/\/www.visit-ulcinj.com\/blog\/author\/admin\/\"}]}<\/script>\n<!-- \/ Yoast SEO plugin. -->","yoast_head_json":{"title":"Dita e Komun\u00ebs s\u00eb Ulqinit - Lajme nga Ulqini","description":"E enjte me 5. prill: &nbsp; 11:00 - Hapja e qendr\u00ebs p\u00ebr orientimin dhe kualifikimin profesional t\u00eb grave. (Nd\u00ebrtesa e qendr\u00ebs p\u00ebr kultur\u00eb) 18:00 \u2013 Turneu","robots":{"index":"index","follow":"follow","max-snippet":"max-snippet:-1","max-image-preview":"max-image-preview:large","max-video-preview":"max-video-preview:-1"},"canonical":"https:\/\/www.visit-ulcinj.com\/blog\/2012\/04\/04\/dita-e-komunes-se-ulqinit\/","og_locale":"en_US","og_type":"article","og_title":"Dita e Komun\u00ebs s\u00eb Ulqinit - Lajme nga Ulqini","og_description":"E enjte me 5. prill: &nbsp; 11:00 - Hapja e qendr\u00ebs p\u00ebr orientimin dhe kualifikimin profesional t\u00eb grave. (Nd\u00ebrtesa e qendr\u00ebs p\u00ebr kultur\u00eb) 18:00 \u2013 Turneu","og_url":"https:\/\/www.visit-ulcinj.com\/blog\/2012\/04\/04\/dita-e-komunes-se-ulqinit\/","og_site_name":"Lajme nga Ulqini","article_published_time":"2012-04-04T15:35:08+00:00","article_modified_time":"2012-04-04T16:07:49+00:00","og_image":[{"url":"http:\/\/www.visit-ulcinj.com\/blog\/wp-content\/uploads\/2012\/04\/dita-e-komunes-se-ulqinit.1.jpg"}],"twitter_misc":{"Written by":"ulqini","Est. reading time":"1 minute"},"schema":{"@context":"https:\/\/schema.org","@graph":[{"@type":"WebSite","@id":"https:\/\/www.visit-ulcinj.com\/blog\/#website","url":"https:\/\/www.visit-ulcinj.com\/blog\/","name":"Lajme nga Ulqini","description":"Lajme,Vijesti,Ulqini,Ulqin,Crna Gora,Mali i Zi","potentialAction":[{"@type":"SearchAction","target":{"@type":"EntryPoint","urlTemplate":"https:\/\/www.visit-ulcinj.com\/blog\/?s={search_term_string}"},"query-input":"required name=search_term_string"}],"inLanguage":"en-US"},{"@type":"ImageObject","inLanguage":"en-US","@id":"https:\/\/www.visit-ulcinj.com\/blog\/2012\/04\/04\/dita-e-komunes-se-ulqinit\/#primaryimage","url":"https:\/\/www.visit-ulcinj.com\/blog\/wp-content\/uploads\/2012\/04\/dita-e-komunes-se-ulqinit.1.jpg","contentUrl":"https:\/\/www.visit-ulcinj.com\/blog\/wp-content\/uploads\/2012\/04\/dita-e-komunes-se-ulqinit.1.jpg","width":"620","height":"300"},{"@type":"WebPage","@id":"https:\/\/www.visit-ulcinj.com\/blog\/2012\/04\/04\/dita-e-komunes-se-ulqinit\/#webpage","url":"https:\/\/www.visit-ulcinj.com\/blog\/2012\/04\/04\/dita-e-komunes-se-ulqinit\/","name":"Dita e Komun\u00ebs s\u00eb Ulqinit - Lajme nga Ulqini","isPartOf":{"@id":"https:\/\/www.visit-ulcinj.com\/blog\/#website"},"primaryImageOfPage":{"@id":"https:\/\/www.visit-ulcinj.com\/blog\/2012\/04\/04\/dita-e-komunes-se-ulqinit\/#primaryimage"},"datePublished":"2012-04-04T15:35:08+00:00","dateModified":"2012-04-04T16:07:49+00:00","author":{"@id":"https:\/\/www.visit-ulcinj.com\/blog\/#\/schema\/person\/dcab619c614d3038751c63bc2aadc06d"},"description":"E enjte me 5. prill: &nbsp; 11:00 - Hapja e qendr\u00ebs p\u00ebr orientimin dhe kualifikimin profesional t\u00eb grave. (Nd\u00ebrtesa e qendr\u00ebs p\u00ebr kultur\u00eb) 18:00 \u2013 Turneu","breadcrumb":{"@id":"https:\/\/www.visit-ulcinj.com\/blog\/2012\/04\/04\/dita-e-komunes-se-ulqinit\/#breadcrumb"},"inLanguage":"en-US","potentialAction":[{"@type":"ReadAction","target":["https:\/\/www.visit-ulcinj.com\/blog\/2012\/04\/04\/dita-e-komunes-se-ulqinit\/"]}]},{"@type":"BreadcrumbList","@id":"https:\/\/www.visit-ulcinj.com\/blog\/2012\/04\/04\/dita-e-komunes-se-ulqinit\/#breadcrumb","itemListElement":[{"@type":"ListItem","position":1,"name":"Dita e Komun\u00ebs s\u00eb Ulqinit"}]},{"@type":"Person","@id":"https:\/\/www.visit-ulcinj.com\/blog\/#\/schema\/person\/dcab619c614d3038751c63bc2aadc06d","name":"ulqini","sameAs":["http:\/\/www.visit-ulcinj.com"],"url":"https:\/\/www.visit-ulcinj.com\/blog\/author\/admin\/"}]}},"jetpack_featured_media_url":"","jetpack_sharing_enabled":true,"jetpack_shortlink":"https:\/\/wp.me\/pe6lTn-fla","_links":{"self":[{"href":"https:\/\/www.visit-ulcinj.com\/blog\/wp-json\/wp\/v2\/posts\/58972"}],"collection":[{"href":"https:\/\/www.visit-ulcinj.com\/blog\/wp-json\/wp\/v2\/posts"}],"about":[{"href":"https:\/\/www.visit-ulcinj.com\/blog\/wp-json\/wp\/v2\/types\/post"}],"author":[{"embeddable":true,"href":"https:\/\/www.visit-ulcinj.com\/blog\/wp-json\/wp\/v2\/users\/1"}],"replies":[{"embeddable":true,"href":"https:\/\/www.visit-ulcinj.com\/blog\/wp-json\/wp\/v2\/comments?post=58972"}],"version-history":[{"count":5,"href":"https:\/\/www.visit-ulcinj.com\/blog\/wp-json\/wp\/v2\/posts\/58972\/revisions"}],"predecessor-version":[{"id":58986,"href":"https:\/\/www.visit-ulcinj.com\/blog\/wp-json\/wp\/v2\/posts\/58972\/revisions\/58986"}],"wp:attachment":[{"href":"https:\/\/www.visit-ulcinj.com\/blog\/wp-json\/wp\/v2\/media?parent=58972"}],"wp:term":[{"taxonomy":"category","embeddable":true,"href":"https:\/\/www.visit-ulcinj.com\/blog\/wp-json\/wp\/v2\/categories?post=58972"},{"taxonomy":"post_tag","embeddable":true,"href":"https:\/\/www.visit-ulcinj.com\/blog\/wp-json\/wp\/v2\/tags?post=58972"}],"curies":[{"name":"wp","href":"https:\/\/api.w.org\/{rel}","templated":true}]}}