{"id":58976,"date":"2012-04-04T16:51:09","date_gmt":"2012-04-04T15:51:09","guid":{"rendered":"http:\/\/www.visit-ulcinj.com\/blog\/?p=58976"},"modified":"2012-04-04T16:51:55","modified_gmt":"2012-04-04T15:51:55","slug":"dan-opstine-ulcinj-2","status":"publish","type":"post","link":"https:\/\/www.visit-ulcinj.com\/blog\/2012\/04\/04\/dan-opstine-ulcinj-2\/","title":{"rendered":"Dan Op\u0161tine Ulcinj"},"content":{"rendered":"<p><strong><a href=\"http:\/\/www.visit-ulcinj.com\/blog\/?attachment_id=58977\" rel=\"attachment wp-att-58977\"><img loading=\"lazy\" class=\"alignleft  wp-image-58977\" title=\"Dan Opstine Ulcinj\" src=\"http:\/\/www.visit-ulcinj.com\/blog\/wp-content\/uploads\/2012\/04\/Dan-Opstine-Ulcinj.jpg\" alt=\"\" width=\"508\" height=\"360\" \/><\/a>\u010cetvrtak 5 april:<\/strong><\/p>\n<p><strong>11:00<\/strong> &#8211; Otvaranje resursnog centra za profesionalnu kvalifikaciju \u017eena.<\/p>\n<p>(Zgrada centra za kulturu)<\/p>\n<p><strong>18:00<\/strong> \u2013 Medjunarodni futbalski turnir u futbalu za Pionire<\/p>\n<p>(Stadion Srd \u201cBelvi\u201d)<\/p>\n<p>&nbsp;<\/p>\n<p><strong>Petak 6 april:<\/strong><\/p>\n<p><strong>10:00<\/strong> -\u010cetvrta me\u0111unarodna nau\u010dna konferencija na temu:<br \/>\n<strong>\u201c <\/strong><strong>Perspektiva regionalnog ekonomskog razvoja pod optikom lokalnog ekonomskog razvoja i uticaj turisti\u010dkog sektora u njima <\/strong><strong>\u201d<\/strong><br \/>\n(Velika sala skupstine)<\/p>\n<p><strong>12:00<\/strong> \u2013 Uru\u010divanje stipendija najboljim studentima <span style=\"text-decoration: underline;\"><br \/>\n<\/span>(sala za sastanke Kabineta)<\/p>\n<p><strong>18:00 &#8211;<\/strong> Izlo\u017eba umjetni\u010dkih\u00a0\u00a0\u00a0\u00a0\u00a0\u00a0 radova u\u010denika osnovnih \u0161kola <span style=\"text-decoration: underline;\"><br \/>\n<\/span>(Centar za kulturu)<\/p>\n<p>&nbsp;<\/p>\n<p><strong>Subota 7 april:<\/strong><\/p>\n<p>&nbsp;<\/p>\n<p><strong>9:30<\/strong> &#8211; \u00a0Karate turnir Ulcinj Open.<span style=\"text-decoration: underline;\"><br \/>\n<\/span>\u00a0\u00a0\u00a0\u00a0\u00a0\u00a0 (Sportska sala Os Marsal Tito)<\/p>\n<p><strong>11:00<\/strong> \u2013 Svecna sjednica<\/p>\n<p>(Centar za Kulturu)<\/p>\n<p><strong>19:00 \u2013<\/strong> Folklorni koncert \u00a0 \u00a0 \u00a0 \u00a0\u00a0 \u201eUlcinjska svadba\u201d<br \/>\n(Centar za kulturu)<\/p>\n<!--YouTube Error: bad URL entered-->\n","protected":false},"excerpt":{"rendered":"<p>\u010cetvrtak 5 april: 11:00 &#8211; Otvaranje resursnog centra za profesionalnu kvalifikaciju \u017eena. (Zgrada centra za kulturu) 18:00 \u2013 Medjunarodni futbalski turnir u futbalu za Pionire (Stadion Srd \u201cBelvi\u201d) &nbsp; Petak 6 april: 10:00 -\u010cetvrta me\u0111unarodna nau\u010dna konferencija na temu: \u201c Perspektiva regionalnog ekonomskog razvoja pod optikom lokalnog ekonomskog razvoja i uticaj turisti\u010dkog sektora u njima [&hellip;]<\/p>\n","protected":false},"author":1,"featured_media":0,"comment_status":"open","ping_status":"closed","sticky":false,"template":"","format":"standard","meta":{"spay_email":"","jetpack_publicize_message":"","jetpack_is_tweetstorm":false,"jetpack_publicize_feature_enabled":true},"categories":[8337],"tags":[8714],"jetpack_publicize_connections":[],"yoast_head":"<!-- This site is optimized with the Yoast SEO plugin v19.1 - https:\/\/yoast.com\/wordpress\/plugins\/seo\/ -->\n<title>Dan Op\u0161tine Ulcinj - Lajme nga Ulqini<\/title>\n<meta name=\"description\" content=\"\u010cetvrtak 5 april: 11:00 - Otvaranje resursnog centra za profesionalnu kvalifikaciju \u017eena. (Zgrada centra za kulturu) 18:00 \u2013 Medjunarodni futbalski turnir\" \/>\n<meta name=\"robots\" content=\"index, follow, max-snippet:-1, max-image-preview:large, max-video-preview:-1\" \/>\n<link rel=\"canonical\" href=\"https:\/\/www.visit-ulcinj.com\/blog\/2012\/04\/04\/dan-opstine-ulcinj-2\/\" \/>\n<meta property=\"og:locale\" content=\"en_US\" \/>\n<meta property=\"og:type\" content=\"article\" \/>\n<meta property=\"og:title\" content=\"Dan Op\u0161tine Ulcinj - Lajme nga Ulqini\" \/>\n<meta property=\"og:description\" content=\"\u010cetvrtak 5 april: 11:00 - Otvaranje resursnog centra za profesionalnu kvalifikaciju \u017eena. (Zgrada centra za kulturu) 18:00 \u2013 Medjunarodni futbalski turnir\" \/>\n<meta property=\"og:url\" content=\"https:\/\/www.visit-ulcinj.com\/blog\/2012\/04\/04\/dan-opstine-ulcinj-2\/\" \/>\n<meta property=\"og:site_name\" content=\"Lajme nga Ulqini\" \/>\n<meta property=\"article:published_time\" content=\"2012-04-04T15:51:09+00:00\" \/>\n<meta property=\"article:modified_time\" content=\"2012-04-04T15:51:55+00:00\" \/>\n<meta property=\"og:image\" content=\"http:\/\/www.visit-ulcinj.com\/blog\/wp-content\/uploads\/2012\/04\/Dan-Opstine-Ulcinj.jpg\" \/>\n<meta name=\"twitter:label1\" content=\"Written by\" \/>\n\t<meta name=\"twitter:data1\" content=\"ulqini\" \/>\n\t<meta name=\"twitter:label2\" content=\"Est. reading time\" \/>\n\t<meta name=\"twitter:data2\" content=\"1 minute\" \/>\n<script type=\"application\/ld+json\" class=\"yoast-schema-graph\">{\"@context\":\"https:\/\/schema.org\",\"@graph\":[{\"@type\":\"WebSite\",\"@id\":\"https:\/\/www.visit-ulcinj.com\/blog\/#website\",\"url\":\"https:\/\/www.visit-ulcinj.com\/blog\/\",\"name\":\"Lajme nga Ulqini\",\"description\":\"Lajme,Vijesti,Ulqini,Ulqin,Crna Gora,Mali i Zi\",\"potentialAction\":[{\"@type\":\"SearchAction\",\"target\":{\"@type\":\"EntryPoint\",\"urlTemplate\":\"https:\/\/www.visit-ulcinj.com\/blog\/?s={search_term_string}\"},\"query-input\":\"required name=search_term_string\"}],\"inLanguage\":\"en-US\"},{\"@type\":\"ImageObject\",\"inLanguage\":\"en-US\",\"@id\":\"https:\/\/www.visit-ulcinj.com\/blog\/2012\/04\/04\/dan-opstine-ulcinj-2\/#primaryimage\",\"url\":\"https:\/\/www.visit-ulcinj.com\/blog\/wp-content\/uploads\/2012\/04\/Dan-Opstine-Ulcinj.jpg\",\"contentUrl\":\"https:\/\/www.visit-ulcinj.com\/blog\/wp-content\/uploads\/2012\/04\/Dan-Opstine-Ulcinj.jpg\",\"width\":\"468\",\"height\":\"402\"},{\"@type\":\"WebPage\",\"@id\":\"https:\/\/www.visit-ulcinj.com\/blog\/2012\/04\/04\/dan-opstine-ulcinj-2\/#webpage\",\"url\":\"https:\/\/www.visit-ulcinj.com\/blog\/2012\/04\/04\/dan-opstine-ulcinj-2\/\",\"name\":\"Dan Op\u0161tine Ulcinj - Lajme nga Ulqini\",\"isPartOf\":{\"@id\":\"https:\/\/www.visit-ulcinj.com\/blog\/#website\"},\"primaryImageOfPage\":{\"@id\":\"https:\/\/www.visit-ulcinj.com\/blog\/2012\/04\/04\/dan-opstine-ulcinj-2\/#primaryimage\"},\"datePublished\":\"2012-04-04T15:51:09+00:00\",\"dateModified\":\"2012-04-04T15:51:55+00:00\",\"author\":{\"@id\":\"https:\/\/www.visit-ulcinj.com\/blog\/#\/schema\/person\/dcab619c614d3038751c63bc2aadc06d\"},\"description\":\"\u010cetvrtak 5 april: 11:00 - Otvaranje resursnog centra za profesionalnu kvalifikaciju \u017eena. (Zgrada centra za kulturu) 18:00 \u2013 Medjunarodni futbalski turnir\",\"breadcrumb\":{\"@id\":\"https:\/\/www.visit-ulcinj.com\/blog\/2012\/04\/04\/dan-opstine-ulcinj-2\/#breadcrumb\"},\"inLanguage\":\"en-US\",\"potentialAction\":[{\"@type\":\"ReadAction\",\"target\":[\"https:\/\/www.visit-ulcinj.com\/blog\/2012\/04\/04\/dan-opstine-ulcinj-2\/\"]}]},{\"@type\":\"BreadcrumbList\",\"@id\":\"https:\/\/www.visit-ulcinj.com\/blog\/2012\/04\/04\/dan-opstine-ulcinj-2\/#breadcrumb\",\"itemListElement\":[{\"@type\":\"ListItem\",\"position\":1,\"name\":\"Dan Op\u0161tine Ulcinj\"}]},{\"@type\":\"Person\",\"@id\":\"https:\/\/www.visit-ulcinj.com\/blog\/#\/schema\/person\/dcab619c614d3038751c63bc2aadc06d\",\"name\":\"ulqini\",\"sameAs\":[\"http:\/\/www.visit-ulcinj.com\"],\"url\":\"https:\/\/www.visit-ulcinj.com\/blog\/author\/admin\/\"}]}<\/script>\n<!-- \/ Yoast SEO plugin. -->","yoast_head_json":{"title":"Dan Op\u0161tine Ulcinj - Lajme nga Ulqini","description":"\u010cetvrtak 5 april: 11:00 - Otvaranje resursnog centra za profesionalnu kvalifikaciju \u017eena. (Zgrada centra za kulturu) 18:00 \u2013 Medjunarodni futbalski turnir","robots":{"index":"index","follow":"follow","max-snippet":"max-snippet:-1","max-image-preview":"max-image-preview:large","max-video-preview":"max-video-preview:-1"},"canonical":"https:\/\/www.visit-ulcinj.com\/blog\/2012\/04\/04\/dan-opstine-ulcinj-2\/","og_locale":"en_US","og_type":"article","og_title":"Dan Op\u0161tine Ulcinj - Lajme nga Ulqini","og_description":"\u010cetvrtak 5 april: 11:00 - Otvaranje resursnog centra za profesionalnu kvalifikaciju \u017eena. (Zgrada centra za kulturu) 18:00 \u2013 Medjunarodni futbalski turnir","og_url":"https:\/\/www.visit-ulcinj.com\/blog\/2012\/04\/04\/dan-opstine-ulcinj-2\/","og_site_name":"Lajme nga Ulqini","article_published_time":"2012-04-04T15:51:09+00:00","article_modified_time":"2012-04-04T15:51:55+00:00","og_image":[{"url":"http:\/\/www.visit-ulcinj.com\/blog\/wp-content\/uploads\/2012\/04\/Dan-Opstine-Ulcinj.jpg"}],"twitter_misc":{"Written by":"ulqini","Est. reading time":"1 minute"},"schema":{"@context":"https:\/\/schema.org","@graph":[{"@type":"WebSite","@id":"https:\/\/www.visit-ulcinj.com\/blog\/#website","url":"https:\/\/www.visit-ulcinj.com\/blog\/","name":"Lajme nga Ulqini","description":"Lajme,Vijesti,Ulqini,Ulqin,Crna Gora,Mali i Zi","potentialAction":[{"@type":"SearchAction","target":{"@type":"EntryPoint","urlTemplate":"https:\/\/www.visit-ulcinj.com\/blog\/?s={search_term_string}"},"query-input":"required name=search_term_string"}],"inLanguage":"en-US"},{"@type":"ImageObject","inLanguage":"en-US","@id":"https:\/\/www.visit-ulcinj.com\/blog\/2012\/04\/04\/dan-opstine-ulcinj-2\/#primaryimage","url":"https:\/\/www.visit-ulcinj.com\/blog\/wp-content\/uploads\/2012\/04\/Dan-Opstine-Ulcinj.jpg","contentUrl":"https:\/\/www.visit-ulcinj.com\/blog\/wp-content\/uploads\/2012\/04\/Dan-Opstine-Ulcinj.jpg","width":"468","height":"402"},{"@type":"WebPage","@id":"https:\/\/www.visit-ulcinj.com\/blog\/2012\/04\/04\/dan-opstine-ulcinj-2\/#webpage","url":"https:\/\/www.visit-ulcinj.com\/blog\/2012\/04\/04\/dan-opstine-ulcinj-2\/","name":"Dan Op\u0161tine Ulcinj - Lajme nga Ulqini","isPartOf":{"@id":"https:\/\/www.visit-ulcinj.com\/blog\/#website"},"primaryImageOfPage":{"@id":"https:\/\/www.visit-ulcinj.com\/blog\/2012\/04\/04\/dan-opstine-ulcinj-2\/#primaryimage"},"datePublished":"2012-04-04T15:51:09+00:00","dateModified":"2012-04-04T15:51:55+00:00","author":{"@id":"https:\/\/www.visit-ulcinj.com\/blog\/#\/schema\/person\/dcab619c614d3038751c63bc2aadc06d"},"description":"\u010cetvrtak 5 april: 11:00 - Otvaranje resursnog centra za profesionalnu kvalifikaciju \u017eena. (Zgrada centra za kulturu) 18:00 \u2013 Medjunarodni futbalski turnir","breadcrumb":{"@id":"https:\/\/www.visit-ulcinj.com\/blog\/2012\/04\/04\/dan-opstine-ulcinj-2\/#breadcrumb"},"inLanguage":"en-US","potentialAction":[{"@type":"ReadAction","target":["https:\/\/www.visit-ulcinj.com\/blog\/2012\/04\/04\/dan-opstine-ulcinj-2\/"]}]},{"@type":"BreadcrumbList","@id":"https:\/\/www.visit-ulcinj.com\/blog\/2012\/04\/04\/dan-opstine-ulcinj-2\/#breadcrumb","itemListElement":[{"@type":"ListItem","position":1,"name":"Dan Op\u0161tine Ulcinj"}]},{"@type":"Person","@id":"https:\/\/www.visit-ulcinj.com\/blog\/#\/schema\/person\/dcab619c614d3038751c63bc2aadc06d","name":"ulqini","sameAs":["http:\/\/www.visit-ulcinj.com"],"url":"https:\/\/www.visit-ulcinj.com\/blog\/author\/admin\/"}]}},"jetpack_featured_media_url":"","jetpack_sharing_enabled":true,"jetpack_shortlink":"https:\/\/wp.me\/pe6lTn-fle","_links":{"self":[{"href":"https:\/\/www.visit-ulcinj.com\/blog\/wp-json\/wp\/v2\/posts\/58976"}],"collection":[{"href":"https:\/\/www.visit-ulcinj.com\/blog\/wp-json\/wp\/v2\/posts"}],"about":[{"href":"https:\/\/www.visit-ulcinj.com\/blog\/wp-json\/wp\/v2\/types\/post"}],"author":[{"embeddable":true,"href":"https:\/\/www.visit-ulcinj.com\/blog\/wp-json\/wp\/v2\/users\/1"}],"replies":[{"embeddable":true,"href":"https:\/\/www.visit-ulcinj.com\/blog\/wp-json\/wp\/v2\/comments?post=58976"}],"version-history":[{"count":2,"href":"https:\/\/www.visit-ulcinj.com\/blog\/wp-json\/wp\/v2\/posts\/58976\/revisions"}],"predecessor-version":[{"id":58979,"href":"https:\/\/www.visit-ulcinj.com\/blog\/wp-json\/wp\/v2\/posts\/58976\/revisions\/58979"}],"wp:attachment":[{"href":"https:\/\/www.visit-ulcinj.com\/blog\/wp-json\/wp\/v2\/media?parent=58976"}],"wp:term":[{"taxonomy":"category","embeddable":true,"href":"https:\/\/www.visit-ulcinj.com\/blog\/wp-json\/wp\/v2\/categories?post=58976"},{"taxonomy":"post_tag","embeddable":true,"href":"https:\/\/www.visit-ulcinj.com\/blog\/wp-json\/wp\/v2\/tags?post=58976"}],"curies":[{"name":"wp","href":"https:\/\/api.w.org\/{rel}","templated":true}]}}