{"id":58991,"date":"2012-04-04T17:25:22","date_gmt":"2012-04-04T16:25:22","guid":{"rendered":"http:\/\/www.visit-ulcinj.com\/blog\/?p=58991"},"modified":"2012-04-04T17:25:22","modified_gmt":"2012-04-04T16:25:22","slug":"genta-ismajli-i-futet-biznesit-te-automjeteve","status":"publish","type":"post","link":"https:\/\/www.visit-ulcinj.com\/blog\/2012\/04\/04\/genta-ismajli-i-futet-biznesit-te-automjeteve\/","title":{"rendered":"Genta Ismajli i futet biznesit te automjeteve"},"content":{"rendered":"<p><a href=\"http:\/\/www.visit-ulcinj.com\/blog\/wp-content\/uploads\/2012\/04\/Genta-Ismajli.jpg\"><img loading=\"lazy\" class=\"alignleft  wp-image-58992\" title=\"Genta Ismajli\" src=\"http:\/\/www.visit-ulcinj.com\/blog\/wp-content\/uploads\/2012\/04\/Genta-Ismajli.jpg\" alt=\"\" width=\"508\" height=\"326\" \/><\/a>K\u00ebng\u00ebtarja e hitit \u201cGuximi \u201c, Genta Ismjali. Ka th\u00ebne se fundmi se pak jave me pare, nd\u00ebrsa ndodhej ne Amerike, ku banon edhe familja e saj \u00ebsht\u00eb marre me biznes edhe pse shum\u00ebkush mendonte se ajo do te trondiste sallat me hitet e saj.<\/p>\n<p>\u201c Sa isha ne Amerike, ve\u00e7\u00a0 koh\u00ebs qe kam kaluar me personat\u00a0 e mije te dashur, jam angazhuar edhe ne biznesin e familjes,\u00a0 pasi ne kemi nj\u00eb sallon autoveturash, ku ndodhen te gjitha markat. Salloni quhet \u201cSlozy\u201d dhe menaxhohet nga babi im, ka treguar k\u00ebng\u00ebtarja seksi, e cila sa i takon\u00a0 muzik\u00ebs, sapo ka realizuar nj\u00eb k\u00ebnge te re.<\/p>\n<p>K\u00ebnga \u00ebsht\u00eb ne anglisht\u00a0 por ve\u00e7antia e saj nuk q\u00ebndron k\u00ebtu por\u00a0 tek fakti qe Genta ka bashk\u00ebpunuar me je vog\u00eblushe\u00a0 p\u00ebr ta realizuar. \u201c behet fjale p\u00ebr nj\u00eb k\u00ebnge R\u2019N\u2019B qe e k\u00ebndoj\u00a0 me nj\u00eb vajze 7-vje\u00e7are. K\u00ebnga \u00ebsht\u00eb realizuar nga Genc Prevukaj\u201d, ka shtuar\u00a0 me tej Genta, duke komentuar edhe form\u00ebn e saj fizike, qe do k\u00ebto kohe ka qene ne qend\u00ebr te v\u00ebmendjes, duke qene se shume media kane shkruar se \u201c\u00ebsht\u00eb\u00a0 sh\u00ebndoshur shume\u201d.<\/p>\n<p>Qe kur kam dale ne skene si k\u00ebng\u00ebtare, mediat\u00a0 vazhdimisht jan\u00eb fokusuar te linjat e mia trupore, duke diskutuar n\u00ebse kam shtuar apo jo peshe. P\u00ebr momentin\u00a0 un\u00eb ndjehem shume mire, e k\u00ebnaqur me trupin tim dhe ka shume femra qe me komplimentojne p\u00ebr\u00a0 paraqitjen time. Do vazhdoj k\u00ebshtu \u201c, ka theksuar ajo.<\/p>\n<p><strong>Gazeta Standard<br \/>\n<!--YouTube Error: bad URL entered--><br \/>\n<\/strong><\/p>\n","protected":false},"excerpt":{"rendered":"<p>K\u00ebng\u00ebtarja e hitit \u201cGuximi \u201c, Genta Ismjali. Ka th\u00ebne se fundmi se pak jave me pare, nd\u00ebrsa ndodhej ne Amerike, ku banon edhe familja e saj \u00ebsht\u00eb marre me biznes edhe pse shum\u00ebkush mendonte se ajo do te trondiste sallat me hitet e saj. \u201c Sa isha ne Amerike, ve\u00e7\u00a0 koh\u00ebs qe kam kaluar me [&hellip;]<\/p>\n","protected":false},"author":1,"featured_media":0,"comment_status":"open","ping_status":"closed","sticky":false,"template":"","format":"standard","meta":{"spay_email":"","jetpack_publicize_message":"","jetpack_is_tweetstorm":false,"jetpack_publicize_feature_enabled":true},"categories":[1],"tags":[19677,19806,4888,16036,19514,19511,6693,19460],"jetpack_publicize_connections":[],"yoast_head":"<!-- This site is optimized with the Yoast SEO plugin v19.1 - https:\/\/yoast.com\/wordpress\/plugins\/seo\/ -->\n<title>Genta Ismajli i futet biznesit te automjeteve - Lajme nga Ulqini<\/title>\n<meta name=\"description\" content=\"K\u00ebng\u00ebtarja e hitit \u201cGuximi \u201c, Genta Ismjali. Ka th\u00ebne se fundmi se pak jave me pare, nd\u00ebrsa ndodhej ne Amerike, ku banon edhe familja e saj \u00ebsht\u00eb marre me\" \/>\n<meta name=\"robots\" content=\"index, follow, max-snippet:-1, max-image-preview:large, max-video-preview:-1\" \/>\n<link rel=\"canonical\" href=\"https:\/\/www.visit-ulcinj.com\/blog\/2012\/04\/04\/genta-ismajli-i-futet-biznesit-te-automjeteve\/\" \/>\n<meta property=\"og:locale\" content=\"en_US\" \/>\n<meta property=\"og:type\" content=\"article\" \/>\n<meta property=\"og:title\" content=\"Genta Ismajli i futet biznesit te automjeteve - Lajme nga Ulqini\" \/>\n<meta property=\"og:description\" content=\"K\u00ebng\u00ebtarja e hitit \u201cGuximi \u201c, Genta Ismjali. Ka th\u00ebne se fundmi se pak jave me pare, nd\u00ebrsa ndodhej ne Amerike, ku banon edhe familja e saj \u00ebsht\u00eb marre me\" \/>\n<meta property=\"og:url\" content=\"https:\/\/www.visit-ulcinj.com\/blog\/2012\/04\/04\/genta-ismajli-i-futet-biznesit-te-automjeteve\/\" \/>\n<meta property=\"og:site_name\" content=\"Lajme nga Ulqini\" \/>\n<meta property=\"article:published_time\" content=\"2012-04-04T16:25:22+00:00\" \/>\n<meta property=\"og:image\" content=\"http:\/\/www.visit-ulcinj.com\/blog\/wp-content\/uploads\/2012\/04\/Genta-Ismajli.jpg\" \/>\n<meta name=\"twitter:label1\" content=\"Written by\" \/>\n\t<meta name=\"twitter:data1\" content=\"ulqini\" \/>\n\t<meta name=\"twitter:label2\" content=\"Est. reading time\" \/>\n\t<meta name=\"twitter:data2\" content=\"1 minute\" \/>\n<script type=\"application\/ld+json\" class=\"yoast-schema-graph\">{\"@context\":\"https:\/\/schema.org\",\"@graph\":[{\"@type\":\"WebSite\",\"@id\":\"https:\/\/www.visit-ulcinj.com\/blog\/#website\",\"url\":\"https:\/\/www.visit-ulcinj.com\/blog\/\",\"name\":\"Lajme nga Ulqini\",\"description\":\"Lajme,Vijesti,Ulqini,Ulqin,Crna Gora,Mali i Zi\",\"potentialAction\":[{\"@type\":\"SearchAction\",\"target\":{\"@type\":\"EntryPoint\",\"urlTemplate\":\"https:\/\/www.visit-ulcinj.com\/blog\/?s={search_term_string}\"},\"query-input\":\"required name=search_term_string\"}],\"inLanguage\":\"en-US\"},{\"@type\":\"ImageObject\",\"inLanguage\":\"en-US\",\"@id\":\"https:\/\/www.visit-ulcinj.com\/blog\/2012\/04\/04\/genta-ismajli-i-futet-biznesit-te-automjeteve\/#primaryimage\",\"url\":\"http:\/\/www.visit-ulcinj.com\/blog\/wp-content\/uploads\/2012\/04\/Genta-Ismajli.jpg\",\"contentUrl\":\"http:\/\/www.visit-ulcinj.com\/blog\/wp-content\/uploads\/2012\/04\/Genta-Ismajli.jpg\"},{\"@type\":\"WebPage\",\"@id\":\"https:\/\/www.visit-ulcinj.com\/blog\/2012\/04\/04\/genta-ismajli-i-futet-biznesit-te-automjeteve\/#webpage\",\"url\":\"https:\/\/www.visit-ulcinj.com\/blog\/2012\/04\/04\/genta-ismajli-i-futet-biznesit-te-automjeteve\/\",\"name\":\"Genta Ismajli i futet biznesit te automjeteve - Lajme nga Ulqini\",\"isPartOf\":{\"@id\":\"https:\/\/www.visit-ulcinj.com\/blog\/#website\"},\"primaryImageOfPage\":{\"@id\":\"https:\/\/www.visit-ulcinj.com\/blog\/2012\/04\/04\/genta-ismajli-i-futet-biznesit-te-automjeteve\/#primaryimage\"},\"datePublished\":\"2012-04-04T16:25:22+00:00\",\"dateModified\":\"2012-04-04T16:25:22+00:00\",\"author\":{\"@id\":\"https:\/\/www.visit-ulcinj.com\/blog\/#\/schema\/person\/dcab619c614d3038751c63bc2aadc06d\"},\"description\":\"K\u00ebng\u00ebtarja e hitit \u201cGuximi \u201c, Genta Ismjali. Ka th\u00ebne se fundmi se pak jave me pare, nd\u00ebrsa ndodhej ne Amerike, ku banon edhe familja e saj \u00ebsht\u00eb marre me\",\"breadcrumb\":{\"@id\":\"https:\/\/www.visit-ulcinj.com\/blog\/2012\/04\/04\/genta-ismajli-i-futet-biznesit-te-automjeteve\/#breadcrumb\"},\"inLanguage\":\"en-US\",\"potentialAction\":[{\"@type\":\"ReadAction\",\"target\":[\"https:\/\/www.visit-ulcinj.com\/blog\/2012\/04\/04\/genta-ismajli-i-futet-biznesit-te-automjeteve\/\"]}]},{\"@type\":\"BreadcrumbList\",\"@id\":\"https:\/\/www.visit-ulcinj.com\/blog\/2012\/04\/04\/genta-ismajli-i-futet-biznesit-te-automjeteve\/#breadcrumb\",\"itemListElement\":[{\"@type\":\"ListItem\",\"position\":1,\"name\":\"Genta Ismajli i futet biznesit te automjeteve\"}]},{\"@type\":\"Person\",\"@id\":\"https:\/\/www.visit-ulcinj.com\/blog\/#\/schema\/person\/dcab619c614d3038751c63bc2aadc06d\",\"name\":\"ulqini\",\"sameAs\":[\"http:\/\/www.visit-ulcinj.com\"],\"url\":\"https:\/\/www.visit-ulcinj.com\/blog\/author\/admin\/\"}]}<\/script>\n<!-- \/ Yoast SEO plugin. -->","yoast_head_json":{"title":"Genta Ismajli i futet biznesit te automjeteve - Lajme nga Ulqini","description":"K\u00ebng\u00ebtarja e hitit \u201cGuximi \u201c, Genta Ismjali. Ka th\u00ebne se fundmi se pak jave me pare, nd\u00ebrsa ndodhej ne Amerike, ku banon edhe familja e saj \u00ebsht\u00eb marre me","robots":{"index":"index","follow":"follow","max-snippet":"max-snippet:-1","max-image-preview":"max-image-preview:large","max-video-preview":"max-video-preview:-1"},"canonical":"https:\/\/www.visit-ulcinj.com\/blog\/2012\/04\/04\/genta-ismajli-i-futet-biznesit-te-automjeteve\/","og_locale":"en_US","og_type":"article","og_title":"Genta Ismajli i futet biznesit te automjeteve - Lajme nga Ulqini","og_description":"K\u00ebng\u00ebtarja e hitit \u201cGuximi \u201c, Genta Ismjali. Ka th\u00ebne se fundmi se pak jave me pare, nd\u00ebrsa ndodhej ne Amerike, ku banon edhe familja e saj \u00ebsht\u00eb marre me","og_url":"https:\/\/www.visit-ulcinj.com\/blog\/2012\/04\/04\/genta-ismajli-i-futet-biznesit-te-automjeteve\/","og_site_name":"Lajme nga Ulqini","article_published_time":"2012-04-04T16:25:22+00:00","og_image":[{"url":"http:\/\/www.visit-ulcinj.com\/blog\/wp-content\/uploads\/2012\/04\/Genta-Ismajli.jpg"}],"twitter_misc":{"Written by":"ulqini","Est. reading time":"1 minute"},"schema":{"@context":"https:\/\/schema.org","@graph":[{"@type":"WebSite","@id":"https:\/\/www.visit-ulcinj.com\/blog\/#website","url":"https:\/\/www.visit-ulcinj.com\/blog\/","name":"Lajme nga Ulqini","description":"Lajme,Vijesti,Ulqini,Ulqin,Crna Gora,Mali i Zi","potentialAction":[{"@type":"SearchAction","target":{"@type":"EntryPoint","urlTemplate":"https:\/\/www.visit-ulcinj.com\/blog\/?s={search_term_string}"},"query-input":"required name=search_term_string"}],"inLanguage":"en-US"},{"@type":"ImageObject","inLanguage":"en-US","@id":"https:\/\/www.visit-ulcinj.com\/blog\/2012\/04\/04\/genta-ismajli-i-futet-biznesit-te-automjeteve\/#primaryimage","url":"http:\/\/www.visit-ulcinj.com\/blog\/wp-content\/uploads\/2012\/04\/Genta-Ismajli.jpg","contentUrl":"http:\/\/www.visit-ulcinj.com\/blog\/wp-content\/uploads\/2012\/04\/Genta-Ismajli.jpg"},{"@type":"WebPage","@id":"https:\/\/www.visit-ulcinj.com\/blog\/2012\/04\/04\/genta-ismajli-i-futet-biznesit-te-automjeteve\/#webpage","url":"https:\/\/www.visit-ulcinj.com\/blog\/2012\/04\/04\/genta-ismajli-i-futet-biznesit-te-automjeteve\/","name":"Genta Ismajli i futet biznesit te automjeteve - Lajme nga Ulqini","isPartOf":{"@id":"https:\/\/www.visit-ulcinj.com\/blog\/#website"},"primaryImageOfPage":{"@id":"https:\/\/www.visit-ulcinj.com\/blog\/2012\/04\/04\/genta-ismajli-i-futet-biznesit-te-automjeteve\/#primaryimage"},"datePublished":"2012-04-04T16:25:22+00:00","dateModified":"2012-04-04T16:25:22+00:00","author":{"@id":"https:\/\/www.visit-ulcinj.com\/blog\/#\/schema\/person\/dcab619c614d3038751c63bc2aadc06d"},"description":"K\u00ebng\u00ebtarja e hitit \u201cGuximi \u201c, Genta Ismjali. Ka th\u00ebne se fundmi se pak jave me pare, nd\u00ebrsa ndodhej ne Amerike, ku banon edhe familja e saj \u00ebsht\u00eb marre me","breadcrumb":{"@id":"https:\/\/www.visit-ulcinj.com\/blog\/2012\/04\/04\/genta-ismajli-i-futet-biznesit-te-automjeteve\/#breadcrumb"},"inLanguage":"en-US","potentialAction":[{"@type":"ReadAction","target":["https:\/\/www.visit-ulcinj.com\/blog\/2012\/04\/04\/genta-ismajli-i-futet-biznesit-te-automjeteve\/"]}]},{"@type":"BreadcrumbList","@id":"https:\/\/www.visit-ulcinj.com\/blog\/2012\/04\/04\/genta-ismajli-i-futet-biznesit-te-automjeteve\/#breadcrumb","itemListElement":[{"@type":"ListItem","position":1,"name":"Genta Ismajli i futet biznesit te automjeteve"}]},{"@type":"Person","@id":"https:\/\/www.visit-ulcinj.com\/blog\/#\/schema\/person\/dcab619c614d3038751c63bc2aadc06d","name":"ulqini","sameAs":["http:\/\/www.visit-ulcinj.com"],"url":"https:\/\/www.visit-ulcinj.com\/blog\/author\/admin\/"}]}},"jetpack_featured_media_url":"","jetpack_sharing_enabled":true,"jetpack_shortlink":"https:\/\/wp.me\/pe6lTn-flt","_links":{"self":[{"href":"https:\/\/www.visit-ulcinj.com\/blog\/wp-json\/wp\/v2\/posts\/58991"}],"collection":[{"href":"https:\/\/www.visit-ulcinj.com\/blog\/wp-json\/wp\/v2\/posts"}],"about":[{"href":"https:\/\/www.visit-ulcinj.com\/blog\/wp-json\/wp\/v2\/types\/post"}],"author":[{"embeddable":true,"href":"https:\/\/www.visit-ulcinj.com\/blog\/wp-json\/wp\/v2\/users\/1"}],"replies":[{"embeddable":true,"href":"https:\/\/www.visit-ulcinj.com\/blog\/wp-json\/wp\/v2\/comments?post=58991"}],"version-history":[{"count":1,"href":"https:\/\/www.visit-ulcinj.com\/blog\/wp-json\/wp\/v2\/posts\/58991\/revisions"}],"predecessor-version":[{"id":58993,"href":"https:\/\/www.visit-ulcinj.com\/blog\/wp-json\/wp\/v2\/posts\/58991\/revisions\/58993"}],"wp:attachment":[{"href":"https:\/\/www.visit-ulcinj.com\/blog\/wp-json\/wp\/v2\/media?parent=58991"}],"wp:term":[{"taxonomy":"category","embeddable":true,"href":"https:\/\/www.visit-ulcinj.com\/blog\/wp-json\/wp\/v2\/categories?post=58991"},{"taxonomy":"post_tag","embeddable":true,"href":"https:\/\/www.visit-ulcinj.com\/blog\/wp-json\/wp\/v2\/tags?post=58991"}],"curies":[{"name":"wp","href":"https:\/\/api.w.org\/{rel}","templated":true}]}}